{"id":253652,"date":"2025-04-15T11:40:00","date_gmt":"2025-04-15T14:40:00","guid":{"rendered":"https:\/\/www.gaveanews.com\/?p=253652"},"modified":"2025-04-15T11:12:18","modified_gmt":"2025-04-15T14:12:18","slug":"a-declaracao-de-lucas-silva-do-cruzeiro-direcionada-a-pedrinho-bh","status":"publish","type":"post","link":"https:\/\/www.gaveanews.com\/index.php\/2025\/04\/15\/a-declaracao-de-lucas-silva-do-cruzeiro-direcionada-a-pedrinho-bh\/","title":{"rendered":"A declara\u00e7\u00e3o de Lucas Silva, do Cruzeiro, direcionada a Pedrinho BH"},"content":{"rendered":"\n<p>Lucas Silva abriu o jogo sobre a reuni\u00e3o que os jogadores do Cruzeiro tiveram com Pedrinho BH. O capit\u00e3o celeste demonstrou que a conversa com o presidente foi tranquila e que os atletas garantiram que dar\u00e3o a volta por cima na temporada. Ele ainda ressaltou a confian\u00e7a que o dono da SAF deposita no elenco e falou sobre blindarem o ambiente.<\/p>\n\n\n\n<p>O Cruzeiro vive um momento complicado na temporada. Mesmo depois de ter sa\u00eddo ao mercado e buscado pe\u00e7as de qualidade, a Raposa n\u00e3o conseguiu engrenar. A equipe sequer se classificou para as finais do Campeonato Mineiro, \u00e9 lanterna no grupo da Copa Conmebol Sul-Americana e venceu apenas uma vez no Brasileir\u00e3o.&nbsp;<\/p>\n\n\n\n<p>A sequ\u00eancia de maus resultados ocasionou na revolta dos torcedores que foram at\u00e9 a Toca da Raposa II protestar, na quinta-feira (10\/4). No mesmo dia, jogadores do Cruzeiro se reuniram com o presidente Pedrinho BH, inclusive o capit\u00e3o Lucas Silva. O meio-campista revelou que os atletas ressaltaram que a postura dentro de campo vai melhorar.<\/p>\n\n\n\n<p>\u201cConversa muito boa, franca, aberta. Presidente \u00e9 sempre muito receptivo com os jogadores, tem o m\u00e1ximo respeito com a gente. Reconhecemos nosso momento ruim, ele faz tudo para n\u00f3s, entrega tudo do clube, do bom e do melhor. Dissemos que vamos dar alegrias para ele, que a postura iria mudar\u201d, contou Lucas Silva.<\/p>\n\n\n\n<p>Ele desmentiu que tenha ocorrido qualquer atrito durante a reuni\u00e3o. Lucas Silva ainda garantiu que juntos chegaram \u00e0 conclus\u00e3o que \u00e9 o momento de blindar o grupo.<\/p>\n\n\n\n<p>\u201cMuito do que sai na imprensa, que sai para a torcida, (jogadores pediram) para nos blindarmos, nos fechar nesse momento, e ele (Pedrinho) concordou. \u00c9 para se unir, se fechar, n\u00e3o deixar nada de fora tumultuar nosso ambiente que \u00e9 muito bom. Com essa postura no jogo, acreditamos que vamos retomar um bom momento e \u00e0s vit\u00f3rias\u201d, concluiu.<\/p>\n","protected":false},"excerpt":{"rendered":"<p>Lucas Silva abriu o jogo sobre a reuni\u00e3o que os jogadores do Cruzeiro tiveram com Pedrinho BH. O capit\u00e3o celeste demonstrou que a conversa com o presidente foi tranquila e que os atletas garantiram que dar\u00e3o a volta por cima na temporada. Ele ainda ressaltou a confian\u00e7a que o dono da SAF deposita no elenco [&hellip;]<\/p>\n","protected":false},"author":29,"featured_media":149940,"comment_status":"open","ping_status":"closed","sticky":false,"template":"","format":"standard","meta":{"footnotes":""},"categories":[143],"tags":[],"class_list":["post-253652","post","type-post","status-publish","format-standard","has-post-thumbnail","hentry","category-cruzeiro"],"yoast_head":"<!-- This site is optimized with the Yoast SEO Premium plugin v24.2 (Yoast SEO v26.9) - https:\/\/yoast.com\/product\/yoast-seo-premium-wordpress\/ -->\n<title>A declara\u00e7\u00e3o de Lucas Silva, do Cruzeiro, direcionada a Pedrinho BH<\/title>\n<meta name=\"robots\" content=\"index, follow, max-snippet:-1, max-image-preview:large, max-video-preview:-1\" \/>\n<link rel=\"canonical\" href=\"https:\/\/www.gaveanews.com\/index.php\/2025\/04\/15\/a-declaracao-de-lucas-silva-do-cruzeiro-direcionada-a-pedrinho-bh\/\" \/>\n<meta property=\"og:locale\" content=\"pt_BR\" \/>\n<meta property=\"og:type\" content=\"article\" \/>\n<meta property=\"og:title\" content=\"A declara\u00e7\u00e3o de Lucas Silva, do Cruzeiro, direcionada a Pedrinho BH\" \/>\n<meta property=\"og:description\" content=\"Lucas Silva abriu o jogo sobre a reuni\u00e3o que os jogadores do Cruzeiro tiveram com Pedrinho BH. O capit\u00e3o celeste demonstrou que a conversa com o presidente foi tranquila e que os atletas garantiram que dar\u00e3o a volta por cima na temporada. Ele ainda ressaltou a confian\u00e7a que o dono da SAF deposita no elenco [&hellip;]\" \/>\n<meta property=\"og:url\" content=\"https:\/\/www.gaveanews.com\/index.php\/2025\/04\/15\/a-declaracao-de-lucas-silva-do-cruzeiro-direcionada-a-pedrinho-bh\/\" \/>\n<meta property=\"og:site_name\" content=\"G\u00e1vea News\" \/>\n<meta property=\"article:publisher\" content=\"https:\/\/facebook.com\/gaveaNews\/\" \/>\n<meta property=\"article:published_time\" content=\"2025-04-15T14:40:00+00:00\" \/>\n<meta property=\"og:image\" content=\"https:\/\/www.gaveanews.com\/wp-content\/uploads\/Lucas-Silva-em-acao-pelo-Cruzeiro-no-estadio-do-Mineirao.webp\" \/>\n\t<meta property=\"og:image:width\" content=\"1080\" \/>\n\t<meta property=\"og:image:height\" content=\"1350\" \/>\n\t<meta property=\"og:image:type\" content=\"image\/jpeg\" \/>\n<meta name=\"author\" content=\"Marco Menezes\" \/>\n<meta name=\"twitter:card\" content=\"summary_large_image\" \/>\n<meta name=\"twitter:label1\" content=\"Escrito por\" \/>\n\t<meta name=\"twitter:data1\" content=\"Marco Menezes\" \/>\n\t<meta name=\"twitter:label2\" content=\"Est. tempo de leitura\" \/>\n\t<meta name=\"twitter:data2\" content=\"2 minutos\" \/>\n<script type=\"application\/ld+json\" class=\"yoast-schema-graph\">{\"@context\":\"https:\/\/schema.org\",\"@graph\":[{\"@type\":\"NewsArticle\",\"@id\":\"https:\/\/www.gaveanews.com\/index.php\/2025\/04\/15\/a-declaracao-de-lucas-silva-do-cruzeiro-direcionada-a-pedrinho-bh\/#article\",\"isPartOf\":{\"@id\":\"https:\/\/www.gaveanews.com\/index.php\/2025\/04\/15\/a-declaracao-de-lucas-silva-do-cruzeiro-direcionada-a-pedrinho-bh\/\"},\"author\":{\"name\":\"Marco Menezes\",\"@id\":\"https:\/\/www.gaveanews.com\/#\/schema\/person\/a9f62fe75380c6bada1b2fc49bc23d69\"},\"headline\":\"A declara\u00e7\u00e3o de Lucas Silva, do Cruzeiro, direcionada a Pedrinho BH\",\"datePublished\":\"2025-04-15T14:40:00+00:00\",\"mainEntityOfPage\":{\"@id\":\"https:\/\/www.gaveanews.com\/index.php\/2025\/04\/15\/a-declaracao-de-lucas-silva-do-cruzeiro-direcionada-a-pedrinho-bh\/\"},\"wordCount\":327,\"commentCount\":0,\"image\":{\"@id\":\"https:\/\/www.gaveanews.com\/index.php\/2025\/04\/15\/a-declaracao-de-lucas-silva-do-cruzeiro-direcionada-a-pedrinho-bh\/#primaryimage\"},\"thumbnailUrl\":\"https:\/\/www.gaveanews.com\/wp-content\/uploads\/Lucas-Silva-em-acao-pelo-Cruzeiro-no-estadio-do-Mineirao.webp\",\"articleSection\":[\"Cruzeiro\"],\"inLanguage\":\"pt-BR\",\"potentialAction\":[{\"@type\":\"CommentAction\",\"name\":\"Comment\",\"target\":[\"https:\/\/www.gaveanews.com\/index.php\/2025\/04\/15\/a-declaracao-de-lucas-silva-do-cruzeiro-direcionada-a-pedrinho-bh\/#respond\"]}],\"copyrightYear\":\"2025\",\"copyrightHolder\":{\"@id\":\"https:\/\/www.gaveanews.com\/#organization\"}},{\"@type\":\"WebPage\",\"@id\":\"https:\/\/www.gaveanews.com\/index.php\/2025\/04\/15\/a-declaracao-de-lucas-silva-do-cruzeiro-direcionada-a-pedrinho-bh\/\",\"url\":\"https:\/\/www.gaveanews.com\/index.php\/2025\/04\/15\/a-declaracao-de-lucas-silva-do-cruzeiro-direcionada-a-pedrinho-bh\/\",\"name\":\"A declara\u00e7\u00e3o de Lucas Silva, do Cruzeiro, direcionada a Pedrinho BH\",\"isPartOf\":{\"@id\":\"https:\/\/www.gaveanews.com\/#website\"},\"primaryImageOfPage\":{\"@id\":\"https:\/\/www.gaveanews.com\/index.php\/2025\/04\/15\/a-declaracao-de-lucas-silva-do-cruzeiro-direcionada-a-pedrinho-bh\/#primaryimage\"},\"image\":{\"@id\":\"https:\/\/www.gaveanews.com\/index.php\/2025\/04\/15\/a-declaracao-de-lucas-silva-do-cruzeiro-direcionada-a-pedrinho-bh\/#primaryimage\"},\"thumbnailUrl\":\"https:\/\/www.gaveanews.com\/wp-content\/uploads\/Lucas-Silva-em-acao-pelo-Cruzeiro-no-estadio-do-Mineirao.webp\",\"datePublished\":\"2025-04-15T14:40:00+00:00\",\"author\":{\"@id\":\"https:\/\/www.gaveanews.com\/#\/schema\/person\/a9f62fe75380c6bada1b2fc49bc23d69\"},\"breadcrumb\":{\"@id\":\"https:\/\/www.gaveanews.com\/index.php\/2025\/04\/15\/a-declaracao-de-lucas-silva-do-cruzeiro-direcionada-a-pedrinho-bh\/#breadcrumb\"},\"inLanguage\":\"pt-BR\",\"potentialAction\":[{\"@type\":\"ReadAction\",\"target\":[\"https:\/\/www.gaveanews.com\/index.php\/2025\/04\/15\/a-declaracao-de-lucas-silva-do-cruzeiro-direcionada-a-pedrinho-bh\/\"]}]},{\"@type\":\"ImageObject\",\"inLanguage\":\"pt-BR\",\"@id\":\"https:\/\/www.gaveanews.com\/index.php\/2025\/04\/15\/a-declaracao-de-lucas-silva-do-cruzeiro-direcionada-a-pedrinho-bh\/#primaryimage\",\"url\":\"https:\/\/www.gaveanews.com\/wp-content\/uploads\/Lucas-Silva-em-acao-pelo-Cruzeiro-no-estadio-do-Mineirao.webp\",\"contentUrl\":\"https:\/\/www.gaveanews.com\/wp-content\/uploads\/Lucas-Silva-em-acao-pelo-Cruzeiro-no-estadio-do-Mineirao.webp\",\"width\":1080,\"height\":1350,\"caption\":\"Lucas Silva em a\u00e7\u00e3o pelo Cruzeiro no est\u00e1dio do Mineir\u00e3o (Foto: Reprodu\u00e7\u00e3o\/Instagram)\"},{\"@type\":\"BreadcrumbList\",\"@id\":\"https:\/\/www.gaveanews.com\/index.php\/2025\/04\/15\/a-declaracao-de-lucas-silva-do-cruzeiro-direcionada-a-pedrinho-bh\/#breadcrumb\",\"itemListElement\":[{\"@type\":\"ListItem\",\"position\":1,\"name\":\"Home\",\"item\":\"https:\/\/www.gaveanews.com\/\"},{\"@type\":\"ListItem\",\"position\":2,\"name\":\"A declara\u00e7\u00e3o de Lucas Silva, do Cruzeiro, direcionada a Pedrinho BH\"}]},{\"@type\":\"WebSite\",\"@id\":\"https:\/\/www.gaveanews.com\/#website\",\"url\":\"https:\/\/www.gaveanews.com\/\",\"name\":\"G\u00e1vea News\",\"description\":\"Veja todas as not\u00edcias sobre o Flamengo: Contrata\u00e7\u00f5es, categorias de base, resultados das partidas, tabela de classifica\u00e7\u00e3o, pr\u00f3ximos jogos!\",\"potentialAction\":[{\"@type\":\"SearchAction\",\"target\":{\"@type\":\"EntryPoint\",\"urlTemplate\":\"https:\/\/www.gaveanews.com\/?s={search_term_string}\"},\"query-input\":{\"@type\":\"PropertyValueSpecification\",\"valueRequired\":true,\"valueName\":\"search_term_string\"}}],\"inLanguage\":\"pt-BR\"},{\"@type\":\"Person\",\"@id\":\"https:\/\/www.gaveanews.com\/#\/schema\/person\/a9f62fe75380c6bada1b2fc49bc23d69\",\"name\":\"Marco Menezes\",\"image\":{\"@type\":\"ImageObject\",\"inLanguage\":\"pt-BR\",\"@id\":\"https:\/\/www.gaveanews.com\/#\/schema\/person\/image\/\",\"url\":\"https:\/\/secure.gravatar.com\/avatar\/a1d148ae17fc8bfc5dbccffd07979e8bd2c9ba494221779de86ec2c7907b71ec?s=96&d=mm&r=g\",\"contentUrl\":\"https:\/\/secure.gravatar.com\/avatar\/a1d148ae17fc8bfc5dbccffd07979e8bd2c9ba494221779de86ec2c7907b71ec?s=96&d=mm&r=g\",\"caption\":\"Marco Menezes\"}}]}<\/script>\n<!-- \/ Yoast SEO Premium plugin. -->","yoast_head_json":{"title":"A declara\u00e7\u00e3o de Lucas Silva, do Cruzeiro, direcionada a Pedrinho BH","robots":{"index":"index","follow":"follow","max-snippet":"max-snippet:-1","max-image-preview":"max-image-preview:large","max-video-preview":"max-video-preview:-1"},"canonical":"https:\/\/www.gaveanews.com\/index.php\/2025\/04\/15\/a-declaracao-de-lucas-silva-do-cruzeiro-direcionada-a-pedrinho-bh\/","og_locale":"pt_BR","og_type":"article","og_title":"A declara\u00e7\u00e3o de Lucas Silva, do Cruzeiro, direcionada a Pedrinho BH","og_description":"Lucas Silva abriu o jogo sobre a reuni\u00e3o que os jogadores do Cruzeiro tiveram com Pedrinho BH. O capit\u00e3o celeste demonstrou que a conversa com o presidente foi tranquila e que os atletas garantiram que dar\u00e3o a volta por cima na temporada. Ele ainda ressaltou a confian\u00e7a que o dono da SAF deposita no elenco [&hellip;]","og_url":"https:\/\/www.gaveanews.com\/index.php\/2025\/04\/15\/a-declaracao-de-lucas-silva-do-cruzeiro-direcionada-a-pedrinho-bh\/","og_site_name":"G\u00e1vea News","article_publisher":"https:\/\/facebook.com\/gaveaNews\/","article_published_time":"2025-04-15T14:40:00+00:00","og_image":[{"width":1080,"height":1350,"url":"https:\/\/www.gaveanews.com\/wp-content\/uploads\/Lucas-Silva-em-acao-pelo-Cruzeiro-no-estadio-do-Mineirao.webp","type":"image\/jpeg"}],"author":"Marco Menezes","twitter_card":"summary_large_image","twitter_misc":{"Escrito por":"Marco Menezes","Est. tempo de leitura":"2 minutos"},"schema":{"@context":"https:\/\/schema.org","@graph":[{"@type":"NewsArticle","@id":"https:\/\/www.gaveanews.com\/index.php\/2025\/04\/15\/a-declaracao-de-lucas-silva-do-cruzeiro-direcionada-a-pedrinho-bh\/#article","isPartOf":{"@id":"https:\/\/www.gaveanews.com\/index.php\/2025\/04\/15\/a-declaracao-de-lucas-silva-do-cruzeiro-direcionada-a-pedrinho-bh\/"},"author":{"name":"Marco Menezes","@id":"https:\/\/www.gaveanews.com\/#\/schema\/person\/a9f62fe75380c6bada1b2fc49bc23d69"},"headline":"A declara\u00e7\u00e3o de Lucas Silva, do Cruzeiro, direcionada a Pedrinho BH","datePublished":"2025-04-15T14:40:00+00:00","mainEntityOfPage":{"@id":"https:\/\/www.gaveanews.com\/index.php\/2025\/04\/15\/a-declaracao-de-lucas-silva-do-cruzeiro-direcionada-a-pedrinho-bh\/"},"wordCount":327,"commentCount":0,"image":{"@id":"https:\/\/www.gaveanews.com\/index.php\/2025\/04\/15\/a-declaracao-de-lucas-silva-do-cruzeiro-direcionada-a-pedrinho-bh\/#primaryimage"},"thumbnailUrl":"https:\/\/www.gaveanews.com\/wp-content\/uploads\/Lucas-Silva-em-acao-pelo-Cruzeiro-no-estadio-do-Mineirao.webp","articleSection":["Cruzeiro"],"inLanguage":"pt-BR","potentialAction":[{"@type":"CommentAction","name":"Comment","target":["https:\/\/www.gaveanews.com\/index.php\/2025\/04\/15\/a-declaracao-de-lucas-silva-do-cruzeiro-direcionada-a-pedrinho-bh\/#respond"]}],"copyrightYear":"2025","copyrightHolder":{"@id":"https:\/\/www.gaveanews.com\/#organization"}},{"@type":"WebPage","@id":"https:\/\/www.gaveanews.com\/index.php\/2025\/04\/15\/a-declaracao-de-lucas-silva-do-cruzeiro-direcionada-a-pedrinho-bh\/","url":"https:\/\/www.gaveanews.com\/index.php\/2025\/04\/15\/a-declaracao-de-lucas-silva-do-cruzeiro-direcionada-a-pedrinho-bh\/","name":"A declara\u00e7\u00e3o de Lucas Silva, do Cruzeiro, direcionada a Pedrinho BH","isPartOf":{"@id":"https:\/\/www.gaveanews.com\/#website"},"primaryImageOfPage":{"@id":"https:\/\/www.gaveanews.com\/index.php\/2025\/04\/15\/a-declaracao-de-lucas-silva-do-cruzeiro-direcionada-a-pedrinho-bh\/#primaryimage"},"image":{"@id":"https:\/\/www.gaveanews.com\/index.php\/2025\/04\/15\/a-declaracao-de-lucas-silva-do-cruzeiro-direcionada-a-pedrinho-bh\/#primaryimage"},"thumbnailUrl":"https:\/\/www.gaveanews.com\/wp-content\/uploads\/Lucas-Silva-em-acao-pelo-Cruzeiro-no-estadio-do-Mineirao.webp","datePublished":"2025-04-15T14:40:00+00:00","author":{"@id":"https:\/\/www.gaveanews.com\/#\/schema\/person\/a9f62fe75380c6bada1b2fc49bc23d69"},"breadcrumb":{"@id":"https:\/\/www.gaveanews.com\/index.php\/2025\/04\/15\/a-declaracao-de-lucas-silva-do-cruzeiro-direcionada-a-pedrinho-bh\/#breadcrumb"},"inLanguage":"pt-BR","potentialAction":[{"@type":"ReadAction","target":["https:\/\/www.gaveanews.com\/index.php\/2025\/04\/15\/a-declaracao-de-lucas-silva-do-cruzeiro-direcionada-a-pedrinho-bh\/"]}]},{"@type":"ImageObject","inLanguage":"pt-BR","@id":"https:\/\/www.gaveanews.com\/index.php\/2025\/04\/15\/a-declaracao-de-lucas-silva-do-cruzeiro-direcionada-a-pedrinho-bh\/#primaryimage","url":"https:\/\/www.gaveanews.com\/wp-content\/uploads\/Lucas-Silva-em-acao-pelo-Cruzeiro-no-estadio-do-Mineirao.webp","contentUrl":"https:\/\/www.gaveanews.com\/wp-content\/uploads\/Lucas-Silva-em-acao-pelo-Cruzeiro-no-estadio-do-Mineirao.webp","width":1080,"height":1350,"caption":"Lucas Silva em a\u00e7\u00e3o pelo Cruzeiro no est\u00e1dio do Mineir\u00e3o (Foto: Reprodu\u00e7\u00e3o\/Instagram)"},{"@type":"BreadcrumbList","@id":"https:\/\/www.gaveanews.com\/index.php\/2025\/04\/15\/a-declaracao-de-lucas-silva-do-cruzeiro-direcionada-a-pedrinho-bh\/#breadcrumb","itemListElement":[{"@type":"ListItem","position":1,"name":"Home","item":"https:\/\/www.gaveanews.com\/"},{"@type":"ListItem","position":2,"name":"A declara\u00e7\u00e3o de Lucas Silva, do Cruzeiro, direcionada a Pedrinho BH"}]},{"@type":"WebSite","@id":"https:\/\/www.gaveanews.com\/#website","url":"https:\/\/www.gaveanews.com\/","name":"G\u00e1vea News","description":"Veja todas as not\u00edcias sobre o Flamengo: Contrata\u00e7\u00f5es, categorias de base, resultados das partidas, tabela de classifica\u00e7\u00e3o, pr\u00f3ximos jogos!","potentialAction":[{"@type":"SearchAction","target":{"@type":"EntryPoint","urlTemplate":"https:\/\/www.gaveanews.com\/?s={search_term_string}"},"query-input":{"@type":"PropertyValueSpecification","valueRequired":true,"valueName":"search_term_string"}}],"inLanguage":"pt-BR"},{"@type":"Person","@id":"https:\/\/www.gaveanews.com\/#\/schema\/person\/a9f62fe75380c6bada1b2fc49bc23d69","name":"Marco Menezes","image":{"@type":"ImageObject","inLanguage":"pt-BR","@id":"https:\/\/www.gaveanews.com\/#\/schema\/person\/image\/","url":"https:\/\/secure.gravatar.com\/avatar\/a1d148ae17fc8bfc5dbccffd07979e8bd2c9ba494221779de86ec2c7907b71ec?s=96&d=mm&r=g","contentUrl":"https:\/\/secure.gravatar.com\/avatar\/a1d148ae17fc8bfc5dbccffd07979e8bd2c9ba494221779de86ec2c7907b71ec?s=96&d=mm&r=g","caption":"Marco Menezes"}}]}},"_links":{"self":[{"href":"https:\/\/www.gaveanews.com\/index.php\/wp-json\/wp\/v2\/posts\/253652","targetHints":{"allow":["GET"]}}],"collection":[{"href":"https:\/\/www.gaveanews.com\/index.php\/wp-json\/wp\/v2\/posts"}],"about":[{"href":"https:\/\/www.gaveanews.com\/index.php\/wp-json\/wp\/v2\/types\/post"}],"author":[{"embeddable":true,"href":"https:\/\/www.gaveanews.com\/index.php\/wp-json\/wp\/v2\/users\/29"}],"replies":[{"embeddable":true,"href":"https:\/\/www.gaveanews.com\/index.php\/wp-json\/wp\/v2\/comments?post=253652"}],"version-history":[{"count":1,"href":"https:\/\/www.gaveanews.com\/index.php\/wp-json\/wp\/v2\/posts\/253652\/revisions"}],"predecessor-version":[{"id":253655,"href":"https:\/\/www.gaveanews.com\/index.php\/wp-json\/wp\/v2\/posts\/253652\/revisions\/253655"}],"wp:featuredmedia":[{"embeddable":true,"href":"https:\/\/www.gaveanews.com\/index.php\/wp-json\/wp\/v2\/media\/149940"}],"wp:attachment":[{"href":"https:\/\/www.gaveanews.com\/index.php\/wp-json\/wp\/v2\/media?parent=253652"}],"wp:term":[{"taxonomy":"category","embeddable":true,"href":"https:\/\/www.gaveanews.com\/index.php\/wp-json\/wp\/v2\/categories?post=253652"},{"taxonomy":"post_tag","embeddable":true,"href":"https:\/\/www.gaveanews.com\/index.php\/wp-json\/wp\/v2\/tags?post=253652"}],"curies":[{"name":"wp","href":"https:\/\/api.w.org\/{rel}","templated":true}]}}