{"id":253735,"date":"2025-04-15T08:35:00","date_gmt":"2025-04-15T11:35:00","guid":{"rendered":"https:\/\/www.gaveanews.com\/?p=253735"},"modified":"2025-04-15T08:35:55","modified_gmt":"2025-04-15T11:35:55","slug":"fifa-premia-arbitro-por-lance-polemico","status":"publish","type":"post","link":"https:\/\/www.gaveanews.com\/index.php\/2025\/04\/15\/fifa-premia-arbitro-por-lance-polemico\/","title":{"rendered":"Fifa &#8216;premia&#8217; \u00e1rbitro por lance pol\u00eamico"},"content":{"rendered":"\n<p>A FIFA confirmou recentemente a convoca\u00e7\u00e3o do \u00e1rbitro polon\u00eas Tomasz Kwiatkowski para a equipe de arbitragem do Mundial de Clubes. A nomea\u00e7\u00e3o ocorre logo ap\u00f3s a repercuss\u00e3o do lance envolvendo o atacante Juli\u00e1n \u00c1lvarez, do Manchester City, em uma disputa de p\u00eanaltis contra o Atl\u00e9tico de Madrid. O \u00e1rbitro do VAR anulou a cobran\u00e7a convertida pelo argentino ao identificar um toque duplo na finaliza\u00e7\u00e3o \u2014 decis\u00e3o que gerou controv\u00e9rsias, mas foi sustentada posteriormente pelas entidades de arbitragem.<\/p>\n\n\n\n<p>Kwiatkowski atuou como \u00e1rbitro de v\u00eddeo ao lado de Szymon Marciniak, \u00e1rbitro principal da partida. A dupla, que trabalha junta desde 2022, j\u00e1 havia sido afastada anteriormente de uma partida da Liga Europa entre Tottenham e Eintracht Frankfurt, mas n\u00e3o por motivos disciplinares, como chegou a ser especulado, e sim por causa de uma les\u00e3o.<\/p>\n\n\n\n<p>Ali\u00e1s, a decis\u00e3o t\u00e9cnica sobre o lance de Juli\u00e1n \u00c1lvarez foi questionada por diversos setores, sobretudo ap\u00f3s um v\u00eddeo editado, divulgado pela UEFA, circular como se fosse uma imagem original. Entretanto, um perito contratato pelo Atl\u00e9tico de Madrid apresentou relat\u00f3rio indicando que o material divulgado era manipulado. Conforme o documento, &#8220;\u00e9 uma evid\u00eancia clara: o v\u00eddeo da UEFA n\u00e3o \u00e9 original, mas sim editado&#8221;.<\/p>\n\n\n\n<p>Apesar disso, a FIFA avaliou positivamente a atua\u00e7\u00e3o da equipe de arbitragem na ocasi\u00e3o. Segundo apura\u00e7\u00e3o do jornal <em>Marca<\/em>, a entidade m\u00e1xima do futebol n\u00e3o aplicou qualquer san\u00e7\u00e3o aos envolvidos e, pelo contr\u00e1rio, confirmou a presen\u00e7a de Kwiatkowski e Marciniak no Mundial de Clubes. <\/p>\n\n\n\n<p>\u201cA melhor prova de que n\u00e3o houve p\u00eanalti \u00e9 que ambos foram convocados para o Mundial de Clubes\u201d, destacou a publica\u00e7\u00e3o.<\/p>\n\n\n\n<p>A nomea\u00e7\u00e3o tamb\u00e9m reitera a confian\u00e7a tanto da FIFA quanto da UEFA na dupla polonesa. Inclusive, h\u00e1 expectativa de que os dois sejam escalados para atuar em finais continentais em maio. A indica\u00e7\u00e3o para o torneio intercontinental comprova que, apesar das cr\u00edticas p\u00fablicas e da press\u00e3o externa, a avalia\u00e7\u00e3o t\u00e9cnica interna respaldou a interpreta\u00e7\u00e3o adotada no lance com Juli\u00e1n \u00c1lvarez.<\/p>\n\n\n\n<p>Enquanto isso, o Mundial de Clubes \u2014 cuja edi\u00e7\u00e3o de 2025 ser\u00e1 sediada nos Estados Unidos \u2014 continua movimentando os bastidores. O torneio promete ser o mais lucrativo da hist\u00f3ria, com premia\u00e7\u00e3o estimada em at\u00e9 125 milh\u00f5es de d\u00f3lares para o campe\u00e3o. Equipes como Real Madrid e Boca Juniors, inclusive, j\u00e1 esgotaram seus ingressos para a competi\u00e7\u00e3o, que deve atrair aten\u00e7\u00e3o global e forte presen\u00e7a de torcedores nas arquibancadas.<\/p>\n\n\n\n<p>Portanto, a participa\u00e7\u00e3o de Tomasz Kwiatkowski no torneio refor\u00e7a a sua reputa\u00e7\u00e3o internacional, sobretudo em um momento em que a arbitragem tem estado no centro dos debates mais acalorados do futebol mundial.<\/p>\n\n\n\n<h2 class=\"wp-block-heading\" id=\"h-polemica-apos-o-lance\">Pol\u00eamica ap\u00f3s o lance<\/h2>\n\n\n\n<p>A Uefa anunciou que vai se reunir com a Fifa e com o International Football Association Board (IFAB) para reavaliar uma norma que gerou forte repercuss\u00e3o na partida entre Real Madrid e Atl\u00e9tico de Madrid, v\u00e1lida pelas oitavas de final da Liga dos Campe\u00f5es. O epis\u00f3dio em quest\u00e3o envolveu a cobran\u00e7a de p\u00eanalti do atacante Juli\u00e1n \u00c1lvarez, invalidada ap\u00f3s revis\u00e3o do VAR por infra\u00e7\u00e3o t\u00e9cnica.<\/p>\n\n\n\n<p>O lance ocorreu em um momento decisivo do duelo, quando a cobran\u00e7a de \u00c1lvarez poderia igualar o placar nas penalidades em 2 a 2. Entretanto, ao escorregar durante a execu\u00e7\u00e3o, o jogador argentino tocou na bola com o p\u00e9 de apoio antes de finaliz\u00e1-la com o outro. Segundo a Regra 14.1 das Regras do Jogo, esse tipo de a\u00e7\u00e3o caracteriza um toque duplo, o que resultou na anula\u00e7\u00e3o do gol.<\/p>\n\n\n\n<p>A Uefa reconheceu a validade da decis\u00e3o da arbitragem, embora tenha indicado que a aplica\u00e7\u00e3o literal da norma poder\u00e1 ser revista. \u201cA Uefa entrar\u00e1 em discuss\u00f5es com a Fifa e a IFAB para determinar se a regra deve ser revista em casos em que o toque duplo \u00e9 claramente n\u00e3o intencional\u201d, afirmou a entidade europeia.<\/p>\n\n\n\n<p>Conforme explica\u00e7\u00e3o divulgada pela organiza\u00e7\u00e3o, \u201cembora m\u00ednimo, o jogador fez contato com a bola usando o p\u00e9 de apoio antes de chut\u00e1-la. Sob a lei atual, o VAR teve que chamar o \u00e1rbitro sinalizando que o gol deveria ser anulado\u201d.<\/p>\n","protected":false},"excerpt":{"rendered":"<p>A FIFA confirmou recentemente a convoca\u00e7\u00e3o do \u00e1rbitro polon\u00eas Tomasz Kwiatkowski para a equipe de arbitragem do Mundial de Clubes. A nomea\u00e7\u00e3o ocorre logo ap\u00f3s a repercuss\u00e3o do lance envolvendo o atacante Juli\u00e1n \u00c1lvarez, do Manchester City, em uma disputa de p\u00eanaltis contra o Atl\u00e9tico de Madrid. O \u00e1rbitro do VAR anulou a cobran\u00e7a convertida [&hellip;]<\/p>\n","protected":false},"author":30,"featured_media":37084,"comment_status":"open","ping_status":"closed","sticky":false,"template":"","format":"standard","meta":{"footnotes":""},"categories":[478,78],"tags":[],"class_list":["post-253735","post","type-post","status-publish","format-standard","has-post-thumbnail","hentry","category-brasil","category-futebol-internacional"],"yoast_head":"<!-- This site is optimized with the Yoast SEO Premium plugin v24.2 (Yoast SEO v26.9) - https:\/\/yoast.com\/product\/yoast-seo-premium-wordpress\/ -->\n<title>Fifa &#039;premia&#039; \u00e1rbitro por lance pol\u00eamico<\/title>\n<meta name=\"robots\" content=\"index, follow, max-snippet:-1, max-image-preview:large, max-video-preview:-1\" \/>\n<link rel=\"canonical\" href=\"https:\/\/www.gaveanews.com\/index.php\/2025\/04\/15\/fifa-premia-arbitro-por-lance-polemico\/\" \/>\n<meta property=\"og:locale\" content=\"pt_BR\" \/>\n<meta property=\"og:type\" content=\"article\" \/>\n<meta property=\"og:title\" content=\"Fifa &#039;premia&#039; \u00e1rbitro por lance pol\u00eamico\" \/>\n<meta property=\"og:description\" content=\"A FIFA confirmou recentemente a convoca\u00e7\u00e3o do \u00e1rbitro polon\u00eas Tomasz Kwiatkowski para a equipe de arbitragem do Mundial de Clubes. A nomea\u00e7\u00e3o ocorre logo ap\u00f3s a repercuss\u00e3o do lance envolvendo o atacante Juli\u00e1n \u00c1lvarez, do Manchester City, em uma disputa de p\u00eanaltis contra o Atl\u00e9tico de Madrid. O \u00e1rbitro do VAR anulou a cobran\u00e7a convertida [&hellip;]\" \/>\n<meta property=\"og:url\" content=\"https:\/\/www.gaveanews.com\/index.php\/2025\/04\/15\/fifa-premia-arbitro-por-lance-polemico\/\" \/>\n<meta property=\"og:site_name\" content=\"G\u00e1vea News\" \/>\n<meta property=\"article:publisher\" content=\"https:\/\/facebook.com\/gaveaNews\/\" \/>\n<meta property=\"article:published_time\" content=\"2025-04-15T11:35:00+00:00\" \/>\n<meta property=\"article:modified_time\" content=\"2025-04-15T11:35:55+00:00\" \/>\n<meta property=\"og:image\" content=\"http:\/\/www.gaveanews.com\/wp-content\/uploads\/Logomarca-da-FIFA.webp\" \/>\n\t<meta property=\"og:image:width\" content=\"2000\" \/>\n\t<meta property=\"og:image:height\" content=\"1334\" \/>\n\t<meta property=\"og:image:type\" content=\"image\/png\" \/>\n<meta name=\"author\" content=\"Ana Teixeira\" \/>\n<meta name=\"twitter:card\" content=\"summary_large_image\" \/>\n<meta name=\"twitter:label1\" content=\"Escrito por\" \/>\n\t<meta name=\"twitter:data1\" content=\"Ana Teixeira\" \/>\n\t<meta name=\"twitter:label2\" content=\"Est. tempo de leitura\" \/>\n\t<meta name=\"twitter:data2\" content=\"4 minutos\" \/>\n<script type=\"application\/ld+json\" class=\"yoast-schema-graph\">{\"@context\":\"https:\/\/schema.org\",\"@graph\":[{\"@type\":\"NewsArticle\",\"@id\":\"https:\/\/www.gaveanews.com\/index.php\/2025\/04\/15\/fifa-premia-arbitro-por-lance-polemico\/#article\",\"isPartOf\":{\"@id\":\"https:\/\/www.gaveanews.com\/index.php\/2025\/04\/15\/fifa-premia-arbitro-por-lance-polemico\/\"},\"author\":{\"name\":\"Ana Teixeira\",\"@id\":\"https:\/\/www.gaveanews.com\/#\/schema\/person\/3b19f7288b0ce20372991275e4f2e6c2\"},\"headline\":\"Fifa &#8216;premia&#8217; \u00e1rbitro por lance pol\u00eamico\",\"datePublished\":\"2025-04-15T11:35:00+00:00\",\"dateModified\":\"2025-04-15T11:35:55+00:00\",\"mainEntityOfPage\":{\"@id\":\"https:\/\/www.gaveanews.com\/index.php\/2025\/04\/15\/fifa-premia-arbitro-por-lance-polemico\/\"},\"wordCount\":738,\"commentCount\":0,\"image\":{\"@id\":\"https:\/\/www.gaveanews.com\/index.php\/2025\/04\/15\/fifa-premia-arbitro-por-lance-polemico\/#primaryimage\"},\"thumbnailUrl\":\"https:\/\/www.gaveanews.com\/wp-content\/uploads\/Logomarca-da-FIFA.webp\",\"articleSection\":[\"Brasil\",\"Futebol Internacional\"],\"inLanguage\":\"pt-BR\",\"potentialAction\":[{\"@type\":\"CommentAction\",\"name\":\"Comment\",\"target\":[\"https:\/\/www.gaveanews.com\/index.php\/2025\/04\/15\/fifa-premia-arbitro-por-lance-polemico\/#respond\"]}],\"copyrightYear\":\"2025\",\"copyrightHolder\":{\"@id\":\"https:\/\/www.gaveanews.com\/#organization\"}},{\"@type\":\"WebPage\",\"@id\":\"https:\/\/www.gaveanews.com\/index.php\/2025\/04\/15\/fifa-premia-arbitro-por-lance-polemico\/\",\"url\":\"https:\/\/www.gaveanews.com\/index.php\/2025\/04\/15\/fifa-premia-arbitro-por-lance-polemico\/\",\"name\":\"Fifa 'premia' \u00e1rbitro por lance pol\u00eamico\",\"isPartOf\":{\"@id\":\"https:\/\/www.gaveanews.com\/#website\"},\"primaryImageOfPage\":{\"@id\":\"https:\/\/www.gaveanews.com\/index.php\/2025\/04\/15\/fifa-premia-arbitro-por-lance-polemico\/#primaryimage\"},\"image\":{\"@id\":\"https:\/\/www.gaveanews.com\/index.php\/2025\/04\/15\/fifa-premia-arbitro-por-lance-polemico\/#primaryimage\"},\"thumbnailUrl\":\"https:\/\/www.gaveanews.com\/wp-content\/uploads\/Logomarca-da-FIFA.webp\",\"datePublished\":\"2025-04-15T11:35:00+00:00\",\"dateModified\":\"2025-04-15T11:35:55+00:00\",\"author\":{\"@id\":\"https:\/\/www.gaveanews.com\/#\/schema\/person\/3b19f7288b0ce20372991275e4f2e6c2\"},\"breadcrumb\":{\"@id\":\"https:\/\/www.gaveanews.com\/index.php\/2025\/04\/15\/fifa-premia-arbitro-por-lance-polemico\/#breadcrumb\"},\"inLanguage\":\"pt-BR\",\"potentialAction\":[{\"@type\":\"ReadAction\",\"target\":[\"https:\/\/www.gaveanews.com\/index.php\/2025\/04\/15\/fifa-premia-arbitro-por-lance-polemico\/\"]}]},{\"@type\":\"ImageObject\",\"inLanguage\":\"pt-BR\",\"@id\":\"https:\/\/www.gaveanews.com\/index.php\/2025\/04\/15\/fifa-premia-arbitro-por-lance-polemico\/#primaryimage\",\"url\":\"https:\/\/www.gaveanews.com\/wp-content\/uploads\/Logomarca-da-FIFA.webp\",\"contentUrl\":\"https:\/\/www.gaveanews.com\/wp-content\/uploads\/Logomarca-da-FIFA.webp\",\"width\":2000,\"height\":1334},{\"@type\":\"BreadcrumbList\",\"@id\":\"https:\/\/www.gaveanews.com\/index.php\/2025\/04\/15\/fifa-premia-arbitro-por-lance-polemico\/#breadcrumb\",\"itemListElement\":[{\"@type\":\"ListItem\",\"position\":1,\"name\":\"Home\",\"item\":\"https:\/\/www.gaveanews.com\/\"},{\"@type\":\"ListItem\",\"position\":2,\"name\":\"Fifa &#8216;premia&#8217; \u00e1rbitro por lance pol\u00eamico\"}]},{\"@type\":\"WebSite\",\"@id\":\"https:\/\/www.gaveanews.com\/#website\",\"url\":\"https:\/\/www.gaveanews.com\/\",\"name\":\"G\u00e1vea News\",\"description\":\"Veja todas as not\u00edcias sobre o Flamengo: Contrata\u00e7\u00f5es, categorias de base, resultados das partidas, tabela de classifica\u00e7\u00e3o, pr\u00f3ximos jogos!\",\"potentialAction\":[{\"@type\":\"SearchAction\",\"target\":{\"@type\":\"EntryPoint\",\"urlTemplate\":\"https:\/\/www.gaveanews.com\/?s={search_term_string}\"},\"query-input\":{\"@type\":\"PropertyValueSpecification\",\"valueRequired\":true,\"valueName\":\"search_term_string\"}}],\"inLanguage\":\"pt-BR\"},{\"@type\":\"Person\",\"@id\":\"https:\/\/www.gaveanews.com\/#\/schema\/person\/3b19f7288b0ce20372991275e4f2e6c2\",\"name\":\"Ana Teixeira\",\"image\":{\"@type\":\"ImageObject\",\"inLanguage\":\"pt-BR\",\"@id\":\"https:\/\/www.gaveanews.com\/#\/schema\/person\/image\/\",\"url\":\"https:\/\/secure.gravatar.com\/avatar\/0a73f5a5258f3fed37fc2fa641892f3f7a4748456d4d4792f9bc550e6c19e06c?s=96&d=mm&r=g\",\"contentUrl\":\"https:\/\/secure.gravatar.com\/avatar\/0a73f5a5258f3fed37fc2fa641892f3f7a4748456d4d4792f9bc550e6c19e06c?s=96&d=mm&r=g\",\"caption\":\"Ana Teixeira\"}}]}<\/script>\n<!-- \/ Yoast SEO Premium plugin. -->","yoast_head_json":{"title":"Fifa 'premia' \u00e1rbitro por lance pol\u00eamico","robots":{"index":"index","follow":"follow","max-snippet":"max-snippet:-1","max-image-preview":"max-image-preview:large","max-video-preview":"max-video-preview:-1"},"canonical":"https:\/\/www.gaveanews.com\/index.php\/2025\/04\/15\/fifa-premia-arbitro-por-lance-polemico\/","og_locale":"pt_BR","og_type":"article","og_title":"Fifa 'premia' \u00e1rbitro por lance pol\u00eamico","og_description":"A FIFA confirmou recentemente a convoca\u00e7\u00e3o do \u00e1rbitro polon\u00eas Tomasz Kwiatkowski para a equipe de arbitragem do Mundial de Clubes. A nomea\u00e7\u00e3o ocorre logo ap\u00f3s a repercuss\u00e3o do lance envolvendo o atacante Juli\u00e1n \u00c1lvarez, do Manchester City, em uma disputa de p\u00eanaltis contra o Atl\u00e9tico de Madrid. O \u00e1rbitro do VAR anulou a cobran\u00e7a convertida [&hellip;]","og_url":"https:\/\/www.gaveanews.com\/index.php\/2025\/04\/15\/fifa-premia-arbitro-por-lance-polemico\/","og_site_name":"G\u00e1vea News","article_publisher":"https:\/\/facebook.com\/gaveaNews\/","article_published_time":"2025-04-15T11:35:00+00:00","article_modified_time":"2025-04-15T11:35:55+00:00","og_image":[{"width":2000,"height":1334,"url":"http:\/\/www.gaveanews.com\/wp-content\/uploads\/Logomarca-da-FIFA.webp","type":"image\/png"}],"author":"Ana Teixeira","twitter_card":"summary_large_image","twitter_misc":{"Escrito por":"Ana Teixeira","Est. tempo de leitura":"4 minutos"},"schema":{"@context":"https:\/\/schema.org","@graph":[{"@type":"NewsArticle","@id":"https:\/\/www.gaveanews.com\/index.php\/2025\/04\/15\/fifa-premia-arbitro-por-lance-polemico\/#article","isPartOf":{"@id":"https:\/\/www.gaveanews.com\/index.php\/2025\/04\/15\/fifa-premia-arbitro-por-lance-polemico\/"},"author":{"name":"Ana Teixeira","@id":"https:\/\/www.gaveanews.com\/#\/schema\/person\/3b19f7288b0ce20372991275e4f2e6c2"},"headline":"Fifa &#8216;premia&#8217; \u00e1rbitro por lance pol\u00eamico","datePublished":"2025-04-15T11:35:00+00:00","dateModified":"2025-04-15T11:35:55+00:00","mainEntityOfPage":{"@id":"https:\/\/www.gaveanews.com\/index.php\/2025\/04\/15\/fifa-premia-arbitro-por-lance-polemico\/"},"wordCount":738,"commentCount":0,"image":{"@id":"https:\/\/www.gaveanews.com\/index.php\/2025\/04\/15\/fifa-premia-arbitro-por-lance-polemico\/#primaryimage"},"thumbnailUrl":"https:\/\/www.gaveanews.com\/wp-content\/uploads\/Logomarca-da-FIFA.webp","articleSection":["Brasil","Futebol Internacional"],"inLanguage":"pt-BR","potentialAction":[{"@type":"CommentAction","name":"Comment","target":["https:\/\/www.gaveanews.com\/index.php\/2025\/04\/15\/fifa-premia-arbitro-por-lance-polemico\/#respond"]}],"copyrightYear":"2025","copyrightHolder":{"@id":"https:\/\/www.gaveanews.com\/#organization"}},{"@type":"WebPage","@id":"https:\/\/www.gaveanews.com\/index.php\/2025\/04\/15\/fifa-premia-arbitro-por-lance-polemico\/","url":"https:\/\/www.gaveanews.com\/index.php\/2025\/04\/15\/fifa-premia-arbitro-por-lance-polemico\/","name":"Fifa 'premia' \u00e1rbitro por lance pol\u00eamico","isPartOf":{"@id":"https:\/\/www.gaveanews.com\/#website"},"primaryImageOfPage":{"@id":"https:\/\/www.gaveanews.com\/index.php\/2025\/04\/15\/fifa-premia-arbitro-por-lance-polemico\/#primaryimage"},"image":{"@id":"https:\/\/www.gaveanews.com\/index.php\/2025\/04\/15\/fifa-premia-arbitro-por-lance-polemico\/#primaryimage"},"thumbnailUrl":"https:\/\/www.gaveanews.com\/wp-content\/uploads\/Logomarca-da-FIFA.webp","datePublished":"2025-04-15T11:35:00+00:00","dateModified":"2025-04-15T11:35:55+00:00","author":{"@id":"https:\/\/www.gaveanews.com\/#\/schema\/person\/3b19f7288b0ce20372991275e4f2e6c2"},"breadcrumb":{"@id":"https:\/\/www.gaveanews.com\/index.php\/2025\/04\/15\/fifa-premia-arbitro-por-lance-polemico\/#breadcrumb"},"inLanguage":"pt-BR","potentialAction":[{"@type":"ReadAction","target":["https:\/\/www.gaveanews.com\/index.php\/2025\/04\/15\/fifa-premia-arbitro-por-lance-polemico\/"]}]},{"@type":"ImageObject","inLanguage":"pt-BR","@id":"https:\/\/www.gaveanews.com\/index.php\/2025\/04\/15\/fifa-premia-arbitro-por-lance-polemico\/#primaryimage","url":"https:\/\/www.gaveanews.com\/wp-content\/uploads\/Logomarca-da-FIFA.webp","contentUrl":"https:\/\/www.gaveanews.com\/wp-content\/uploads\/Logomarca-da-FIFA.webp","width":2000,"height":1334},{"@type":"BreadcrumbList","@id":"https:\/\/www.gaveanews.com\/index.php\/2025\/04\/15\/fifa-premia-arbitro-por-lance-polemico\/#breadcrumb","itemListElement":[{"@type":"ListItem","position":1,"name":"Home","item":"https:\/\/www.gaveanews.com\/"},{"@type":"ListItem","position":2,"name":"Fifa &#8216;premia&#8217; \u00e1rbitro por lance pol\u00eamico"}]},{"@type":"WebSite","@id":"https:\/\/www.gaveanews.com\/#website","url":"https:\/\/www.gaveanews.com\/","name":"G\u00e1vea News","description":"Veja todas as not\u00edcias sobre o Flamengo: Contrata\u00e7\u00f5es, categorias de base, resultados das partidas, tabela de classifica\u00e7\u00e3o, pr\u00f3ximos jogos!","potentialAction":[{"@type":"SearchAction","target":{"@type":"EntryPoint","urlTemplate":"https:\/\/www.gaveanews.com\/?s={search_term_string}"},"query-input":{"@type":"PropertyValueSpecification","valueRequired":true,"valueName":"search_term_string"}}],"inLanguage":"pt-BR"},{"@type":"Person","@id":"https:\/\/www.gaveanews.com\/#\/schema\/person\/3b19f7288b0ce20372991275e4f2e6c2","name":"Ana Teixeira","image":{"@type":"ImageObject","inLanguage":"pt-BR","@id":"https:\/\/www.gaveanews.com\/#\/schema\/person\/image\/","url":"https:\/\/secure.gravatar.com\/avatar\/0a73f5a5258f3fed37fc2fa641892f3f7a4748456d4d4792f9bc550e6c19e06c?s=96&d=mm&r=g","contentUrl":"https:\/\/secure.gravatar.com\/avatar\/0a73f5a5258f3fed37fc2fa641892f3f7a4748456d4d4792f9bc550e6c19e06c?s=96&d=mm&r=g","caption":"Ana Teixeira"}}]}},"_links":{"self":[{"href":"https:\/\/www.gaveanews.com\/index.php\/wp-json\/wp\/v2\/posts\/253735","targetHints":{"allow":["GET"]}}],"collection":[{"href":"https:\/\/www.gaveanews.com\/index.php\/wp-json\/wp\/v2\/posts"}],"about":[{"href":"https:\/\/www.gaveanews.com\/index.php\/wp-json\/wp\/v2\/types\/post"}],"author":[{"embeddable":true,"href":"https:\/\/www.gaveanews.com\/index.php\/wp-json\/wp\/v2\/users\/30"}],"replies":[{"embeddable":true,"href":"https:\/\/www.gaveanews.com\/index.php\/wp-json\/wp\/v2\/comments?post=253735"}],"version-history":[{"count":2,"href":"https:\/\/www.gaveanews.com\/index.php\/wp-json\/wp\/v2\/posts\/253735\/revisions"}],"predecessor-version":[{"id":253738,"href":"https:\/\/www.gaveanews.com\/index.php\/wp-json\/wp\/v2\/posts\/253735\/revisions\/253738"}],"wp:featuredmedia":[{"embeddable":true,"href":"https:\/\/www.gaveanews.com\/index.php\/wp-json\/wp\/v2\/media\/37084"}],"wp:attachment":[{"href":"https:\/\/www.gaveanews.com\/index.php\/wp-json\/wp\/v2\/media?parent=253735"}],"wp:term":[{"taxonomy":"category","embeddable":true,"href":"https:\/\/www.gaveanews.com\/index.php\/wp-json\/wp\/v2\/categories?post=253735"},{"taxonomy":"post_tag","embeddable":true,"href":"https:\/\/www.gaveanews.com\/index.php\/wp-json\/wp\/v2\/tags?post=253735"}],"curies":[{"name":"wp","href":"https:\/\/api.w.org\/{rel}","templated":true}]}}