{"id":253740,"date":"2025-04-15T08:50:00","date_gmt":"2025-04-15T11:50:00","guid":{"rendered":"https:\/\/www.gaveanews.com\/?p=253740"},"modified":"2025-04-15T09:16:41","modified_gmt":"2025-04-15T12:16:41","slug":"a-declaracao-de-romario-sobre-a-polemica-envolvendo-raphinha","status":"publish","type":"post","link":"https:\/\/www.gaveanews.com\/index.php\/2025\/04\/15\/a-declaracao-de-romario-sobre-a-polemica-envolvendo-raphinha\/","title":{"rendered":"A declara\u00e7\u00e3o de Rom\u00e1rio sobre a pol\u00eamica envolvendo Raphinha"},"content":{"rendered":"\n<p>Ap\u00f3s a contundente derrota da Sele\u00e7\u00e3o Brasileira para a Argentina por 4 a 1, no dia 25 de mar\u00e7o, a declara\u00e7\u00e3o de Raphinha \u00e0 &#8216;Rom\u00e1rio TV&#8217; gerou ainda mais repercuss\u00e3o que o rev\u00e9s. Na v\u00e9spera do cl\u00e1ssico sul-americano, o jogador do Barcelona afirmou que daria &#8220;porrada neles dentro e fora de campo, se fosse preciso&#8221;. A fala rapidamente viralizou e passou a ser associada negativamente ao mau desempenho da equipe no Monumental de N\u00fa\u00f1ez.<\/p>\n\n\n\n<p>Na \u00faltima segunda-feira (14), o ex-atacante Rom\u00e1rio, entrevistador da ocasi\u00e3o, saiu em defesa de Raphinha. Em entrevista ao canal &#8220;Um Assado Para&#8230;&#8221;, apresentado por Duda Garbi, o tetracampe\u00e3o mundial explicou o que, segundo ele, teria sido a real inten\u00e7\u00e3o do jogador. <\/p>\n\n\n\n<p>\u201cPorrada neles \u00e9 bater nos caras dentro de campo no sentido de fazer o gol e ganhar\u201d, afirmou o ex-jogador. \u201cOutras pessoas quiseram entender por outro lado\u2026 Infelizmente o resultado foi muito ruim. Bem que a gente poderia ter jogado um pouquinho melhor mesmo\u201d, completou.<\/p>\n\n\n\n<p>Rom\u00e1rio argumentou que a declara\u00e7\u00e3o foi mal interpretada e que a rea\u00e7\u00e3o desproporcional do p\u00fablico se intensificou por causa do placar el\u00e1stico. Conforme destacou, \u201ca infelicidade do Brasil, que acaba caindo nas costas do Raphinha porque foi o cara que teve a coragem de dizer o que disse, foi o Brasil perder do jeito que perdeu. Se tivesse sido um jogo duro&#8230; Mas realmente o Brasil jogou muito mal. Foi mais divulgado pela forma da derrota\u201d.<\/p>\n\n\n\n<p>\u201cAchei do c*! Tipo, conseguimos! Meu programa \u00e9 para isso, para ter repercuss\u00e3o!\u201d, brincou o ex-atacante ao comentar o impacto de sua plataforma durante o epis\u00f3dio.<\/p>\n\n\n\n<blockquote class=\"twitter-tweet\" data-media-max-width=\"560\"><p lang=\"pt\" dir=\"ltr\">Rom\u00e1rio no podcast &quot;Um assado para&#8230;&quot;, do Duda Garbi, sobre a repercuss\u00e3o da entrevista do Raphinha para \u00e0 &#39;Rom\u00e1rio TV&#39;.<br><br>&quot;Achei do caralho (a repercuss\u00e3o). Conseguimos. O meu programa \u00e9 para isso, para ter repercuss\u00e3o.&quot;<br><br>\ud83d\udcfd\ufe0f: <a href=\"https:\/\/twitter.com\/dudagarbi?ref_src=twsrc%5Etfw\">@dudagarbi<\/a> <a href=\"https:\/\/t.co\/rAMxedbXzQ\">pic.twitter.com\/rAMxedbXzQ<\/a><\/p>&mdash; LIBERTA DEPRE (@liberta___depre) <a href=\"https:\/\/twitter.com\/liberta___depre\/status\/1911959747730845882?ref_src=twsrc%5Etfw\">April 15, 2025<\/a><\/blockquote> <script async src=\"https:\/\/platform.twitter.com\/widgets.js\" charset=\"utf-8\"><\/script>\n\n\n\n<p>O ex-jogador tamb\u00e9m aproveitou para reiterar sua confian\u00e7a no atacante do Barcelona, afirmando que ele tem sido pe\u00e7a importante no clube espanhol. \u201cEu acredito que ele tem que ser titular da Sele\u00e7\u00e3o. \u00c9 um cara que realmente tem feito a diferen\u00e7a no Barcelona\u201d, destacou Rom\u00e1rio, acrescentando que a carga emocional da goleada foi injustamente direcionada a Raphinha.<\/p>\n\n\n\n<p>A declara\u00e7\u00e3o inicial de Raphinha foi feita \u00e0 Rom\u00e1rio TV, onde utilizou a express\u00e3o que viria a gerar controv\u00e9rsia. Posteriormente, mesmo ap\u00f3s a derrota, o jogador afirmou, em entrevista \u00e0 TNT, que n\u00e3o voltaria atr\u00e1s no que disse, mantendo sua posi\u00e7\u00e3o e justificando sua postura como parte da motiva\u00e7\u00e3o esportiva.<\/p>\n\n\n\n<p>Atualmente, a Sele\u00e7\u00e3o ocupa a quarta coloca\u00e7\u00e3o na tabela das Eliminat\u00f3rias, com 21 pontos. A Argentina lidera com 31. A pr\u00f3xima convoca\u00e7\u00e3o ser\u00e1 em junho, durante a pen\u00faltima data Fifa antes da Copa. A equipe brasileira enfrentar\u00e1 o Equador, fora de casa, e o Paraguai, em solo nacional \u2014 ainda sem local definido para a partida. At\u00e9 o momento, a CBF ainda n\u00e3o anunciou oficialmente um novo t\u00e9cnico ap\u00f3s a sa\u00edda de Dorival J\u00fanior, que ocorreu logo ap\u00f3s a goleada sofrida.<\/p>\n\n\n\n<p><\/p>\n","protected":false},"excerpt":{"rendered":"<p>Ap\u00f3s a contundente derrota da Sele\u00e7\u00e3o Brasileira para a Argentina por 4 a 1, no dia 25 de mar\u00e7o, a declara\u00e7\u00e3o de Raphinha \u00e0 &#8216;Rom\u00e1rio TV&#8217; gerou ainda mais repercuss\u00e3o que o rev\u00e9s. Na v\u00e9spera do cl\u00e1ssico sul-americano, o jogador do Barcelona afirmou que daria &#8220;porrada neles dentro e fora de campo, se fosse preciso&#8221;. [&hellip;]<\/p>\n","protected":false},"author":30,"featured_media":253743,"comment_status":"open","ping_status":"closed","sticky":false,"template":"","format":"standard","meta":{"footnotes":""},"categories":[478,81,47],"tags":[],"class_list":["post-253740","post","type-post","status-publish","format-standard","has-post-thumbnail","hentry","category-brasil","category-celebridades","category-destaques"],"yoast_head":"<!-- This site is optimized with the Yoast SEO Premium plugin v24.2 (Yoast SEO v26.9) - https:\/\/yoast.com\/product\/yoast-seo-premium-wordpress\/ -->\n<title>A declara\u00e7\u00e3o de Rom\u00e1rio sobre a pol\u00eamica envolvendo Raphinha<\/title>\n<meta name=\"robots\" content=\"index, follow, max-snippet:-1, max-image-preview:large, max-video-preview:-1\" \/>\n<link rel=\"canonical\" href=\"https:\/\/www.gaveanews.com\/index.php\/2025\/04\/15\/a-declaracao-de-romario-sobre-a-polemica-envolvendo-raphinha\/\" \/>\n<meta property=\"og:locale\" content=\"pt_BR\" \/>\n<meta property=\"og:type\" content=\"article\" \/>\n<meta property=\"og:title\" content=\"A declara\u00e7\u00e3o de Rom\u00e1rio sobre a pol\u00eamica envolvendo Raphinha\" \/>\n<meta property=\"og:description\" content=\"Ap\u00f3s a contundente derrota da Sele\u00e7\u00e3o Brasileira para a Argentina por 4 a 1, no dia 25 de mar\u00e7o, a declara\u00e7\u00e3o de Raphinha \u00e0 &#8216;Rom\u00e1rio TV&#8217; gerou ainda mais repercuss\u00e3o que o rev\u00e9s. Na v\u00e9spera do cl\u00e1ssico sul-americano, o jogador do Barcelona afirmou que daria &#8220;porrada neles dentro e fora de campo, se fosse preciso&#8221;. [&hellip;]\" \/>\n<meta property=\"og:url\" content=\"https:\/\/www.gaveanews.com\/index.php\/2025\/04\/15\/a-declaracao-de-romario-sobre-a-polemica-envolvendo-raphinha\/\" \/>\n<meta property=\"og:site_name\" content=\"G\u00e1vea News\" \/>\n<meta property=\"article:publisher\" content=\"https:\/\/facebook.com\/gaveaNews\/\" \/>\n<meta property=\"article:published_time\" content=\"2025-04-15T11:50:00+00:00\" \/>\n<meta property=\"article:modified_time\" content=\"2025-04-15T12:16:41+00:00\" \/>\n<meta property=\"og:image\" content=\"http:\/\/www.gaveanews.com\/wp-content\/uploads\/Romario-no-Um-Assado-Para.-do-Youtube-sobre-a-declaracao-de-Raphinha.webp\" \/>\n\t<meta property=\"og:image:width\" content=\"1200\" \/>\n\t<meta property=\"og:image:height\" content=\"800\" \/>\n\t<meta property=\"og:image:type\" content=\"image\/png\" \/>\n<meta name=\"author\" content=\"Ana Teixeira\" \/>\n<meta name=\"twitter:card\" content=\"summary_large_image\" \/>\n<meta name=\"twitter:label1\" content=\"Escrito por\" \/>\n\t<meta name=\"twitter:data1\" content=\"Ana Teixeira\" \/>\n\t<meta name=\"twitter:label2\" content=\"Est. tempo de leitura\" \/>\n\t<meta name=\"twitter:data2\" content=\"3 minutos\" \/>\n<script type=\"application\/ld+json\" class=\"yoast-schema-graph\">{\"@context\":\"https:\/\/schema.org\",\"@graph\":[{\"@type\":\"NewsArticle\",\"@id\":\"https:\/\/www.gaveanews.com\/index.php\/2025\/04\/15\/a-declaracao-de-romario-sobre-a-polemica-envolvendo-raphinha\/#article\",\"isPartOf\":{\"@id\":\"https:\/\/www.gaveanews.com\/index.php\/2025\/04\/15\/a-declaracao-de-romario-sobre-a-polemica-envolvendo-raphinha\/\"},\"author\":{\"name\":\"Ana Teixeira\",\"@id\":\"https:\/\/www.gaveanews.com\/#\/schema\/person\/3b19f7288b0ce20372991275e4f2e6c2\"},\"headline\":\"A declara\u00e7\u00e3o de Rom\u00e1rio sobre a pol\u00eamica envolvendo Raphinha\",\"datePublished\":\"2025-04-15T11:50:00+00:00\",\"dateModified\":\"2025-04-15T12:16:41+00:00\",\"mainEntityOfPage\":{\"@id\":\"https:\/\/www.gaveanews.com\/index.php\/2025\/04\/15\/a-declaracao-de-romario-sobre-a-polemica-envolvendo-raphinha\/\"},\"wordCount\":550,\"commentCount\":0,\"image\":{\"@id\":\"https:\/\/www.gaveanews.com\/index.php\/2025\/04\/15\/a-declaracao-de-romario-sobre-a-polemica-envolvendo-raphinha\/#primaryimage\"},\"thumbnailUrl\":\"https:\/\/www.gaveanews.com\/wp-content\/uploads\/Romario-no-Um-Assado-Para.-do-Youtube-sobre-a-declaracao-de-Raphinha.webp\",\"articleSection\":[\"Brasil\",\"Celebridades\",\"Destaques\"],\"inLanguage\":\"pt-BR\",\"potentialAction\":[{\"@type\":\"CommentAction\",\"name\":\"Comment\",\"target\":[\"https:\/\/www.gaveanews.com\/index.php\/2025\/04\/15\/a-declaracao-de-romario-sobre-a-polemica-envolvendo-raphinha\/#respond\"]}],\"copyrightYear\":\"2025\",\"copyrightHolder\":{\"@id\":\"https:\/\/www.gaveanews.com\/#organization\"}},{\"@type\":\"WebPage\",\"@id\":\"https:\/\/www.gaveanews.com\/index.php\/2025\/04\/15\/a-declaracao-de-romario-sobre-a-polemica-envolvendo-raphinha\/\",\"url\":\"https:\/\/www.gaveanews.com\/index.php\/2025\/04\/15\/a-declaracao-de-romario-sobre-a-polemica-envolvendo-raphinha\/\",\"name\":\"A declara\u00e7\u00e3o de Rom\u00e1rio sobre a pol\u00eamica envolvendo Raphinha\",\"isPartOf\":{\"@id\":\"https:\/\/www.gaveanews.com\/#website\"},\"primaryImageOfPage\":{\"@id\":\"https:\/\/www.gaveanews.com\/index.php\/2025\/04\/15\/a-declaracao-de-romario-sobre-a-polemica-envolvendo-raphinha\/#primaryimage\"},\"image\":{\"@id\":\"https:\/\/www.gaveanews.com\/index.php\/2025\/04\/15\/a-declaracao-de-romario-sobre-a-polemica-envolvendo-raphinha\/#primaryimage\"},\"thumbnailUrl\":\"https:\/\/www.gaveanews.com\/wp-content\/uploads\/Romario-no-Um-Assado-Para.-do-Youtube-sobre-a-declaracao-de-Raphinha.webp\",\"datePublished\":\"2025-04-15T11:50:00+00:00\",\"dateModified\":\"2025-04-15T12:16:41+00:00\",\"author\":{\"@id\":\"https:\/\/www.gaveanews.com\/#\/schema\/person\/3b19f7288b0ce20372991275e4f2e6c2\"},\"breadcrumb\":{\"@id\":\"https:\/\/www.gaveanews.com\/index.php\/2025\/04\/15\/a-declaracao-de-romario-sobre-a-polemica-envolvendo-raphinha\/#breadcrumb\"},\"inLanguage\":\"pt-BR\",\"potentialAction\":[{\"@type\":\"ReadAction\",\"target\":[\"https:\/\/www.gaveanews.com\/index.php\/2025\/04\/15\/a-declaracao-de-romario-sobre-a-polemica-envolvendo-raphinha\/\"]}]},{\"@type\":\"ImageObject\",\"inLanguage\":\"pt-BR\",\"@id\":\"https:\/\/www.gaveanews.com\/index.php\/2025\/04\/15\/a-declaracao-de-romario-sobre-a-polemica-envolvendo-raphinha\/#primaryimage\",\"url\":\"https:\/\/www.gaveanews.com\/wp-content\/uploads\/Romario-no-Um-Assado-Para.-do-Youtube-sobre-a-declaracao-de-Raphinha.webp\",\"contentUrl\":\"https:\/\/www.gaveanews.com\/wp-content\/uploads\/Romario-no-Um-Assado-Para.-do-Youtube-sobre-a-declaracao-de-Raphinha.webp\",\"width\":1200,\"height\":800},{\"@type\":\"BreadcrumbList\",\"@id\":\"https:\/\/www.gaveanews.com\/index.php\/2025\/04\/15\/a-declaracao-de-romario-sobre-a-polemica-envolvendo-raphinha\/#breadcrumb\",\"itemListElement\":[{\"@type\":\"ListItem\",\"position\":1,\"name\":\"Home\",\"item\":\"https:\/\/www.gaveanews.com\/\"},{\"@type\":\"ListItem\",\"position\":2,\"name\":\"A declara\u00e7\u00e3o de Rom\u00e1rio sobre a pol\u00eamica envolvendo Raphinha\"}]},{\"@type\":\"WebSite\",\"@id\":\"https:\/\/www.gaveanews.com\/#website\",\"url\":\"https:\/\/www.gaveanews.com\/\",\"name\":\"G\u00e1vea News\",\"description\":\"Veja todas as not\u00edcias sobre o Flamengo: Contrata\u00e7\u00f5es, categorias de base, resultados das partidas, tabela de classifica\u00e7\u00e3o, pr\u00f3ximos jogos!\",\"potentialAction\":[{\"@type\":\"SearchAction\",\"target\":{\"@type\":\"EntryPoint\",\"urlTemplate\":\"https:\/\/www.gaveanews.com\/?s={search_term_string}\"},\"query-input\":{\"@type\":\"PropertyValueSpecification\",\"valueRequired\":true,\"valueName\":\"search_term_string\"}}],\"inLanguage\":\"pt-BR\"},{\"@type\":\"Person\",\"@id\":\"https:\/\/www.gaveanews.com\/#\/schema\/person\/3b19f7288b0ce20372991275e4f2e6c2\",\"name\":\"Ana Teixeira\",\"image\":{\"@type\":\"ImageObject\",\"inLanguage\":\"pt-BR\",\"@id\":\"https:\/\/www.gaveanews.com\/#\/schema\/person\/image\/\",\"url\":\"https:\/\/secure.gravatar.com\/avatar\/0a73f5a5258f3fed37fc2fa641892f3f7a4748456d4d4792f9bc550e6c19e06c?s=96&d=mm&r=g\",\"contentUrl\":\"https:\/\/secure.gravatar.com\/avatar\/0a73f5a5258f3fed37fc2fa641892f3f7a4748456d4d4792f9bc550e6c19e06c?s=96&d=mm&r=g\",\"caption\":\"Ana Teixeira\"}}]}<\/script>\n<!-- \/ Yoast SEO Premium plugin. -->","yoast_head_json":{"title":"A declara\u00e7\u00e3o de Rom\u00e1rio sobre a pol\u00eamica envolvendo Raphinha","robots":{"index":"index","follow":"follow","max-snippet":"max-snippet:-1","max-image-preview":"max-image-preview:large","max-video-preview":"max-video-preview:-1"},"canonical":"https:\/\/www.gaveanews.com\/index.php\/2025\/04\/15\/a-declaracao-de-romario-sobre-a-polemica-envolvendo-raphinha\/","og_locale":"pt_BR","og_type":"article","og_title":"A declara\u00e7\u00e3o de Rom\u00e1rio sobre a pol\u00eamica envolvendo Raphinha","og_description":"Ap\u00f3s a contundente derrota da Sele\u00e7\u00e3o Brasileira para a Argentina por 4 a 1, no dia 25 de mar\u00e7o, a declara\u00e7\u00e3o de Raphinha \u00e0 &#8216;Rom\u00e1rio TV&#8217; gerou ainda mais repercuss\u00e3o que o rev\u00e9s. Na v\u00e9spera do cl\u00e1ssico sul-americano, o jogador do Barcelona afirmou que daria &#8220;porrada neles dentro e fora de campo, se fosse preciso&#8221;. [&hellip;]","og_url":"https:\/\/www.gaveanews.com\/index.php\/2025\/04\/15\/a-declaracao-de-romario-sobre-a-polemica-envolvendo-raphinha\/","og_site_name":"G\u00e1vea News","article_publisher":"https:\/\/facebook.com\/gaveaNews\/","article_published_time":"2025-04-15T11:50:00+00:00","article_modified_time":"2025-04-15T12:16:41+00:00","og_image":[{"width":1200,"height":800,"url":"http:\/\/www.gaveanews.com\/wp-content\/uploads\/Romario-no-Um-Assado-Para.-do-Youtube-sobre-a-declaracao-de-Raphinha.webp","type":"image\/png"}],"author":"Ana Teixeira","twitter_card":"summary_large_image","twitter_misc":{"Escrito por":"Ana Teixeira","Est. tempo de leitura":"3 minutos"},"schema":{"@context":"https:\/\/schema.org","@graph":[{"@type":"NewsArticle","@id":"https:\/\/www.gaveanews.com\/index.php\/2025\/04\/15\/a-declaracao-de-romario-sobre-a-polemica-envolvendo-raphinha\/#article","isPartOf":{"@id":"https:\/\/www.gaveanews.com\/index.php\/2025\/04\/15\/a-declaracao-de-romario-sobre-a-polemica-envolvendo-raphinha\/"},"author":{"name":"Ana Teixeira","@id":"https:\/\/www.gaveanews.com\/#\/schema\/person\/3b19f7288b0ce20372991275e4f2e6c2"},"headline":"A declara\u00e7\u00e3o de Rom\u00e1rio sobre a pol\u00eamica envolvendo Raphinha","datePublished":"2025-04-15T11:50:00+00:00","dateModified":"2025-04-15T12:16:41+00:00","mainEntityOfPage":{"@id":"https:\/\/www.gaveanews.com\/index.php\/2025\/04\/15\/a-declaracao-de-romario-sobre-a-polemica-envolvendo-raphinha\/"},"wordCount":550,"commentCount":0,"image":{"@id":"https:\/\/www.gaveanews.com\/index.php\/2025\/04\/15\/a-declaracao-de-romario-sobre-a-polemica-envolvendo-raphinha\/#primaryimage"},"thumbnailUrl":"https:\/\/www.gaveanews.com\/wp-content\/uploads\/Romario-no-Um-Assado-Para.-do-Youtube-sobre-a-declaracao-de-Raphinha.webp","articleSection":["Brasil","Celebridades","Destaques"],"inLanguage":"pt-BR","potentialAction":[{"@type":"CommentAction","name":"Comment","target":["https:\/\/www.gaveanews.com\/index.php\/2025\/04\/15\/a-declaracao-de-romario-sobre-a-polemica-envolvendo-raphinha\/#respond"]}],"copyrightYear":"2025","copyrightHolder":{"@id":"https:\/\/www.gaveanews.com\/#organization"}},{"@type":"WebPage","@id":"https:\/\/www.gaveanews.com\/index.php\/2025\/04\/15\/a-declaracao-de-romario-sobre-a-polemica-envolvendo-raphinha\/","url":"https:\/\/www.gaveanews.com\/index.php\/2025\/04\/15\/a-declaracao-de-romario-sobre-a-polemica-envolvendo-raphinha\/","name":"A declara\u00e7\u00e3o de Rom\u00e1rio sobre a pol\u00eamica envolvendo Raphinha","isPartOf":{"@id":"https:\/\/www.gaveanews.com\/#website"},"primaryImageOfPage":{"@id":"https:\/\/www.gaveanews.com\/index.php\/2025\/04\/15\/a-declaracao-de-romario-sobre-a-polemica-envolvendo-raphinha\/#primaryimage"},"image":{"@id":"https:\/\/www.gaveanews.com\/index.php\/2025\/04\/15\/a-declaracao-de-romario-sobre-a-polemica-envolvendo-raphinha\/#primaryimage"},"thumbnailUrl":"https:\/\/www.gaveanews.com\/wp-content\/uploads\/Romario-no-Um-Assado-Para.-do-Youtube-sobre-a-declaracao-de-Raphinha.webp","datePublished":"2025-04-15T11:50:00+00:00","dateModified":"2025-04-15T12:16:41+00:00","author":{"@id":"https:\/\/www.gaveanews.com\/#\/schema\/person\/3b19f7288b0ce20372991275e4f2e6c2"},"breadcrumb":{"@id":"https:\/\/www.gaveanews.com\/index.php\/2025\/04\/15\/a-declaracao-de-romario-sobre-a-polemica-envolvendo-raphinha\/#breadcrumb"},"inLanguage":"pt-BR","potentialAction":[{"@type":"ReadAction","target":["https:\/\/www.gaveanews.com\/index.php\/2025\/04\/15\/a-declaracao-de-romario-sobre-a-polemica-envolvendo-raphinha\/"]}]},{"@type":"ImageObject","inLanguage":"pt-BR","@id":"https:\/\/www.gaveanews.com\/index.php\/2025\/04\/15\/a-declaracao-de-romario-sobre-a-polemica-envolvendo-raphinha\/#primaryimage","url":"https:\/\/www.gaveanews.com\/wp-content\/uploads\/Romario-no-Um-Assado-Para.-do-Youtube-sobre-a-declaracao-de-Raphinha.webp","contentUrl":"https:\/\/www.gaveanews.com\/wp-content\/uploads\/Romario-no-Um-Assado-Para.-do-Youtube-sobre-a-declaracao-de-Raphinha.webp","width":1200,"height":800},{"@type":"BreadcrumbList","@id":"https:\/\/www.gaveanews.com\/index.php\/2025\/04\/15\/a-declaracao-de-romario-sobre-a-polemica-envolvendo-raphinha\/#breadcrumb","itemListElement":[{"@type":"ListItem","position":1,"name":"Home","item":"https:\/\/www.gaveanews.com\/"},{"@type":"ListItem","position":2,"name":"A declara\u00e7\u00e3o de Rom\u00e1rio sobre a pol\u00eamica envolvendo Raphinha"}]},{"@type":"WebSite","@id":"https:\/\/www.gaveanews.com\/#website","url":"https:\/\/www.gaveanews.com\/","name":"G\u00e1vea News","description":"Veja todas as not\u00edcias sobre o Flamengo: Contrata\u00e7\u00f5es, categorias de base, resultados das partidas, tabela de classifica\u00e7\u00e3o, pr\u00f3ximos jogos!","potentialAction":[{"@type":"SearchAction","target":{"@type":"EntryPoint","urlTemplate":"https:\/\/www.gaveanews.com\/?s={search_term_string}"},"query-input":{"@type":"PropertyValueSpecification","valueRequired":true,"valueName":"search_term_string"}}],"inLanguage":"pt-BR"},{"@type":"Person","@id":"https:\/\/www.gaveanews.com\/#\/schema\/person\/3b19f7288b0ce20372991275e4f2e6c2","name":"Ana Teixeira","image":{"@type":"ImageObject","inLanguage":"pt-BR","@id":"https:\/\/www.gaveanews.com\/#\/schema\/person\/image\/","url":"https:\/\/secure.gravatar.com\/avatar\/0a73f5a5258f3fed37fc2fa641892f3f7a4748456d4d4792f9bc550e6c19e06c?s=96&d=mm&r=g","contentUrl":"https:\/\/secure.gravatar.com\/avatar\/0a73f5a5258f3fed37fc2fa641892f3f7a4748456d4d4792f9bc550e6c19e06c?s=96&d=mm&r=g","caption":"Ana Teixeira"}}]}},"_links":{"self":[{"href":"https:\/\/www.gaveanews.com\/index.php\/wp-json\/wp\/v2\/posts\/253740","targetHints":{"allow":["GET"]}}],"collection":[{"href":"https:\/\/www.gaveanews.com\/index.php\/wp-json\/wp\/v2\/posts"}],"about":[{"href":"https:\/\/www.gaveanews.com\/index.php\/wp-json\/wp\/v2\/types\/post"}],"author":[{"embeddable":true,"href":"https:\/\/www.gaveanews.com\/index.php\/wp-json\/wp\/v2\/users\/30"}],"replies":[{"embeddable":true,"href":"https:\/\/www.gaveanews.com\/index.php\/wp-json\/wp\/v2\/comments?post=253740"}],"version-history":[{"count":1,"href":"https:\/\/www.gaveanews.com\/index.php\/wp-json\/wp\/v2\/posts\/253740\/revisions"}],"predecessor-version":[{"id":253744,"href":"https:\/\/www.gaveanews.com\/index.php\/wp-json\/wp\/v2\/posts\/253740\/revisions\/253744"}],"wp:featuredmedia":[{"embeddable":true,"href":"https:\/\/www.gaveanews.com\/index.php\/wp-json\/wp\/v2\/media\/253743"}],"wp:attachment":[{"href":"https:\/\/www.gaveanews.com\/index.php\/wp-json\/wp\/v2\/media?parent=253740"}],"wp:term":[{"taxonomy":"category","embeddable":true,"href":"https:\/\/www.gaveanews.com\/index.php\/wp-json\/wp\/v2\/categories?post=253740"},{"taxonomy":"post_tag","embeddable":true,"href":"https:\/\/www.gaveanews.com\/index.php\/wp-json\/wp\/v2\/tags?post=253740"}],"curies":[{"name":"wp","href":"https:\/\/api.w.org\/{rel}","templated":true}]}}