{"id":253882,"date":"2025-04-15T18:10:00","date_gmt":"2025-04-15T21:10:00","guid":{"rendered":"https:\/\/www.gaveanews.com\/?p=253882"},"modified":"2025-04-15T15:33:41","modified_gmt":"2025-04-15T18:33:41","slug":"atualizacao-sobre-o-futuro-de-andreas-pereira","status":"publish","type":"post","link":"https:\/\/www.gaveanews.com\/index.php\/2025\/04\/15\/atualizacao-sobre-o-futuro-de-andreas-pereira\/","title":{"rendered":"Atualiza\u00e7\u00e3o sobre o futuro de Andreas Pereira"},"content":{"rendered":"\n<p>A trajet\u00f3ria de Andreas Pereira no futebol ingl\u00eas pode estar pr\u00f3xima de uma nova virada. O meio-campista, atualmente no Fulham, tem analisado possibilidades para seu futuro e considera uma mudan\u00e7a de clube na janela de transfer\u00eancias do meio do ano. Aos 29 anos, o brasileiro vive um bom momento na carreira, o que o coloca como alvo de diversas equipes, inclusive fora da Europa.<\/p>\n\n\n\n<p>Conforme revelado pelo jornalista Felipe Silva, do <em>UOL Esporte<\/em>, Andreas n\u00e3o tem a inten\u00e7\u00e3o de renovar com o Fulham, apesar de seu v\u00ednculo com o clube se estender at\u00e9 junho de 2026. A decis\u00e3o sinaliza que o jogador entende que seu ciclo na equipe londrina est\u00e1 pr\u00f3ximo do fim. \u201cEle cogita respirar novos ares no meio do ano\u201d, afirmou o rep\u00f3rter. O clube, por sua vez, tamb\u00e9m estaria disposto a negociar sua sa\u00edda, caso surja uma proposta vantajosa.<\/p>\n\n\n\n<figure class=\"wp-block-image size-full\"><img loading=\"lazy\" decoding=\"async\" width=\"1024\" height=\"683\" src=\"http:\/\/www.gaveanews.com\/wp-content\/uploads\/andreas-pereira-fulham-flamengo.webp\" alt=\"\" class=\"wp-image-95985\" srcset=\"https:\/\/www.gaveanews.com\/wp-content\/uploads\/andreas-pereira-fulham-flamengo.webp 1024w, https:\/\/www.gaveanews.com\/wp-content\/uploads\/andreas-pereira-fulham-flamengo-300x200.webp 300w, https:\/\/www.gaveanews.com\/wp-content\/uploads\/andreas-pereira-fulham-flamengo-768x512.webp 768w, https:\/\/www.gaveanews.com\/wp-content\/uploads\/andreas-pereira-fulham-flamengo-630x420.webp 630w, https:\/\/www.gaveanews.com\/wp-content\/uploads\/andreas-pereira-fulham-flamengo-640x427.webp 640w, https:\/\/www.gaveanews.com\/wp-content\/uploads\/andreas-pereira-fulham-flamengo-681x454.webp 681w, https:\/\/www.gaveanews.com\/wp-content\/uploads\/andreas-pereira-fulham-flamengo-1022x683.webp 1022w, https:\/\/www.gaveanews.com\/wp-content\/uploads\/andreas-pereira-fulham-flamengo-100x67.webp 100w\" sizes=\"auto, (max-width: 1024px) 100vw, 1024px\" \/><figcaption class=\"wp-element-caption\">Andreas Pereira em a\u00e7\u00e3o pelo Fulham (Foto: Divulga\u00e7\u00e3o)<\/figcaption><\/figure>\n\n\n\n<p>Anteriormente, o Palmeiras demonstrou interesse na contrata\u00e7\u00e3o do meia e chegou a formalizar uma oferta no in\u00edcio do ano. No entanto, o jogador recusou a proposta. Apesar do interesse m\u00fatuo naquele momento, a diretoria alviverde n\u00e3o deve retomar as negocia\u00e7\u00f5es nesta pr\u00f3xima janela. A escolha por priorizar outras posi\u00e7\u00f5es no elenco parece pesar nessa decis\u00e3o.<\/p>\n\n\n\n<p>Andreas, que est\u00e1 convocado para a disputa da Copa Am\u00e9rica com a Sele\u00e7\u00e3o Brasileira, desperta aten\u00e7\u00e3o de clubes de diferentes mercados. Atl\u00e9tico de Madrid, Zenit e outros europeus monitoram a situa\u00e7\u00e3o de perto. Ao mesmo tempo, o futebol da Ar\u00e1bia Saudita surge como possibilidade, com o fundo soberano do pa\u00eds avaliando uma poss\u00edvel investida em nomes com rodagem internacional.<\/p>\n\n\n\n<p>Ali\u00e1s, a valoriza\u00e7\u00e3o do meia no mercado internacional \u00e9 reflexo direto de seu desempenho no Fulham. Apesar de n\u00e3o estar em um clube de ponta na Premier League, Andreas se consolidou como um dos principais jogadores da equipe. Isso amplia suas op\u00e7\u00f5es e deve permitir que ele escolha com cautela seu pr\u00f3ximo destino, sobretudo pensando no Super Mundial de Clubes.<\/p>\n\n\n\n<p>Embora n\u00e3o descarte voltar ao futebol brasileiro, Andreas tende a permanecer no exterior, pelo menos por enquanto. Flamengo, assim como o Palmeiras, tamb\u00e9m sondou o jogador. Por\u00e9m, a prefer\u00eancia por seguir na Europa ou explorar o mercado do Oriente M\u00e9dio tem se mostrado mais forte neste momento de sua carreira.<\/p>\n","protected":false},"excerpt":{"rendered":"<p>A trajet\u00f3ria de Andreas Pereira no futebol ingl\u00eas pode estar pr\u00f3xima de uma nova virada. O meio-campista, atualmente no Fulham, tem analisado possibilidades para seu futuro e considera uma mudan\u00e7a de clube na janela de transfer\u00eancias do meio do ano. Aos 29 anos, o brasileiro vive um bom momento na carreira, o que o coloca [&hellip;]<\/p>\n","protected":false},"author":27,"featured_media":155182,"comment_status":"open","ping_status":"closed","sticky":false,"template":"","format":"standard","meta":{"footnotes":""},"categories":[150],"tags":[],"class_list":["post-253882","post","type-post","status-publish","format-standard","has-post-thumbnail","hentry","category-palmeiras"],"yoast_head":"<!-- This site is optimized with the Yoast SEO Premium plugin v24.2 (Yoast SEO v26.9) - https:\/\/yoast.com\/product\/yoast-seo-premium-wordpress\/ -->\n<title>Atualiza\u00e7\u00e3o sobre o futuro de Andreas Pereira<\/title>\n<meta name=\"robots\" content=\"index, follow, max-snippet:-1, max-image-preview:large, max-video-preview:-1\" \/>\n<link rel=\"canonical\" href=\"https:\/\/www.gaveanews.com\/index.php\/2025\/04\/15\/atualizacao-sobre-o-futuro-de-andreas-pereira\/\" \/>\n<meta property=\"og:locale\" content=\"pt_BR\" \/>\n<meta property=\"og:type\" content=\"article\" \/>\n<meta property=\"og:title\" content=\"Atualiza\u00e7\u00e3o sobre o futuro de Andreas Pereira\" \/>\n<meta property=\"og:description\" content=\"A trajet\u00f3ria de Andreas Pereira no futebol ingl\u00eas pode estar pr\u00f3xima de uma nova virada. O meio-campista, atualmente no Fulham, tem analisado possibilidades para seu futuro e considera uma mudan\u00e7a de clube na janela de transfer\u00eancias do meio do ano. Aos 29 anos, o brasileiro vive um bom momento na carreira, o que o coloca [&hellip;]\" \/>\n<meta property=\"og:url\" content=\"https:\/\/www.gaveanews.com\/index.php\/2025\/04\/15\/atualizacao-sobre-o-futuro-de-andreas-pereira\/\" \/>\n<meta property=\"og:site_name\" content=\"G\u00e1vea News\" \/>\n<meta property=\"article:publisher\" content=\"https:\/\/facebook.com\/gaveaNews\/\" \/>\n<meta property=\"article:published_time\" content=\"2025-04-15T21:10:00+00:00\" \/>\n<meta property=\"og:image\" content=\"https:\/\/www.gaveanews.com\/wp-content\/uploads\/Allianz-Parque-estadio-do-Palmeiras.webp\" \/>\n\t<meta property=\"og:image:width\" content=\"1023\" \/>\n\t<meta property=\"og:image:height\" content=\"767\" \/>\n\t<meta property=\"og:image:type\" content=\"image\/webp\" \/>\n<meta name=\"author\" content=\"Matheus Felipe\" \/>\n<meta name=\"twitter:card\" content=\"summary_large_image\" \/>\n<meta name=\"twitter:label1\" content=\"Escrito por\" \/>\n\t<meta name=\"twitter:data1\" content=\"Matheus Felipe\" \/>\n\t<meta name=\"twitter:label2\" content=\"Est. tempo de leitura\" \/>\n\t<meta name=\"twitter:data2\" content=\"3 minutos\" \/>\n<script type=\"application\/ld+json\" class=\"yoast-schema-graph\">{\"@context\":\"https:\/\/schema.org\",\"@graph\":[{\"@type\":\"NewsArticle\",\"@id\":\"https:\/\/www.gaveanews.com\/index.php\/2025\/04\/15\/atualizacao-sobre-o-futuro-de-andreas-pereira\/#article\",\"isPartOf\":{\"@id\":\"https:\/\/www.gaveanews.com\/index.php\/2025\/04\/15\/atualizacao-sobre-o-futuro-de-andreas-pereira\/\"},\"author\":{\"name\":\"Matheus Felipe\",\"@id\":\"https:\/\/www.gaveanews.com\/#\/schema\/person\/8207cd4627f56151707418bfc835b2fb\"},\"headline\":\"Atualiza\u00e7\u00e3o sobre o futuro de Andreas Pereira\",\"datePublished\":\"2025-04-15T21:10:00+00:00\",\"mainEntityOfPage\":{\"@id\":\"https:\/\/www.gaveanews.com\/index.php\/2025\/04\/15\/atualizacao-sobre-o-futuro-de-andreas-pereira\/\"},\"wordCount\":420,\"commentCount\":0,\"image\":{\"@id\":\"https:\/\/www.gaveanews.com\/index.php\/2025\/04\/15\/atualizacao-sobre-o-futuro-de-andreas-pereira\/#primaryimage\"},\"thumbnailUrl\":\"https:\/\/www.gaveanews.com\/wp-content\/uploads\/Allianz-Parque-estadio-do-Palmeiras.webp\",\"articleSection\":[\"Palmeiras\"],\"inLanguage\":\"pt-BR\",\"potentialAction\":[{\"@type\":\"CommentAction\",\"name\":\"Comment\",\"target\":[\"https:\/\/www.gaveanews.com\/index.php\/2025\/04\/15\/atualizacao-sobre-o-futuro-de-andreas-pereira\/#respond\"]}],\"copyrightYear\":\"2025\",\"copyrightHolder\":{\"@id\":\"https:\/\/www.gaveanews.com\/#organization\"}},{\"@type\":\"WebPage\",\"@id\":\"https:\/\/www.gaveanews.com\/index.php\/2025\/04\/15\/atualizacao-sobre-o-futuro-de-andreas-pereira\/\",\"url\":\"https:\/\/www.gaveanews.com\/index.php\/2025\/04\/15\/atualizacao-sobre-o-futuro-de-andreas-pereira\/\",\"name\":\"Atualiza\u00e7\u00e3o sobre o futuro de Andreas Pereira\",\"isPartOf\":{\"@id\":\"https:\/\/www.gaveanews.com\/#website\"},\"primaryImageOfPage\":{\"@id\":\"https:\/\/www.gaveanews.com\/index.php\/2025\/04\/15\/atualizacao-sobre-o-futuro-de-andreas-pereira\/#primaryimage\"},\"image\":{\"@id\":\"https:\/\/www.gaveanews.com\/index.php\/2025\/04\/15\/atualizacao-sobre-o-futuro-de-andreas-pereira\/#primaryimage\"},\"thumbnailUrl\":\"https:\/\/www.gaveanews.com\/wp-content\/uploads\/Allianz-Parque-estadio-do-Palmeiras.webp\",\"datePublished\":\"2025-04-15T21:10:00+00:00\",\"author\":{\"@id\":\"https:\/\/www.gaveanews.com\/#\/schema\/person\/8207cd4627f56151707418bfc835b2fb\"},\"breadcrumb\":{\"@id\":\"https:\/\/www.gaveanews.com\/index.php\/2025\/04\/15\/atualizacao-sobre-o-futuro-de-andreas-pereira\/#breadcrumb\"},\"inLanguage\":\"pt-BR\",\"potentialAction\":[{\"@type\":\"ReadAction\",\"target\":[\"https:\/\/www.gaveanews.com\/index.php\/2025\/04\/15\/atualizacao-sobre-o-futuro-de-andreas-pereira\/\"]}]},{\"@type\":\"ImageObject\",\"inLanguage\":\"pt-BR\",\"@id\":\"https:\/\/www.gaveanews.com\/index.php\/2025\/04\/15\/atualizacao-sobre-o-futuro-de-andreas-pereira\/#primaryimage\",\"url\":\"https:\/\/www.gaveanews.com\/wp-content\/uploads\/Allianz-Parque-estadio-do-Palmeiras.webp\",\"contentUrl\":\"https:\/\/www.gaveanews.com\/wp-content\/uploads\/Allianz-Parque-estadio-do-Palmeiras.webp\",\"width\":1023,\"height\":767,\"caption\":\"Allianz Parque, est\u00e1dio do Palmeiras (Foto: Reprodu\u00e7\u00e3o\/Palmeiras)\"},{\"@type\":\"BreadcrumbList\",\"@id\":\"https:\/\/www.gaveanews.com\/index.php\/2025\/04\/15\/atualizacao-sobre-o-futuro-de-andreas-pereira\/#breadcrumb\",\"itemListElement\":[{\"@type\":\"ListItem\",\"position\":1,\"name\":\"Home\",\"item\":\"https:\/\/www.gaveanews.com\/\"},{\"@type\":\"ListItem\",\"position\":2,\"name\":\"Atualiza\u00e7\u00e3o sobre o futuro de Andreas Pereira\"}]},{\"@type\":\"WebSite\",\"@id\":\"https:\/\/www.gaveanews.com\/#website\",\"url\":\"https:\/\/www.gaveanews.com\/\",\"name\":\"G\u00e1vea News\",\"description\":\"Veja todas as not\u00edcias sobre o Flamengo: Contrata\u00e7\u00f5es, categorias de base, resultados das partidas, tabela de classifica\u00e7\u00e3o, pr\u00f3ximos jogos!\",\"potentialAction\":[{\"@type\":\"SearchAction\",\"target\":{\"@type\":\"EntryPoint\",\"urlTemplate\":\"https:\/\/www.gaveanews.com\/?s={search_term_string}\"},\"query-input\":{\"@type\":\"PropertyValueSpecification\",\"valueRequired\":true,\"valueName\":\"search_term_string\"}}],\"inLanguage\":\"pt-BR\"},{\"@type\":\"Person\",\"@id\":\"https:\/\/www.gaveanews.com\/#\/schema\/person\/8207cd4627f56151707418bfc835b2fb\",\"name\":\"Matheus Felipe\",\"image\":{\"@type\":\"ImageObject\",\"inLanguage\":\"pt-BR\",\"@id\":\"https:\/\/www.gaveanews.com\/#\/schema\/person\/image\/\",\"url\":\"https:\/\/secure.gravatar.com\/avatar\/a452ffbed9130f726358b298bb3a99ce4bd3c5338411f8440e87e14d74c7c087?s=96&d=mm&r=g\",\"contentUrl\":\"https:\/\/secure.gravatar.com\/avatar\/a452ffbed9130f726358b298bb3a99ce4bd3c5338411f8440e87e14d74c7c087?s=96&d=mm&r=g\",\"caption\":\"Matheus Felipe\"}}]}<\/script>\n<!-- \/ Yoast SEO Premium plugin. -->","yoast_head_json":{"title":"Atualiza\u00e7\u00e3o sobre o futuro de Andreas Pereira","robots":{"index":"index","follow":"follow","max-snippet":"max-snippet:-1","max-image-preview":"max-image-preview:large","max-video-preview":"max-video-preview:-1"},"canonical":"https:\/\/www.gaveanews.com\/index.php\/2025\/04\/15\/atualizacao-sobre-o-futuro-de-andreas-pereira\/","og_locale":"pt_BR","og_type":"article","og_title":"Atualiza\u00e7\u00e3o sobre o futuro de Andreas Pereira","og_description":"A trajet\u00f3ria de Andreas Pereira no futebol ingl\u00eas pode estar pr\u00f3xima de uma nova virada. O meio-campista, atualmente no Fulham, tem analisado possibilidades para seu futuro e considera uma mudan\u00e7a de clube na janela de transfer\u00eancias do meio do ano. Aos 29 anos, o brasileiro vive um bom momento na carreira, o que o coloca [&hellip;]","og_url":"https:\/\/www.gaveanews.com\/index.php\/2025\/04\/15\/atualizacao-sobre-o-futuro-de-andreas-pereira\/","og_site_name":"G\u00e1vea News","article_publisher":"https:\/\/facebook.com\/gaveaNews\/","article_published_time":"2025-04-15T21:10:00+00:00","og_image":[{"width":1023,"height":767,"url":"https:\/\/www.gaveanews.com\/wp-content\/uploads\/Allianz-Parque-estadio-do-Palmeiras.webp","type":"image\/webp"}],"author":"Matheus Felipe","twitter_card":"summary_large_image","twitter_misc":{"Escrito por":"Matheus Felipe","Est. tempo de leitura":"3 minutos"},"schema":{"@context":"https:\/\/schema.org","@graph":[{"@type":"NewsArticle","@id":"https:\/\/www.gaveanews.com\/index.php\/2025\/04\/15\/atualizacao-sobre-o-futuro-de-andreas-pereira\/#article","isPartOf":{"@id":"https:\/\/www.gaveanews.com\/index.php\/2025\/04\/15\/atualizacao-sobre-o-futuro-de-andreas-pereira\/"},"author":{"name":"Matheus Felipe","@id":"https:\/\/www.gaveanews.com\/#\/schema\/person\/8207cd4627f56151707418bfc835b2fb"},"headline":"Atualiza\u00e7\u00e3o sobre o futuro de Andreas Pereira","datePublished":"2025-04-15T21:10:00+00:00","mainEntityOfPage":{"@id":"https:\/\/www.gaveanews.com\/index.php\/2025\/04\/15\/atualizacao-sobre-o-futuro-de-andreas-pereira\/"},"wordCount":420,"commentCount":0,"image":{"@id":"https:\/\/www.gaveanews.com\/index.php\/2025\/04\/15\/atualizacao-sobre-o-futuro-de-andreas-pereira\/#primaryimage"},"thumbnailUrl":"https:\/\/www.gaveanews.com\/wp-content\/uploads\/Allianz-Parque-estadio-do-Palmeiras.webp","articleSection":["Palmeiras"],"inLanguage":"pt-BR","potentialAction":[{"@type":"CommentAction","name":"Comment","target":["https:\/\/www.gaveanews.com\/index.php\/2025\/04\/15\/atualizacao-sobre-o-futuro-de-andreas-pereira\/#respond"]}],"copyrightYear":"2025","copyrightHolder":{"@id":"https:\/\/www.gaveanews.com\/#organization"}},{"@type":"WebPage","@id":"https:\/\/www.gaveanews.com\/index.php\/2025\/04\/15\/atualizacao-sobre-o-futuro-de-andreas-pereira\/","url":"https:\/\/www.gaveanews.com\/index.php\/2025\/04\/15\/atualizacao-sobre-o-futuro-de-andreas-pereira\/","name":"Atualiza\u00e7\u00e3o sobre o futuro de Andreas Pereira","isPartOf":{"@id":"https:\/\/www.gaveanews.com\/#website"},"primaryImageOfPage":{"@id":"https:\/\/www.gaveanews.com\/index.php\/2025\/04\/15\/atualizacao-sobre-o-futuro-de-andreas-pereira\/#primaryimage"},"image":{"@id":"https:\/\/www.gaveanews.com\/index.php\/2025\/04\/15\/atualizacao-sobre-o-futuro-de-andreas-pereira\/#primaryimage"},"thumbnailUrl":"https:\/\/www.gaveanews.com\/wp-content\/uploads\/Allianz-Parque-estadio-do-Palmeiras.webp","datePublished":"2025-04-15T21:10:00+00:00","author":{"@id":"https:\/\/www.gaveanews.com\/#\/schema\/person\/8207cd4627f56151707418bfc835b2fb"},"breadcrumb":{"@id":"https:\/\/www.gaveanews.com\/index.php\/2025\/04\/15\/atualizacao-sobre-o-futuro-de-andreas-pereira\/#breadcrumb"},"inLanguage":"pt-BR","potentialAction":[{"@type":"ReadAction","target":["https:\/\/www.gaveanews.com\/index.php\/2025\/04\/15\/atualizacao-sobre-o-futuro-de-andreas-pereira\/"]}]},{"@type":"ImageObject","inLanguage":"pt-BR","@id":"https:\/\/www.gaveanews.com\/index.php\/2025\/04\/15\/atualizacao-sobre-o-futuro-de-andreas-pereira\/#primaryimage","url":"https:\/\/www.gaveanews.com\/wp-content\/uploads\/Allianz-Parque-estadio-do-Palmeiras.webp","contentUrl":"https:\/\/www.gaveanews.com\/wp-content\/uploads\/Allianz-Parque-estadio-do-Palmeiras.webp","width":1023,"height":767,"caption":"Allianz Parque, est\u00e1dio do Palmeiras (Foto: Reprodu\u00e7\u00e3o\/Palmeiras)"},{"@type":"BreadcrumbList","@id":"https:\/\/www.gaveanews.com\/index.php\/2025\/04\/15\/atualizacao-sobre-o-futuro-de-andreas-pereira\/#breadcrumb","itemListElement":[{"@type":"ListItem","position":1,"name":"Home","item":"https:\/\/www.gaveanews.com\/"},{"@type":"ListItem","position":2,"name":"Atualiza\u00e7\u00e3o sobre o futuro de Andreas Pereira"}]},{"@type":"WebSite","@id":"https:\/\/www.gaveanews.com\/#website","url":"https:\/\/www.gaveanews.com\/","name":"G\u00e1vea News","description":"Veja todas as not\u00edcias sobre o Flamengo: Contrata\u00e7\u00f5es, categorias de base, resultados das partidas, tabela de classifica\u00e7\u00e3o, pr\u00f3ximos jogos!","potentialAction":[{"@type":"SearchAction","target":{"@type":"EntryPoint","urlTemplate":"https:\/\/www.gaveanews.com\/?s={search_term_string}"},"query-input":{"@type":"PropertyValueSpecification","valueRequired":true,"valueName":"search_term_string"}}],"inLanguage":"pt-BR"},{"@type":"Person","@id":"https:\/\/www.gaveanews.com\/#\/schema\/person\/8207cd4627f56151707418bfc835b2fb","name":"Matheus Felipe","image":{"@type":"ImageObject","inLanguage":"pt-BR","@id":"https:\/\/www.gaveanews.com\/#\/schema\/person\/image\/","url":"https:\/\/secure.gravatar.com\/avatar\/a452ffbed9130f726358b298bb3a99ce4bd3c5338411f8440e87e14d74c7c087?s=96&d=mm&r=g","contentUrl":"https:\/\/secure.gravatar.com\/avatar\/a452ffbed9130f726358b298bb3a99ce4bd3c5338411f8440e87e14d74c7c087?s=96&d=mm&r=g","caption":"Matheus Felipe"}}]}},"_links":{"self":[{"href":"https:\/\/www.gaveanews.com\/index.php\/wp-json\/wp\/v2\/posts\/253882","targetHints":{"allow":["GET"]}}],"collection":[{"href":"https:\/\/www.gaveanews.com\/index.php\/wp-json\/wp\/v2\/posts"}],"about":[{"href":"https:\/\/www.gaveanews.com\/index.php\/wp-json\/wp\/v2\/types\/post"}],"author":[{"embeddable":true,"href":"https:\/\/www.gaveanews.com\/index.php\/wp-json\/wp\/v2\/users\/27"}],"replies":[{"embeddable":true,"href":"https:\/\/www.gaveanews.com\/index.php\/wp-json\/wp\/v2\/comments?post=253882"}],"version-history":[{"count":1,"href":"https:\/\/www.gaveanews.com\/index.php\/wp-json\/wp\/v2\/posts\/253882\/revisions"}],"predecessor-version":[{"id":253889,"href":"https:\/\/www.gaveanews.com\/index.php\/wp-json\/wp\/v2\/posts\/253882\/revisions\/253889"}],"wp:featuredmedia":[{"embeddable":true,"href":"https:\/\/www.gaveanews.com\/index.php\/wp-json\/wp\/v2\/media\/155182"}],"wp:attachment":[{"href":"https:\/\/www.gaveanews.com\/index.php\/wp-json\/wp\/v2\/media?parent=253882"}],"wp:term":[{"taxonomy":"category","embeddable":true,"href":"https:\/\/www.gaveanews.com\/index.php\/wp-json\/wp\/v2\/categories?post=253882"},{"taxonomy":"post_tag","embeddable":true,"href":"https:\/\/www.gaveanews.com\/index.php\/wp-json\/wp\/v2\/tags?post=253882"}],"curies":[{"name":"wp","href":"https:\/\/api.w.org\/{rel}","templated":true}]}}