{"id":253883,"date":"2025-04-15T18:20:00","date_gmt":"2025-04-15T21:20:00","guid":{"rendered":"https:\/\/www.gaveanews.com\/?p=253883"},"modified":"2025-04-15T15:28:56","modified_gmt":"2025-04-15T18:28:56","slug":"endrick-gabriel-jesus-danilo-luis-guilherme-kevin-matias-vina-yerry-mina-rivaldo-djalminha-artur-as-transferencias-mais-impactantes-do-palmeiras","status":"publish","type":"post","link":"https:\/\/www.gaveanews.com\/index.php\/2025\/04\/15\/endrick-gabriel-jesus-danilo-luis-guilherme-kevin-matias-vina-yerry-mina-rivaldo-djalminha-artur-as-transferencias-mais-impactantes-do-palmeiras\/","title":{"rendered":"Endrick, Gabriel Jesus, Danilo, Luis Guilherme, Kevin, Mat\u00edas Vi\u00f1a, Yerry Mina, Rivaldo, Djalminha, Artur: as transfer\u00eancias mais impactantes do Palmeiras"},"content":{"rendered":"\n<p>As negocia\u00e7\u00f5es de grandes jogadores s\u00e3o sempre um tema de grande repercuss\u00e3o no futebol, e o Palmeiras, ao longo dos anos, teve uma s\u00e9rie de transa\u00e7\u00f5es que marcaram o clube e geraram debates.&nbsp;<\/p>\n\n\n\n<p>Vale destacar que, enquanto algumas sa\u00eddas trouxeram benef\u00edcios financeiros, outras geraram pol\u00eamicas que at\u00e9 hoje s\u00e3o discutidas pelos torcedores. Sendo assim, \u00e9 essencial relembrar as transfer\u00eancias mais impactantes do Verd\u00e3o, que v\u00e3o desde revela\u00e7\u00f5es da base at\u00e9 \u00eddolos consagrados.<\/p>\n\n\n\n<h2 class=\"wp-block-heading\" id=\"h-endrick\">Endrick<\/h2>\n\n\n\n<figure class=\"wp-block-image size-full\"><img loading=\"lazy\" decoding=\"async\" width=\"984\" height=\"696\" src=\"http:\/\/www.gaveanews.com\/wp-content\/uploads\/Endrick-jogador-do-Palmeiras.webp\" alt=\"\" class=\"wp-image-89749\" srcset=\"https:\/\/www.gaveanews.com\/wp-content\/uploads\/Endrick-jogador-do-Palmeiras.webp 984w, https:\/\/www.gaveanews.com\/wp-content\/uploads\/Endrick-jogador-do-Palmeiras-300x212.webp 300w, https:\/\/www.gaveanews.com\/wp-content\/uploads\/Endrick-jogador-do-Palmeiras-768x543.webp 768w, https:\/\/www.gaveanews.com\/wp-content\/uploads\/Endrick-jogador-do-Palmeiras-594x420.webp 594w, https:\/\/www.gaveanews.com\/wp-content\/uploads\/Endrick-jogador-do-Palmeiras-640x453.webp 640w, https:\/\/www.gaveanews.com\/wp-content\/uploads\/Endrick-jogador-do-Palmeiras-681x482.webp 681w, https:\/\/www.gaveanews.com\/wp-content\/uploads\/Endrick-jogador-do-Palmeiras-100x71.webp 100w\" sizes=\"auto, (max-width: 984px) 100vw, 984px\" \/><figcaption class=\"wp-element-caption\">Endrick, jogador do Palmeiras (Foto: REUTERS\/Rodolfo Buhrer)<\/figcaption><\/figure>\n\n\n\n<p>No topo da lista, Endrick se destaca n\u00e3o apenas pelo valor da transa\u00e7\u00e3o, mas tamb\u00e9m pela controv\u00e9rsia em torno de sua venda. O jovem prod\u00edgio foi negociado com o Real Madrid em 2024 por \u20ac47,5 milh\u00f5es, com b\u00f4nus que podem elevar esse montante a \u20ac72 milh\u00f5es.&nbsp;<\/p>\n\n\n\n<p>A transfer\u00eancia precoce, aos 16 anos, causou discuss\u00f5es sobre a explora\u00e7\u00e3o de talentos. Al\u00e9m disso, em 2025, Endrick come\u00e7a a ganhar espa\u00e7o no time titular do Real Madrid, especialmente ap\u00f3s a suspens\u00e3o de Mbapp\u00e9.<\/p>\n\n\n\n<h2 class=\"wp-block-heading\" id=\"h-gabriel-jesus-nbsp\">Gabriel Jesus&nbsp;<\/h2>\n\n\n\n<figure class=\"wp-block-image size-full\"><img loading=\"lazy\" decoding=\"async\" width=\"815\" height=\"815\" src=\"http:\/\/www.gaveanews.com\/wp-content\/uploads\/Gabriel-Jesus-durante-treinamento-do-Palmeiras.webp\" alt=\"\" class=\"wp-image-69909\" srcset=\"https:\/\/www.gaveanews.com\/wp-content\/uploads\/Gabriel-Jesus-durante-treinamento-do-Palmeiras.webp 815w, https:\/\/www.gaveanews.com\/wp-content\/uploads\/Gabriel-Jesus-durante-treinamento-do-Palmeiras-300x300.webp 300w, https:\/\/www.gaveanews.com\/wp-content\/uploads\/Gabriel-Jesus-durante-treinamento-do-Palmeiras-150x150.webp 150w, https:\/\/www.gaveanews.com\/wp-content\/uploads\/Gabriel-Jesus-durante-treinamento-do-Palmeiras-768x768.webp 768w, https:\/\/www.gaveanews.com\/wp-content\/uploads\/Gabriel-Jesus-durante-treinamento-do-Palmeiras-420x420.webp 420w, https:\/\/www.gaveanews.com\/wp-content\/uploads\/Gabriel-Jesus-durante-treinamento-do-Palmeiras-640x640.webp 640w, https:\/\/www.gaveanews.com\/wp-content\/uploads\/Gabriel-Jesus-durante-treinamento-do-Palmeiras-681x681.webp 681w, https:\/\/www.gaveanews.com\/wp-content\/uploads\/Gabriel-Jesus-durante-treinamento-do-Palmeiras-100x100.webp 100w\" sizes=\"auto, (max-width: 815px) 100vw, 815px\" \/><figcaption class=\"wp-element-caption\">Gabriel Jesus durante treinamento do Palmeiras (Foto: Divulga\u00e7\u00e3o\/Instagram)<\/figcaption><\/figure>\n\n\n\n<p>Logo atr\u00e1s de Endrick, o nome de Gabriel Jesus surge como um dos maiores nomes da hist\u00f3ria recente do Palmeiras. Vendido ao Manchester City em 2016 por \u20ac32 milh\u00f5es, sua sa\u00edda no meio de uma temporada vitoriosa gerou revolta na torcida.&nbsp;<\/p>\n\n\n\n<p>Hoje, aos 28 anos, o atacante do Arsenal se recupera de uma grave les\u00e3o no ligamento cruzado anterior, sofrida em janeiro de 2025.<\/p>\n\n\n\n<h2 class=\"wp-block-heading\" id=\"h-danilo-nbsp\">Danilo&nbsp;<\/h2>\n\n\n\n<p>Em 2023, o volante Danilo foi negociado com o Nottingham Forest por \u20ac20 milh\u00f5es. Embora tenha ajudado a sa\u00fade financeira do clube, sua venda, no entanto, aconteceu em um momento decisivo da temporada, o que gerou cr\u00edticas. Dessa maneira, ele voltou a jogar em 2025, ap\u00f3s se recuperar de uma fratura no tornozelo.<\/p>\n\n\n\n<h2 class=\"wp-block-heading\" id=\"h-matias-vina-yerry-mina-e-kevin\">Mat\u00edas Vi\u00f1a, Yerry Mina e Kevin<\/h2>\n\n\n\n<figure class=\"wp-block-image size-full\"><img loading=\"lazy\" decoding=\"async\" width=\"900\" height=\"599\" src=\"http:\/\/www.gaveanews.com\/wp-content\/uploads\/vina-flamengo.webp\" alt=\"\" class=\"wp-image-145526\" srcset=\"https:\/\/www.gaveanews.com\/wp-content\/uploads\/vina-flamengo.webp 900w, https:\/\/www.gaveanews.com\/wp-content\/uploads\/vina-flamengo-300x200.webp 300w, https:\/\/www.gaveanews.com\/wp-content\/uploads\/vina-flamengo-768x511.webp 768w, https:\/\/www.gaveanews.com\/wp-content\/uploads\/vina-flamengo-631x420.webp 631w, https:\/\/www.gaveanews.com\/wp-content\/uploads\/vina-flamengo-640x426.webp 640w, https:\/\/www.gaveanews.com\/wp-content\/uploads\/vina-flamengo-681x453.webp 681w, https:\/\/www.gaveanews.com\/wp-content\/uploads\/vina-flamengo-100x67.webp 100w\" sizes=\"auto, (max-width: 900px) 100vw, 900px\" \/><figcaption class=\"wp-element-caption\">Vi\u00f1a em a\u00e7\u00e3o pelo Flamengo (Foto: Marcelo Cortes\/Flamengo)<\/figcaption><\/figure>\n\n\n\n<p>A sa\u00edda de Mat\u00edas Vi\u00f1a para a Roma em 2021 por \u20ac13 milh\u00f5es revelou a fragilidade na lateral esquerda do time, o que gerou protestos. O uruguaio, atualmente no Flamengo, enfrenta um per\u00edodo de recupera\u00e7\u00e3o de les\u00e3o.&nbsp;<\/p>\n\n\n\n<p>J\u00e1 Yerry Mina, negociado com o Barcelona em 2018 por \u20ac12,4 milh\u00f5es, tamb\u00e9m gerou discuss\u00f5es sobre a venda precoce de um defensor promissor. Em 2025, o zagueiro atua no Cagliari, da It\u00e1lia.<\/p>\n\n\n\n<p>Outro nome que causou surpresa foi Kevin, vendido ao Zenit em 2022 por \u20ac15 milh\u00f5es. Sua sa\u00edda, vista como precipitada, gerou cr\u00edticas, e agora, aos 31 anos, o jogador foi anunciado pelo N\u00e1utico, na S\u00e9rie B. Por isso, muitos se perguntam se o Palmeiras n\u00e3o poderia ter apostado mais tempo no talento do atacante.<\/p>\n\n\n\n<h2 class=\"wp-block-heading\" id=\"h-novas-joias-da-base-e-a-eterna-discussao-sobre-vendas-prematuras\">Novas joias da base e a eterna discuss\u00e3o sobre vendas prematuras<\/h2>\n\n\n\n<p>Em 2024, Luis Guilherme, uma das mais promissoras revela\u00e7\u00f5es do Palmeiras, foi negociado com o West Ham por \u20ac30 milh\u00f5es. Cabe ressaltar que, apesar da venda significativa, a torcida continua a questionar a pol\u00edtica do clube de vender suas joias antes que se firmem no profissional.<\/p>\n\n\n\n<h2 class=\"wp-block-heading\" id=\"h-idolos-do-passado-djalminha-e-rivaldo\">\u00cddolos do passado: Djalminha e Rivaldo<\/h2>\n\n\n\n<figure class=\"wp-block-image size-full\"><img loading=\"lazy\" decoding=\"async\" width=\"478\" height=\"328\" src=\"http:\/\/www.gaveanews.com\/wp-content\/uploads\/Rivaldo.webp\" alt=\"\" class=\"wp-image-205136\" srcset=\"https:\/\/www.gaveanews.com\/wp-content\/uploads\/Rivaldo.webp 478w, https:\/\/www.gaveanews.com\/wp-content\/uploads\/Rivaldo-300x206.webp 300w, https:\/\/www.gaveanews.com\/wp-content\/uploads\/Rivaldo-476x328.webp 476w, https:\/\/www.gaveanews.com\/wp-content\/uploads\/Rivaldo-100x69.webp 100w\" sizes=\"auto, (max-width: 478px) 100vw, 478px\" \/><figcaption class=\"wp-element-caption\">Rivaldo (Foto: Reprodu\u00e7\u00e3o)<\/figcaption><\/figure>\n\n\n\n<p>E n\u00e3o podemos esquecer das transfer\u00eancias hist\u00f3ricas dos anos 90. Djalminha, \u00eddolo do Palmeiras, foi negociado com o La Coru\u00f1a por \u20ac9 milh\u00f5es em 1997, quando vivia sua melhor fase.&nbsp;<\/p>\n\n\n\n<p>J\u00e1 Rivaldo, um dos maiores talentos revelados pelo Verd\u00e3o, foi vendido ao Deportivo La Coru\u00f1a em 1996 por \u20ac12 milh\u00f5es. Ambos marcaram suas \u00e9pocas e continuam sendo figuras influentes no mundo do futebol.<\/p>\n\n\n\n<h2 class=\"wp-block-heading\" id=\"h-artur-nbsp\">Artur&nbsp;<\/h2>\n\n\n\n<figure class=\"wp-block-image size-large\"><img loading=\"lazy\" decoding=\"async\" width=\"1024\" height=\"622\" src=\"http:\/\/www.gaveanews.com\/wp-content\/uploads\/Artur-ex-Palmeiras-1024x622.webp\" alt=\"\" class=\"wp-image-192178\" srcset=\"https:\/\/www.gaveanews.com\/wp-content\/uploads\/Artur-ex-Palmeiras-1024x622.webp 1024w, https:\/\/www.gaveanews.com\/wp-content\/uploads\/Artur-ex-Palmeiras-300x182.webp 300w, https:\/\/www.gaveanews.com\/wp-content\/uploads\/Artur-ex-Palmeiras-768x466.webp 768w, https:\/\/www.gaveanews.com\/wp-content\/uploads\/Artur-ex-Palmeiras-692x420.webp 692w, https:\/\/www.gaveanews.com\/wp-content\/uploads\/Artur-ex-Palmeiras-640x388.webp 640w, https:\/\/www.gaveanews.com\/wp-content\/uploads\/Artur-ex-Palmeiras-681x413.webp 681w, https:\/\/www.gaveanews.com\/wp-content\/uploads\/Artur-ex-Palmeiras-100x61.webp 100w, https:\/\/www.gaveanews.com\/wp-content\/uploads\/Artur-ex-Palmeiras.webp 1178w\" sizes=\"auto, (max-width: 1024px) 100vw, 1024px\" \/><figcaption class=\"wp-element-caption\">Artur ex-Palmeiras (Foto: Cesar Greco\/Palmeiras)<\/figcaption><\/figure>\n\n\n\n<p>Por fim, Artur, vendido ao Red Bull Bragantino em 2021 por \u20ac3,5 milh\u00f5es, teve sua transfer\u00eancia criticada, principalmente pela rivalidade com o time do interior paulista. Em 2025, Artur segue como titular no Bragantino e enfrentando o Palmeiras em partidas decisivas.<\/p>\n","protected":false},"excerpt":{"rendered":"<p>As negocia\u00e7\u00f5es de grandes jogadores s\u00e3o sempre um tema de grande repercuss\u00e3o no futebol, e o Palmeiras, ao longo dos anos, teve uma s\u00e9rie de transa\u00e7\u00f5es que marcaram o clube e geraram debates.&nbsp; Vale destacar que, enquanto algumas sa\u00eddas trouxeram benef\u00edcios financeiros, outras geraram pol\u00eamicas que at\u00e9 hoje s\u00e3o discutidas pelos torcedores. Sendo assim, \u00e9 [&hellip;]<\/p>\n","protected":false},"author":25,"featured_media":142887,"comment_status":"open","ping_status":"closed","sticky":false,"template":"","format":"standard","meta":{"footnotes":""},"categories":[150],"tags":[],"class_list":["post-253883","post","type-post","status-publish","format-standard","has-post-thumbnail","hentry","category-palmeiras"],"yoast_head":"<!-- This site is optimized with the Yoast SEO Premium plugin v24.2 (Yoast SEO v26.9) - https:\/\/yoast.com\/product\/yoast-seo-premium-wordpress\/ -->\n<title>Endrick, Gabriel Jesus, Danilo, Luis Guilherme, Kevin, Mat\u00edas Vi\u00f1a, Yerry Mina, Rivaldo, Djalminha, Artur: as transfer\u00eancias mais impactantes do Palmeiras<\/title>\n<meta name=\"robots\" content=\"index, follow, max-snippet:-1, max-image-preview:large, max-video-preview:-1\" \/>\n<link rel=\"canonical\" href=\"https:\/\/www.gaveanews.com\/index.php\/2025\/04\/15\/endrick-gabriel-jesus-danilo-luis-guilherme-kevin-matias-vina-yerry-mina-rivaldo-djalminha-artur-as-transferencias-mais-impactantes-do-palmeiras\/\" \/>\n<meta property=\"og:locale\" content=\"pt_BR\" \/>\n<meta property=\"og:type\" content=\"article\" \/>\n<meta property=\"og:title\" content=\"Endrick, Gabriel Jesus, Danilo, Luis Guilherme, Kevin, Mat\u00edas Vi\u00f1a, Yerry Mina, Rivaldo, Djalminha, Artur: as transfer\u00eancias mais impactantes do Palmeiras\" \/>\n<meta property=\"og:description\" content=\"As negocia\u00e7\u00f5es de grandes jogadores s\u00e3o sempre um tema de grande repercuss\u00e3o no futebol, e o Palmeiras, ao longo dos anos, teve uma s\u00e9rie de transa\u00e7\u00f5es que marcaram o clube e geraram debates.&nbsp; Vale destacar que, enquanto algumas sa\u00eddas trouxeram benef\u00edcios financeiros, outras geraram pol\u00eamicas que at\u00e9 hoje s\u00e3o discutidas pelos torcedores. Sendo assim, \u00e9 [&hellip;]\" \/>\n<meta property=\"og:url\" content=\"https:\/\/www.gaveanews.com\/index.php\/2025\/04\/15\/endrick-gabriel-jesus-danilo-luis-guilherme-kevin-matias-vina-yerry-mina-rivaldo-djalminha-artur-as-transferencias-mais-impactantes-do-palmeiras\/\" \/>\n<meta property=\"og:site_name\" content=\"G\u00e1vea News\" \/>\n<meta property=\"article:publisher\" content=\"https:\/\/facebook.com\/gaveaNews\/\" \/>\n<meta property=\"article:published_time\" content=\"2025-04-15T21:20:00+00:00\" \/>\n<meta property=\"og:image\" content=\"https:\/\/www.gaveanews.com\/wp-content\/uploads\/Escudo-do-Palmeiras.webp\" \/>\n\t<meta property=\"og:image:width\" content=\"680\" \/>\n\t<meta property=\"og:image:height\" content=\"510\" \/>\n\t<meta property=\"og:image:type\" content=\"image\/jpeg\" \/>\n<meta name=\"author\" content=\"Rafaela Ladeira\" \/>\n<meta name=\"twitter:card\" content=\"summary_large_image\" \/>\n<meta name=\"twitter:label1\" content=\"Escrito por\" \/>\n\t<meta name=\"twitter:data1\" content=\"Rafaela Ladeira\" \/>\n\t<meta name=\"twitter:label2\" content=\"Est. tempo de leitura\" \/>\n\t<meta name=\"twitter:data2\" content=\"5 minutos\" \/>\n<script type=\"application\/ld+json\" class=\"yoast-schema-graph\">{\"@context\":\"https:\/\/schema.org\",\"@graph\":[{\"@type\":\"NewsArticle\",\"@id\":\"https:\/\/www.gaveanews.com\/index.php\/2025\/04\/15\/endrick-gabriel-jesus-danilo-luis-guilherme-kevin-matias-vina-yerry-mina-rivaldo-djalminha-artur-as-transferencias-mais-impactantes-do-palmeiras\/#article\",\"isPartOf\":{\"@id\":\"https:\/\/www.gaveanews.com\/index.php\/2025\/04\/15\/endrick-gabriel-jesus-danilo-luis-guilherme-kevin-matias-vina-yerry-mina-rivaldo-djalminha-artur-as-transferencias-mais-impactantes-do-palmeiras\/\"},\"author\":{\"name\":\"Rafaela Ladeira\",\"@id\":\"https:\/\/www.gaveanews.com\/#\/schema\/person\/0eb3e3fe1754f0205218538adbe8f5ed\"},\"headline\":\"Endrick, Gabriel Jesus, Danilo, Luis Guilherme, Kevin, Mat\u00edas Vi\u00f1a, Yerry Mina, Rivaldo, Djalminha, Artur: as transfer\u00eancias mais impactantes do Palmeiras\",\"datePublished\":\"2025-04-15T21:20:00+00:00\",\"mainEntityOfPage\":{\"@id\":\"https:\/\/www.gaveanews.com\/index.php\/2025\/04\/15\/endrick-gabriel-jesus-danilo-luis-guilherme-kevin-matias-vina-yerry-mina-rivaldo-djalminha-artur-as-transferencias-mais-impactantes-do-palmeiras\/\"},\"wordCount\":680,\"commentCount\":0,\"image\":{\"@id\":\"https:\/\/www.gaveanews.com\/index.php\/2025\/04\/15\/endrick-gabriel-jesus-danilo-luis-guilherme-kevin-matias-vina-yerry-mina-rivaldo-djalminha-artur-as-transferencias-mais-impactantes-do-palmeiras\/#primaryimage\"},\"thumbnailUrl\":\"https:\/\/www.gaveanews.com\/wp-content\/uploads\/Escudo-do-Palmeiras.webp\",\"articleSection\":[\"Palmeiras\"],\"inLanguage\":\"pt-BR\",\"potentialAction\":[{\"@type\":\"CommentAction\",\"name\":\"Comment\",\"target\":[\"https:\/\/www.gaveanews.com\/index.php\/2025\/04\/15\/endrick-gabriel-jesus-danilo-luis-guilherme-kevin-matias-vina-yerry-mina-rivaldo-djalminha-artur-as-transferencias-mais-impactantes-do-palmeiras\/#respond\"]}],\"copyrightYear\":\"2025\",\"copyrightHolder\":{\"@id\":\"https:\/\/www.gaveanews.com\/#organization\"}},{\"@type\":\"WebPage\",\"@id\":\"https:\/\/www.gaveanews.com\/index.php\/2025\/04\/15\/endrick-gabriel-jesus-danilo-luis-guilherme-kevin-matias-vina-yerry-mina-rivaldo-djalminha-artur-as-transferencias-mais-impactantes-do-palmeiras\/\",\"url\":\"https:\/\/www.gaveanews.com\/index.php\/2025\/04\/15\/endrick-gabriel-jesus-danilo-luis-guilherme-kevin-matias-vina-yerry-mina-rivaldo-djalminha-artur-as-transferencias-mais-impactantes-do-palmeiras\/\",\"name\":\"Endrick, Gabriel Jesus, Danilo, Luis Guilherme, Kevin, Mat\u00edas Vi\u00f1a, Yerry Mina, Rivaldo, Djalminha, Artur: as transfer\u00eancias mais impactantes do Palmeiras\",\"isPartOf\":{\"@id\":\"https:\/\/www.gaveanews.com\/#website\"},\"primaryImageOfPage\":{\"@id\":\"https:\/\/www.gaveanews.com\/index.php\/2025\/04\/15\/endrick-gabriel-jesus-danilo-luis-guilherme-kevin-matias-vina-yerry-mina-rivaldo-djalminha-artur-as-transferencias-mais-impactantes-do-palmeiras\/#primaryimage\"},\"image\":{\"@id\":\"https:\/\/www.gaveanews.com\/index.php\/2025\/04\/15\/endrick-gabriel-jesus-danilo-luis-guilherme-kevin-matias-vina-yerry-mina-rivaldo-djalminha-artur-as-transferencias-mais-impactantes-do-palmeiras\/#primaryimage\"},\"thumbnailUrl\":\"https:\/\/www.gaveanews.com\/wp-content\/uploads\/Escudo-do-Palmeiras.webp\",\"datePublished\":\"2025-04-15T21:20:00+00:00\",\"author\":{\"@id\":\"https:\/\/www.gaveanews.com\/#\/schema\/person\/0eb3e3fe1754f0205218538adbe8f5ed\"},\"breadcrumb\":{\"@id\":\"https:\/\/www.gaveanews.com\/index.php\/2025\/04\/15\/endrick-gabriel-jesus-danilo-luis-guilherme-kevin-matias-vina-yerry-mina-rivaldo-djalminha-artur-as-transferencias-mais-impactantes-do-palmeiras\/#breadcrumb\"},\"inLanguage\":\"pt-BR\",\"potentialAction\":[{\"@type\":\"ReadAction\",\"target\":[\"https:\/\/www.gaveanews.com\/index.php\/2025\/04\/15\/endrick-gabriel-jesus-danilo-luis-guilherme-kevin-matias-vina-yerry-mina-rivaldo-djalminha-artur-as-transferencias-mais-impactantes-do-palmeiras\/\"]}]},{\"@type\":\"ImageObject\",\"inLanguage\":\"pt-BR\",\"@id\":\"https:\/\/www.gaveanews.com\/index.php\/2025\/04\/15\/endrick-gabriel-jesus-danilo-luis-guilherme-kevin-matias-vina-yerry-mina-rivaldo-djalminha-artur-as-transferencias-mais-impactantes-do-palmeiras\/#primaryimage\",\"url\":\"https:\/\/www.gaveanews.com\/wp-content\/uploads\/Escudo-do-Palmeiras.webp\",\"contentUrl\":\"https:\/\/www.gaveanews.com\/wp-content\/uploads\/Escudo-do-Palmeiras.webp\",\"width\":680,\"height\":510,\"caption\":\"Escudo do Palmeiras (Foto Reprodu\u00e7\u00e3o\/Instagram)\"},{\"@type\":\"BreadcrumbList\",\"@id\":\"https:\/\/www.gaveanews.com\/index.php\/2025\/04\/15\/endrick-gabriel-jesus-danilo-luis-guilherme-kevin-matias-vina-yerry-mina-rivaldo-djalminha-artur-as-transferencias-mais-impactantes-do-palmeiras\/#breadcrumb\",\"itemListElement\":[{\"@type\":\"ListItem\",\"position\":1,\"name\":\"Home\",\"item\":\"https:\/\/www.gaveanews.com\/\"},{\"@type\":\"ListItem\",\"position\":2,\"name\":\"Endrick, Gabriel Jesus, Danilo, Luis Guilherme, Kevin, Mat\u00edas Vi\u00f1a, Yerry Mina, Rivaldo, Djalminha, Artur: as transfer\u00eancias mais impactantes do Palmeiras\"}]},{\"@type\":\"WebSite\",\"@id\":\"https:\/\/www.gaveanews.com\/#website\",\"url\":\"https:\/\/www.gaveanews.com\/\",\"name\":\"G\u00e1vea News\",\"description\":\"Veja todas as not\u00edcias sobre o Flamengo: Contrata\u00e7\u00f5es, categorias de base, resultados das partidas, tabela de classifica\u00e7\u00e3o, pr\u00f3ximos jogos!\",\"potentialAction\":[{\"@type\":\"SearchAction\",\"target\":{\"@type\":\"EntryPoint\",\"urlTemplate\":\"https:\/\/www.gaveanews.com\/?s={search_term_string}\"},\"query-input\":{\"@type\":\"PropertyValueSpecification\",\"valueRequired\":true,\"valueName\":\"search_term_string\"}}],\"inLanguage\":\"pt-BR\"},{\"@type\":\"Person\",\"@id\":\"https:\/\/www.gaveanews.com\/#\/schema\/person\/0eb3e3fe1754f0205218538adbe8f5ed\",\"name\":\"Rafaela Ladeira\",\"image\":{\"@type\":\"ImageObject\",\"inLanguage\":\"pt-BR\",\"@id\":\"https:\/\/www.gaveanews.com\/#\/schema\/person\/image\/\",\"url\":\"https:\/\/secure.gravatar.com\/avatar\/c31f513acffd85eacab5730cbdfdbbf59f21ba5aeada8cd890acea879fbb2455?s=96&d=mm&r=g\",\"contentUrl\":\"https:\/\/secure.gravatar.com\/avatar\/c31f513acffd85eacab5730cbdfdbbf59f21ba5aeada8cd890acea879fbb2455?s=96&d=mm&r=g\",\"caption\":\"Rafaela Ladeira\"}}]}<\/script>\n<!-- \/ Yoast SEO Premium plugin. -->","yoast_head_json":{"title":"Endrick, Gabriel Jesus, Danilo, Luis Guilherme, Kevin, Mat\u00edas Vi\u00f1a, Yerry Mina, Rivaldo, Djalminha, Artur: as transfer\u00eancias mais impactantes do Palmeiras","robots":{"index":"index","follow":"follow","max-snippet":"max-snippet:-1","max-image-preview":"max-image-preview:large","max-video-preview":"max-video-preview:-1"},"canonical":"https:\/\/www.gaveanews.com\/index.php\/2025\/04\/15\/endrick-gabriel-jesus-danilo-luis-guilherme-kevin-matias-vina-yerry-mina-rivaldo-djalminha-artur-as-transferencias-mais-impactantes-do-palmeiras\/","og_locale":"pt_BR","og_type":"article","og_title":"Endrick, Gabriel Jesus, Danilo, Luis Guilherme, Kevin, Mat\u00edas Vi\u00f1a, Yerry Mina, Rivaldo, Djalminha, Artur: as transfer\u00eancias mais impactantes do Palmeiras","og_description":"As negocia\u00e7\u00f5es de grandes jogadores s\u00e3o sempre um tema de grande repercuss\u00e3o no futebol, e o Palmeiras, ao longo dos anos, teve uma s\u00e9rie de transa\u00e7\u00f5es que marcaram o clube e geraram debates.&nbsp; Vale destacar que, enquanto algumas sa\u00eddas trouxeram benef\u00edcios financeiros, outras geraram pol\u00eamicas que at\u00e9 hoje s\u00e3o discutidas pelos torcedores. Sendo assim, \u00e9 [&hellip;]","og_url":"https:\/\/www.gaveanews.com\/index.php\/2025\/04\/15\/endrick-gabriel-jesus-danilo-luis-guilherme-kevin-matias-vina-yerry-mina-rivaldo-djalminha-artur-as-transferencias-mais-impactantes-do-palmeiras\/","og_site_name":"G\u00e1vea News","article_publisher":"https:\/\/facebook.com\/gaveaNews\/","article_published_time":"2025-04-15T21:20:00+00:00","og_image":[{"width":680,"height":510,"url":"https:\/\/www.gaveanews.com\/wp-content\/uploads\/Escudo-do-Palmeiras.webp","type":"image\/jpeg"}],"author":"Rafaela Ladeira","twitter_card":"summary_large_image","twitter_misc":{"Escrito por":"Rafaela Ladeira","Est. tempo de leitura":"5 minutos"},"schema":{"@context":"https:\/\/schema.org","@graph":[{"@type":"NewsArticle","@id":"https:\/\/www.gaveanews.com\/index.php\/2025\/04\/15\/endrick-gabriel-jesus-danilo-luis-guilherme-kevin-matias-vina-yerry-mina-rivaldo-djalminha-artur-as-transferencias-mais-impactantes-do-palmeiras\/#article","isPartOf":{"@id":"https:\/\/www.gaveanews.com\/index.php\/2025\/04\/15\/endrick-gabriel-jesus-danilo-luis-guilherme-kevin-matias-vina-yerry-mina-rivaldo-djalminha-artur-as-transferencias-mais-impactantes-do-palmeiras\/"},"author":{"name":"Rafaela Ladeira","@id":"https:\/\/www.gaveanews.com\/#\/schema\/person\/0eb3e3fe1754f0205218538adbe8f5ed"},"headline":"Endrick, Gabriel Jesus, Danilo, Luis Guilherme, Kevin, Mat\u00edas Vi\u00f1a, Yerry Mina, Rivaldo, Djalminha, Artur: as transfer\u00eancias mais impactantes do Palmeiras","datePublished":"2025-04-15T21:20:00+00:00","mainEntityOfPage":{"@id":"https:\/\/www.gaveanews.com\/index.php\/2025\/04\/15\/endrick-gabriel-jesus-danilo-luis-guilherme-kevin-matias-vina-yerry-mina-rivaldo-djalminha-artur-as-transferencias-mais-impactantes-do-palmeiras\/"},"wordCount":680,"commentCount":0,"image":{"@id":"https:\/\/www.gaveanews.com\/index.php\/2025\/04\/15\/endrick-gabriel-jesus-danilo-luis-guilherme-kevin-matias-vina-yerry-mina-rivaldo-djalminha-artur-as-transferencias-mais-impactantes-do-palmeiras\/#primaryimage"},"thumbnailUrl":"https:\/\/www.gaveanews.com\/wp-content\/uploads\/Escudo-do-Palmeiras.webp","articleSection":["Palmeiras"],"inLanguage":"pt-BR","potentialAction":[{"@type":"CommentAction","name":"Comment","target":["https:\/\/www.gaveanews.com\/index.php\/2025\/04\/15\/endrick-gabriel-jesus-danilo-luis-guilherme-kevin-matias-vina-yerry-mina-rivaldo-djalminha-artur-as-transferencias-mais-impactantes-do-palmeiras\/#respond"]}],"copyrightYear":"2025","copyrightHolder":{"@id":"https:\/\/www.gaveanews.com\/#organization"}},{"@type":"WebPage","@id":"https:\/\/www.gaveanews.com\/index.php\/2025\/04\/15\/endrick-gabriel-jesus-danilo-luis-guilherme-kevin-matias-vina-yerry-mina-rivaldo-djalminha-artur-as-transferencias-mais-impactantes-do-palmeiras\/","url":"https:\/\/www.gaveanews.com\/index.php\/2025\/04\/15\/endrick-gabriel-jesus-danilo-luis-guilherme-kevin-matias-vina-yerry-mina-rivaldo-djalminha-artur-as-transferencias-mais-impactantes-do-palmeiras\/","name":"Endrick, Gabriel Jesus, Danilo, Luis Guilherme, Kevin, Mat\u00edas Vi\u00f1a, Yerry Mina, Rivaldo, Djalminha, Artur: as transfer\u00eancias mais impactantes do Palmeiras","isPartOf":{"@id":"https:\/\/www.gaveanews.com\/#website"},"primaryImageOfPage":{"@id":"https:\/\/www.gaveanews.com\/index.php\/2025\/04\/15\/endrick-gabriel-jesus-danilo-luis-guilherme-kevin-matias-vina-yerry-mina-rivaldo-djalminha-artur-as-transferencias-mais-impactantes-do-palmeiras\/#primaryimage"},"image":{"@id":"https:\/\/www.gaveanews.com\/index.php\/2025\/04\/15\/endrick-gabriel-jesus-danilo-luis-guilherme-kevin-matias-vina-yerry-mina-rivaldo-djalminha-artur-as-transferencias-mais-impactantes-do-palmeiras\/#primaryimage"},"thumbnailUrl":"https:\/\/www.gaveanews.com\/wp-content\/uploads\/Escudo-do-Palmeiras.webp","datePublished":"2025-04-15T21:20:00+00:00","author":{"@id":"https:\/\/www.gaveanews.com\/#\/schema\/person\/0eb3e3fe1754f0205218538adbe8f5ed"},"breadcrumb":{"@id":"https:\/\/www.gaveanews.com\/index.php\/2025\/04\/15\/endrick-gabriel-jesus-danilo-luis-guilherme-kevin-matias-vina-yerry-mina-rivaldo-djalminha-artur-as-transferencias-mais-impactantes-do-palmeiras\/#breadcrumb"},"inLanguage":"pt-BR","potentialAction":[{"@type":"ReadAction","target":["https:\/\/www.gaveanews.com\/index.php\/2025\/04\/15\/endrick-gabriel-jesus-danilo-luis-guilherme-kevin-matias-vina-yerry-mina-rivaldo-djalminha-artur-as-transferencias-mais-impactantes-do-palmeiras\/"]}]},{"@type":"ImageObject","inLanguage":"pt-BR","@id":"https:\/\/www.gaveanews.com\/index.php\/2025\/04\/15\/endrick-gabriel-jesus-danilo-luis-guilherme-kevin-matias-vina-yerry-mina-rivaldo-djalminha-artur-as-transferencias-mais-impactantes-do-palmeiras\/#primaryimage","url":"https:\/\/www.gaveanews.com\/wp-content\/uploads\/Escudo-do-Palmeiras.webp","contentUrl":"https:\/\/www.gaveanews.com\/wp-content\/uploads\/Escudo-do-Palmeiras.webp","width":680,"height":510,"caption":"Escudo do Palmeiras (Foto Reprodu\u00e7\u00e3o\/Instagram)"},{"@type":"BreadcrumbList","@id":"https:\/\/www.gaveanews.com\/index.php\/2025\/04\/15\/endrick-gabriel-jesus-danilo-luis-guilherme-kevin-matias-vina-yerry-mina-rivaldo-djalminha-artur-as-transferencias-mais-impactantes-do-palmeiras\/#breadcrumb","itemListElement":[{"@type":"ListItem","position":1,"name":"Home","item":"https:\/\/www.gaveanews.com\/"},{"@type":"ListItem","position":2,"name":"Endrick, Gabriel Jesus, Danilo, Luis Guilherme, Kevin, Mat\u00edas Vi\u00f1a, Yerry Mina, Rivaldo, Djalminha, Artur: as transfer\u00eancias mais impactantes do Palmeiras"}]},{"@type":"WebSite","@id":"https:\/\/www.gaveanews.com\/#website","url":"https:\/\/www.gaveanews.com\/","name":"G\u00e1vea News","description":"Veja todas as not\u00edcias sobre o Flamengo: Contrata\u00e7\u00f5es, categorias de base, resultados das partidas, tabela de classifica\u00e7\u00e3o, pr\u00f3ximos jogos!","potentialAction":[{"@type":"SearchAction","target":{"@type":"EntryPoint","urlTemplate":"https:\/\/www.gaveanews.com\/?s={search_term_string}"},"query-input":{"@type":"PropertyValueSpecification","valueRequired":true,"valueName":"search_term_string"}}],"inLanguage":"pt-BR"},{"@type":"Person","@id":"https:\/\/www.gaveanews.com\/#\/schema\/person\/0eb3e3fe1754f0205218538adbe8f5ed","name":"Rafaela Ladeira","image":{"@type":"ImageObject","inLanguage":"pt-BR","@id":"https:\/\/www.gaveanews.com\/#\/schema\/person\/image\/","url":"https:\/\/secure.gravatar.com\/avatar\/c31f513acffd85eacab5730cbdfdbbf59f21ba5aeada8cd890acea879fbb2455?s=96&d=mm&r=g","contentUrl":"https:\/\/secure.gravatar.com\/avatar\/c31f513acffd85eacab5730cbdfdbbf59f21ba5aeada8cd890acea879fbb2455?s=96&d=mm&r=g","caption":"Rafaela Ladeira"}}]}},"_links":{"self":[{"href":"https:\/\/www.gaveanews.com\/index.php\/wp-json\/wp\/v2\/posts\/253883","targetHints":{"allow":["GET"]}}],"collection":[{"href":"https:\/\/www.gaveanews.com\/index.php\/wp-json\/wp\/v2\/posts"}],"about":[{"href":"https:\/\/www.gaveanews.com\/index.php\/wp-json\/wp\/v2\/types\/post"}],"author":[{"embeddable":true,"href":"https:\/\/www.gaveanews.com\/index.php\/wp-json\/wp\/v2\/users\/25"}],"replies":[{"embeddable":true,"href":"https:\/\/www.gaveanews.com\/index.php\/wp-json\/wp\/v2\/comments?post=253883"}],"version-history":[{"count":1,"href":"https:\/\/www.gaveanews.com\/index.php\/wp-json\/wp\/v2\/posts\/253883\/revisions"}],"predecessor-version":[{"id":253885,"href":"https:\/\/www.gaveanews.com\/index.php\/wp-json\/wp\/v2\/posts\/253883\/revisions\/253885"}],"wp:featuredmedia":[{"embeddable":true,"href":"https:\/\/www.gaveanews.com\/index.php\/wp-json\/wp\/v2\/media\/142887"}],"wp:attachment":[{"href":"https:\/\/www.gaveanews.com\/index.php\/wp-json\/wp\/v2\/media?parent=253883"}],"wp:term":[{"taxonomy":"category","embeddable":true,"href":"https:\/\/www.gaveanews.com\/index.php\/wp-json\/wp\/v2\/categories?post=253883"},{"taxonomy":"post_tag","embeddable":true,"href":"https:\/\/www.gaveanews.com\/index.php\/wp-json\/wp\/v2\/tags?post=253883"}],"curies":[{"name":"wp","href":"https:\/\/api.w.org\/{rel}","templated":true}]}}