{"id":253888,"date":"2025-04-15T18:35:00","date_gmt":"2025-04-15T21:35:00","guid":{"rendered":"https:\/\/www.gaveanews.com\/?p=253888"},"modified":"2025-04-15T15:34:07","modified_gmt":"2025-04-15T18:34:07","slug":"atletico-mg-responde-de-forma-oficial-sondagens-realizadas-por-bernard","status":"publish","type":"post","link":"https:\/\/www.gaveanews.com\/index.php\/2025\/04\/15\/atletico-mg-responde-de-forma-oficial-sondagens-realizadas-por-bernard\/","title":{"rendered":"Atl\u00e9tico-MG responde de forma oficial sondagens realizadas por Bernard"},"content":{"rendered":"\n<p>O Atl\u00e9tico-MG enfrenta um momento de tens\u00e3o no Campeonato Brasileiro, e o t\u00e9cnico Cuca n\u00e3o esconde sua insatisfa\u00e7\u00e3o com o desempenho de parte do elenco. O treinador tem sido claro ao afirmar que novas contrata\u00e7\u00f5es s\u00e3o necess\u00e1rias para que o Galo continue brigando por t\u00edtulos.&nbsp;<\/p>\n\n\n\n<p>Entre os jogadores que est\u00e3o abaixo das expectativas, Bernard tem sido um dos principais alvos de cr\u00edticas. No entanto, recentemente o meia-atacante se envolveu em uma conversa que gerou ainda mais especula\u00e7\u00f5es sobre seu futuro.<\/p>\n\n\n\n<h2 class=\"wp-block-heading\" id=\"h-cuca-exige-reforcos-para-o-galo\">Cuca exige refor\u00e7os para o Galo<\/h2>\n\n\n\n<figure class=\"wp-block-image size-full\"><img loading=\"lazy\" decoding=\"async\" width=\"1024\" height=\"683\" src=\"http:\/\/www.gaveanews.com\/wp-content\/uploads\/Cuca-tecnico-do-Atletico-MG.webp\" alt=\"\" class=\"wp-image-68026\" srcset=\"https:\/\/www.gaveanews.com\/wp-content\/uploads\/Cuca-tecnico-do-Atletico-MG.webp 1024w, https:\/\/www.gaveanews.com\/wp-content\/uploads\/Cuca-tecnico-do-Atletico-MG-300x200.webp 300w, https:\/\/www.gaveanews.com\/wp-content\/uploads\/Cuca-tecnico-do-Atletico-MG-768x512.webp 768w, https:\/\/www.gaveanews.com\/wp-content\/uploads\/Cuca-tecnico-do-Atletico-MG-630x420.webp 630w, https:\/\/www.gaveanews.com\/wp-content\/uploads\/Cuca-tecnico-do-Atletico-MG-640x427.webp 640w, https:\/\/www.gaveanews.com\/wp-content\/uploads\/Cuca-tecnico-do-Atletico-MG-681x454.webp 681w, https:\/\/www.gaveanews.com\/wp-content\/uploads\/Cuca-tecnico-do-Atletico-MG-1022x683.webp 1022w, https:\/\/www.gaveanews.com\/wp-content\/uploads\/Cuca-tecnico-do-Atletico-MG-100x67.webp 100w\" sizes=\"auto, (max-width: 1024px) 100vw, 1024px\" \/><figcaption class=\"wp-element-caption\">Cuca como treinador do Atl\u00e9tico-MG (Foto: Bruno Cantini\/Atl\u00e9tico-MG)<\/figcaption><\/figure>\n\n\n\n<p>Em v\u00e1rias oportunidades, Cuca expressou o desejo de refor\u00e7ar o elenco do Atl\u00e9tico-MG. O treinador apontou que algumas pe\u00e7as importantes da equipe est\u00e3o abaixo do que podem render, sem, no entanto, citar nomes.&nbsp;<\/p>\n\n\n\n<p>Esse tipo de declara\u00e7\u00e3o sempre gera expectativa sobre poss\u00edveis mudan\u00e7as no time, e a situa\u00e7\u00e3o de Bernard, que n\u00e3o tem sido titular absoluto, acaba atraindo aten\u00e7\u00e3o.<\/p>\n\n\n\n<h2 class=\"wp-block-heading\" id=\"h-bernard-abre-o-jogo-sobre-propostas-da-europa\">Bernard abre o jogo sobre propostas da Europa<\/h2>\n\n\n\n<p>Em meio a esse cen\u00e1rio, Bernard, atualmente reserva no Atl\u00e9tico-MG, comentou sobre a possibilidade de deixar o clube. O jogador afirmou que tem uma janela aberta para retornar \u00e0 Europa, revelando que h\u00e1 clubes interessados em sua contrata\u00e7\u00e3o.&nbsp;<\/p>\n\n\n\n<p>No entanto, ele foi r\u00e1pido em esclarecer que, apesar do interesse externo, sua situa\u00e7\u00e3o contratual com o Galo segue firme.<\/p>\n\n\n\n<p>&#8220;Eu tenho contrato com o Atl\u00e9tico, em nenhum momento tenho meu pensamento fora daqui. Eu tenho minha cabe\u00e7a bastante tranquila em rela\u00e7\u00e3o a estar aqui&#8221;, disse Bernard, mostrando confian\u00e7a em seu compromisso com o time.<\/p>\n\n\n\n<h2 class=\"wp-block-heading\" id=\"h-atletico-mg-nao-recebeu-propostas-por-bernard\">Atl\u00e9tico-MG n\u00e3o recebeu propostas por Bernard<\/h2>\n\n\n\n<p>Apesar das especula\u00e7\u00f5es, o Atl\u00e9tico-MG n\u00e3o recebeu nenhuma proposta concreta pela sa\u00edda de Bernard. De acordo com informa\u00e7\u00f5es do Canal Eu Acredito, o jogador segue integrado ao elenco e sem perspectivas de transfer\u00eancia no curto prazo.&nbsp;<\/p>\n\n\n\n<p>Sendo assim, Bernard permanece no time, esperando uma oportunidade para voltar a brilhar no clube.<\/p>\n\n\n\n<h2 class=\"wp-block-heading\" id=\"h-a-temporada-de-bernard-no-galo\">A temporada de Bernard no Galo<\/h2>\n\n\n\n<p>Aos 32 anos, Bernard tem participado de 15 jogos em 2025, mas ainda n\u00e3o iniciou nenhuma partida como titular. Com apenas 258 minutos em campo, o meia-atacante tem mostrado que precisa de mais chances para retomar o bom futebol que o levou \u00e0 sele\u00e7\u00e3o brasileira e a conquistas na Europa.&nbsp;<\/p>\n\n\n\n<p>Vale destacar que sua situa\u00e7\u00e3o no Galo tem gerado bastante debate entre os torcedores, que esperam mais do jogador em uma temporada dif\u00edcil para o time.<\/p>\n\n\n\n<p>Com isso, o futuro de Bernard no Atl\u00e9tico-MG segue em aberto, mas por enquanto, ele permanece no clube, aguardando novas oportunidades sob o comando de Cuca.<\/p>\n","protected":false},"excerpt":{"rendered":"<p>O Atl\u00e9tico-MG enfrenta um momento de tens\u00e3o no Campeonato Brasileiro, e o t\u00e9cnico Cuca n\u00e3o esconde sua insatisfa\u00e7\u00e3o com o desempenho de parte do elenco. O treinador tem sido claro ao afirmar que novas contrata\u00e7\u00f5es s\u00e3o necess\u00e1rias para que o Galo continue brigando por t\u00edtulos.&nbsp; Entre os jogadores que est\u00e3o abaixo das expectativas, Bernard tem [&hellip;]<\/p>\n","protected":false},"author":25,"featured_media":153999,"comment_status":"open","ping_status":"closed","sticky":false,"template":"","format":"standard","meta":{"footnotes":""},"categories":[136],"tags":[],"class_list":["post-253888","post","type-post","status-publish","format-standard","has-post-thumbnail","hentry","category-atletico-mg"],"yoast_head":"<!-- This site is optimized with the Yoast SEO Premium plugin v24.2 (Yoast SEO v26.9) - https:\/\/yoast.com\/product\/yoast-seo-premium-wordpress\/ -->\n<title>Atl\u00e9tico-MG responde de forma oficial sondagens realizadas por Bernard<\/title>\n<meta name=\"robots\" content=\"index, follow, max-snippet:-1, max-image-preview:large, max-video-preview:-1\" \/>\n<link rel=\"canonical\" href=\"https:\/\/www.gaveanews.com\/index.php\/2025\/04\/15\/atletico-mg-responde-de-forma-oficial-sondagens-realizadas-por-bernard\/\" \/>\n<meta property=\"og:locale\" content=\"pt_BR\" \/>\n<meta property=\"og:type\" content=\"article\" \/>\n<meta property=\"og:title\" content=\"Atl\u00e9tico-MG responde de forma oficial sondagens realizadas por Bernard\" \/>\n<meta property=\"og:description\" content=\"O Atl\u00e9tico-MG enfrenta um momento de tens\u00e3o no Campeonato Brasileiro, e o t\u00e9cnico Cuca n\u00e3o esconde sua insatisfa\u00e7\u00e3o com o desempenho de parte do elenco. O treinador tem sido claro ao afirmar que novas contrata\u00e7\u00f5es s\u00e3o necess\u00e1rias para que o Galo continue brigando por t\u00edtulos.&nbsp; Entre os jogadores que est\u00e3o abaixo das expectativas, Bernard tem [&hellip;]\" \/>\n<meta property=\"og:url\" content=\"https:\/\/www.gaveanews.com\/index.php\/2025\/04\/15\/atletico-mg-responde-de-forma-oficial-sondagens-realizadas-por-bernard\/\" \/>\n<meta property=\"og:site_name\" content=\"G\u00e1vea News\" \/>\n<meta property=\"article:publisher\" content=\"https:\/\/facebook.com\/gaveaNews\/\" \/>\n<meta property=\"article:published_time\" content=\"2025-04-15T21:35:00+00:00\" \/>\n<meta property=\"og:image\" content=\"https:\/\/www.gaveanews.com\/wp-content\/uploads\/Estadio-do-Atletico-MG.webp\" \/>\n\t<meta property=\"og:image:width\" content=\"900\" \/>\n\t<meta property=\"og:image:height\" content=\"600\" \/>\n\t<meta property=\"og:image:type\" content=\"image\/webp\" \/>\n<meta name=\"author\" content=\"Rafaela Ladeira\" \/>\n<meta name=\"twitter:card\" content=\"summary_large_image\" \/>\n<meta name=\"twitter:label1\" content=\"Escrito por\" \/>\n\t<meta name=\"twitter:data1\" content=\"Rafaela Ladeira\" \/>\n\t<meta name=\"twitter:label2\" content=\"Est. tempo de leitura\" \/>\n\t<meta name=\"twitter:data2\" content=\"3 minutos\" \/>\n<script type=\"application\/ld+json\" class=\"yoast-schema-graph\">{\"@context\":\"https:\/\/schema.org\",\"@graph\":[{\"@type\":\"NewsArticle\",\"@id\":\"https:\/\/www.gaveanews.com\/index.php\/2025\/04\/15\/atletico-mg-responde-de-forma-oficial-sondagens-realizadas-por-bernard\/#article\",\"isPartOf\":{\"@id\":\"https:\/\/www.gaveanews.com\/index.php\/2025\/04\/15\/atletico-mg-responde-de-forma-oficial-sondagens-realizadas-por-bernard\/\"},\"author\":{\"name\":\"Rafaela Ladeira\",\"@id\":\"https:\/\/www.gaveanews.com\/#\/schema\/person\/0eb3e3fe1754f0205218538adbe8f5ed\"},\"headline\":\"Atl\u00e9tico-MG responde de forma oficial sondagens realizadas por Bernard\",\"datePublished\":\"2025-04-15T21:35:00+00:00\",\"mainEntityOfPage\":{\"@id\":\"https:\/\/www.gaveanews.com\/index.php\/2025\/04\/15\/atletico-mg-responde-de-forma-oficial-sondagens-realizadas-por-bernard\/\"},\"wordCount\":477,\"commentCount\":0,\"image\":{\"@id\":\"https:\/\/www.gaveanews.com\/index.php\/2025\/04\/15\/atletico-mg-responde-de-forma-oficial-sondagens-realizadas-por-bernard\/#primaryimage\"},\"thumbnailUrl\":\"https:\/\/www.gaveanews.com\/wp-content\/uploads\/Estadio-do-Atletico-MG.webp\",\"articleSection\":[\"Atl\u00e9tico-MG\"],\"inLanguage\":\"pt-BR\",\"potentialAction\":[{\"@type\":\"CommentAction\",\"name\":\"Comment\",\"target\":[\"https:\/\/www.gaveanews.com\/index.php\/2025\/04\/15\/atletico-mg-responde-de-forma-oficial-sondagens-realizadas-por-bernard\/#respond\"]}],\"copyrightYear\":\"2025\",\"copyrightHolder\":{\"@id\":\"https:\/\/www.gaveanews.com\/#organization\"}},{\"@type\":\"WebPage\",\"@id\":\"https:\/\/www.gaveanews.com\/index.php\/2025\/04\/15\/atletico-mg-responde-de-forma-oficial-sondagens-realizadas-por-bernard\/\",\"url\":\"https:\/\/www.gaveanews.com\/index.php\/2025\/04\/15\/atletico-mg-responde-de-forma-oficial-sondagens-realizadas-por-bernard\/\",\"name\":\"Atl\u00e9tico-MG responde de forma oficial sondagens realizadas por Bernard\",\"isPartOf\":{\"@id\":\"https:\/\/www.gaveanews.com\/#website\"},\"primaryImageOfPage\":{\"@id\":\"https:\/\/www.gaveanews.com\/index.php\/2025\/04\/15\/atletico-mg-responde-de-forma-oficial-sondagens-realizadas-por-bernard\/#primaryimage\"},\"image\":{\"@id\":\"https:\/\/www.gaveanews.com\/index.php\/2025\/04\/15\/atletico-mg-responde-de-forma-oficial-sondagens-realizadas-por-bernard\/#primaryimage\"},\"thumbnailUrl\":\"https:\/\/www.gaveanews.com\/wp-content\/uploads\/Estadio-do-Atletico-MG.webp\",\"datePublished\":\"2025-04-15T21:35:00+00:00\",\"author\":{\"@id\":\"https:\/\/www.gaveanews.com\/#\/schema\/person\/0eb3e3fe1754f0205218538adbe8f5ed\"},\"breadcrumb\":{\"@id\":\"https:\/\/www.gaveanews.com\/index.php\/2025\/04\/15\/atletico-mg-responde-de-forma-oficial-sondagens-realizadas-por-bernard\/#breadcrumb\"},\"inLanguage\":\"pt-BR\",\"potentialAction\":[{\"@type\":\"ReadAction\",\"target\":[\"https:\/\/www.gaveanews.com\/index.php\/2025\/04\/15\/atletico-mg-responde-de-forma-oficial-sondagens-realizadas-por-bernard\/\"]}]},{\"@type\":\"ImageObject\",\"inLanguage\":\"pt-BR\",\"@id\":\"https:\/\/www.gaveanews.com\/index.php\/2025\/04\/15\/atletico-mg-responde-de-forma-oficial-sondagens-realizadas-por-bernard\/#primaryimage\",\"url\":\"https:\/\/www.gaveanews.com\/wp-content\/uploads\/Estadio-do-Atletico-MG.webp\",\"contentUrl\":\"https:\/\/www.gaveanews.com\/wp-content\/uploads\/Estadio-do-Atletico-MG.webp\",\"width\":900,\"height\":600,\"caption\":\"Arena MRV, est\u00e1dio do Atl\u00e9tico-MG (Foto: Reprodu\u00e7\u00e3o\/Atl\u00e9tico)\"},{\"@type\":\"BreadcrumbList\",\"@id\":\"https:\/\/www.gaveanews.com\/index.php\/2025\/04\/15\/atletico-mg-responde-de-forma-oficial-sondagens-realizadas-por-bernard\/#breadcrumb\",\"itemListElement\":[{\"@type\":\"ListItem\",\"position\":1,\"name\":\"Home\",\"item\":\"https:\/\/www.gaveanews.com\/\"},{\"@type\":\"ListItem\",\"position\":2,\"name\":\"Atl\u00e9tico-MG responde de forma oficial sondagens realizadas por Bernard\"}]},{\"@type\":\"WebSite\",\"@id\":\"https:\/\/www.gaveanews.com\/#website\",\"url\":\"https:\/\/www.gaveanews.com\/\",\"name\":\"G\u00e1vea News\",\"description\":\"Veja todas as not\u00edcias sobre o Flamengo: Contrata\u00e7\u00f5es, categorias de base, resultados das partidas, tabela de classifica\u00e7\u00e3o, pr\u00f3ximos jogos!\",\"potentialAction\":[{\"@type\":\"SearchAction\",\"target\":{\"@type\":\"EntryPoint\",\"urlTemplate\":\"https:\/\/www.gaveanews.com\/?s={search_term_string}\"},\"query-input\":{\"@type\":\"PropertyValueSpecification\",\"valueRequired\":true,\"valueName\":\"search_term_string\"}}],\"inLanguage\":\"pt-BR\"},{\"@type\":\"Person\",\"@id\":\"https:\/\/www.gaveanews.com\/#\/schema\/person\/0eb3e3fe1754f0205218538adbe8f5ed\",\"name\":\"Rafaela Ladeira\",\"image\":{\"@type\":\"ImageObject\",\"inLanguage\":\"pt-BR\",\"@id\":\"https:\/\/www.gaveanews.com\/#\/schema\/person\/image\/\",\"url\":\"https:\/\/secure.gravatar.com\/avatar\/c31f513acffd85eacab5730cbdfdbbf59f21ba5aeada8cd890acea879fbb2455?s=96&d=mm&r=g\",\"contentUrl\":\"https:\/\/secure.gravatar.com\/avatar\/c31f513acffd85eacab5730cbdfdbbf59f21ba5aeada8cd890acea879fbb2455?s=96&d=mm&r=g\",\"caption\":\"Rafaela Ladeira\"}}]}<\/script>\n<!-- \/ Yoast SEO Premium plugin. -->","yoast_head_json":{"title":"Atl\u00e9tico-MG responde de forma oficial sondagens realizadas por Bernard","robots":{"index":"index","follow":"follow","max-snippet":"max-snippet:-1","max-image-preview":"max-image-preview:large","max-video-preview":"max-video-preview:-1"},"canonical":"https:\/\/www.gaveanews.com\/index.php\/2025\/04\/15\/atletico-mg-responde-de-forma-oficial-sondagens-realizadas-por-bernard\/","og_locale":"pt_BR","og_type":"article","og_title":"Atl\u00e9tico-MG responde de forma oficial sondagens realizadas por Bernard","og_description":"O Atl\u00e9tico-MG enfrenta um momento de tens\u00e3o no Campeonato Brasileiro, e o t\u00e9cnico Cuca n\u00e3o esconde sua insatisfa\u00e7\u00e3o com o desempenho de parte do elenco. O treinador tem sido claro ao afirmar que novas contrata\u00e7\u00f5es s\u00e3o necess\u00e1rias para que o Galo continue brigando por t\u00edtulos.&nbsp; Entre os jogadores que est\u00e3o abaixo das expectativas, Bernard tem [&hellip;]","og_url":"https:\/\/www.gaveanews.com\/index.php\/2025\/04\/15\/atletico-mg-responde-de-forma-oficial-sondagens-realizadas-por-bernard\/","og_site_name":"G\u00e1vea News","article_publisher":"https:\/\/facebook.com\/gaveaNews\/","article_published_time":"2025-04-15T21:35:00+00:00","og_image":[{"width":900,"height":600,"url":"https:\/\/www.gaveanews.com\/wp-content\/uploads\/Estadio-do-Atletico-MG.webp","type":"image\/webp"}],"author":"Rafaela Ladeira","twitter_card":"summary_large_image","twitter_misc":{"Escrito por":"Rafaela Ladeira","Est. tempo de leitura":"3 minutos"},"schema":{"@context":"https:\/\/schema.org","@graph":[{"@type":"NewsArticle","@id":"https:\/\/www.gaveanews.com\/index.php\/2025\/04\/15\/atletico-mg-responde-de-forma-oficial-sondagens-realizadas-por-bernard\/#article","isPartOf":{"@id":"https:\/\/www.gaveanews.com\/index.php\/2025\/04\/15\/atletico-mg-responde-de-forma-oficial-sondagens-realizadas-por-bernard\/"},"author":{"name":"Rafaela Ladeira","@id":"https:\/\/www.gaveanews.com\/#\/schema\/person\/0eb3e3fe1754f0205218538adbe8f5ed"},"headline":"Atl\u00e9tico-MG responde de forma oficial sondagens realizadas por Bernard","datePublished":"2025-04-15T21:35:00+00:00","mainEntityOfPage":{"@id":"https:\/\/www.gaveanews.com\/index.php\/2025\/04\/15\/atletico-mg-responde-de-forma-oficial-sondagens-realizadas-por-bernard\/"},"wordCount":477,"commentCount":0,"image":{"@id":"https:\/\/www.gaveanews.com\/index.php\/2025\/04\/15\/atletico-mg-responde-de-forma-oficial-sondagens-realizadas-por-bernard\/#primaryimage"},"thumbnailUrl":"https:\/\/www.gaveanews.com\/wp-content\/uploads\/Estadio-do-Atletico-MG.webp","articleSection":["Atl\u00e9tico-MG"],"inLanguage":"pt-BR","potentialAction":[{"@type":"CommentAction","name":"Comment","target":["https:\/\/www.gaveanews.com\/index.php\/2025\/04\/15\/atletico-mg-responde-de-forma-oficial-sondagens-realizadas-por-bernard\/#respond"]}],"copyrightYear":"2025","copyrightHolder":{"@id":"https:\/\/www.gaveanews.com\/#organization"}},{"@type":"WebPage","@id":"https:\/\/www.gaveanews.com\/index.php\/2025\/04\/15\/atletico-mg-responde-de-forma-oficial-sondagens-realizadas-por-bernard\/","url":"https:\/\/www.gaveanews.com\/index.php\/2025\/04\/15\/atletico-mg-responde-de-forma-oficial-sondagens-realizadas-por-bernard\/","name":"Atl\u00e9tico-MG responde de forma oficial sondagens realizadas por Bernard","isPartOf":{"@id":"https:\/\/www.gaveanews.com\/#website"},"primaryImageOfPage":{"@id":"https:\/\/www.gaveanews.com\/index.php\/2025\/04\/15\/atletico-mg-responde-de-forma-oficial-sondagens-realizadas-por-bernard\/#primaryimage"},"image":{"@id":"https:\/\/www.gaveanews.com\/index.php\/2025\/04\/15\/atletico-mg-responde-de-forma-oficial-sondagens-realizadas-por-bernard\/#primaryimage"},"thumbnailUrl":"https:\/\/www.gaveanews.com\/wp-content\/uploads\/Estadio-do-Atletico-MG.webp","datePublished":"2025-04-15T21:35:00+00:00","author":{"@id":"https:\/\/www.gaveanews.com\/#\/schema\/person\/0eb3e3fe1754f0205218538adbe8f5ed"},"breadcrumb":{"@id":"https:\/\/www.gaveanews.com\/index.php\/2025\/04\/15\/atletico-mg-responde-de-forma-oficial-sondagens-realizadas-por-bernard\/#breadcrumb"},"inLanguage":"pt-BR","potentialAction":[{"@type":"ReadAction","target":["https:\/\/www.gaveanews.com\/index.php\/2025\/04\/15\/atletico-mg-responde-de-forma-oficial-sondagens-realizadas-por-bernard\/"]}]},{"@type":"ImageObject","inLanguage":"pt-BR","@id":"https:\/\/www.gaveanews.com\/index.php\/2025\/04\/15\/atletico-mg-responde-de-forma-oficial-sondagens-realizadas-por-bernard\/#primaryimage","url":"https:\/\/www.gaveanews.com\/wp-content\/uploads\/Estadio-do-Atletico-MG.webp","contentUrl":"https:\/\/www.gaveanews.com\/wp-content\/uploads\/Estadio-do-Atletico-MG.webp","width":900,"height":600,"caption":"Arena MRV, est\u00e1dio do Atl\u00e9tico-MG (Foto: Reprodu\u00e7\u00e3o\/Atl\u00e9tico)"},{"@type":"BreadcrumbList","@id":"https:\/\/www.gaveanews.com\/index.php\/2025\/04\/15\/atletico-mg-responde-de-forma-oficial-sondagens-realizadas-por-bernard\/#breadcrumb","itemListElement":[{"@type":"ListItem","position":1,"name":"Home","item":"https:\/\/www.gaveanews.com\/"},{"@type":"ListItem","position":2,"name":"Atl\u00e9tico-MG responde de forma oficial sondagens realizadas por Bernard"}]},{"@type":"WebSite","@id":"https:\/\/www.gaveanews.com\/#website","url":"https:\/\/www.gaveanews.com\/","name":"G\u00e1vea News","description":"Veja todas as not\u00edcias sobre o Flamengo: Contrata\u00e7\u00f5es, categorias de base, resultados das partidas, tabela de classifica\u00e7\u00e3o, pr\u00f3ximos jogos!","potentialAction":[{"@type":"SearchAction","target":{"@type":"EntryPoint","urlTemplate":"https:\/\/www.gaveanews.com\/?s={search_term_string}"},"query-input":{"@type":"PropertyValueSpecification","valueRequired":true,"valueName":"search_term_string"}}],"inLanguage":"pt-BR"},{"@type":"Person","@id":"https:\/\/www.gaveanews.com\/#\/schema\/person\/0eb3e3fe1754f0205218538adbe8f5ed","name":"Rafaela Ladeira","image":{"@type":"ImageObject","inLanguage":"pt-BR","@id":"https:\/\/www.gaveanews.com\/#\/schema\/person\/image\/","url":"https:\/\/secure.gravatar.com\/avatar\/c31f513acffd85eacab5730cbdfdbbf59f21ba5aeada8cd890acea879fbb2455?s=96&d=mm&r=g","contentUrl":"https:\/\/secure.gravatar.com\/avatar\/c31f513acffd85eacab5730cbdfdbbf59f21ba5aeada8cd890acea879fbb2455?s=96&d=mm&r=g","caption":"Rafaela Ladeira"}}]}},"_links":{"self":[{"href":"https:\/\/www.gaveanews.com\/index.php\/wp-json\/wp\/v2\/posts\/253888","targetHints":{"allow":["GET"]}}],"collection":[{"href":"https:\/\/www.gaveanews.com\/index.php\/wp-json\/wp\/v2\/posts"}],"about":[{"href":"https:\/\/www.gaveanews.com\/index.php\/wp-json\/wp\/v2\/types\/post"}],"author":[{"embeddable":true,"href":"https:\/\/www.gaveanews.com\/index.php\/wp-json\/wp\/v2\/users\/25"}],"replies":[{"embeddable":true,"href":"https:\/\/www.gaveanews.com\/index.php\/wp-json\/wp\/v2\/comments?post=253888"}],"version-history":[{"count":1,"href":"https:\/\/www.gaveanews.com\/index.php\/wp-json\/wp\/v2\/posts\/253888\/revisions"}],"predecessor-version":[{"id":253892,"href":"https:\/\/www.gaveanews.com\/index.php\/wp-json\/wp\/v2\/posts\/253888\/revisions\/253892"}],"wp:featuredmedia":[{"embeddable":true,"href":"https:\/\/www.gaveanews.com\/index.php\/wp-json\/wp\/v2\/media\/153999"}],"wp:attachment":[{"href":"https:\/\/www.gaveanews.com\/index.php\/wp-json\/wp\/v2\/media?parent=253888"}],"wp:term":[{"taxonomy":"category","embeddable":true,"href":"https:\/\/www.gaveanews.com\/index.php\/wp-json\/wp\/v2\/categories?post=253888"},{"taxonomy":"post_tag","embeddable":true,"href":"https:\/\/www.gaveanews.com\/index.php\/wp-json\/wp\/v2\/tags?post=253888"}],"curies":[{"name":"wp","href":"https:\/\/api.w.org\/{rel}","templated":true}]}}