{"id":253920,"date":"2025-04-15T20:05:00","date_gmt":"2025-04-15T23:05:00","guid":{"rendered":"https:\/\/www.gaveanews.com\/?p=253920"},"modified":"2025-04-15T16:45:48","modified_gmt":"2025-04-15T19:45:48","slug":"palmeiras-lidera-estatistica-negativa-entre-clubes-da-serie-a","status":"publish","type":"post","link":"https:\/\/www.gaveanews.com\/index.php\/2025\/04\/15\/palmeiras-lidera-estatistica-negativa-entre-clubes-da-serie-a\/","title":{"rendered":"Palmeiras lidera estat\u00edstica negativa entre clubes da S\u00e9rie A"},"content":{"rendered":"\n<p>O in\u00edcio do Campeonato Brasileiro de 2025 tem chamado aten\u00e7\u00e3o \u2014 positiva e negativamente \u2014 pelos n\u00fameros disciplinares do Palmeiras. Segundo levantamento divulgado pelo Sofascore, o clube paulista aparece como o time com o maior n\u00famero de cart\u00f5es amarelos e faltas cometidas nas tr\u00eas primeiras rodadas da competi\u00e7\u00e3o.<\/p>\n\n\n\n<p>Atualmente, o Palmeiras soma 13 advert\u00eancias com cart\u00e3o amarelo, superando o Cruzeiro, que ocupa a segunda posi\u00e7\u00e3o nesse ranking com 11 cart\u00f5es. Esse n\u00famero foi fortemente influenciado pelo cl\u00e1ssico diante do Corinthians, disputado no \u00faltimo s\u00e1bado (12), quando o time alviverde venceu por 2 a 0 e teve seis jogadores advertidos.<\/p>\n\n\n\n<p>O clube j\u00e1 havia acumulado quatro cart\u00f5es contra o Sport e tr\u00eas diante do Botafogo. Conforme os dados, o Corinthians tamb\u00e9m apresentou \u00edndice elevado no d\u00e9rbi, recebendo cinco cart\u00f5es e totalizando dez no campeonato. Embora essa estat\u00edstica n\u00e3o determine diretamente o desempenho esportivo, ela pode ter influ\u00eancia no andamento da competi\u00e7\u00e3o, afinal, o n\u00famero de cart\u00f5es amarelos \u00e9 utilizado como sexto crit\u00e9rio de desempate na tabela de classifica\u00e7\u00e3o do Brasileir\u00e3o.<\/p>\n\n\n\n<p>Al\u00e9m dos cart\u00f5es, o Palmeiras tamb\u00e9m lidera em n\u00famero de faltas cometidas. Foram 55 infra\u00e7\u00f5es em tr\u00eas jogos, o que representa uma m\u00e9dia superior a 18 por partida. A atua\u00e7\u00e3o mais r\u00edspida ocorreu contra o Botafogo, quando o time cometeu 22 faltas. Na sequ\u00eancia, vieram os confrontos com o Corinthians, com 18 faltas, e com o Sport, com 15 infra\u00e7\u00f5es anotadas.<\/p>\n\n\n\n<p>Esse cen\u00e1rio sugere uma postura de marca\u00e7\u00e3o mais intensa da equipe comandada por Abel Ferreira nas primeiras rodadas da competi\u00e7\u00e3o. Embora n\u00fameros como esses n\u00e3o sejam incomuns em in\u00edcio de campeonato, sobretudo quando o ritmo de jogo ainda est\u00e1 em ajuste, eles podem representar desafios adicionais ao planejamento do clube ao longo da temporada \u2014 principalmente no que diz respeito \u00e0 administra\u00e7\u00e3o de suspens\u00f5es por ac\u00famulo de cart\u00f5es.<\/p>\n\n\n\n<p>Portanto, enquanto o Palmeiras lidera dentro de campo em termos de resultado contra o rival Corinthians, lidera tamb\u00e9m estat\u00edsticas que apontam para um estilo de jogo combativo e de forte imposi\u00e7\u00e3o f\u00edsica. <\/p>\n","protected":false},"excerpt":{"rendered":"<p>O in\u00edcio do Campeonato Brasileiro de 2025 tem chamado aten\u00e7\u00e3o \u2014 positiva e negativamente \u2014 pelos n\u00fameros disciplinares do Palmeiras. Segundo levantamento divulgado pelo Sofascore, o clube paulista aparece como o time com o maior n\u00famero de cart\u00f5es amarelos e faltas cometidas nas tr\u00eas primeiras rodadas da competi\u00e7\u00e3o. Atualmente, o Palmeiras soma 13 advert\u00eancias com [&hellip;]<\/p>\n","protected":false},"author":30,"featured_media":157843,"comment_status":"open","ping_status":"closed","sticky":false,"template":"","format":"standard","meta":{"footnotes":""},"categories":[133,150],"tags":[],"class_list":["post-253920","post","type-post","status-publish","format-standard","has-post-thumbnail","hentry","category-brasileirao","category-palmeiras"],"yoast_head":"<!-- This site is optimized with the Yoast SEO Premium plugin v24.2 (Yoast SEO v26.9) - https:\/\/yoast.com\/product\/yoast-seo-premium-wordpress\/ -->\n<title>Palmeiras lidera estat\u00edstica negativa entre clubes da S\u00e9rie A<\/title>\n<meta name=\"robots\" content=\"index, follow, max-snippet:-1, max-image-preview:large, max-video-preview:-1\" \/>\n<link rel=\"canonical\" href=\"https:\/\/www.gaveanews.com\/index.php\/2025\/04\/15\/palmeiras-lidera-estatistica-negativa-entre-clubes-da-serie-a\/\" \/>\n<meta property=\"og:locale\" content=\"pt_BR\" \/>\n<meta property=\"og:type\" content=\"article\" \/>\n<meta property=\"og:title\" content=\"Palmeiras lidera estat\u00edstica negativa entre clubes da S\u00e9rie A\" \/>\n<meta property=\"og:description\" content=\"O in\u00edcio do Campeonato Brasileiro de 2025 tem chamado aten\u00e7\u00e3o \u2014 positiva e negativamente \u2014 pelos n\u00fameros disciplinares do Palmeiras. Segundo levantamento divulgado pelo Sofascore, o clube paulista aparece como o time com o maior n\u00famero de cart\u00f5es amarelos e faltas cometidas nas tr\u00eas primeiras rodadas da competi\u00e7\u00e3o. Atualmente, o Palmeiras soma 13 advert\u00eancias com [&hellip;]\" \/>\n<meta property=\"og:url\" content=\"https:\/\/www.gaveanews.com\/index.php\/2025\/04\/15\/palmeiras-lidera-estatistica-negativa-entre-clubes-da-serie-a\/\" \/>\n<meta property=\"og:site_name\" content=\"G\u00e1vea News\" \/>\n<meta property=\"article:publisher\" content=\"https:\/\/facebook.com\/gaveaNews\/\" \/>\n<meta property=\"article:published_time\" content=\"2025-04-15T23:05:00+00:00\" \/>\n<meta property=\"og:image\" content=\"https:\/\/www.gaveanews.com\/wp-content\/uploads\/Abel-Ferreira-e-fotografado-durante-um-jogo-do-Palmeiras-no-Allianz.webp\" \/>\n\t<meta property=\"og:image:width\" content=\"1349\" \/>\n\t<meta property=\"og:image:height\" content=\"1500\" \/>\n\t<meta property=\"og:image:type\" content=\"image\/jpeg\" \/>\n<meta name=\"author\" content=\"Ana Teixeira\" \/>\n<meta name=\"twitter:card\" content=\"summary_large_image\" \/>\n<meta name=\"twitter:label1\" content=\"Escrito por\" \/>\n\t<meta name=\"twitter:data1\" content=\"Ana Teixeira\" \/>\n\t<meta name=\"twitter:label2\" content=\"Est. tempo de leitura\" \/>\n\t<meta name=\"twitter:data2\" content=\"3 minutos\" \/>\n<script type=\"application\/ld+json\" class=\"yoast-schema-graph\">{\"@context\":\"https:\/\/schema.org\",\"@graph\":[{\"@type\":\"NewsArticle\",\"@id\":\"https:\/\/www.gaveanews.com\/index.php\/2025\/04\/15\/palmeiras-lidera-estatistica-negativa-entre-clubes-da-serie-a\/#article\",\"isPartOf\":{\"@id\":\"https:\/\/www.gaveanews.com\/index.php\/2025\/04\/15\/palmeiras-lidera-estatistica-negativa-entre-clubes-da-serie-a\/\"},\"author\":{\"name\":\"Ana Teixeira\",\"@id\":\"https:\/\/www.gaveanews.com\/#\/schema\/person\/3b19f7288b0ce20372991275e4f2e6c2\"},\"headline\":\"Palmeiras lidera estat\u00edstica negativa entre clubes da S\u00e9rie A\",\"datePublished\":\"2025-04-15T23:05:00+00:00\",\"mainEntityOfPage\":{\"@id\":\"https:\/\/www.gaveanews.com\/index.php\/2025\/04\/15\/palmeiras-lidera-estatistica-negativa-entre-clubes-da-serie-a\/\"},\"wordCount\":378,\"commentCount\":0,\"image\":{\"@id\":\"https:\/\/www.gaveanews.com\/index.php\/2025\/04\/15\/palmeiras-lidera-estatistica-negativa-entre-clubes-da-serie-a\/#primaryimage\"},\"thumbnailUrl\":\"https:\/\/www.gaveanews.com\/wp-content\/uploads\/Abel-Ferreira-e-fotografado-durante-um-jogo-do-Palmeiras-no-Allianz.webp\",\"articleSection\":[\"Brasileir\u00e3o\",\"Palmeiras\"],\"inLanguage\":\"pt-BR\",\"potentialAction\":[{\"@type\":\"CommentAction\",\"name\":\"Comment\",\"target\":[\"https:\/\/www.gaveanews.com\/index.php\/2025\/04\/15\/palmeiras-lidera-estatistica-negativa-entre-clubes-da-serie-a\/#respond\"]}],\"copyrightYear\":\"2025\",\"copyrightHolder\":{\"@id\":\"https:\/\/www.gaveanews.com\/#organization\"}},{\"@type\":\"WebPage\",\"@id\":\"https:\/\/www.gaveanews.com\/index.php\/2025\/04\/15\/palmeiras-lidera-estatistica-negativa-entre-clubes-da-serie-a\/\",\"url\":\"https:\/\/www.gaveanews.com\/index.php\/2025\/04\/15\/palmeiras-lidera-estatistica-negativa-entre-clubes-da-serie-a\/\",\"name\":\"Palmeiras lidera estat\u00edstica negativa entre clubes da S\u00e9rie A\",\"isPartOf\":{\"@id\":\"https:\/\/www.gaveanews.com\/#website\"},\"primaryImageOfPage\":{\"@id\":\"https:\/\/www.gaveanews.com\/index.php\/2025\/04\/15\/palmeiras-lidera-estatistica-negativa-entre-clubes-da-serie-a\/#primaryimage\"},\"image\":{\"@id\":\"https:\/\/www.gaveanews.com\/index.php\/2025\/04\/15\/palmeiras-lidera-estatistica-negativa-entre-clubes-da-serie-a\/#primaryimage\"},\"thumbnailUrl\":\"https:\/\/www.gaveanews.com\/wp-content\/uploads\/Abel-Ferreira-e-fotografado-durante-um-jogo-do-Palmeiras-no-Allianz.webp\",\"datePublished\":\"2025-04-15T23:05:00+00:00\",\"author\":{\"@id\":\"https:\/\/www.gaveanews.com\/#\/schema\/person\/3b19f7288b0ce20372991275e4f2e6c2\"},\"breadcrumb\":{\"@id\":\"https:\/\/www.gaveanews.com\/index.php\/2025\/04\/15\/palmeiras-lidera-estatistica-negativa-entre-clubes-da-serie-a\/#breadcrumb\"},\"inLanguage\":\"pt-BR\",\"potentialAction\":[{\"@type\":\"ReadAction\",\"target\":[\"https:\/\/www.gaveanews.com\/index.php\/2025\/04\/15\/palmeiras-lidera-estatistica-negativa-entre-clubes-da-serie-a\/\"]}]},{\"@type\":\"ImageObject\",\"inLanguage\":\"pt-BR\",\"@id\":\"https:\/\/www.gaveanews.com\/index.php\/2025\/04\/15\/palmeiras-lidera-estatistica-negativa-entre-clubes-da-serie-a\/#primaryimage\",\"url\":\"https:\/\/www.gaveanews.com\/wp-content\/uploads\/Abel-Ferreira-e-fotografado-durante-um-jogo-do-Palmeiras-no-Allianz.webp\",\"contentUrl\":\"https:\/\/www.gaveanews.com\/wp-content\/uploads\/Abel-Ferreira-e-fotografado-durante-um-jogo-do-Palmeiras-no-Allianz.webp\",\"width\":1349,\"height\":1500,\"caption\":\"Abel Ferreira \u00e9 fotografado durante um jogo do Palmeiras no Allianz (Foto: Cesar Greco\/Palmeiras)\"},{\"@type\":\"BreadcrumbList\",\"@id\":\"https:\/\/www.gaveanews.com\/index.php\/2025\/04\/15\/palmeiras-lidera-estatistica-negativa-entre-clubes-da-serie-a\/#breadcrumb\",\"itemListElement\":[{\"@type\":\"ListItem\",\"position\":1,\"name\":\"Home\",\"item\":\"https:\/\/www.gaveanews.com\/\"},{\"@type\":\"ListItem\",\"position\":2,\"name\":\"Palmeiras lidera estat\u00edstica negativa entre clubes da S\u00e9rie A\"}]},{\"@type\":\"WebSite\",\"@id\":\"https:\/\/www.gaveanews.com\/#website\",\"url\":\"https:\/\/www.gaveanews.com\/\",\"name\":\"G\u00e1vea News\",\"description\":\"Veja todas as not\u00edcias sobre o Flamengo: Contrata\u00e7\u00f5es, categorias de base, resultados das partidas, tabela de classifica\u00e7\u00e3o, pr\u00f3ximos jogos!\",\"potentialAction\":[{\"@type\":\"SearchAction\",\"target\":{\"@type\":\"EntryPoint\",\"urlTemplate\":\"https:\/\/www.gaveanews.com\/?s={search_term_string}\"},\"query-input\":{\"@type\":\"PropertyValueSpecification\",\"valueRequired\":true,\"valueName\":\"search_term_string\"}}],\"inLanguage\":\"pt-BR\"},{\"@type\":\"Person\",\"@id\":\"https:\/\/www.gaveanews.com\/#\/schema\/person\/3b19f7288b0ce20372991275e4f2e6c2\",\"name\":\"Ana Teixeira\",\"image\":{\"@type\":\"ImageObject\",\"inLanguage\":\"pt-BR\",\"@id\":\"https:\/\/www.gaveanews.com\/#\/schema\/person\/image\/\",\"url\":\"https:\/\/secure.gravatar.com\/avatar\/0a73f5a5258f3fed37fc2fa641892f3f7a4748456d4d4792f9bc550e6c19e06c?s=96&d=mm&r=g\",\"contentUrl\":\"https:\/\/secure.gravatar.com\/avatar\/0a73f5a5258f3fed37fc2fa641892f3f7a4748456d4d4792f9bc550e6c19e06c?s=96&d=mm&r=g\",\"caption\":\"Ana Teixeira\"}}]}<\/script>\n<!-- \/ Yoast SEO Premium plugin. -->","yoast_head_json":{"title":"Palmeiras lidera estat\u00edstica negativa entre clubes da S\u00e9rie A","robots":{"index":"index","follow":"follow","max-snippet":"max-snippet:-1","max-image-preview":"max-image-preview:large","max-video-preview":"max-video-preview:-1"},"canonical":"https:\/\/www.gaveanews.com\/index.php\/2025\/04\/15\/palmeiras-lidera-estatistica-negativa-entre-clubes-da-serie-a\/","og_locale":"pt_BR","og_type":"article","og_title":"Palmeiras lidera estat\u00edstica negativa entre clubes da S\u00e9rie A","og_description":"O in\u00edcio do Campeonato Brasileiro de 2025 tem chamado aten\u00e7\u00e3o \u2014 positiva e negativamente \u2014 pelos n\u00fameros disciplinares do Palmeiras. Segundo levantamento divulgado pelo Sofascore, o clube paulista aparece como o time com o maior n\u00famero de cart\u00f5es amarelos e faltas cometidas nas tr\u00eas primeiras rodadas da competi\u00e7\u00e3o. Atualmente, o Palmeiras soma 13 advert\u00eancias com [&hellip;]","og_url":"https:\/\/www.gaveanews.com\/index.php\/2025\/04\/15\/palmeiras-lidera-estatistica-negativa-entre-clubes-da-serie-a\/","og_site_name":"G\u00e1vea News","article_publisher":"https:\/\/facebook.com\/gaveaNews\/","article_published_time":"2025-04-15T23:05:00+00:00","og_image":[{"width":1349,"height":1500,"url":"https:\/\/www.gaveanews.com\/wp-content\/uploads\/Abel-Ferreira-e-fotografado-durante-um-jogo-do-Palmeiras-no-Allianz.webp","type":"image\/jpeg"}],"author":"Ana Teixeira","twitter_card":"summary_large_image","twitter_misc":{"Escrito por":"Ana Teixeira","Est. tempo de leitura":"3 minutos"},"schema":{"@context":"https:\/\/schema.org","@graph":[{"@type":"NewsArticle","@id":"https:\/\/www.gaveanews.com\/index.php\/2025\/04\/15\/palmeiras-lidera-estatistica-negativa-entre-clubes-da-serie-a\/#article","isPartOf":{"@id":"https:\/\/www.gaveanews.com\/index.php\/2025\/04\/15\/palmeiras-lidera-estatistica-negativa-entre-clubes-da-serie-a\/"},"author":{"name":"Ana Teixeira","@id":"https:\/\/www.gaveanews.com\/#\/schema\/person\/3b19f7288b0ce20372991275e4f2e6c2"},"headline":"Palmeiras lidera estat\u00edstica negativa entre clubes da S\u00e9rie A","datePublished":"2025-04-15T23:05:00+00:00","mainEntityOfPage":{"@id":"https:\/\/www.gaveanews.com\/index.php\/2025\/04\/15\/palmeiras-lidera-estatistica-negativa-entre-clubes-da-serie-a\/"},"wordCount":378,"commentCount":0,"image":{"@id":"https:\/\/www.gaveanews.com\/index.php\/2025\/04\/15\/palmeiras-lidera-estatistica-negativa-entre-clubes-da-serie-a\/#primaryimage"},"thumbnailUrl":"https:\/\/www.gaveanews.com\/wp-content\/uploads\/Abel-Ferreira-e-fotografado-durante-um-jogo-do-Palmeiras-no-Allianz.webp","articleSection":["Brasileir\u00e3o","Palmeiras"],"inLanguage":"pt-BR","potentialAction":[{"@type":"CommentAction","name":"Comment","target":["https:\/\/www.gaveanews.com\/index.php\/2025\/04\/15\/palmeiras-lidera-estatistica-negativa-entre-clubes-da-serie-a\/#respond"]}],"copyrightYear":"2025","copyrightHolder":{"@id":"https:\/\/www.gaveanews.com\/#organization"}},{"@type":"WebPage","@id":"https:\/\/www.gaveanews.com\/index.php\/2025\/04\/15\/palmeiras-lidera-estatistica-negativa-entre-clubes-da-serie-a\/","url":"https:\/\/www.gaveanews.com\/index.php\/2025\/04\/15\/palmeiras-lidera-estatistica-negativa-entre-clubes-da-serie-a\/","name":"Palmeiras lidera estat\u00edstica negativa entre clubes da S\u00e9rie A","isPartOf":{"@id":"https:\/\/www.gaveanews.com\/#website"},"primaryImageOfPage":{"@id":"https:\/\/www.gaveanews.com\/index.php\/2025\/04\/15\/palmeiras-lidera-estatistica-negativa-entre-clubes-da-serie-a\/#primaryimage"},"image":{"@id":"https:\/\/www.gaveanews.com\/index.php\/2025\/04\/15\/palmeiras-lidera-estatistica-negativa-entre-clubes-da-serie-a\/#primaryimage"},"thumbnailUrl":"https:\/\/www.gaveanews.com\/wp-content\/uploads\/Abel-Ferreira-e-fotografado-durante-um-jogo-do-Palmeiras-no-Allianz.webp","datePublished":"2025-04-15T23:05:00+00:00","author":{"@id":"https:\/\/www.gaveanews.com\/#\/schema\/person\/3b19f7288b0ce20372991275e4f2e6c2"},"breadcrumb":{"@id":"https:\/\/www.gaveanews.com\/index.php\/2025\/04\/15\/palmeiras-lidera-estatistica-negativa-entre-clubes-da-serie-a\/#breadcrumb"},"inLanguage":"pt-BR","potentialAction":[{"@type":"ReadAction","target":["https:\/\/www.gaveanews.com\/index.php\/2025\/04\/15\/palmeiras-lidera-estatistica-negativa-entre-clubes-da-serie-a\/"]}]},{"@type":"ImageObject","inLanguage":"pt-BR","@id":"https:\/\/www.gaveanews.com\/index.php\/2025\/04\/15\/palmeiras-lidera-estatistica-negativa-entre-clubes-da-serie-a\/#primaryimage","url":"https:\/\/www.gaveanews.com\/wp-content\/uploads\/Abel-Ferreira-e-fotografado-durante-um-jogo-do-Palmeiras-no-Allianz.webp","contentUrl":"https:\/\/www.gaveanews.com\/wp-content\/uploads\/Abel-Ferreira-e-fotografado-durante-um-jogo-do-Palmeiras-no-Allianz.webp","width":1349,"height":1500,"caption":"Abel Ferreira \u00e9 fotografado durante um jogo do Palmeiras no Allianz (Foto: Cesar Greco\/Palmeiras)"},{"@type":"BreadcrumbList","@id":"https:\/\/www.gaveanews.com\/index.php\/2025\/04\/15\/palmeiras-lidera-estatistica-negativa-entre-clubes-da-serie-a\/#breadcrumb","itemListElement":[{"@type":"ListItem","position":1,"name":"Home","item":"https:\/\/www.gaveanews.com\/"},{"@type":"ListItem","position":2,"name":"Palmeiras lidera estat\u00edstica negativa entre clubes da S\u00e9rie A"}]},{"@type":"WebSite","@id":"https:\/\/www.gaveanews.com\/#website","url":"https:\/\/www.gaveanews.com\/","name":"G\u00e1vea News","description":"Veja todas as not\u00edcias sobre o Flamengo: Contrata\u00e7\u00f5es, categorias de base, resultados das partidas, tabela de classifica\u00e7\u00e3o, pr\u00f3ximos jogos!","potentialAction":[{"@type":"SearchAction","target":{"@type":"EntryPoint","urlTemplate":"https:\/\/www.gaveanews.com\/?s={search_term_string}"},"query-input":{"@type":"PropertyValueSpecification","valueRequired":true,"valueName":"search_term_string"}}],"inLanguage":"pt-BR"},{"@type":"Person","@id":"https:\/\/www.gaveanews.com\/#\/schema\/person\/3b19f7288b0ce20372991275e4f2e6c2","name":"Ana Teixeira","image":{"@type":"ImageObject","inLanguage":"pt-BR","@id":"https:\/\/www.gaveanews.com\/#\/schema\/person\/image\/","url":"https:\/\/secure.gravatar.com\/avatar\/0a73f5a5258f3fed37fc2fa641892f3f7a4748456d4d4792f9bc550e6c19e06c?s=96&d=mm&r=g","contentUrl":"https:\/\/secure.gravatar.com\/avatar\/0a73f5a5258f3fed37fc2fa641892f3f7a4748456d4d4792f9bc550e6c19e06c?s=96&d=mm&r=g","caption":"Ana Teixeira"}}]}},"_links":{"self":[{"href":"https:\/\/www.gaveanews.com\/index.php\/wp-json\/wp\/v2\/posts\/253920","targetHints":{"allow":["GET"]}}],"collection":[{"href":"https:\/\/www.gaveanews.com\/index.php\/wp-json\/wp\/v2\/posts"}],"about":[{"href":"https:\/\/www.gaveanews.com\/index.php\/wp-json\/wp\/v2\/types\/post"}],"author":[{"embeddable":true,"href":"https:\/\/www.gaveanews.com\/index.php\/wp-json\/wp\/v2\/users\/30"}],"replies":[{"embeddable":true,"href":"https:\/\/www.gaveanews.com\/index.php\/wp-json\/wp\/v2\/comments?post=253920"}],"version-history":[{"count":1,"href":"https:\/\/www.gaveanews.com\/index.php\/wp-json\/wp\/v2\/posts\/253920\/revisions"}],"predecessor-version":[{"id":253925,"href":"https:\/\/www.gaveanews.com\/index.php\/wp-json\/wp\/v2\/posts\/253920\/revisions\/253925"}],"wp:featuredmedia":[{"embeddable":true,"href":"https:\/\/www.gaveanews.com\/index.php\/wp-json\/wp\/v2\/media\/157843"}],"wp:attachment":[{"href":"https:\/\/www.gaveanews.com\/index.php\/wp-json\/wp\/v2\/media?parent=253920"}],"wp:term":[{"taxonomy":"category","embeddable":true,"href":"https:\/\/www.gaveanews.com\/index.php\/wp-json\/wp\/v2\/categories?post=253920"},{"taxonomy":"post_tag","embeddable":true,"href":"https:\/\/www.gaveanews.com\/index.php\/wp-json\/wp\/v2\/tags?post=253920"}],"curies":[{"name":"wp","href":"https:\/\/api.w.org\/{rel}","templated":true}]}}