{"id":253928,"date":"2025-04-15T20:25:00","date_gmt":"2025-04-15T23:25:00","guid":{"rendered":"https:\/\/www.gaveanews.com\/?p=253928"},"modified":"2025-04-15T17:06:54","modified_gmt":"2025-04-15T20:06:54","slug":"rede-globo-quer-comprar-nova-competicao-para-2026","status":"publish","type":"post","link":"https:\/\/www.gaveanews.com\/index.php\/2025\/04\/15\/rede-globo-quer-comprar-nova-competicao-para-2026\/","title":{"rendered":"Rede Globo quer comprar nova competi\u00e7\u00e3o para 2026"},"content":{"rendered":"\n<p>A Rede Globo voltou a se movimentar nos bastidores do automobilismo e negocia com a Liberty Media, detentora dos direitos da F\u00f3rmula 1, um poss\u00edvel retorno \u00e0s transmiss\u00f5es da categoria a partir de 2026. A emissora carioca reativou o projeto \u2014 inicialmente apresentado em 2024 \u2014 com o objetivo de transmitir parte das corridas em TV aberta e exibir a temporada completa no canal pago SporTV e na plataforma de streaming Globoplay.<\/p>\n\n\n\n<p>A proposta reacende a disputa pelos direitos de transmiss\u00e3o no Brasil, hoje pertencentes \u00e0 Band. O atual contrato com o grupo Bandeirantes vai at\u00e9 o fim de 2025. Ainda assim, a Globo tenta assegurar espa\u00e7o no ciclo seguinte, especialmente diante das dificuldades enfrentadas pela concorrente no cumprimento de obriga\u00e7\u00f5es financeiras.<\/p>\n\n\n\n<p>Segundo apura\u00e7\u00e3o da coluna F5, do portal UOL, a emissora paulista enfrentou entraves contratuais em 2024, por conta de uma inadimpl\u00eancia de R$ 20 milh\u00f5es relacionada a uma cota de patroc\u00ednio de uma casa de apostas. O imbr\u00f3glio afetou diretamente a capacidade da Band de honrar os pagamentos acordados com a Liberty Media, embora a situa\u00e7\u00e3o tenha sido momentaneamente regularizada.<\/p>\n\n\n\n<p>Ali\u00e1s, vale lembrar que a Globo possui um longo hist\u00f3rico com a F\u00f3rmula 1, tendo sido respons\u00e1vel pelas transmiss\u00f5es no Brasil entre 1981 e 2020. Ap\u00f3s a interrup\u00e7\u00e3o do v\u00ednculo, motivada pela pandemia da Covid-19 e pela aus\u00eancia de um piloto brasileiro no grid, a audi\u00eancia da categoria caiu consideravelmente. Entretanto, a chegada de Gabriel Bortoleto ao cen\u00e1rio da F1 reacendeu o interesse comercial das emissoras.<\/p>\n\n\n\n<p>Nesse contexto, a presen\u00e7a do jovem piloto brasileiro \u00e9 vista como trunfo estrat\u00e9gico pela Globo. Internamente, a emissora avalia que o retorno \u00e0 transmiss\u00e3o da categoria pode impulsionar a audi\u00eancia e reaquecer o mercado publicit\u00e1rio voltado ao automobilismo, mesmo com a inten\u00e7\u00e3o clara de evitar cifras milion\u00e1rias pela aquisi\u00e7\u00e3o dos direitos.<\/p>\n\n\n\n<p>De acordo com os ve\u00edculos que repercutiram o tema, a Liberty Media estaria inclinada a aceitar a proposta da Globo. Todavia, as tratativas ainda est\u00e3o em andamento e os detalhes financeiros seguem como ponto central da negocia\u00e7\u00e3o. &#8220;A Globo n\u00e3o pretende desembolsar cifras elevadas&#8221;, revelou uma das fontes da reportagem.<\/p>\n\n\n\n<p>Enquanto isso, a Band mant\u00e9m vivo o desejo de renovar o contrato. Nos bastidores, a emissora entende que a chegada de Bortoleto tamb\u00e9m pode colaborar para sustentar o interesse do p\u00fablico e dos patrocinadores, garantindo sua perman\u00eancia na transmiss\u00e3o da F1.<\/p>\n\n\n\n<p>Enfim, a poss\u00edvel volta da F\u00f3rmula 1 \u00e0 grade da TV Globo, ainda que de forma parcial, marca um movimento relevante no mercado de m\u00eddia esportiva nacional. Afinal, o cen\u00e1rio atual sugere uma disputa n\u00e3o apenas por audi\u00eancia, mas tamb\u00e9m por viabilidade econ\u00f4mica, diversifica\u00e7\u00e3o de plataformas e fideliza\u00e7\u00e3o do torcedor brasileiro ao automobilismo.<\/p>\n","protected":false},"excerpt":{"rendered":"<p>A Rede Globo voltou a se movimentar nos bastidores do automobilismo e negocia com a Liberty Media, detentora dos direitos da F\u00f3rmula 1, um poss\u00edvel retorno \u00e0s transmiss\u00f5es da categoria a partir de 2026. A emissora carioca reativou o projeto \u2014 inicialmente apresentado em 2024 \u2014 com o objetivo de transmitir parte das corridas em [&hellip;]<\/p>\n","protected":false},"author":30,"featured_media":96273,"comment_status":"open","ping_status":"closed","sticky":false,"template":"","format":"standard","meta":{"footnotes":""},"categories":[450,433,451],"tags":[],"class_list":["post-253928","post","type-post","status-publish","format-standard","has-post-thumbnail","hentry","category-automobilismo","category-entretenimento","category-f1"],"yoast_head":"<!-- This site is optimized with the Yoast SEO Premium plugin v24.2 (Yoast SEO v26.9) - https:\/\/yoast.com\/product\/yoast-seo-premium-wordpress\/ -->\n<title>Rede Globo quer comprar nova competi\u00e7\u00e3o para 2026<\/title>\n<meta name=\"robots\" content=\"index, follow, max-snippet:-1, max-image-preview:large, max-video-preview:-1\" \/>\n<link rel=\"canonical\" href=\"https:\/\/www.gaveanews.com\/index.php\/2025\/04\/15\/rede-globo-quer-comprar-nova-competicao-para-2026\/\" \/>\n<meta property=\"og:locale\" content=\"pt_BR\" \/>\n<meta property=\"og:type\" content=\"article\" \/>\n<meta property=\"og:title\" content=\"Rede Globo quer comprar nova competi\u00e7\u00e3o para 2026\" \/>\n<meta property=\"og:description\" content=\"A Rede Globo voltou a se movimentar nos bastidores do automobilismo e negocia com a Liberty Media, detentora dos direitos da F\u00f3rmula 1, um poss\u00edvel retorno \u00e0s transmiss\u00f5es da categoria a partir de 2026. A emissora carioca reativou o projeto \u2014 inicialmente apresentado em 2024 \u2014 com o objetivo de transmitir parte das corridas em [&hellip;]\" \/>\n<meta property=\"og:url\" content=\"https:\/\/www.gaveanews.com\/index.php\/2025\/04\/15\/rede-globo-quer-comprar-nova-competicao-para-2026\/\" \/>\n<meta property=\"og:site_name\" content=\"G\u00e1vea News\" \/>\n<meta property=\"article:publisher\" content=\"https:\/\/facebook.com\/gaveaNews\/\" \/>\n<meta property=\"article:published_time\" content=\"2025-04-15T23:25:00+00:00\" \/>\n<meta property=\"og:image\" content=\"https:\/\/www.gaveanews.com\/wp-content\/uploads\/Logomarca-da-Rede-Globo.webp\" \/>\n\t<meta property=\"og:image:width\" content=\"1280\" \/>\n\t<meta property=\"og:image:height\" content=\"670\" \/>\n\t<meta property=\"og:image:type\" content=\"image\/jpeg\" \/>\n<meta name=\"author\" content=\"Ana Teixeira\" \/>\n<meta name=\"twitter:card\" content=\"summary_large_image\" \/>\n<meta name=\"twitter:label1\" content=\"Escrito por\" \/>\n\t<meta name=\"twitter:data1\" content=\"Ana Teixeira\" \/>\n\t<meta name=\"twitter:label2\" content=\"Est. tempo de leitura\" \/>\n\t<meta name=\"twitter:data2\" content=\"3 minutos\" \/>\n<script type=\"application\/ld+json\" class=\"yoast-schema-graph\">{\"@context\":\"https:\/\/schema.org\",\"@graph\":[{\"@type\":\"NewsArticle\",\"@id\":\"https:\/\/www.gaveanews.com\/index.php\/2025\/04\/15\/rede-globo-quer-comprar-nova-competicao-para-2026\/#article\",\"isPartOf\":{\"@id\":\"https:\/\/www.gaveanews.com\/index.php\/2025\/04\/15\/rede-globo-quer-comprar-nova-competicao-para-2026\/\"},\"author\":{\"name\":\"Ana Teixeira\",\"@id\":\"https:\/\/www.gaveanews.com\/#\/schema\/person\/3b19f7288b0ce20372991275e4f2e6c2\"},\"headline\":\"Rede Globo quer comprar nova competi\u00e7\u00e3o para 2026\",\"datePublished\":\"2025-04-15T23:25:00+00:00\",\"mainEntityOfPage\":{\"@id\":\"https:\/\/www.gaveanews.com\/index.php\/2025\/04\/15\/rede-globo-quer-comprar-nova-competicao-para-2026\/\"},\"wordCount\":485,\"commentCount\":0,\"image\":{\"@id\":\"https:\/\/www.gaveanews.com\/index.php\/2025\/04\/15\/rede-globo-quer-comprar-nova-competicao-para-2026\/#primaryimage\"},\"thumbnailUrl\":\"https:\/\/www.gaveanews.com\/wp-content\/uploads\/Logomarca-da-Rede-Globo.webp\",\"articleSection\":[\"Automobilismo\",\"Entretenimento\",\"F1\"],\"inLanguage\":\"pt-BR\",\"potentialAction\":[{\"@type\":\"CommentAction\",\"name\":\"Comment\",\"target\":[\"https:\/\/www.gaveanews.com\/index.php\/2025\/04\/15\/rede-globo-quer-comprar-nova-competicao-para-2026\/#respond\"]}],\"copyrightYear\":\"2025\",\"copyrightHolder\":{\"@id\":\"https:\/\/www.gaveanews.com\/#organization\"}},{\"@type\":\"WebPage\",\"@id\":\"https:\/\/www.gaveanews.com\/index.php\/2025\/04\/15\/rede-globo-quer-comprar-nova-competicao-para-2026\/\",\"url\":\"https:\/\/www.gaveanews.com\/index.php\/2025\/04\/15\/rede-globo-quer-comprar-nova-competicao-para-2026\/\",\"name\":\"Rede Globo quer comprar nova competi\u00e7\u00e3o para 2026\",\"isPartOf\":{\"@id\":\"https:\/\/www.gaveanews.com\/#website\"},\"primaryImageOfPage\":{\"@id\":\"https:\/\/www.gaveanews.com\/index.php\/2025\/04\/15\/rede-globo-quer-comprar-nova-competicao-para-2026\/#primaryimage\"},\"image\":{\"@id\":\"https:\/\/www.gaveanews.com\/index.php\/2025\/04\/15\/rede-globo-quer-comprar-nova-competicao-para-2026\/#primaryimage\"},\"thumbnailUrl\":\"https:\/\/www.gaveanews.com\/wp-content\/uploads\/Logomarca-da-Rede-Globo.webp\",\"datePublished\":\"2025-04-15T23:25:00+00:00\",\"author\":{\"@id\":\"https:\/\/www.gaveanews.com\/#\/schema\/person\/3b19f7288b0ce20372991275e4f2e6c2\"},\"breadcrumb\":{\"@id\":\"https:\/\/www.gaveanews.com\/index.php\/2025\/04\/15\/rede-globo-quer-comprar-nova-competicao-para-2026\/#breadcrumb\"},\"inLanguage\":\"pt-BR\",\"potentialAction\":[{\"@type\":\"ReadAction\",\"target\":[\"https:\/\/www.gaveanews.com\/index.php\/2025\/04\/15\/rede-globo-quer-comprar-nova-competicao-para-2026\/\"]}]},{\"@type\":\"ImageObject\",\"inLanguage\":\"pt-BR\",\"@id\":\"https:\/\/www.gaveanews.com\/index.php\/2025\/04\/15\/rede-globo-quer-comprar-nova-competicao-para-2026\/#primaryimage\",\"url\":\"https:\/\/www.gaveanews.com\/wp-content\/uploads\/Logomarca-da-Rede-Globo.webp\",\"contentUrl\":\"https:\/\/www.gaveanews.com\/wp-content\/uploads\/Logomarca-da-Rede-Globo.webp\",\"width\":1280,\"height\":670,\"caption\":\"Logomarca da Rede Globo (Foto: Reprodu\u00e7\u00e3o)\"},{\"@type\":\"BreadcrumbList\",\"@id\":\"https:\/\/www.gaveanews.com\/index.php\/2025\/04\/15\/rede-globo-quer-comprar-nova-competicao-para-2026\/#breadcrumb\",\"itemListElement\":[{\"@type\":\"ListItem\",\"position\":1,\"name\":\"Home\",\"item\":\"https:\/\/www.gaveanews.com\/\"},{\"@type\":\"ListItem\",\"position\":2,\"name\":\"Rede Globo quer comprar nova competi\u00e7\u00e3o para 2026\"}]},{\"@type\":\"WebSite\",\"@id\":\"https:\/\/www.gaveanews.com\/#website\",\"url\":\"https:\/\/www.gaveanews.com\/\",\"name\":\"G\u00e1vea News\",\"description\":\"Veja todas as not\u00edcias sobre o Flamengo: Contrata\u00e7\u00f5es, categorias de base, resultados das partidas, tabela de classifica\u00e7\u00e3o, pr\u00f3ximos jogos!\",\"potentialAction\":[{\"@type\":\"SearchAction\",\"target\":{\"@type\":\"EntryPoint\",\"urlTemplate\":\"https:\/\/www.gaveanews.com\/?s={search_term_string}\"},\"query-input\":{\"@type\":\"PropertyValueSpecification\",\"valueRequired\":true,\"valueName\":\"search_term_string\"}}],\"inLanguage\":\"pt-BR\"},{\"@type\":\"Person\",\"@id\":\"https:\/\/www.gaveanews.com\/#\/schema\/person\/3b19f7288b0ce20372991275e4f2e6c2\",\"name\":\"Ana Teixeira\",\"image\":{\"@type\":\"ImageObject\",\"inLanguage\":\"pt-BR\",\"@id\":\"https:\/\/www.gaveanews.com\/#\/schema\/person\/image\/\",\"url\":\"https:\/\/secure.gravatar.com\/avatar\/0a73f5a5258f3fed37fc2fa641892f3f7a4748456d4d4792f9bc550e6c19e06c?s=96&d=mm&r=g\",\"contentUrl\":\"https:\/\/secure.gravatar.com\/avatar\/0a73f5a5258f3fed37fc2fa641892f3f7a4748456d4d4792f9bc550e6c19e06c?s=96&d=mm&r=g\",\"caption\":\"Ana Teixeira\"}}]}<\/script>\n<!-- \/ Yoast SEO Premium plugin. -->","yoast_head_json":{"title":"Rede Globo quer comprar nova competi\u00e7\u00e3o para 2026","robots":{"index":"index","follow":"follow","max-snippet":"max-snippet:-1","max-image-preview":"max-image-preview:large","max-video-preview":"max-video-preview:-1"},"canonical":"https:\/\/www.gaveanews.com\/index.php\/2025\/04\/15\/rede-globo-quer-comprar-nova-competicao-para-2026\/","og_locale":"pt_BR","og_type":"article","og_title":"Rede Globo quer comprar nova competi\u00e7\u00e3o para 2026","og_description":"A Rede Globo voltou a se movimentar nos bastidores do automobilismo e negocia com a Liberty Media, detentora dos direitos da F\u00f3rmula 1, um poss\u00edvel retorno \u00e0s transmiss\u00f5es da categoria a partir de 2026. A emissora carioca reativou o projeto \u2014 inicialmente apresentado em 2024 \u2014 com o objetivo de transmitir parte das corridas em [&hellip;]","og_url":"https:\/\/www.gaveanews.com\/index.php\/2025\/04\/15\/rede-globo-quer-comprar-nova-competicao-para-2026\/","og_site_name":"G\u00e1vea News","article_publisher":"https:\/\/facebook.com\/gaveaNews\/","article_published_time":"2025-04-15T23:25:00+00:00","og_image":[{"width":1280,"height":670,"url":"https:\/\/www.gaveanews.com\/wp-content\/uploads\/Logomarca-da-Rede-Globo.webp","type":"image\/jpeg"}],"author":"Ana Teixeira","twitter_card":"summary_large_image","twitter_misc":{"Escrito por":"Ana Teixeira","Est. tempo de leitura":"3 minutos"},"schema":{"@context":"https:\/\/schema.org","@graph":[{"@type":"NewsArticle","@id":"https:\/\/www.gaveanews.com\/index.php\/2025\/04\/15\/rede-globo-quer-comprar-nova-competicao-para-2026\/#article","isPartOf":{"@id":"https:\/\/www.gaveanews.com\/index.php\/2025\/04\/15\/rede-globo-quer-comprar-nova-competicao-para-2026\/"},"author":{"name":"Ana Teixeira","@id":"https:\/\/www.gaveanews.com\/#\/schema\/person\/3b19f7288b0ce20372991275e4f2e6c2"},"headline":"Rede Globo quer comprar nova competi\u00e7\u00e3o para 2026","datePublished":"2025-04-15T23:25:00+00:00","mainEntityOfPage":{"@id":"https:\/\/www.gaveanews.com\/index.php\/2025\/04\/15\/rede-globo-quer-comprar-nova-competicao-para-2026\/"},"wordCount":485,"commentCount":0,"image":{"@id":"https:\/\/www.gaveanews.com\/index.php\/2025\/04\/15\/rede-globo-quer-comprar-nova-competicao-para-2026\/#primaryimage"},"thumbnailUrl":"https:\/\/www.gaveanews.com\/wp-content\/uploads\/Logomarca-da-Rede-Globo.webp","articleSection":["Automobilismo","Entretenimento","F1"],"inLanguage":"pt-BR","potentialAction":[{"@type":"CommentAction","name":"Comment","target":["https:\/\/www.gaveanews.com\/index.php\/2025\/04\/15\/rede-globo-quer-comprar-nova-competicao-para-2026\/#respond"]}],"copyrightYear":"2025","copyrightHolder":{"@id":"https:\/\/www.gaveanews.com\/#organization"}},{"@type":"WebPage","@id":"https:\/\/www.gaveanews.com\/index.php\/2025\/04\/15\/rede-globo-quer-comprar-nova-competicao-para-2026\/","url":"https:\/\/www.gaveanews.com\/index.php\/2025\/04\/15\/rede-globo-quer-comprar-nova-competicao-para-2026\/","name":"Rede Globo quer comprar nova competi\u00e7\u00e3o para 2026","isPartOf":{"@id":"https:\/\/www.gaveanews.com\/#website"},"primaryImageOfPage":{"@id":"https:\/\/www.gaveanews.com\/index.php\/2025\/04\/15\/rede-globo-quer-comprar-nova-competicao-para-2026\/#primaryimage"},"image":{"@id":"https:\/\/www.gaveanews.com\/index.php\/2025\/04\/15\/rede-globo-quer-comprar-nova-competicao-para-2026\/#primaryimage"},"thumbnailUrl":"https:\/\/www.gaveanews.com\/wp-content\/uploads\/Logomarca-da-Rede-Globo.webp","datePublished":"2025-04-15T23:25:00+00:00","author":{"@id":"https:\/\/www.gaveanews.com\/#\/schema\/person\/3b19f7288b0ce20372991275e4f2e6c2"},"breadcrumb":{"@id":"https:\/\/www.gaveanews.com\/index.php\/2025\/04\/15\/rede-globo-quer-comprar-nova-competicao-para-2026\/#breadcrumb"},"inLanguage":"pt-BR","potentialAction":[{"@type":"ReadAction","target":["https:\/\/www.gaveanews.com\/index.php\/2025\/04\/15\/rede-globo-quer-comprar-nova-competicao-para-2026\/"]}]},{"@type":"ImageObject","inLanguage":"pt-BR","@id":"https:\/\/www.gaveanews.com\/index.php\/2025\/04\/15\/rede-globo-quer-comprar-nova-competicao-para-2026\/#primaryimage","url":"https:\/\/www.gaveanews.com\/wp-content\/uploads\/Logomarca-da-Rede-Globo.webp","contentUrl":"https:\/\/www.gaveanews.com\/wp-content\/uploads\/Logomarca-da-Rede-Globo.webp","width":1280,"height":670,"caption":"Logomarca da Rede Globo (Foto: Reprodu\u00e7\u00e3o)"},{"@type":"BreadcrumbList","@id":"https:\/\/www.gaveanews.com\/index.php\/2025\/04\/15\/rede-globo-quer-comprar-nova-competicao-para-2026\/#breadcrumb","itemListElement":[{"@type":"ListItem","position":1,"name":"Home","item":"https:\/\/www.gaveanews.com\/"},{"@type":"ListItem","position":2,"name":"Rede Globo quer comprar nova competi\u00e7\u00e3o para 2026"}]},{"@type":"WebSite","@id":"https:\/\/www.gaveanews.com\/#website","url":"https:\/\/www.gaveanews.com\/","name":"G\u00e1vea News","description":"Veja todas as not\u00edcias sobre o Flamengo: Contrata\u00e7\u00f5es, categorias de base, resultados das partidas, tabela de classifica\u00e7\u00e3o, pr\u00f3ximos jogos!","potentialAction":[{"@type":"SearchAction","target":{"@type":"EntryPoint","urlTemplate":"https:\/\/www.gaveanews.com\/?s={search_term_string}"},"query-input":{"@type":"PropertyValueSpecification","valueRequired":true,"valueName":"search_term_string"}}],"inLanguage":"pt-BR"},{"@type":"Person","@id":"https:\/\/www.gaveanews.com\/#\/schema\/person\/3b19f7288b0ce20372991275e4f2e6c2","name":"Ana Teixeira","image":{"@type":"ImageObject","inLanguage":"pt-BR","@id":"https:\/\/www.gaveanews.com\/#\/schema\/person\/image\/","url":"https:\/\/secure.gravatar.com\/avatar\/0a73f5a5258f3fed37fc2fa641892f3f7a4748456d4d4792f9bc550e6c19e06c?s=96&d=mm&r=g","contentUrl":"https:\/\/secure.gravatar.com\/avatar\/0a73f5a5258f3fed37fc2fa641892f3f7a4748456d4d4792f9bc550e6c19e06c?s=96&d=mm&r=g","caption":"Ana Teixeira"}}]}},"_links":{"self":[{"href":"https:\/\/www.gaveanews.com\/index.php\/wp-json\/wp\/v2\/posts\/253928","targetHints":{"allow":["GET"]}}],"collection":[{"href":"https:\/\/www.gaveanews.com\/index.php\/wp-json\/wp\/v2\/posts"}],"about":[{"href":"https:\/\/www.gaveanews.com\/index.php\/wp-json\/wp\/v2\/types\/post"}],"author":[{"embeddable":true,"href":"https:\/\/www.gaveanews.com\/index.php\/wp-json\/wp\/v2\/users\/30"}],"replies":[{"embeddable":true,"href":"https:\/\/www.gaveanews.com\/index.php\/wp-json\/wp\/v2\/comments?post=253928"}],"version-history":[{"count":1,"href":"https:\/\/www.gaveanews.com\/index.php\/wp-json\/wp\/v2\/posts\/253928\/revisions"}],"predecessor-version":[{"id":253945,"href":"https:\/\/www.gaveanews.com\/index.php\/wp-json\/wp\/v2\/posts\/253928\/revisions\/253945"}],"wp:featuredmedia":[{"embeddable":true,"href":"https:\/\/www.gaveanews.com\/index.php\/wp-json\/wp\/v2\/media\/96273"}],"wp:attachment":[{"href":"https:\/\/www.gaveanews.com\/index.php\/wp-json\/wp\/v2\/media?parent=253928"}],"wp:term":[{"taxonomy":"category","embeddable":true,"href":"https:\/\/www.gaveanews.com\/index.php\/wp-json\/wp\/v2\/categories?post=253928"},{"taxonomy":"post_tag","embeddable":true,"href":"https:\/\/www.gaveanews.com\/index.php\/wp-json\/wp\/v2\/tags?post=253928"}],"curies":[{"name":"wp","href":"https:\/\/api.w.org\/{rel}","templated":true}]}}