{"id":254307,"date":"2025-04-16T12:30:00","date_gmt":"2025-04-16T15:30:00","guid":{"rendered":"https:\/\/www.gaveanews.com\/?p=254307"},"modified":"2025-04-16T11:57:01","modified_gmt":"2025-04-16T14:57:01","slug":"agora-klopp-aceita-assumir-a-selecao-brasileira","status":"publish","type":"post","link":"https:\/\/www.gaveanews.com\/index.php\/2025\/04\/16\/agora-klopp-aceita-assumir-a-selecao-brasileira\/","title":{"rendered":"AGORA: Klopp aceita assumir a Sele\u00e7\u00e3o Brasileira"},"content":{"rendered":"\n<p>A presen\u00e7a de J\u00fcrgen Klopp no Brasil, mais especificamente em Atibaia, para visitar o centro de treinamento do Bragantino, despertou aten\u00e7\u00e3o n\u00e3o apenas pela figura carism\u00e1tica do treinador alem\u00e3o, mas principalmente pelo contexto em que essa visita ocorreu. Atualmente exercendo a fun\u00e7\u00e3o de diretor global de futebol da Red Bull, Klopp demonstrou, nos bastidores, sinais claros de desgaste com o cargo que assumiu ap\u00f3s deixar o Liverpool.<\/p>\n\n\n\n<p>Acompanhado de Mario Gomez e de outros integrantes do grupo austr\u00edaco, Klopp chegou ao Centro de Performance do Massa Bruta na manh\u00e3 de quinta-feira (30 de janeiro). Durante o encontro, ele conheceu as instala\u00e7\u00f5es, se reuniu com dirigentes e membros da comiss\u00e3o t\u00e9cnica e tamb\u00e9m interagiu com jogadores das categorias de base. &#8220;A inten\u00e7\u00e3o \u00e9 entender de perto o funcionamento do projeto em todas as suas camadas&#8221;, revelou um integrante da comitiva.<\/p>\n\n\n\n<blockquote class=\"twitter-tweet\" data-media-max-width=\"560\"><p lang=\"pt\" dir=\"ltr\">\u26a0\ufe0f Insatisfeito na Red Bull, Klopp sinaliza a pessoas pr\u00f3ximas que aceitaria deixar a empresa para dois destinos: ser t\u00e9cnico da Sele\u00e7\u00e3o Brasileira ou do Real Madrid.<br><br>O alem\u00e3o est\u00e1 incomodado pois se sente cada vez mais desgastado na fun\u00e7\u00e3o de diretor global de futebol da Red\u2026 <a href=\"https:\/\/t.co\/amCTj0pZBF\">pic.twitter.com\/amCTj0pZBF<\/a><\/p>&mdash; Planeta do Futebol \ud83c\udf0e (@futebol_info) <a href=\"https:\/\/twitter.com\/futebol_info\/status\/1912513168707838125?ref_src=twsrc%5Etfw\">April 16, 2025<\/a><\/blockquote> <script async src=\"https:\/\/platform.twitter.com\/widgets.js\" charset=\"utf-8\"><\/script>\n\n\n\n<p>Enquanto cumpria essa agenda no interior paulista, conversas nos bastidores revelaram que Klopp est\u00e1 aberto a deixar seu atual cargo. Conforme relatos de pessoas pr\u00f3ximas ao treinador, ele s\u00f3 aceitaria iniciar uma nova trajet\u00f3ria profissional em dois destinos espec\u00edficos: a sele\u00e7\u00e3o brasileira ou o Real Madrid. Essa afirma\u00e7\u00e3o surge no momento em que a CBF busca um substituto para Dorival J\u00fanior e analisa nomes como Carlo Ancelotti e Jorge Jesus.<\/p>\n\n\n\n<p>Apesar da disponibilidade de Klopp, a CBF ainda n\u00e3o fez nenhum contato formal com o alem\u00e3o. No entanto, Jorge Jesus sinalizou nos bastidores que pode estar livre para negocia\u00e7\u00f5es a partir de maio, enquanto Ancelotti, mesmo com contrato at\u00e9 junho de 2026 com o Real Madrid, pode ser demitido antes da disputa do Super Mundial de Clubes.<\/p>\n\n\n\n<p>A visita de Klopp ao Brasil se estendeu tamb\u00e9m para os gramados. Ele esteve no Allianz Parque para acompanhar o empate sem gols entre Palmeiras e Bragantino e marcou presen\u00e7a em jogos das categorias de base. Al\u00e9m disso, planejava assistir a Bragantino x Novorizontino, previsto para sexta-feira (31 de janeiro), \u00e0s 19h30 (hor\u00e1rio de Bras\u00edlia), no est\u00e1dio Nabi Abi Chedid.<\/p>\n\n\n\n<p>Klopp, que construiu sua reputa\u00e7\u00e3o em projetos de longo prazo no Mainz, Borussia Dortmund e Liverpool, recebe entre 12 e 14 milh\u00f5es de euros anuais em sua fun\u00e7\u00e3o atual. Todavia, a insatisfa\u00e7\u00e3o com a rotina corporativa dentro da Red Bull tem sido constante nas \u00faltimas semanas. &#8220;O ambiente mudou, e Klopp sente que talvez seja o momento de reavaliar sua fun\u00e7\u00e3o no futebol&#8221;, comentou uma fonte ligada \u00e0 estrutura do grupo.<\/p>\n\n\n\n<p>Portanto, mesmo que ainda sem movimenta\u00e7\u00f5es oficiais, o nome de Klopp come\u00e7a a circular nos bastidores da elite do futebol internacional. Seja no banco de reservas da sele\u00e7\u00e3o brasileira, seja no comando de um gigante europeu, como o Real Madrid, o alem\u00e3o parece disposto a voltar ao protagonismo de forma mais direta no campo.<\/p>\n","protected":false},"excerpt":{"rendered":"<p>A presen\u00e7a de J\u00fcrgen Klopp no Brasil, mais especificamente em Atibaia, para visitar o centro de treinamento do Bragantino, despertou aten\u00e7\u00e3o n\u00e3o apenas pela figura carism\u00e1tica do treinador alem\u00e3o, mas principalmente pelo contexto em que essa visita ocorreu. Atualmente exercendo a fun\u00e7\u00e3o de diretor global de futebol da Red Bull, Klopp demonstrou, nos bastidores, sinais [&hellip;]<\/p>\n","protected":false},"author":27,"featured_media":119255,"comment_status":"open","ping_status":"closed","sticky":false,"template":"","format":"standard","meta":{"footnotes":""},"categories":[478,88],"tags":[],"class_list":["post-254307","post","type-post","status-publish","format-standard","has-post-thumbnail","hentry","category-brasil","category-real-madrid"],"yoast_head":"<!-- This site is optimized with the Yoast SEO Premium plugin v24.2 (Yoast SEO v26.9) - https:\/\/yoast.com\/product\/yoast-seo-premium-wordpress\/ -->\n<title>AGORA: Klopp aceita assumir a Sele\u00e7\u00e3o Brasileira<\/title>\n<meta name=\"robots\" content=\"index, follow, max-snippet:-1, max-image-preview:large, max-video-preview:-1\" \/>\n<link rel=\"canonical\" href=\"https:\/\/www.gaveanews.com\/index.php\/2025\/04\/16\/agora-klopp-aceita-assumir-a-selecao-brasileira\/\" \/>\n<meta property=\"og:locale\" content=\"pt_BR\" \/>\n<meta property=\"og:type\" content=\"article\" \/>\n<meta property=\"og:title\" content=\"AGORA: Klopp aceita assumir a Sele\u00e7\u00e3o Brasileira\" \/>\n<meta property=\"og:description\" content=\"A presen\u00e7a de J\u00fcrgen Klopp no Brasil, mais especificamente em Atibaia, para visitar o centro de treinamento do Bragantino, despertou aten\u00e7\u00e3o n\u00e3o apenas pela figura carism\u00e1tica do treinador alem\u00e3o, mas principalmente pelo contexto em que essa visita ocorreu. Atualmente exercendo a fun\u00e7\u00e3o de diretor global de futebol da Red Bull, Klopp demonstrou, nos bastidores, sinais [&hellip;]\" \/>\n<meta property=\"og:url\" content=\"https:\/\/www.gaveanews.com\/index.php\/2025\/04\/16\/agora-klopp-aceita-assumir-a-selecao-brasileira\/\" \/>\n<meta property=\"og:site_name\" content=\"G\u00e1vea News\" \/>\n<meta property=\"article:publisher\" content=\"https:\/\/facebook.com\/gaveaNews\/\" \/>\n<meta property=\"article:published_time\" content=\"2025-04-16T15:30:00+00:00\" \/>\n<meta property=\"og:image\" content=\"https:\/\/www.gaveanews.com\/wp-content\/uploads\/Jurgen-Klopp-vibra-durante-um-jogo-do-Liverpool-edited.webp\" \/>\n\t<meta property=\"og:image:width\" content=\"1280\" \/>\n\t<meta property=\"og:image:height\" content=\"853\" \/>\n\t<meta property=\"og:image:type\" content=\"image\/jpeg\" \/>\n<meta name=\"author\" content=\"Matheus Felipe\" \/>\n<meta name=\"twitter:card\" content=\"summary_large_image\" \/>\n<meta name=\"twitter:label1\" content=\"Escrito por\" \/>\n\t<meta name=\"twitter:data1\" content=\"Matheus Felipe\" \/>\n\t<meta name=\"twitter:label2\" content=\"Est. tempo de leitura\" \/>\n\t<meta name=\"twitter:data2\" content=\"3 minutos\" \/>\n<script type=\"application\/ld+json\" class=\"yoast-schema-graph\">{\"@context\":\"https:\/\/schema.org\",\"@graph\":[{\"@type\":\"NewsArticle\",\"@id\":\"https:\/\/www.gaveanews.com\/index.php\/2025\/04\/16\/agora-klopp-aceita-assumir-a-selecao-brasileira\/#article\",\"isPartOf\":{\"@id\":\"https:\/\/www.gaveanews.com\/index.php\/2025\/04\/16\/agora-klopp-aceita-assumir-a-selecao-brasileira\/\"},\"author\":{\"name\":\"Matheus Felipe\",\"@id\":\"https:\/\/www.gaveanews.com\/#\/schema\/person\/8207cd4627f56151707418bfc835b2fb\"},\"headline\":\"AGORA: Klopp aceita assumir a Sele\u00e7\u00e3o Brasileira\",\"datePublished\":\"2025-04-16T15:30:00+00:00\",\"mainEntityOfPage\":{\"@id\":\"https:\/\/www.gaveanews.com\/index.php\/2025\/04\/16\/agora-klopp-aceita-assumir-a-selecao-brasileira\/\"},\"wordCount\":553,\"commentCount\":0,\"image\":{\"@id\":\"https:\/\/www.gaveanews.com\/index.php\/2025\/04\/16\/agora-klopp-aceita-assumir-a-selecao-brasileira\/#primaryimage\"},\"thumbnailUrl\":\"https:\/\/www.gaveanews.com\/wp-content\/uploads\/Jurgen-Klopp-vibra-durante-um-jogo-do-Liverpool-edited.webp\",\"articleSection\":[\"Brasil\",\"Real Madrid\"],\"inLanguage\":\"pt-BR\",\"potentialAction\":[{\"@type\":\"CommentAction\",\"name\":\"Comment\",\"target\":[\"https:\/\/www.gaveanews.com\/index.php\/2025\/04\/16\/agora-klopp-aceita-assumir-a-selecao-brasileira\/#respond\"]}],\"copyrightYear\":\"2025\",\"copyrightHolder\":{\"@id\":\"https:\/\/www.gaveanews.com\/#organization\"}},{\"@type\":\"WebPage\",\"@id\":\"https:\/\/www.gaveanews.com\/index.php\/2025\/04\/16\/agora-klopp-aceita-assumir-a-selecao-brasileira\/\",\"url\":\"https:\/\/www.gaveanews.com\/index.php\/2025\/04\/16\/agora-klopp-aceita-assumir-a-selecao-brasileira\/\",\"name\":\"AGORA: Klopp aceita assumir a Sele\u00e7\u00e3o Brasileira\",\"isPartOf\":{\"@id\":\"https:\/\/www.gaveanews.com\/#website\"},\"primaryImageOfPage\":{\"@id\":\"https:\/\/www.gaveanews.com\/index.php\/2025\/04\/16\/agora-klopp-aceita-assumir-a-selecao-brasileira\/#primaryimage\"},\"image\":{\"@id\":\"https:\/\/www.gaveanews.com\/index.php\/2025\/04\/16\/agora-klopp-aceita-assumir-a-selecao-brasileira\/#primaryimage\"},\"thumbnailUrl\":\"https:\/\/www.gaveanews.com\/wp-content\/uploads\/Jurgen-Klopp-vibra-durante-um-jogo-do-Liverpool-edited.webp\",\"datePublished\":\"2025-04-16T15:30:00+00:00\",\"author\":{\"@id\":\"https:\/\/www.gaveanews.com\/#\/schema\/person\/8207cd4627f56151707418bfc835b2fb\"},\"breadcrumb\":{\"@id\":\"https:\/\/www.gaveanews.com\/index.php\/2025\/04\/16\/agora-klopp-aceita-assumir-a-selecao-brasileira\/#breadcrumb\"},\"inLanguage\":\"pt-BR\",\"potentialAction\":[{\"@type\":\"ReadAction\",\"target\":[\"https:\/\/www.gaveanews.com\/index.php\/2025\/04\/16\/agora-klopp-aceita-assumir-a-selecao-brasileira\/\"]}]},{\"@type\":\"ImageObject\",\"inLanguage\":\"pt-BR\",\"@id\":\"https:\/\/www.gaveanews.com\/index.php\/2025\/04\/16\/agora-klopp-aceita-assumir-a-selecao-brasileira\/#primaryimage\",\"url\":\"https:\/\/www.gaveanews.com\/wp-content\/uploads\/Jurgen-Klopp-vibra-durante-um-jogo-do-Liverpool-edited.webp\",\"contentUrl\":\"https:\/\/www.gaveanews.com\/wp-content\/uploads\/Jurgen-Klopp-vibra-durante-um-jogo-do-Liverpool-edited.webp\",\"width\":1280,\"height\":853,\"caption\":\"Jurgen Klopp vibra durante um jogo do Liverpool (Foto: Reprodu\u00e7\u00e3o\/Instagram)\"},{\"@type\":\"BreadcrumbList\",\"@id\":\"https:\/\/www.gaveanews.com\/index.php\/2025\/04\/16\/agora-klopp-aceita-assumir-a-selecao-brasileira\/#breadcrumb\",\"itemListElement\":[{\"@type\":\"ListItem\",\"position\":1,\"name\":\"Home\",\"item\":\"https:\/\/www.gaveanews.com\/\"},{\"@type\":\"ListItem\",\"position\":2,\"name\":\"AGORA: Klopp aceita assumir a Sele\u00e7\u00e3o Brasileira\"}]},{\"@type\":\"WebSite\",\"@id\":\"https:\/\/www.gaveanews.com\/#website\",\"url\":\"https:\/\/www.gaveanews.com\/\",\"name\":\"G\u00e1vea News\",\"description\":\"Veja todas as not\u00edcias sobre o Flamengo: Contrata\u00e7\u00f5es, categorias de base, resultados das partidas, tabela de classifica\u00e7\u00e3o, pr\u00f3ximos jogos!\",\"potentialAction\":[{\"@type\":\"SearchAction\",\"target\":{\"@type\":\"EntryPoint\",\"urlTemplate\":\"https:\/\/www.gaveanews.com\/?s={search_term_string}\"},\"query-input\":{\"@type\":\"PropertyValueSpecification\",\"valueRequired\":true,\"valueName\":\"search_term_string\"}}],\"inLanguage\":\"pt-BR\"},{\"@type\":\"Person\",\"@id\":\"https:\/\/www.gaveanews.com\/#\/schema\/person\/8207cd4627f56151707418bfc835b2fb\",\"name\":\"Matheus Felipe\",\"image\":{\"@type\":\"ImageObject\",\"inLanguage\":\"pt-BR\",\"@id\":\"https:\/\/www.gaveanews.com\/#\/schema\/person\/image\/\",\"url\":\"https:\/\/secure.gravatar.com\/avatar\/a452ffbed9130f726358b298bb3a99ce4bd3c5338411f8440e87e14d74c7c087?s=96&d=mm&r=g\",\"contentUrl\":\"https:\/\/secure.gravatar.com\/avatar\/a452ffbed9130f726358b298bb3a99ce4bd3c5338411f8440e87e14d74c7c087?s=96&d=mm&r=g\",\"caption\":\"Matheus Felipe\"}}]}<\/script>\n<!-- \/ Yoast SEO Premium plugin. -->","yoast_head_json":{"title":"AGORA: Klopp aceita assumir a Sele\u00e7\u00e3o Brasileira","robots":{"index":"index","follow":"follow","max-snippet":"max-snippet:-1","max-image-preview":"max-image-preview:large","max-video-preview":"max-video-preview:-1"},"canonical":"https:\/\/www.gaveanews.com\/index.php\/2025\/04\/16\/agora-klopp-aceita-assumir-a-selecao-brasileira\/","og_locale":"pt_BR","og_type":"article","og_title":"AGORA: Klopp aceita assumir a Sele\u00e7\u00e3o Brasileira","og_description":"A presen\u00e7a de J\u00fcrgen Klopp no Brasil, mais especificamente em Atibaia, para visitar o centro de treinamento do Bragantino, despertou aten\u00e7\u00e3o n\u00e3o apenas pela figura carism\u00e1tica do treinador alem\u00e3o, mas principalmente pelo contexto em que essa visita ocorreu. Atualmente exercendo a fun\u00e7\u00e3o de diretor global de futebol da Red Bull, Klopp demonstrou, nos bastidores, sinais [&hellip;]","og_url":"https:\/\/www.gaveanews.com\/index.php\/2025\/04\/16\/agora-klopp-aceita-assumir-a-selecao-brasileira\/","og_site_name":"G\u00e1vea News","article_publisher":"https:\/\/facebook.com\/gaveaNews\/","article_published_time":"2025-04-16T15:30:00+00:00","og_image":[{"width":1280,"height":853,"url":"https:\/\/www.gaveanews.com\/wp-content\/uploads\/Jurgen-Klopp-vibra-durante-um-jogo-do-Liverpool-edited.webp","type":"image\/jpeg"}],"author":"Matheus Felipe","twitter_card":"summary_large_image","twitter_misc":{"Escrito por":"Matheus Felipe","Est. tempo de leitura":"3 minutos"},"schema":{"@context":"https:\/\/schema.org","@graph":[{"@type":"NewsArticle","@id":"https:\/\/www.gaveanews.com\/index.php\/2025\/04\/16\/agora-klopp-aceita-assumir-a-selecao-brasileira\/#article","isPartOf":{"@id":"https:\/\/www.gaveanews.com\/index.php\/2025\/04\/16\/agora-klopp-aceita-assumir-a-selecao-brasileira\/"},"author":{"name":"Matheus Felipe","@id":"https:\/\/www.gaveanews.com\/#\/schema\/person\/8207cd4627f56151707418bfc835b2fb"},"headline":"AGORA: Klopp aceita assumir a Sele\u00e7\u00e3o Brasileira","datePublished":"2025-04-16T15:30:00+00:00","mainEntityOfPage":{"@id":"https:\/\/www.gaveanews.com\/index.php\/2025\/04\/16\/agora-klopp-aceita-assumir-a-selecao-brasileira\/"},"wordCount":553,"commentCount":0,"image":{"@id":"https:\/\/www.gaveanews.com\/index.php\/2025\/04\/16\/agora-klopp-aceita-assumir-a-selecao-brasileira\/#primaryimage"},"thumbnailUrl":"https:\/\/www.gaveanews.com\/wp-content\/uploads\/Jurgen-Klopp-vibra-durante-um-jogo-do-Liverpool-edited.webp","articleSection":["Brasil","Real Madrid"],"inLanguage":"pt-BR","potentialAction":[{"@type":"CommentAction","name":"Comment","target":["https:\/\/www.gaveanews.com\/index.php\/2025\/04\/16\/agora-klopp-aceita-assumir-a-selecao-brasileira\/#respond"]}],"copyrightYear":"2025","copyrightHolder":{"@id":"https:\/\/www.gaveanews.com\/#organization"}},{"@type":"WebPage","@id":"https:\/\/www.gaveanews.com\/index.php\/2025\/04\/16\/agora-klopp-aceita-assumir-a-selecao-brasileira\/","url":"https:\/\/www.gaveanews.com\/index.php\/2025\/04\/16\/agora-klopp-aceita-assumir-a-selecao-brasileira\/","name":"AGORA: Klopp aceita assumir a Sele\u00e7\u00e3o Brasileira","isPartOf":{"@id":"https:\/\/www.gaveanews.com\/#website"},"primaryImageOfPage":{"@id":"https:\/\/www.gaveanews.com\/index.php\/2025\/04\/16\/agora-klopp-aceita-assumir-a-selecao-brasileira\/#primaryimage"},"image":{"@id":"https:\/\/www.gaveanews.com\/index.php\/2025\/04\/16\/agora-klopp-aceita-assumir-a-selecao-brasileira\/#primaryimage"},"thumbnailUrl":"https:\/\/www.gaveanews.com\/wp-content\/uploads\/Jurgen-Klopp-vibra-durante-um-jogo-do-Liverpool-edited.webp","datePublished":"2025-04-16T15:30:00+00:00","author":{"@id":"https:\/\/www.gaveanews.com\/#\/schema\/person\/8207cd4627f56151707418bfc835b2fb"},"breadcrumb":{"@id":"https:\/\/www.gaveanews.com\/index.php\/2025\/04\/16\/agora-klopp-aceita-assumir-a-selecao-brasileira\/#breadcrumb"},"inLanguage":"pt-BR","potentialAction":[{"@type":"ReadAction","target":["https:\/\/www.gaveanews.com\/index.php\/2025\/04\/16\/agora-klopp-aceita-assumir-a-selecao-brasileira\/"]}]},{"@type":"ImageObject","inLanguage":"pt-BR","@id":"https:\/\/www.gaveanews.com\/index.php\/2025\/04\/16\/agora-klopp-aceita-assumir-a-selecao-brasileira\/#primaryimage","url":"https:\/\/www.gaveanews.com\/wp-content\/uploads\/Jurgen-Klopp-vibra-durante-um-jogo-do-Liverpool-edited.webp","contentUrl":"https:\/\/www.gaveanews.com\/wp-content\/uploads\/Jurgen-Klopp-vibra-durante-um-jogo-do-Liverpool-edited.webp","width":1280,"height":853,"caption":"Jurgen Klopp vibra durante um jogo do Liverpool (Foto: Reprodu\u00e7\u00e3o\/Instagram)"},{"@type":"BreadcrumbList","@id":"https:\/\/www.gaveanews.com\/index.php\/2025\/04\/16\/agora-klopp-aceita-assumir-a-selecao-brasileira\/#breadcrumb","itemListElement":[{"@type":"ListItem","position":1,"name":"Home","item":"https:\/\/www.gaveanews.com\/"},{"@type":"ListItem","position":2,"name":"AGORA: Klopp aceita assumir a Sele\u00e7\u00e3o Brasileira"}]},{"@type":"WebSite","@id":"https:\/\/www.gaveanews.com\/#website","url":"https:\/\/www.gaveanews.com\/","name":"G\u00e1vea News","description":"Veja todas as not\u00edcias sobre o Flamengo: Contrata\u00e7\u00f5es, categorias de base, resultados das partidas, tabela de classifica\u00e7\u00e3o, pr\u00f3ximos jogos!","potentialAction":[{"@type":"SearchAction","target":{"@type":"EntryPoint","urlTemplate":"https:\/\/www.gaveanews.com\/?s={search_term_string}"},"query-input":{"@type":"PropertyValueSpecification","valueRequired":true,"valueName":"search_term_string"}}],"inLanguage":"pt-BR"},{"@type":"Person","@id":"https:\/\/www.gaveanews.com\/#\/schema\/person\/8207cd4627f56151707418bfc835b2fb","name":"Matheus Felipe","image":{"@type":"ImageObject","inLanguage":"pt-BR","@id":"https:\/\/www.gaveanews.com\/#\/schema\/person\/image\/","url":"https:\/\/secure.gravatar.com\/avatar\/a452ffbed9130f726358b298bb3a99ce4bd3c5338411f8440e87e14d74c7c087?s=96&d=mm&r=g","contentUrl":"https:\/\/secure.gravatar.com\/avatar\/a452ffbed9130f726358b298bb3a99ce4bd3c5338411f8440e87e14d74c7c087?s=96&d=mm&r=g","caption":"Matheus Felipe"}}]}},"_links":{"self":[{"href":"https:\/\/www.gaveanews.com\/index.php\/wp-json\/wp\/v2\/posts\/254307","targetHints":{"allow":["GET"]}}],"collection":[{"href":"https:\/\/www.gaveanews.com\/index.php\/wp-json\/wp\/v2\/posts"}],"about":[{"href":"https:\/\/www.gaveanews.com\/index.php\/wp-json\/wp\/v2\/types\/post"}],"author":[{"embeddable":true,"href":"https:\/\/www.gaveanews.com\/index.php\/wp-json\/wp\/v2\/users\/27"}],"replies":[{"embeddable":true,"href":"https:\/\/www.gaveanews.com\/index.php\/wp-json\/wp\/v2\/comments?post=254307"}],"version-history":[{"count":1,"href":"https:\/\/www.gaveanews.com\/index.php\/wp-json\/wp\/v2\/posts\/254307\/revisions"}],"predecessor-version":[{"id":254322,"href":"https:\/\/www.gaveanews.com\/index.php\/wp-json\/wp\/v2\/posts\/254307\/revisions\/254322"}],"wp:featuredmedia":[{"embeddable":true,"href":"https:\/\/www.gaveanews.com\/index.php\/wp-json\/wp\/v2\/media\/119255"}],"wp:attachment":[{"href":"https:\/\/www.gaveanews.com\/index.php\/wp-json\/wp\/v2\/media?parent=254307"}],"wp:term":[{"taxonomy":"category","embeddable":true,"href":"https:\/\/www.gaveanews.com\/index.php\/wp-json\/wp\/v2\/categories?post=254307"},{"taxonomy":"post_tag","embeddable":true,"href":"https:\/\/www.gaveanews.com\/index.php\/wp-json\/wp\/v2\/tags?post=254307"}],"curies":[{"name":"wp","href":"https:\/\/api.w.org\/{rel}","templated":true}]}}