{"id":254330,"date":"2025-04-16T12:45:00","date_gmt":"2025-04-16T15:45:00","guid":{"rendered":"https:\/\/www.gaveanews.com\/?p=254330"},"modified":"2025-04-16T12:07:35","modified_gmt":"2025-04-16T15:07:35","slug":"a-declaracao-de-galvao-bueno-direcionada-a-filipe-luis-do-flamengo-3","status":"publish","type":"post","link":"https:\/\/www.gaveanews.com\/index.php\/2025\/04\/16\/a-declaracao-de-galvao-bueno-direcionada-a-filipe-luis-do-flamengo-3\/","title":{"rendered":"A declara\u00e7\u00e3o de Galv\u00e3o Bueno direcionada a Filipe Lu\u00eds, do Flamengo"},"content":{"rendered":"\n<p>Filipe Lu\u00eds tem mostrado, desde sua chegada ao Flamengo, que possui uma vis\u00e3o estrat\u00e9gica e um talento \u00edmpar para comandar a equipe. Al\u00e9m disso, os resultados n\u00e3o mentem: o treinador levou o clube a tr\u00eas t\u00edtulos e apenas duas derrotas em sua passagem at\u00e9 o momento, comprovando sua compet\u00eancia \u00e0 frente do time.&nbsp;<\/p>\n\n\n\n<p>Esses n\u00fameros destacam o trabalho s\u00f3lido e a capacidade de Filipe de manter a equipe motivada e focada, mesmo em momentos adversos, como o ocorrido ap\u00f3s a derrota para o Central C\u00f3rdoba.&nbsp;<\/p>\n\n\n\n<p>Dessa maneira, ao vencer o Gr\u00eamio por 2 a 0 e assumir a lideran\u00e7a do Campeonato Brasileiro, o Flamengo mostra que a escolha por Filipe Lu\u00eds foi acertada.<\/p>\n\n\n\n<h2 class=\"wp-block-heading\" id=\"h-o-sonho-europeu-de-filipe-luis\">O sonho europeu de Filipe Lu\u00eds<\/h2>\n\n\n\n<figure class=\"wp-block-image size-large\"><img loading=\"lazy\" decoding=\"async\" width=\"1024\" height=\"683\" src=\"http:\/\/www.gaveanews.com\/wp-content\/uploads\/Filipe-Luis-como-tecnico-do-Flamengo-em-2024-1024x683.webp\" alt=\"\" class=\"wp-image-171213\" srcset=\"https:\/\/www.gaveanews.com\/wp-content\/uploads\/Filipe-Luis-como-tecnico-do-Flamengo-em-2024-1024x683.webp 1024w, https:\/\/www.gaveanews.com\/wp-content\/uploads\/Filipe-Luis-como-tecnico-do-Flamengo-em-2024-300x200.webp 300w, https:\/\/www.gaveanews.com\/wp-content\/uploads\/Filipe-Luis-como-tecnico-do-Flamengo-em-2024-768x512.webp 768w, https:\/\/www.gaveanews.com\/wp-content\/uploads\/Filipe-Luis-como-tecnico-do-Flamengo-em-2024-630x420.webp 630w, https:\/\/www.gaveanews.com\/wp-content\/uploads\/Filipe-Luis-como-tecnico-do-Flamengo-em-2024-640x427.webp 640w, https:\/\/www.gaveanews.com\/wp-content\/uploads\/Filipe-Luis-como-tecnico-do-Flamengo-em-2024-681x454.webp 681w, https:\/\/www.gaveanews.com\/wp-content\/uploads\/Filipe-Luis-como-tecnico-do-Flamengo-em-2024-100x67.webp 100w, https:\/\/www.gaveanews.com\/wp-content\/uploads\/Filipe-Luis-como-tecnico-do-Flamengo-em-2024.webp 1065w\" sizes=\"auto, (max-width: 1024px) 100vw, 1024px\" \/><figcaption class=\"wp-element-caption\">Filipe Lu\u00eds como t\u00e9cnico do Flamengo em 2024 (Foto: Gilvan de Souza e Marcelo Cortes \/ CRF)<\/figcaption><\/figure>\n\n\n\n<p>Em uma revela\u00e7\u00e3o recente, Galv\u00e3o Bueno, durante o programa Bem, Amigos, compartilhou um desejo de Filipe Lu\u00eds: o desejo de treinar na Europa. <\/p>\n\n\n\n<p>\u201cO sonho dele, que ele me disse, \u00e9 dirigir um clube na Europa. Ele tem a tal da orelhuda (ta\u00e7a da Champions League) na cabe\u00e7a dele. Que ele foi duas vezes para a final (\u2026) ent\u00e3o ele tem (esse desejo)\u201d, disse Galv\u00e3o.<\/p>\n\n\n\n<p>Sendo assim, n\u00e3o \u00e9 surpresa que Filipe busque novas oportunidades no Velho Continente, especialmente considerando sua flu\u00eancia em espanhol e ingl\u00eas, al\u00e9m da longa carreira que teve em clubes europeus.<\/p>\n\n\n\n<h2 class=\"wp-block-heading\" id=\"h-atletico-de-madrid-na-mira-de-filipe-luis\">Atl\u00e9tico de Madrid na mira de Filipe Lu\u00eds<\/h2>\n\n\n\n<p>Com isso, as portas para o futebol europeu est\u00e3o mais do que abertas para Filipe Lu\u00eds, especialmente para o Atl\u00e9tico de Madrid. O clube espanhol tem monitorado o treinador h\u00e1 algum tempo, com a inten\u00e7\u00e3o de v\u00ea-lo como o sucessor de Diego Simeone, grande \u00eddolo da equipe.&nbsp;<\/p>\n\n\n\n<p>Filipe tem experi\u00eancia, respeito e uma hist\u00f3ria consolidada no Velho Continente, o que o coloca como um nome forte para a continuidade do trabalho de Simeone no Atl\u00e9tico.<\/p>\n\n\n\n<h2 class=\"wp-block-heading\" id=\"h-a-renovacao-com-o-flamengo\">A renova\u00e7\u00e3o com o Flamengo<\/h2>\n\n\n\n<p>Apesar de ser especulado sobre sua poss\u00edvel sa\u00edda, Filipe Lu\u00eds tem contrato com o Flamengo at\u00e9 dezembro deste ano. O processo de renova\u00e7\u00e3o est\u00e1 em andamento, mas ainda n\u00e3o h\u00e1 um acordo fechado.&nbsp;<\/p>\n\n\n\n<p>Cabe ressaltar que, enquanto isso, o treinador segue firme no comando do Meng\u00e3o, mantendo sua convic\u00e7\u00e3o e n\u00e3o se deixando abalar pelas especula\u00e7\u00f5es sobre seu futuro.&nbsp;<\/p>\n\n\n\n<p>Por isso, o Flamengo continua a apostar em sua lideran\u00e7a, enquanto Filipe segue planejando seu caminho, com um olho no Brasil e outro na Europa.<\/p>\n","protected":false},"excerpt":{"rendered":"<p>Filipe Lu\u00eds tem mostrado, desde sua chegada ao Flamengo, que possui uma vis\u00e3o estrat\u00e9gica e um talento \u00edmpar para comandar a equipe. Al\u00e9m disso, os resultados n\u00e3o mentem: o treinador levou o clube a tr\u00eas t\u00edtulos e apenas duas derrotas em sua passagem at\u00e9 o momento, comprovando sua compet\u00eancia \u00e0 frente do time.&nbsp; Esses n\u00fameros [&hellip;]<\/p>\n","protected":false},"author":25,"featured_media":171275,"comment_status":"open","ping_status":"closed","sticky":false,"template":"","format":"standard","meta":{"footnotes":""},"categories":[1],"tags":[],"class_list":["post-254330","post","type-post","status-publish","format-standard","has-post-thumbnail","hentry","category-flamengo"],"yoast_head":"<!-- This site is optimized with the Yoast SEO Premium plugin v24.2 (Yoast SEO v26.9) - https:\/\/yoast.com\/product\/yoast-seo-premium-wordpress\/ -->\n<title>A declara\u00e7\u00e3o de Galv\u00e3o Bueno direcionada a Filipe Lu\u00eds, do Flamengo<\/title>\n<meta name=\"robots\" content=\"index, follow, max-snippet:-1, max-image-preview:large, max-video-preview:-1\" \/>\n<link rel=\"canonical\" href=\"https:\/\/www.gaveanews.com\/index.php\/2025\/04\/16\/a-declaracao-de-galvao-bueno-direcionada-a-filipe-luis-do-flamengo-3\/\" \/>\n<meta property=\"og:locale\" content=\"pt_BR\" \/>\n<meta property=\"og:type\" content=\"article\" \/>\n<meta property=\"og:title\" content=\"A declara\u00e7\u00e3o de Galv\u00e3o Bueno direcionada a Filipe Lu\u00eds, do Flamengo\" \/>\n<meta property=\"og:description\" content=\"Filipe Lu\u00eds tem mostrado, desde sua chegada ao Flamengo, que possui uma vis\u00e3o estrat\u00e9gica e um talento \u00edmpar para comandar a equipe. Al\u00e9m disso, os resultados n\u00e3o mentem: o treinador levou o clube a tr\u00eas t\u00edtulos e apenas duas derrotas em sua passagem at\u00e9 o momento, comprovando sua compet\u00eancia \u00e0 frente do time.&nbsp; Esses n\u00fameros [&hellip;]\" \/>\n<meta property=\"og:url\" content=\"https:\/\/www.gaveanews.com\/index.php\/2025\/04\/16\/a-declaracao-de-galvao-bueno-direcionada-a-filipe-luis-do-flamengo-3\/\" \/>\n<meta property=\"og:site_name\" content=\"G\u00e1vea News\" \/>\n<meta property=\"article:publisher\" content=\"https:\/\/facebook.com\/gaveaNews\/\" \/>\n<meta property=\"article:published_time\" content=\"2025-04-16T15:45:00+00:00\" \/>\n<meta property=\"og:image\" content=\"https:\/\/www.gaveanews.com\/wp-content\/uploads\/Galvao-Bueno-ex-narrador-do-Grupo-Globo.webp\" \/>\n\t<meta property=\"og:image:width\" content=\"620\" \/>\n\t<meta property=\"og:image:height\" content=\"372\" \/>\n\t<meta property=\"og:image:type\" content=\"image\/webp\" \/>\n<meta name=\"author\" content=\"Rafaela Ladeira\" \/>\n<meta name=\"twitter:card\" content=\"summary_large_image\" \/>\n<meta name=\"twitter:label1\" content=\"Escrito por\" \/>\n\t<meta name=\"twitter:data1\" content=\"Rafaela Ladeira\" \/>\n\t<meta name=\"twitter:label2\" content=\"Est. tempo de leitura\" \/>\n\t<meta name=\"twitter:data2\" content=\"3 minutos\" \/>\n<script type=\"application\/ld+json\" class=\"yoast-schema-graph\">{\"@context\":\"https:\/\/schema.org\",\"@graph\":[{\"@type\":\"NewsArticle\",\"@id\":\"https:\/\/www.gaveanews.com\/index.php\/2025\/04\/16\/a-declaracao-de-galvao-bueno-direcionada-a-filipe-luis-do-flamengo-3\/#article\",\"isPartOf\":{\"@id\":\"https:\/\/www.gaveanews.com\/index.php\/2025\/04\/16\/a-declaracao-de-galvao-bueno-direcionada-a-filipe-luis-do-flamengo-3\/\"},\"author\":{\"name\":\"Rafaela Ladeira\",\"@id\":\"https:\/\/www.gaveanews.com\/#\/schema\/person\/0eb3e3fe1754f0205218538adbe8f5ed\"},\"headline\":\"A declara\u00e7\u00e3o de Galv\u00e3o Bueno direcionada a Filipe Lu\u00eds, do Flamengo\",\"datePublished\":\"2025-04-16T15:45:00+00:00\",\"mainEntityOfPage\":{\"@id\":\"https:\/\/www.gaveanews.com\/index.php\/2025\/04\/16\/a-declaracao-de-galvao-bueno-direcionada-a-filipe-luis-do-flamengo-3\/\"},\"wordCount\":464,\"commentCount\":0,\"image\":{\"@id\":\"https:\/\/www.gaveanews.com\/index.php\/2025\/04\/16\/a-declaracao-de-galvao-bueno-direcionada-a-filipe-luis-do-flamengo-3\/#primaryimage\"},\"thumbnailUrl\":\"https:\/\/www.gaveanews.com\/wp-content\/uploads\/Galvao-Bueno-ex-narrador-do-Grupo-Globo.webp\",\"articleSection\":[\"Flamengo\"],\"inLanguage\":\"pt-BR\",\"potentialAction\":[{\"@type\":\"CommentAction\",\"name\":\"Comment\",\"target\":[\"https:\/\/www.gaveanews.com\/index.php\/2025\/04\/16\/a-declaracao-de-galvao-bueno-direcionada-a-filipe-luis-do-flamengo-3\/#respond\"]}],\"copyrightYear\":\"2025\",\"copyrightHolder\":{\"@id\":\"https:\/\/www.gaveanews.com\/#organization\"}},{\"@type\":\"WebPage\",\"@id\":\"https:\/\/www.gaveanews.com\/index.php\/2025\/04\/16\/a-declaracao-de-galvao-bueno-direcionada-a-filipe-luis-do-flamengo-3\/\",\"url\":\"https:\/\/www.gaveanews.com\/index.php\/2025\/04\/16\/a-declaracao-de-galvao-bueno-direcionada-a-filipe-luis-do-flamengo-3\/\",\"name\":\"A declara\u00e7\u00e3o de Galv\u00e3o Bueno direcionada a Filipe Lu\u00eds, do Flamengo\",\"isPartOf\":{\"@id\":\"https:\/\/www.gaveanews.com\/#website\"},\"primaryImageOfPage\":{\"@id\":\"https:\/\/www.gaveanews.com\/index.php\/2025\/04\/16\/a-declaracao-de-galvao-bueno-direcionada-a-filipe-luis-do-flamengo-3\/#primaryimage\"},\"image\":{\"@id\":\"https:\/\/www.gaveanews.com\/index.php\/2025\/04\/16\/a-declaracao-de-galvao-bueno-direcionada-a-filipe-luis-do-flamengo-3\/#primaryimage\"},\"thumbnailUrl\":\"https:\/\/www.gaveanews.com\/wp-content\/uploads\/Galvao-Bueno-ex-narrador-do-Grupo-Globo.webp\",\"datePublished\":\"2025-04-16T15:45:00+00:00\",\"author\":{\"@id\":\"https:\/\/www.gaveanews.com\/#\/schema\/person\/0eb3e3fe1754f0205218538adbe8f5ed\"},\"breadcrumb\":{\"@id\":\"https:\/\/www.gaveanews.com\/index.php\/2025\/04\/16\/a-declaracao-de-galvao-bueno-direcionada-a-filipe-luis-do-flamengo-3\/#breadcrumb\"},\"inLanguage\":\"pt-BR\",\"potentialAction\":[{\"@type\":\"ReadAction\",\"target\":[\"https:\/\/www.gaveanews.com\/index.php\/2025\/04\/16\/a-declaracao-de-galvao-bueno-direcionada-a-filipe-luis-do-flamengo-3\/\"]}]},{\"@type\":\"ImageObject\",\"inLanguage\":\"pt-BR\",\"@id\":\"https:\/\/www.gaveanews.com\/index.php\/2025\/04\/16\/a-declaracao-de-galvao-bueno-direcionada-a-filipe-luis-do-flamengo-3\/#primaryimage\",\"url\":\"https:\/\/www.gaveanews.com\/wp-content\/uploads\/Galvao-Bueno-ex-narrador-do-Grupo-Globo.webp\",\"contentUrl\":\"https:\/\/www.gaveanews.com\/wp-content\/uploads\/Galvao-Bueno-ex-narrador-do-Grupo-Globo.webp\",\"width\":620,\"height\":372,\"caption\":\"Galv\u00e3o Bueno, ex-narrador do Grupo Globo (Foto: Reprodu\u00e7\u00e3o)\"},{\"@type\":\"BreadcrumbList\",\"@id\":\"https:\/\/www.gaveanews.com\/index.php\/2025\/04\/16\/a-declaracao-de-galvao-bueno-direcionada-a-filipe-luis-do-flamengo-3\/#breadcrumb\",\"itemListElement\":[{\"@type\":\"ListItem\",\"position\":1,\"name\":\"Home\",\"item\":\"https:\/\/www.gaveanews.com\/\"},{\"@type\":\"ListItem\",\"position\":2,\"name\":\"A declara\u00e7\u00e3o de Galv\u00e3o Bueno direcionada a Filipe Lu\u00eds, do Flamengo\"}]},{\"@type\":\"WebSite\",\"@id\":\"https:\/\/www.gaveanews.com\/#website\",\"url\":\"https:\/\/www.gaveanews.com\/\",\"name\":\"G\u00e1vea News\",\"description\":\"Veja todas as not\u00edcias sobre o Flamengo: Contrata\u00e7\u00f5es, categorias de base, resultados das partidas, tabela de classifica\u00e7\u00e3o, pr\u00f3ximos jogos!\",\"potentialAction\":[{\"@type\":\"SearchAction\",\"target\":{\"@type\":\"EntryPoint\",\"urlTemplate\":\"https:\/\/www.gaveanews.com\/?s={search_term_string}\"},\"query-input\":{\"@type\":\"PropertyValueSpecification\",\"valueRequired\":true,\"valueName\":\"search_term_string\"}}],\"inLanguage\":\"pt-BR\"},{\"@type\":\"Person\",\"@id\":\"https:\/\/www.gaveanews.com\/#\/schema\/person\/0eb3e3fe1754f0205218538adbe8f5ed\",\"name\":\"Rafaela Ladeira\",\"image\":{\"@type\":\"ImageObject\",\"inLanguage\":\"pt-BR\",\"@id\":\"https:\/\/www.gaveanews.com\/#\/schema\/person\/image\/\",\"url\":\"https:\/\/secure.gravatar.com\/avatar\/c31f513acffd85eacab5730cbdfdbbf59f21ba5aeada8cd890acea879fbb2455?s=96&d=mm&r=g\",\"contentUrl\":\"https:\/\/secure.gravatar.com\/avatar\/c31f513acffd85eacab5730cbdfdbbf59f21ba5aeada8cd890acea879fbb2455?s=96&d=mm&r=g\",\"caption\":\"Rafaela Ladeira\"}}]}<\/script>\n<!-- \/ Yoast SEO Premium plugin. -->","yoast_head_json":{"title":"A declara\u00e7\u00e3o de Galv\u00e3o Bueno direcionada a Filipe Lu\u00eds, do Flamengo","robots":{"index":"index","follow":"follow","max-snippet":"max-snippet:-1","max-image-preview":"max-image-preview:large","max-video-preview":"max-video-preview:-1"},"canonical":"https:\/\/www.gaveanews.com\/index.php\/2025\/04\/16\/a-declaracao-de-galvao-bueno-direcionada-a-filipe-luis-do-flamengo-3\/","og_locale":"pt_BR","og_type":"article","og_title":"A declara\u00e7\u00e3o de Galv\u00e3o Bueno direcionada a Filipe Lu\u00eds, do Flamengo","og_description":"Filipe Lu\u00eds tem mostrado, desde sua chegada ao Flamengo, que possui uma vis\u00e3o estrat\u00e9gica e um talento \u00edmpar para comandar a equipe. Al\u00e9m disso, os resultados n\u00e3o mentem: o treinador levou o clube a tr\u00eas t\u00edtulos e apenas duas derrotas em sua passagem at\u00e9 o momento, comprovando sua compet\u00eancia \u00e0 frente do time.&nbsp; Esses n\u00fameros [&hellip;]","og_url":"https:\/\/www.gaveanews.com\/index.php\/2025\/04\/16\/a-declaracao-de-galvao-bueno-direcionada-a-filipe-luis-do-flamengo-3\/","og_site_name":"G\u00e1vea News","article_publisher":"https:\/\/facebook.com\/gaveaNews\/","article_published_time":"2025-04-16T15:45:00+00:00","og_image":[{"width":620,"height":372,"url":"https:\/\/www.gaveanews.com\/wp-content\/uploads\/Galvao-Bueno-ex-narrador-do-Grupo-Globo.webp","type":"image\/webp"}],"author":"Rafaela Ladeira","twitter_card":"summary_large_image","twitter_misc":{"Escrito por":"Rafaela Ladeira","Est. tempo de leitura":"3 minutos"},"schema":{"@context":"https:\/\/schema.org","@graph":[{"@type":"NewsArticle","@id":"https:\/\/www.gaveanews.com\/index.php\/2025\/04\/16\/a-declaracao-de-galvao-bueno-direcionada-a-filipe-luis-do-flamengo-3\/#article","isPartOf":{"@id":"https:\/\/www.gaveanews.com\/index.php\/2025\/04\/16\/a-declaracao-de-galvao-bueno-direcionada-a-filipe-luis-do-flamengo-3\/"},"author":{"name":"Rafaela Ladeira","@id":"https:\/\/www.gaveanews.com\/#\/schema\/person\/0eb3e3fe1754f0205218538adbe8f5ed"},"headline":"A declara\u00e7\u00e3o de Galv\u00e3o Bueno direcionada a Filipe Lu\u00eds, do Flamengo","datePublished":"2025-04-16T15:45:00+00:00","mainEntityOfPage":{"@id":"https:\/\/www.gaveanews.com\/index.php\/2025\/04\/16\/a-declaracao-de-galvao-bueno-direcionada-a-filipe-luis-do-flamengo-3\/"},"wordCount":464,"commentCount":0,"image":{"@id":"https:\/\/www.gaveanews.com\/index.php\/2025\/04\/16\/a-declaracao-de-galvao-bueno-direcionada-a-filipe-luis-do-flamengo-3\/#primaryimage"},"thumbnailUrl":"https:\/\/www.gaveanews.com\/wp-content\/uploads\/Galvao-Bueno-ex-narrador-do-Grupo-Globo.webp","articleSection":["Flamengo"],"inLanguage":"pt-BR","potentialAction":[{"@type":"CommentAction","name":"Comment","target":["https:\/\/www.gaveanews.com\/index.php\/2025\/04\/16\/a-declaracao-de-galvao-bueno-direcionada-a-filipe-luis-do-flamengo-3\/#respond"]}],"copyrightYear":"2025","copyrightHolder":{"@id":"https:\/\/www.gaveanews.com\/#organization"}},{"@type":"WebPage","@id":"https:\/\/www.gaveanews.com\/index.php\/2025\/04\/16\/a-declaracao-de-galvao-bueno-direcionada-a-filipe-luis-do-flamengo-3\/","url":"https:\/\/www.gaveanews.com\/index.php\/2025\/04\/16\/a-declaracao-de-galvao-bueno-direcionada-a-filipe-luis-do-flamengo-3\/","name":"A declara\u00e7\u00e3o de Galv\u00e3o Bueno direcionada a Filipe Lu\u00eds, do Flamengo","isPartOf":{"@id":"https:\/\/www.gaveanews.com\/#website"},"primaryImageOfPage":{"@id":"https:\/\/www.gaveanews.com\/index.php\/2025\/04\/16\/a-declaracao-de-galvao-bueno-direcionada-a-filipe-luis-do-flamengo-3\/#primaryimage"},"image":{"@id":"https:\/\/www.gaveanews.com\/index.php\/2025\/04\/16\/a-declaracao-de-galvao-bueno-direcionada-a-filipe-luis-do-flamengo-3\/#primaryimage"},"thumbnailUrl":"https:\/\/www.gaveanews.com\/wp-content\/uploads\/Galvao-Bueno-ex-narrador-do-Grupo-Globo.webp","datePublished":"2025-04-16T15:45:00+00:00","author":{"@id":"https:\/\/www.gaveanews.com\/#\/schema\/person\/0eb3e3fe1754f0205218538adbe8f5ed"},"breadcrumb":{"@id":"https:\/\/www.gaveanews.com\/index.php\/2025\/04\/16\/a-declaracao-de-galvao-bueno-direcionada-a-filipe-luis-do-flamengo-3\/#breadcrumb"},"inLanguage":"pt-BR","potentialAction":[{"@type":"ReadAction","target":["https:\/\/www.gaveanews.com\/index.php\/2025\/04\/16\/a-declaracao-de-galvao-bueno-direcionada-a-filipe-luis-do-flamengo-3\/"]}]},{"@type":"ImageObject","inLanguage":"pt-BR","@id":"https:\/\/www.gaveanews.com\/index.php\/2025\/04\/16\/a-declaracao-de-galvao-bueno-direcionada-a-filipe-luis-do-flamengo-3\/#primaryimage","url":"https:\/\/www.gaveanews.com\/wp-content\/uploads\/Galvao-Bueno-ex-narrador-do-Grupo-Globo.webp","contentUrl":"https:\/\/www.gaveanews.com\/wp-content\/uploads\/Galvao-Bueno-ex-narrador-do-Grupo-Globo.webp","width":620,"height":372,"caption":"Galv\u00e3o Bueno, ex-narrador do Grupo Globo (Foto: Reprodu\u00e7\u00e3o)"},{"@type":"BreadcrumbList","@id":"https:\/\/www.gaveanews.com\/index.php\/2025\/04\/16\/a-declaracao-de-galvao-bueno-direcionada-a-filipe-luis-do-flamengo-3\/#breadcrumb","itemListElement":[{"@type":"ListItem","position":1,"name":"Home","item":"https:\/\/www.gaveanews.com\/"},{"@type":"ListItem","position":2,"name":"A declara\u00e7\u00e3o de Galv\u00e3o Bueno direcionada a Filipe Lu\u00eds, do Flamengo"}]},{"@type":"WebSite","@id":"https:\/\/www.gaveanews.com\/#website","url":"https:\/\/www.gaveanews.com\/","name":"G\u00e1vea News","description":"Veja todas as not\u00edcias sobre o Flamengo: Contrata\u00e7\u00f5es, categorias de base, resultados das partidas, tabela de classifica\u00e7\u00e3o, pr\u00f3ximos jogos!","potentialAction":[{"@type":"SearchAction","target":{"@type":"EntryPoint","urlTemplate":"https:\/\/www.gaveanews.com\/?s={search_term_string}"},"query-input":{"@type":"PropertyValueSpecification","valueRequired":true,"valueName":"search_term_string"}}],"inLanguage":"pt-BR"},{"@type":"Person","@id":"https:\/\/www.gaveanews.com\/#\/schema\/person\/0eb3e3fe1754f0205218538adbe8f5ed","name":"Rafaela Ladeira","image":{"@type":"ImageObject","inLanguage":"pt-BR","@id":"https:\/\/www.gaveanews.com\/#\/schema\/person\/image\/","url":"https:\/\/secure.gravatar.com\/avatar\/c31f513acffd85eacab5730cbdfdbbf59f21ba5aeada8cd890acea879fbb2455?s=96&d=mm&r=g","contentUrl":"https:\/\/secure.gravatar.com\/avatar\/c31f513acffd85eacab5730cbdfdbbf59f21ba5aeada8cd890acea879fbb2455?s=96&d=mm&r=g","caption":"Rafaela Ladeira"}}]}},"_links":{"self":[{"href":"https:\/\/www.gaveanews.com\/index.php\/wp-json\/wp\/v2\/posts\/254330","targetHints":{"allow":["GET"]}}],"collection":[{"href":"https:\/\/www.gaveanews.com\/index.php\/wp-json\/wp\/v2\/posts"}],"about":[{"href":"https:\/\/www.gaveanews.com\/index.php\/wp-json\/wp\/v2\/types\/post"}],"author":[{"embeddable":true,"href":"https:\/\/www.gaveanews.com\/index.php\/wp-json\/wp\/v2\/users\/25"}],"replies":[{"embeddable":true,"href":"https:\/\/www.gaveanews.com\/index.php\/wp-json\/wp\/v2\/comments?post=254330"}],"version-history":[{"count":1,"href":"https:\/\/www.gaveanews.com\/index.php\/wp-json\/wp\/v2\/posts\/254330\/revisions"}],"predecessor-version":[{"id":254336,"href":"https:\/\/www.gaveanews.com\/index.php\/wp-json\/wp\/v2\/posts\/254330\/revisions\/254336"}],"wp:featuredmedia":[{"embeddable":true,"href":"https:\/\/www.gaveanews.com\/index.php\/wp-json\/wp\/v2\/media\/171275"}],"wp:attachment":[{"href":"https:\/\/www.gaveanews.com\/index.php\/wp-json\/wp\/v2\/media?parent=254330"}],"wp:term":[{"taxonomy":"category","embeddable":true,"href":"https:\/\/www.gaveanews.com\/index.php\/wp-json\/wp\/v2\/categories?post=254330"},{"taxonomy":"post_tag","embeddable":true,"href":"https:\/\/www.gaveanews.com\/index.php\/wp-json\/wp\/v2\/tags?post=254330"}],"curies":[{"name":"wp","href":"https:\/\/api.w.org\/{rel}","templated":true}]}}