{"id":254449,"date":"2025-04-16T20:40:00","date_gmt":"2025-04-16T23:40:00","guid":{"rendered":"https:\/\/www.gaveanews.com\/?p=254449"},"modified":"2025-04-16T15:23:17","modified_gmt":"2025-04-16T18:23:17","slug":"a-declaracao-de-ferreirinha-sobre-a-boa-fase-no-sao-paulo","status":"publish","type":"post","link":"https:\/\/www.gaveanews.com\/index.php\/2025\/04\/16\/a-declaracao-de-ferreirinha-sobre-a-boa-fase-no-sao-paulo\/","title":{"rendered":"A declara\u00e7\u00e3o de Ferreirinha sobre a boa fase no S\u00e3o Paulo"},"content":{"rendered":"\n<p>Ferreirinha, atacante do S\u00e3o Paulo, tem vivido um \u00f3timo momento na temporada, e uma recente declara\u00e7\u00e3o sua gerou muito burburinho nas redes sociais.&nbsp;<\/p>\n\n\n\n<p>Durante o programa Os Donos da Bola, Neto fez uma aposta inusitada: &#8220;Nesse ano, se o Ferreirinha fizer 10 gols, eu venho pelado aqui. Se a Band deixar, eu venho de tanguinha de oncinha&#8221;.&nbsp;<\/p>\n\n\n\n<p>A promessa do ex-jogador, feita em tom de brincadeira, pegou fogo entre torcedores e jornalistas, gerando um aumento no engajamento nas redes sociais.<\/p>\n\n\n\n<h2 class=\"wp-block-heading\" id=\"h-ferreirinha-embala-na-temporada\">Ferreirinha embala na temporada<\/h2>\n\n\n\n<p>Ao longo da temporada, o camisa 11 do S\u00e3o Paulo teve um in\u00edcio discreto, sem marcar gols nas primeiras 12 partidas. No entanto, ele se destacou nas \u00faltimas rodadas, anotando tr\u00eas gols, se tornando pe\u00e7a essencial para o time.&nbsp;<\/p>\n\n\n\n<p>Ao ser questionado sobre metas para a temporada, Ferreirinha foi direto: &#8220;Eu nunca coloco uma meta, um n\u00famero limite. Sempre quero fazer o m\u00e1ximo de gols poss\u00edveis&#8221;, afirmou. Isso porque, para o atacante, a ambi\u00e7\u00e3o de crescer como jogador \u00e9 cont\u00ednua. &#8220;Se voc\u00ea faz oito, quer fazer nove. Se faz nove, quer fazer 10, 11, 12 e assim por diante&#8221;, completou o jogador, mostrando um desejo insaci\u00e1vel de evolu\u00e7\u00e3o.<\/p>\n\n\n\n<p>Vale destacar que, al\u00e9m de seu entrosamento com a equipe, Ferreirinha teve um momento marcante ao fazer dois gols na Libertadores, competi\u00e7\u00e3o pela qual sempre sonhou.&nbsp;<\/p>\n\n\n\n<p>&#8220;Eu falava que um dia iria fazer um gol (na Libertadores) e iria comemorar l\u00e1 no s\u00edmbolo&#8221;, disse ele, destacando sua emo\u00e7\u00e3o ao realizar um sonho de inf\u00e2ncia.<\/p>\n\n\n\n<h2 class=\"wp-block-heading\" id=\"h-entrosamento-com-lucas-ferreira-promete-boas-surpresas\">Entrosamento com Lucas Ferreira promete boas surpresas<\/h2>\n\n\n\n<p>Al\u00e9m disso, Ferreirinha tem demonstrado grande sintonia com seu xar\u00e1 Lucas Ferreira, que tem ganhado destaque nas \u00faltimas partidas. O atacante do S\u00e3o Paulo, que tamb\u00e9m vem sendo titular, tem mostrado grande potencial, principalmente com a perna esquerda. &#8220;\u00c9 o grande diferencial dele&#8221;, destacou Ferreirinha.&nbsp;<\/p>\n\n\n\n<p>Para ele, Lucas Ferreira tem tudo para evoluir ainda mais no S\u00e3o Paulo e, quem sabe, ganhar destaque em grandes clubes da Europa.<\/p>\n\n\n\n<p>Sendo assim, a boa fase de Ferreirinha e sua rela\u00e7\u00e3o com o time mostram que o atacante est\u00e1 no caminho certo. Por isso, a torcida s\u00e3o-paulina aposta em seu crescimento e na promessa de mais gols e grandes momentos dentro de campo. Desse jeito, Ferreirinha se afirma como um dos principais nomes da temporada do Tricolor Paulista.<\/p>\n","protected":false},"excerpt":{"rendered":"<p>Ferreirinha, atacante do S\u00e3o Paulo, tem vivido um \u00f3timo momento na temporada, e uma recente declara\u00e7\u00e3o sua gerou muito burburinho nas redes sociais.&nbsp; Durante o programa Os Donos da Bola, Neto fez uma aposta inusitada: &#8220;Nesse ano, se o Ferreirinha fizer 10 gols, eu venho pelado aqui. Se a Band deixar, eu venho de tanguinha [&hellip;]<\/p>\n","protected":false},"author":25,"featured_media":154249,"comment_status":"open","ping_status":"closed","sticky":false,"template":"","format":"standard","meta":{"footnotes":""},"categories":[151],"tags":[],"class_list":["post-254449","post","type-post","status-publish","format-standard","has-post-thumbnail","hentry","category-sao-paulo"],"yoast_head":"<!-- This site is optimized with the Yoast SEO Premium plugin v24.2 (Yoast SEO v26.9) - https:\/\/yoast.com\/product\/yoast-seo-premium-wordpress\/ -->\n<title>A declara\u00e7\u00e3o de Ferreirinha sobre a boa fase no S\u00e3o Paulo<\/title>\n<meta name=\"robots\" content=\"index, follow, max-snippet:-1, max-image-preview:large, max-video-preview:-1\" \/>\n<link rel=\"canonical\" href=\"https:\/\/www.gaveanews.com\/index.php\/2025\/04\/16\/a-declaracao-de-ferreirinha-sobre-a-boa-fase-no-sao-paulo\/\" \/>\n<meta property=\"og:locale\" content=\"pt_BR\" \/>\n<meta property=\"og:type\" content=\"article\" \/>\n<meta property=\"og:title\" content=\"A declara\u00e7\u00e3o de Ferreirinha sobre a boa fase no S\u00e3o Paulo\" \/>\n<meta property=\"og:description\" content=\"Ferreirinha, atacante do S\u00e3o Paulo, tem vivido um \u00f3timo momento na temporada, e uma recente declara\u00e7\u00e3o sua gerou muito burburinho nas redes sociais.&nbsp; Durante o programa Os Donos da Bola, Neto fez uma aposta inusitada: &#8220;Nesse ano, se o Ferreirinha fizer 10 gols, eu venho pelado aqui. Se a Band deixar, eu venho de tanguinha [&hellip;]\" \/>\n<meta property=\"og:url\" content=\"https:\/\/www.gaveanews.com\/index.php\/2025\/04\/16\/a-declaracao-de-ferreirinha-sobre-a-boa-fase-no-sao-paulo\/\" \/>\n<meta property=\"og:site_name\" content=\"G\u00e1vea News\" \/>\n<meta property=\"article:publisher\" content=\"https:\/\/facebook.com\/gaveaNews\/\" \/>\n<meta property=\"article:published_time\" content=\"2025-04-16T23:40:00+00:00\" \/>\n<meta property=\"og:image\" content=\"https:\/\/www.gaveanews.com\/wp-content\/uploads\/Bandeira-do-Sao-Paulo-no-Morumbis-em-2024.webp\" \/>\n\t<meta property=\"og:image:width\" content=\"1000\" \/>\n\t<meta property=\"og:image:height\" content=\"667\" \/>\n\t<meta property=\"og:image:type\" content=\"image\/webp\" \/>\n<meta name=\"author\" content=\"Rafaela Ladeira\" \/>\n<meta name=\"twitter:card\" content=\"summary_large_image\" \/>\n<meta name=\"twitter:label1\" content=\"Escrito por\" \/>\n\t<meta name=\"twitter:data1\" content=\"Rafaela Ladeira\" \/>\n\t<meta name=\"twitter:label2\" content=\"Est. tempo de leitura\" \/>\n\t<meta name=\"twitter:data2\" content=\"3 minutos\" \/>\n<script type=\"application\/ld+json\" class=\"yoast-schema-graph\">{\"@context\":\"https:\/\/schema.org\",\"@graph\":[{\"@type\":\"NewsArticle\",\"@id\":\"https:\/\/www.gaveanews.com\/index.php\/2025\/04\/16\/a-declaracao-de-ferreirinha-sobre-a-boa-fase-no-sao-paulo\/#article\",\"isPartOf\":{\"@id\":\"https:\/\/www.gaveanews.com\/index.php\/2025\/04\/16\/a-declaracao-de-ferreirinha-sobre-a-boa-fase-no-sao-paulo\/\"},\"author\":{\"name\":\"Rafaela Ladeira\",\"@id\":\"https:\/\/www.gaveanews.com\/#\/schema\/person\/0eb3e3fe1754f0205218538adbe8f5ed\"},\"headline\":\"A declara\u00e7\u00e3o de Ferreirinha sobre a boa fase no S\u00e3o Paulo\",\"datePublished\":\"2025-04-16T23:40:00+00:00\",\"mainEntityOfPage\":{\"@id\":\"https:\/\/www.gaveanews.com\/index.php\/2025\/04\/16\/a-declaracao-de-ferreirinha-sobre-a-boa-fase-no-sao-paulo\/\"},\"wordCount\":412,\"commentCount\":0,\"image\":{\"@id\":\"https:\/\/www.gaveanews.com\/index.php\/2025\/04\/16\/a-declaracao-de-ferreirinha-sobre-a-boa-fase-no-sao-paulo\/#primaryimage\"},\"thumbnailUrl\":\"https:\/\/www.gaveanews.com\/wp-content\/uploads\/Bandeira-do-Sao-Paulo-no-Morumbis-em-2024.webp\",\"articleSection\":[\"S\u00e3o Paulo\"],\"inLanguage\":\"pt-BR\",\"potentialAction\":[{\"@type\":\"CommentAction\",\"name\":\"Comment\",\"target\":[\"https:\/\/www.gaveanews.com\/index.php\/2025\/04\/16\/a-declaracao-de-ferreirinha-sobre-a-boa-fase-no-sao-paulo\/#respond\"]}],\"copyrightYear\":\"2025\",\"copyrightHolder\":{\"@id\":\"https:\/\/www.gaveanews.com\/#organization\"}},{\"@type\":\"WebPage\",\"@id\":\"https:\/\/www.gaveanews.com\/index.php\/2025\/04\/16\/a-declaracao-de-ferreirinha-sobre-a-boa-fase-no-sao-paulo\/\",\"url\":\"https:\/\/www.gaveanews.com\/index.php\/2025\/04\/16\/a-declaracao-de-ferreirinha-sobre-a-boa-fase-no-sao-paulo\/\",\"name\":\"A declara\u00e7\u00e3o de Ferreirinha sobre a boa fase no S\u00e3o Paulo\",\"isPartOf\":{\"@id\":\"https:\/\/www.gaveanews.com\/#website\"},\"primaryImageOfPage\":{\"@id\":\"https:\/\/www.gaveanews.com\/index.php\/2025\/04\/16\/a-declaracao-de-ferreirinha-sobre-a-boa-fase-no-sao-paulo\/#primaryimage\"},\"image\":{\"@id\":\"https:\/\/www.gaveanews.com\/index.php\/2025\/04\/16\/a-declaracao-de-ferreirinha-sobre-a-boa-fase-no-sao-paulo\/#primaryimage\"},\"thumbnailUrl\":\"https:\/\/www.gaveanews.com\/wp-content\/uploads\/Bandeira-do-Sao-Paulo-no-Morumbis-em-2024.webp\",\"datePublished\":\"2025-04-16T23:40:00+00:00\",\"author\":{\"@id\":\"https:\/\/www.gaveanews.com\/#\/schema\/person\/0eb3e3fe1754f0205218538adbe8f5ed\"},\"breadcrumb\":{\"@id\":\"https:\/\/www.gaveanews.com\/index.php\/2025\/04\/16\/a-declaracao-de-ferreirinha-sobre-a-boa-fase-no-sao-paulo\/#breadcrumb\"},\"inLanguage\":\"pt-BR\",\"potentialAction\":[{\"@type\":\"ReadAction\",\"target\":[\"https:\/\/www.gaveanews.com\/index.php\/2025\/04\/16\/a-declaracao-de-ferreirinha-sobre-a-boa-fase-no-sao-paulo\/\"]}]},{\"@type\":\"ImageObject\",\"inLanguage\":\"pt-BR\",\"@id\":\"https:\/\/www.gaveanews.com\/index.php\/2025\/04\/16\/a-declaracao-de-ferreirinha-sobre-a-boa-fase-no-sao-paulo\/#primaryimage\",\"url\":\"https:\/\/www.gaveanews.com\/wp-content\/uploads\/Bandeira-do-Sao-Paulo-no-Morumbis-em-2024.webp\",\"contentUrl\":\"https:\/\/www.gaveanews.com\/wp-content\/uploads\/Bandeira-do-Sao-Paulo-no-Morumbis-em-2024.webp\",\"width\":1000,\"height\":667,\"caption\":\"Bandeira do S\u00e3o Paulo no Morumbis em 2024 (Foto: Reprodu\u00e7\u00e3o\/S\u00e3o Paulo)\"},{\"@type\":\"BreadcrumbList\",\"@id\":\"https:\/\/www.gaveanews.com\/index.php\/2025\/04\/16\/a-declaracao-de-ferreirinha-sobre-a-boa-fase-no-sao-paulo\/#breadcrumb\",\"itemListElement\":[{\"@type\":\"ListItem\",\"position\":1,\"name\":\"Home\",\"item\":\"https:\/\/www.gaveanews.com\/\"},{\"@type\":\"ListItem\",\"position\":2,\"name\":\"A declara\u00e7\u00e3o de Ferreirinha sobre a boa fase no S\u00e3o Paulo\"}]},{\"@type\":\"WebSite\",\"@id\":\"https:\/\/www.gaveanews.com\/#website\",\"url\":\"https:\/\/www.gaveanews.com\/\",\"name\":\"G\u00e1vea News\",\"description\":\"Veja todas as not\u00edcias sobre o Flamengo: Contrata\u00e7\u00f5es, categorias de base, resultados das partidas, tabela de classifica\u00e7\u00e3o, pr\u00f3ximos jogos!\",\"potentialAction\":[{\"@type\":\"SearchAction\",\"target\":{\"@type\":\"EntryPoint\",\"urlTemplate\":\"https:\/\/www.gaveanews.com\/?s={search_term_string}\"},\"query-input\":{\"@type\":\"PropertyValueSpecification\",\"valueRequired\":true,\"valueName\":\"search_term_string\"}}],\"inLanguage\":\"pt-BR\"},{\"@type\":\"Person\",\"@id\":\"https:\/\/www.gaveanews.com\/#\/schema\/person\/0eb3e3fe1754f0205218538adbe8f5ed\",\"name\":\"Rafaela Ladeira\",\"image\":{\"@type\":\"ImageObject\",\"inLanguage\":\"pt-BR\",\"@id\":\"https:\/\/www.gaveanews.com\/#\/schema\/person\/image\/\",\"url\":\"https:\/\/secure.gravatar.com\/avatar\/c31f513acffd85eacab5730cbdfdbbf59f21ba5aeada8cd890acea879fbb2455?s=96&d=mm&r=g\",\"contentUrl\":\"https:\/\/secure.gravatar.com\/avatar\/c31f513acffd85eacab5730cbdfdbbf59f21ba5aeada8cd890acea879fbb2455?s=96&d=mm&r=g\",\"caption\":\"Rafaela Ladeira\"}}]}<\/script>\n<!-- \/ Yoast SEO Premium plugin. -->","yoast_head_json":{"title":"A declara\u00e7\u00e3o de Ferreirinha sobre a boa fase no S\u00e3o Paulo","robots":{"index":"index","follow":"follow","max-snippet":"max-snippet:-1","max-image-preview":"max-image-preview:large","max-video-preview":"max-video-preview:-1"},"canonical":"https:\/\/www.gaveanews.com\/index.php\/2025\/04\/16\/a-declaracao-de-ferreirinha-sobre-a-boa-fase-no-sao-paulo\/","og_locale":"pt_BR","og_type":"article","og_title":"A declara\u00e7\u00e3o de Ferreirinha sobre a boa fase no S\u00e3o Paulo","og_description":"Ferreirinha, atacante do S\u00e3o Paulo, tem vivido um \u00f3timo momento na temporada, e uma recente declara\u00e7\u00e3o sua gerou muito burburinho nas redes sociais.&nbsp; Durante o programa Os Donos da Bola, Neto fez uma aposta inusitada: &#8220;Nesse ano, se o Ferreirinha fizer 10 gols, eu venho pelado aqui. Se a Band deixar, eu venho de tanguinha [&hellip;]","og_url":"https:\/\/www.gaveanews.com\/index.php\/2025\/04\/16\/a-declaracao-de-ferreirinha-sobre-a-boa-fase-no-sao-paulo\/","og_site_name":"G\u00e1vea News","article_publisher":"https:\/\/facebook.com\/gaveaNews\/","article_published_time":"2025-04-16T23:40:00+00:00","og_image":[{"width":1000,"height":667,"url":"https:\/\/www.gaveanews.com\/wp-content\/uploads\/Bandeira-do-Sao-Paulo-no-Morumbis-em-2024.webp","type":"image\/webp"}],"author":"Rafaela Ladeira","twitter_card":"summary_large_image","twitter_misc":{"Escrito por":"Rafaela Ladeira","Est. tempo de leitura":"3 minutos"},"schema":{"@context":"https:\/\/schema.org","@graph":[{"@type":"NewsArticle","@id":"https:\/\/www.gaveanews.com\/index.php\/2025\/04\/16\/a-declaracao-de-ferreirinha-sobre-a-boa-fase-no-sao-paulo\/#article","isPartOf":{"@id":"https:\/\/www.gaveanews.com\/index.php\/2025\/04\/16\/a-declaracao-de-ferreirinha-sobre-a-boa-fase-no-sao-paulo\/"},"author":{"name":"Rafaela Ladeira","@id":"https:\/\/www.gaveanews.com\/#\/schema\/person\/0eb3e3fe1754f0205218538adbe8f5ed"},"headline":"A declara\u00e7\u00e3o de Ferreirinha sobre a boa fase no S\u00e3o Paulo","datePublished":"2025-04-16T23:40:00+00:00","mainEntityOfPage":{"@id":"https:\/\/www.gaveanews.com\/index.php\/2025\/04\/16\/a-declaracao-de-ferreirinha-sobre-a-boa-fase-no-sao-paulo\/"},"wordCount":412,"commentCount":0,"image":{"@id":"https:\/\/www.gaveanews.com\/index.php\/2025\/04\/16\/a-declaracao-de-ferreirinha-sobre-a-boa-fase-no-sao-paulo\/#primaryimage"},"thumbnailUrl":"https:\/\/www.gaveanews.com\/wp-content\/uploads\/Bandeira-do-Sao-Paulo-no-Morumbis-em-2024.webp","articleSection":["S\u00e3o Paulo"],"inLanguage":"pt-BR","potentialAction":[{"@type":"CommentAction","name":"Comment","target":["https:\/\/www.gaveanews.com\/index.php\/2025\/04\/16\/a-declaracao-de-ferreirinha-sobre-a-boa-fase-no-sao-paulo\/#respond"]}],"copyrightYear":"2025","copyrightHolder":{"@id":"https:\/\/www.gaveanews.com\/#organization"}},{"@type":"WebPage","@id":"https:\/\/www.gaveanews.com\/index.php\/2025\/04\/16\/a-declaracao-de-ferreirinha-sobre-a-boa-fase-no-sao-paulo\/","url":"https:\/\/www.gaveanews.com\/index.php\/2025\/04\/16\/a-declaracao-de-ferreirinha-sobre-a-boa-fase-no-sao-paulo\/","name":"A declara\u00e7\u00e3o de Ferreirinha sobre a boa fase no S\u00e3o Paulo","isPartOf":{"@id":"https:\/\/www.gaveanews.com\/#website"},"primaryImageOfPage":{"@id":"https:\/\/www.gaveanews.com\/index.php\/2025\/04\/16\/a-declaracao-de-ferreirinha-sobre-a-boa-fase-no-sao-paulo\/#primaryimage"},"image":{"@id":"https:\/\/www.gaveanews.com\/index.php\/2025\/04\/16\/a-declaracao-de-ferreirinha-sobre-a-boa-fase-no-sao-paulo\/#primaryimage"},"thumbnailUrl":"https:\/\/www.gaveanews.com\/wp-content\/uploads\/Bandeira-do-Sao-Paulo-no-Morumbis-em-2024.webp","datePublished":"2025-04-16T23:40:00+00:00","author":{"@id":"https:\/\/www.gaveanews.com\/#\/schema\/person\/0eb3e3fe1754f0205218538adbe8f5ed"},"breadcrumb":{"@id":"https:\/\/www.gaveanews.com\/index.php\/2025\/04\/16\/a-declaracao-de-ferreirinha-sobre-a-boa-fase-no-sao-paulo\/#breadcrumb"},"inLanguage":"pt-BR","potentialAction":[{"@type":"ReadAction","target":["https:\/\/www.gaveanews.com\/index.php\/2025\/04\/16\/a-declaracao-de-ferreirinha-sobre-a-boa-fase-no-sao-paulo\/"]}]},{"@type":"ImageObject","inLanguage":"pt-BR","@id":"https:\/\/www.gaveanews.com\/index.php\/2025\/04\/16\/a-declaracao-de-ferreirinha-sobre-a-boa-fase-no-sao-paulo\/#primaryimage","url":"https:\/\/www.gaveanews.com\/wp-content\/uploads\/Bandeira-do-Sao-Paulo-no-Morumbis-em-2024.webp","contentUrl":"https:\/\/www.gaveanews.com\/wp-content\/uploads\/Bandeira-do-Sao-Paulo-no-Morumbis-em-2024.webp","width":1000,"height":667,"caption":"Bandeira do S\u00e3o Paulo no Morumbis em 2024 (Foto: Reprodu\u00e7\u00e3o\/S\u00e3o Paulo)"},{"@type":"BreadcrumbList","@id":"https:\/\/www.gaveanews.com\/index.php\/2025\/04\/16\/a-declaracao-de-ferreirinha-sobre-a-boa-fase-no-sao-paulo\/#breadcrumb","itemListElement":[{"@type":"ListItem","position":1,"name":"Home","item":"https:\/\/www.gaveanews.com\/"},{"@type":"ListItem","position":2,"name":"A declara\u00e7\u00e3o de Ferreirinha sobre a boa fase no S\u00e3o Paulo"}]},{"@type":"WebSite","@id":"https:\/\/www.gaveanews.com\/#website","url":"https:\/\/www.gaveanews.com\/","name":"G\u00e1vea News","description":"Veja todas as not\u00edcias sobre o Flamengo: Contrata\u00e7\u00f5es, categorias de base, resultados das partidas, tabela de classifica\u00e7\u00e3o, pr\u00f3ximos jogos!","potentialAction":[{"@type":"SearchAction","target":{"@type":"EntryPoint","urlTemplate":"https:\/\/www.gaveanews.com\/?s={search_term_string}"},"query-input":{"@type":"PropertyValueSpecification","valueRequired":true,"valueName":"search_term_string"}}],"inLanguage":"pt-BR"},{"@type":"Person","@id":"https:\/\/www.gaveanews.com\/#\/schema\/person\/0eb3e3fe1754f0205218538adbe8f5ed","name":"Rafaela Ladeira","image":{"@type":"ImageObject","inLanguage":"pt-BR","@id":"https:\/\/www.gaveanews.com\/#\/schema\/person\/image\/","url":"https:\/\/secure.gravatar.com\/avatar\/c31f513acffd85eacab5730cbdfdbbf59f21ba5aeada8cd890acea879fbb2455?s=96&d=mm&r=g","contentUrl":"https:\/\/secure.gravatar.com\/avatar\/c31f513acffd85eacab5730cbdfdbbf59f21ba5aeada8cd890acea879fbb2455?s=96&d=mm&r=g","caption":"Rafaela Ladeira"}}]}},"_links":{"self":[{"href":"https:\/\/www.gaveanews.com\/index.php\/wp-json\/wp\/v2\/posts\/254449","targetHints":{"allow":["GET"]}}],"collection":[{"href":"https:\/\/www.gaveanews.com\/index.php\/wp-json\/wp\/v2\/posts"}],"about":[{"href":"https:\/\/www.gaveanews.com\/index.php\/wp-json\/wp\/v2\/types\/post"}],"author":[{"embeddable":true,"href":"https:\/\/www.gaveanews.com\/index.php\/wp-json\/wp\/v2\/users\/25"}],"replies":[{"embeddable":true,"href":"https:\/\/www.gaveanews.com\/index.php\/wp-json\/wp\/v2\/comments?post=254449"}],"version-history":[{"count":1,"href":"https:\/\/www.gaveanews.com\/index.php\/wp-json\/wp\/v2\/posts\/254449\/revisions"}],"predecessor-version":[{"id":254451,"href":"https:\/\/www.gaveanews.com\/index.php\/wp-json\/wp\/v2\/posts\/254449\/revisions\/254451"}],"wp:featuredmedia":[{"embeddable":true,"href":"https:\/\/www.gaveanews.com\/index.php\/wp-json\/wp\/v2\/media\/154249"}],"wp:attachment":[{"href":"https:\/\/www.gaveanews.com\/index.php\/wp-json\/wp\/v2\/media?parent=254449"}],"wp:term":[{"taxonomy":"category","embeddable":true,"href":"https:\/\/www.gaveanews.com\/index.php\/wp-json\/wp\/v2\/categories?post=254449"},{"taxonomy":"post_tag","embeddable":true,"href":"https:\/\/www.gaveanews.com\/index.php\/wp-json\/wp\/v2\/tags?post=254449"}],"curies":[{"name":"wp","href":"https:\/\/api.w.org\/{rel}","templated":true}]}}