{"id":254464,"date":"2025-04-16T21:15:00","date_gmt":"2025-04-17T00:15:00","guid":{"rendered":"https:\/\/www.gaveanews.com\/?p=254464"},"modified":"2025-04-16T16:00:32","modified_gmt":"2025-04-16T19:00:32","slug":"video-garro-do-corinthians-viraliza-por-motivo-pouco-comum","status":"publish","type":"post","link":"https:\/\/www.gaveanews.com\/index.php\/2025\/04\/16\/video-garro-do-corinthians-viraliza-por-motivo-pouco-comum\/","title":{"rendered":"V\u00eddeo: Garro, do Corinthians, viraliza por motivo pouco comum"},"content":{"rendered":"\n<p>O meio-campista Rodrigo Garro, do Corinthians, virou assunto nas redes sociais ap\u00f3s protagonizar um momento descontra\u00eddo durante sua participa\u00e7\u00e3o no podcast Podpah, apresentado por Ig\u00e3o e M\u00edtico. Durante a grava\u00e7\u00e3o, os anfitri\u00f5es iniciaram uma vers\u00e3o improvisada da m\u00fasica sertaneja \u201cDormi na Pra\u00e7a\u201d, da dupla Bruno &amp; Marrone, e convidaram o jogador a cantar com eles.<\/p>\n\n\n\n<p>Surpreendentemente, Garro aceitou o convite, soltou a voz e entrou no clima descontra\u00eddo da grava\u00e7\u00e3o. \u201cEles come\u00e7aram a cantar e me chamaram. A\u00ed n\u00e3o teve jeito, tive que acompanhar\u201d, comentou o atleta entre risos. <\/p>\n\n\n\n<p>Ali\u00e1s, a repercuss\u00e3o do epis\u00f3dio se deu n\u00e3o apenas pelo lado musical, mas tamb\u00e9m por mostrar uma faceta mais leve e espont\u00e2nea de Garro, que atualmente est\u00e1 afastado dos gramados. O jogador passa por tratamento devido a uma tendinopatia patelar no joelho direito, les\u00e3o que o incomoda desde o fim da temporada passada.<\/p>\n\n\n\n<blockquote class=\"twitter-tweet\" data-media-max-width=\"560\"><p lang=\"pt\" dir=\"ltr\">Rodrigo Garro cantando &quot;Dormi na Pra\u00e7a&quot;, de Bruno e Marrone.<br><br>\ud83c\udfa5 <a href=\"https:\/\/twitter.com\/Podpah?ref_src=twsrc%5Etfw\">@Podpah<\/a> <a href=\"https:\/\/t.co\/ODcHLwk3rT\">pic.twitter.com\/ODcHLwk3rT<\/a><\/p>&mdash; Planeta do Futebol \ud83c\udf0e (@futebol_info) <a href=\"https:\/\/twitter.com\/futebol_info\/status\/1912320504746201599?ref_src=twsrc%5Etfw\">April 16, 2025<\/a><\/blockquote> <script async src=\"https:\/\/platform.twitter.com\/widgets.js\" charset=\"utf-8\"><\/script>\n\n\n\n<p>Garro chegou a perder as primeiras partidas do Campeonato Paulista deste ano e, mesmo ap\u00f3s retornar, acabou desfalcando o Corinthians no primeiro jogo da final contra o Palmeiras, quando o clube venceu por 1 a 0. Sua participa\u00e7\u00e3o na decis\u00e3o em Itaquera, inclusive, foi considerada incerta at\u00e9 os momentos finais da prepara\u00e7\u00e3o.<\/p>\n\n\n\n<p>No momento, a comiss\u00e3o t\u00e9cnica do Corinthians trabalha com duas proje\u00e7\u00f5es para o retorno do argentino. A estimativa mais otimista aponta para um poss\u00edvel retorno ainda em junho. Contudo, h\u00e1 uma possibilidade mais cautelosa, que s\u00f3 considera o retorno de Garro ap\u00f3s a paralisa\u00e7\u00e3o do calend\u00e1rio por conta do Super Mundial de Clubes da Fifa. <\/p>\n\n\n\n<p>Portanto, a pausa no Campeonato Brasileiro, prevista para ocorrer entre a 12\u00aa rodada, no dia 12 de junho, e o rein\u00edcio do torneio em 13 de julho, pode servir como janela ideal para a recupera\u00e7\u00e3o total de Garro. Ainda assim, segundo apura\u00e7\u00e3o do portal \u201cMeu Tim\u00e3o\u201d, a diretoria do clube ainda estuda se ser\u00e1 necess\u00e1rio criar um planejamento especial para esse per\u00edodo.<\/p>\n\n\n\n<p><\/p>\n","protected":false},"excerpt":{"rendered":"<p>O meio-campista Rodrigo Garro, do Corinthians, virou assunto nas redes sociais ap\u00f3s protagonizar um momento descontra\u00eddo durante sua participa\u00e7\u00e3o no podcast Podpah, apresentado por Ig\u00e3o e M\u00edtico. Durante a grava\u00e7\u00e3o, os anfitri\u00f5es iniciaram uma vers\u00e3o improvisada da m\u00fasica sertaneja \u201cDormi na Pra\u00e7a\u201d, da dupla Bruno &amp; Marrone, e convidaram o jogador a cantar com eles. [&hellip;]<\/p>\n","protected":false},"author":30,"featured_media":161268,"comment_status":"open","ping_status":"closed","sticky":false,"template":"","format":"standard","meta":{"footnotes":""},"categories":[141,433],"tags":[],"class_list":["post-254464","post","type-post","status-publish","format-standard","has-post-thumbnail","hentry","category-corinthians","category-entretenimento"],"yoast_head":"<!-- This site is optimized with the Yoast SEO Premium plugin v24.2 (Yoast SEO v26.9) - https:\/\/yoast.com\/product\/yoast-seo-premium-wordpress\/ -->\n<title>V\u00eddeo: Garro, do Corinthians, viraliza por motivo pouco comum<\/title>\n<meta name=\"robots\" content=\"index, follow, max-snippet:-1, max-image-preview:large, max-video-preview:-1\" \/>\n<link rel=\"canonical\" href=\"https:\/\/www.gaveanews.com\/index.php\/2025\/04\/16\/video-garro-do-corinthians-viraliza-por-motivo-pouco-comum\/\" \/>\n<meta property=\"og:locale\" content=\"pt_BR\" \/>\n<meta property=\"og:type\" content=\"article\" \/>\n<meta property=\"og:title\" content=\"V\u00eddeo: Garro, do Corinthians, viraliza por motivo pouco comum\" \/>\n<meta property=\"og:description\" content=\"O meio-campista Rodrigo Garro, do Corinthians, virou assunto nas redes sociais ap\u00f3s protagonizar um momento descontra\u00eddo durante sua participa\u00e7\u00e3o no podcast Podpah, apresentado por Ig\u00e3o e M\u00edtico. Durante a grava\u00e7\u00e3o, os anfitri\u00f5es iniciaram uma vers\u00e3o improvisada da m\u00fasica sertaneja \u201cDormi na Pra\u00e7a\u201d, da dupla Bruno &amp; Marrone, e convidaram o jogador a cantar com eles. [&hellip;]\" \/>\n<meta property=\"og:url\" content=\"https:\/\/www.gaveanews.com\/index.php\/2025\/04\/16\/video-garro-do-corinthians-viraliza-por-motivo-pouco-comum\/\" \/>\n<meta property=\"og:site_name\" content=\"G\u00e1vea News\" \/>\n<meta property=\"article:publisher\" content=\"https:\/\/facebook.com\/gaveaNews\/\" \/>\n<meta property=\"article:published_time\" content=\"2025-04-17T00:15:00+00:00\" \/>\n<meta property=\"og:image\" content=\"https:\/\/www.gaveanews.com\/wp-content\/uploads\/Rodrigo-Garro-com-a-camisa-do-Corinthians-em-2024.webp\" \/>\n\t<meta property=\"og:image:width\" content=\"1440\" \/>\n\t<meta property=\"og:image:height\" content=\"1085\" \/>\n\t<meta property=\"og:image:type\" content=\"image\/jpeg\" \/>\n<meta name=\"author\" content=\"Ana Teixeira\" \/>\n<meta name=\"twitter:card\" content=\"summary_large_image\" \/>\n<meta name=\"twitter:label1\" content=\"Escrito por\" \/>\n\t<meta name=\"twitter:data1\" content=\"Ana Teixeira\" \/>\n\t<meta name=\"twitter:label2\" content=\"Est. tempo de leitura\" \/>\n\t<meta name=\"twitter:data2\" content=\"2 minutos\" \/>\n<script type=\"application\/ld+json\" class=\"yoast-schema-graph\">{\"@context\":\"https:\/\/schema.org\",\"@graph\":[{\"@type\":\"NewsArticle\",\"@id\":\"https:\/\/www.gaveanews.com\/index.php\/2025\/04\/16\/video-garro-do-corinthians-viraliza-por-motivo-pouco-comum\/#article\",\"isPartOf\":{\"@id\":\"https:\/\/www.gaveanews.com\/index.php\/2025\/04\/16\/video-garro-do-corinthians-viraliza-por-motivo-pouco-comum\/\"},\"author\":{\"name\":\"Ana Teixeira\",\"@id\":\"https:\/\/www.gaveanews.com\/#\/schema\/person\/3b19f7288b0ce20372991275e4f2e6c2\"},\"headline\":\"V\u00eddeo: Garro, do Corinthians, viraliza por motivo pouco comum\",\"datePublished\":\"2025-04-17T00:15:00+00:00\",\"mainEntityOfPage\":{\"@id\":\"https:\/\/www.gaveanews.com\/index.php\/2025\/04\/16\/video-garro-do-corinthians-viraliza-por-motivo-pouco-comum\/\"},\"wordCount\":380,\"commentCount\":0,\"image\":{\"@id\":\"https:\/\/www.gaveanews.com\/index.php\/2025\/04\/16\/video-garro-do-corinthians-viraliza-por-motivo-pouco-comum\/#primaryimage\"},\"thumbnailUrl\":\"https:\/\/www.gaveanews.com\/wp-content\/uploads\/Rodrigo-Garro-com-a-camisa-do-Corinthians-em-2024.webp\",\"articleSection\":[\"Corinthians\",\"Entretenimento\"],\"inLanguage\":\"pt-BR\",\"potentialAction\":[{\"@type\":\"CommentAction\",\"name\":\"Comment\",\"target\":[\"https:\/\/www.gaveanews.com\/index.php\/2025\/04\/16\/video-garro-do-corinthians-viraliza-por-motivo-pouco-comum\/#respond\"]}],\"copyrightYear\":\"2025\",\"copyrightHolder\":{\"@id\":\"https:\/\/www.gaveanews.com\/#organization\"}},{\"@type\":\"WebPage\",\"@id\":\"https:\/\/www.gaveanews.com\/index.php\/2025\/04\/16\/video-garro-do-corinthians-viraliza-por-motivo-pouco-comum\/\",\"url\":\"https:\/\/www.gaveanews.com\/index.php\/2025\/04\/16\/video-garro-do-corinthians-viraliza-por-motivo-pouco-comum\/\",\"name\":\"V\u00eddeo: Garro, do Corinthians, viraliza por motivo pouco comum\",\"isPartOf\":{\"@id\":\"https:\/\/www.gaveanews.com\/#website\"},\"primaryImageOfPage\":{\"@id\":\"https:\/\/www.gaveanews.com\/index.php\/2025\/04\/16\/video-garro-do-corinthians-viraliza-por-motivo-pouco-comum\/#primaryimage\"},\"image\":{\"@id\":\"https:\/\/www.gaveanews.com\/index.php\/2025\/04\/16\/video-garro-do-corinthians-viraliza-por-motivo-pouco-comum\/#primaryimage\"},\"thumbnailUrl\":\"https:\/\/www.gaveanews.com\/wp-content\/uploads\/Rodrigo-Garro-com-a-camisa-do-Corinthians-em-2024.webp\",\"datePublished\":\"2025-04-17T00:15:00+00:00\",\"author\":{\"@id\":\"https:\/\/www.gaveanews.com\/#\/schema\/person\/3b19f7288b0ce20372991275e4f2e6c2\"},\"breadcrumb\":{\"@id\":\"https:\/\/www.gaveanews.com\/index.php\/2025\/04\/16\/video-garro-do-corinthians-viraliza-por-motivo-pouco-comum\/#breadcrumb\"},\"inLanguage\":\"pt-BR\",\"potentialAction\":[{\"@type\":\"ReadAction\",\"target\":[\"https:\/\/www.gaveanews.com\/index.php\/2025\/04\/16\/video-garro-do-corinthians-viraliza-por-motivo-pouco-comum\/\"]}]},{\"@type\":\"ImageObject\",\"inLanguage\":\"pt-BR\",\"@id\":\"https:\/\/www.gaveanews.com\/index.php\/2025\/04\/16\/video-garro-do-corinthians-viraliza-por-motivo-pouco-comum\/#primaryimage\",\"url\":\"https:\/\/www.gaveanews.com\/wp-content\/uploads\/Rodrigo-Garro-com-a-camisa-do-Corinthians-em-2024.webp\",\"contentUrl\":\"https:\/\/www.gaveanews.com\/wp-content\/uploads\/Rodrigo-Garro-com-a-camisa-do-Corinthians-em-2024.webp\",\"width\":1440,\"height\":1085,\"caption\":\"Rodrigo Garro com a camisa do Corinthians em 2024 (Foto: Reprodu\u00e7\u00e3o\/Instagram)\"},{\"@type\":\"BreadcrumbList\",\"@id\":\"https:\/\/www.gaveanews.com\/index.php\/2025\/04\/16\/video-garro-do-corinthians-viraliza-por-motivo-pouco-comum\/#breadcrumb\",\"itemListElement\":[{\"@type\":\"ListItem\",\"position\":1,\"name\":\"Home\",\"item\":\"https:\/\/www.gaveanews.com\/\"},{\"@type\":\"ListItem\",\"position\":2,\"name\":\"V\u00eddeo: Garro, do Corinthians, viraliza por motivo pouco comum\"}]},{\"@type\":\"WebSite\",\"@id\":\"https:\/\/www.gaveanews.com\/#website\",\"url\":\"https:\/\/www.gaveanews.com\/\",\"name\":\"G\u00e1vea News\",\"description\":\"Veja todas as not\u00edcias sobre o Flamengo: Contrata\u00e7\u00f5es, categorias de base, resultados das partidas, tabela de classifica\u00e7\u00e3o, pr\u00f3ximos jogos!\",\"potentialAction\":[{\"@type\":\"SearchAction\",\"target\":{\"@type\":\"EntryPoint\",\"urlTemplate\":\"https:\/\/www.gaveanews.com\/?s={search_term_string}\"},\"query-input\":{\"@type\":\"PropertyValueSpecification\",\"valueRequired\":true,\"valueName\":\"search_term_string\"}}],\"inLanguage\":\"pt-BR\"},{\"@type\":\"Person\",\"@id\":\"https:\/\/www.gaveanews.com\/#\/schema\/person\/3b19f7288b0ce20372991275e4f2e6c2\",\"name\":\"Ana Teixeira\",\"image\":{\"@type\":\"ImageObject\",\"inLanguage\":\"pt-BR\",\"@id\":\"https:\/\/www.gaveanews.com\/#\/schema\/person\/image\/\",\"url\":\"https:\/\/secure.gravatar.com\/avatar\/0a73f5a5258f3fed37fc2fa641892f3f7a4748456d4d4792f9bc550e6c19e06c?s=96&d=mm&r=g\",\"contentUrl\":\"https:\/\/secure.gravatar.com\/avatar\/0a73f5a5258f3fed37fc2fa641892f3f7a4748456d4d4792f9bc550e6c19e06c?s=96&d=mm&r=g\",\"caption\":\"Ana Teixeira\"}}]}<\/script>\n<!-- \/ Yoast SEO Premium plugin. -->","yoast_head_json":{"title":"V\u00eddeo: Garro, do Corinthians, viraliza por motivo pouco comum","robots":{"index":"index","follow":"follow","max-snippet":"max-snippet:-1","max-image-preview":"max-image-preview:large","max-video-preview":"max-video-preview:-1"},"canonical":"https:\/\/www.gaveanews.com\/index.php\/2025\/04\/16\/video-garro-do-corinthians-viraliza-por-motivo-pouco-comum\/","og_locale":"pt_BR","og_type":"article","og_title":"V\u00eddeo: Garro, do Corinthians, viraliza por motivo pouco comum","og_description":"O meio-campista Rodrigo Garro, do Corinthians, virou assunto nas redes sociais ap\u00f3s protagonizar um momento descontra\u00eddo durante sua participa\u00e7\u00e3o no podcast Podpah, apresentado por Ig\u00e3o e M\u00edtico. Durante a grava\u00e7\u00e3o, os anfitri\u00f5es iniciaram uma vers\u00e3o improvisada da m\u00fasica sertaneja \u201cDormi na Pra\u00e7a\u201d, da dupla Bruno &amp; Marrone, e convidaram o jogador a cantar com eles. [&hellip;]","og_url":"https:\/\/www.gaveanews.com\/index.php\/2025\/04\/16\/video-garro-do-corinthians-viraliza-por-motivo-pouco-comum\/","og_site_name":"G\u00e1vea News","article_publisher":"https:\/\/facebook.com\/gaveaNews\/","article_published_time":"2025-04-17T00:15:00+00:00","og_image":[{"width":1440,"height":1085,"url":"https:\/\/www.gaveanews.com\/wp-content\/uploads\/Rodrigo-Garro-com-a-camisa-do-Corinthians-em-2024.webp","type":"image\/jpeg"}],"author":"Ana Teixeira","twitter_card":"summary_large_image","twitter_misc":{"Escrito por":"Ana Teixeira","Est. tempo de leitura":"2 minutos"},"schema":{"@context":"https:\/\/schema.org","@graph":[{"@type":"NewsArticle","@id":"https:\/\/www.gaveanews.com\/index.php\/2025\/04\/16\/video-garro-do-corinthians-viraliza-por-motivo-pouco-comum\/#article","isPartOf":{"@id":"https:\/\/www.gaveanews.com\/index.php\/2025\/04\/16\/video-garro-do-corinthians-viraliza-por-motivo-pouco-comum\/"},"author":{"name":"Ana Teixeira","@id":"https:\/\/www.gaveanews.com\/#\/schema\/person\/3b19f7288b0ce20372991275e4f2e6c2"},"headline":"V\u00eddeo: Garro, do Corinthians, viraliza por motivo pouco comum","datePublished":"2025-04-17T00:15:00+00:00","mainEntityOfPage":{"@id":"https:\/\/www.gaveanews.com\/index.php\/2025\/04\/16\/video-garro-do-corinthians-viraliza-por-motivo-pouco-comum\/"},"wordCount":380,"commentCount":0,"image":{"@id":"https:\/\/www.gaveanews.com\/index.php\/2025\/04\/16\/video-garro-do-corinthians-viraliza-por-motivo-pouco-comum\/#primaryimage"},"thumbnailUrl":"https:\/\/www.gaveanews.com\/wp-content\/uploads\/Rodrigo-Garro-com-a-camisa-do-Corinthians-em-2024.webp","articleSection":["Corinthians","Entretenimento"],"inLanguage":"pt-BR","potentialAction":[{"@type":"CommentAction","name":"Comment","target":["https:\/\/www.gaveanews.com\/index.php\/2025\/04\/16\/video-garro-do-corinthians-viraliza-por-motivo-pouco-comum\/#respond"]}],"copyrightYear":"2025","copyrightHolder":{"@id":"https:\/\/www.gaveanews.com\/#organization"}},{"@type":"WebPage","@id":"https:\/\/www.gaveanews.com\/index.php\/2025\/04\/16\/video-garro-do-corinthians-viraliza-por-motivo-pouco-comum\/","url":"https:\/\/www.gaveanews.com\/index.php\/2025\/04\/16\/video-garro-do-corinthians-viraliza-por-motivo-pouco-comum\/","name":"V\u00eddeo: Garro, do Corinthians, viraliza por motivo pouco comum","isPartOf":{"@id":"https:\/\/www.gaveanews.com\/#website"},"primaryImageOfPage":{"@id":"https:\/\/www.gaveanews.com\/index.php\/2025\/04\/16\/video-garro-do-corinthians-viraliza-por-motivo-pouco-comum\/#primaryimage"},"image":{"@id":"https:\/\/www.gaveanews.com\/index.php\/2025\/04\/16\/video-garro-do-corinthians-viraliza-por-motivo-pouco-comum\/#primaryimage"},"thumbnailUrl":"https:\/\/www.gaveanews.com\/wp-content\/uploads\/Rodrigo-Garro-com-a-camisa-do-Corinthians-em-2024.webp","datePublished":"2025-04-17T00:15:00+00:00","author":{"@id":"https:\/\/www.gaveanews.com\/#\/schema\/person\/3b19f7288b0ce20372991275e4f2e6c2"},"breadcrumb":{"@id":"https:\/\/www.gaveanews.com\/index.php\/2025\/04\/16\/video-garro-do-corinthians-viraliza-por-motivo-pouco-comum\/#breadcrumb"},"inLanguage":"pt-BR","potentialAction":[{"@type":"ReadAction","target":["https:\/\/www.gaveanews.com\/index.php\/2025\/04\/16\/video-garro-do-corinthians-viraliza-por-motivo-pouco-comum\/"]}]},{"@type":"ImageObject","inLanguage":"pt-BR","@id":"https:\/\/www.gaveanews.com\/index.php\/2025\/04\/16\/video-garro-do-corinthians-viraliza-por-motivo-pouco-comum\/#primaryimage","url":"https:\/\/www.gaveanews.com\/wp-content\/uploads\/Rodrigo-Garro-com-a-camisa-do-Corinthians-em-2024.webp","contentUrl":"https:\/\/www.gaveanews.com\/wp-content\/uploads\/Rodrigo-Garro-com-a-camisa-do-Corinthians-em-2024.webp","width":1440,"height":1085,"caption":"Rodrigo Garro com a camisa do Corinthians em 2024 (Foto: Reprodu\u00e7\u00e3o\/Instagram)"},{"@type":"BreadcrumbList","@id":"https:\/\/www.gaveanews.com\/index.php\/2025\/04\/16\/video-garro-do-corinthians-viraliza-por-motivo-pouco-comum\/#breadcrumb","itemListElement":[{"@type":"ListItem","position":1,"name":"Home","item":"https:\/\/www.gaveanews.com\/"},{"@type":"ListItem","position":2,"name":"V\u00eddeo: Garro, do Corinthians, viraliza por motivo pouco comum"}]},{"@type":"WebSite","@id":"https:\/\/www.gaveanews.com\/#website","url":"https:\/\/www.gaveanews.com\/","name":"G\u00e1vea News","description":"Veja todas as not\u00edcias sobre o Flamengo: Contrata\u00e7\u00f5es, categorias de base, resultados das partidas, tabela de classifica\u00e7\u00e3o, pr\u00f3ximos jogos!","potentialAction":[{"@type":"SearchAction","target":{"@type":"EntryPoint","urlTemplate":"https:\/\/www.gaveanews.com\/?s={search_term_string}"},"query-input":{"@type":"PropertyValueSpecification","valueRequired":true,"valueName":"search_term_string"}}],"inLanguage":"pt-BR"},{"@type":"Person","@id":"https:\/\/www.gaveanews.com\/#\/schema\/person\/3b19f7288b0ce20372991275e4f2e6c2","name":"Ana Teixeira","image":{"@type":"ImageObject","inLanguage":"pt-BR","@id":"https:\/\/www.gaveanews.com\/#\/schema\/person\/image\/","url":"https:\/\/secure.gravatar.com\/avatar\/0a73f5a5258f3fed37fc2fa641892f3f7a4748456d4d4792f9bc550e6c19e06c?s=96&d=mm&r=g","contentUrl":"https:\/\/secure.gravatar.com\/avatar\/0a73f5a5258f3fed37fc2fa641892f3f7a4748456d4d4792f9bc550e6c19e06c?s=96&d=mm&r=g","caption":"Ana Teixeira"}}]}},"_links":{"self":[{"href":"https:\/\/www.gaveanews.com\/index.php\/wp-json\/wp\/v2\/posts\/254464","targetHints":{"allow":["GET"]}}],"collection":[{"href":"https:\/\/www.gaveanews.com\/index.php\/wp-json\/wp\/v2\/posts"}],"about":[{"href":"https:\/\/www.gaveanews.com\/index.php\/wp-json\/wp\/v2\/types\/post"}],"author":[{"embeddable":true,"href":"https:\/\/www.gaveanews.com\/index.php\/wp-json\/wp\/v2\/users\/30"}],"replies":[{"embeddable":true,"href":"https:\/\/www.gaveanews.com\/index.php\/wp-json\/wp\/v2\/comments?post=254464"}],"version-history":[{"count":1,"href":"https:\/\/www.gaveanews.com\/index.php\/wp-json\/wp\/v2\/posts\/254464\/revisions"}],"predecessor-version":[{"id":254486,"href":"https:\/\/www.gaveanews.com\/index.php\/wp-json\/wp\/v2\/posts\/254464\/revisions\/254486"}],"wp:featuredmedia":[{"embeddable":true,"href":"https:\/\/www.gaveanews.com\/index.php\/wp-json\/wp\/v2\/media\/161268"}],"wp:attachment":[{"href":"https:\/\/www.gaveanews.com\/index.php\/wp-json\/wp\/v2\/media?parent=254464"}],"wp:term":[{"taxonomy":"category","embeddable":true,"href":"https:\/\/www.gaveanews.com\/index.php\/wp-json\/wp\/v2\/categories?post=254464"},{"taxonomy":"post_tag","embeddable":true,"href":"https:\/\/www.gaveanews.com\/index.php\/wp-json\/wp\/v2\/tags?post=254464"}],"curies":[{"name":"wp","href":"https:\/\/api.w.org\/{rel}","templated":true}]}}