{"id":254469,"date":"2025-04-16T21:25:00","date_gmt":"2025-04-17T00:25:00","guid":{"rendered":"https:\/\/www.gaveanews.com\/?p=254469"},"modified":"2025-04-16T15:45:54","modified_gmt":"2025-04-16T18:45:54","slug":"filipe-luis-do-flamengo-e-monitorado-por-clube-da-europa","status":"publish","type":"post","link":"https:\/\/www.gaveanews.com\/index.php\/2025\/04\/16\/filipe-luis-do-flamengo-e-monitorado-por-clube-da-europa\/","title":{"rendered":"Filipe Lu\u00eds, do Flamengo, \u00e9 monitorado por clube da Europa"},"content":{"rendered":"\n<p>O nome de Filipe Lu\u00eds come\u00e7a a ecoar com for\u00e7a no futebol europeu. \u00cddolo dentro e fora de campo, o agora treinador do Flamengo j\u00e1 atrai olhares do exterior, mesmo em in\u00edcio de carreira. Com um trabalho consistente no Rubro-Negro, o ex-lateral vem sendo observado por ningu\u00e9m menos que o Atl\u00e9tico de Madrid, clube onde brilhou por oito temporadas.<\/p>\n\n\n\n<h2 class=\"wp-block-heading\" id=\"h-atletico-de-madrid-pensa-no-futuro-e-observa-filipe-luis\">Atl\u00e9tico de Madrid pensa no futuro e observa Filipe Lu\u00eds<\/h2>\n\n\n\n<figure class=\"wp-block-image size-large\"><img loading=\"lazy\" decoding=\"async\" width=\"1024\" height=\"683\" src=\"http:\/\/www.gaveanews.com\/wp-content\/uploads\/Filipe-Luis-como-tecnico-do-Flamengo-em-2024-1024x683.webp\" alt=\"\" class=\"wp-image-171213\" srcset=\"https:\/\/www.gaveanews.com\/wp-content\/uploads\/Filipe-Luis-como-tecnico-do-Flamengo-em-2024-1024x683.webp 1024w, https:\/\/www.gaveanews.com\/wp-content\/uploads\/Filipe-Luis-como-tecnico-do-Flamengo-em-2024-300x200.webp 300w, https:\/\/www.gaveanews.com\/wp-content\/uploads\/Filipe-Luis-como-tecnico-do-Flamengo-em-2024-768x512.webp 768w, https:\/\/www.gaveanews.com\/wp-content\/uploads\/Filipe-Luis-como-tecnico-do-Flamengo-em-2024-630x420.webp 630w, https:\/\/www.gaveanews.com\/wp-content\/uploads\/Filipe-Luis-como-tecnico-do-Flamengo-em-2024-640x427.webp 640w, https:\/\/www.gaveanews.com\/wp-content\/uploads\/Filipe-Luis-como-tecnico-do-Flamengo-em-2024-681x454.webp 681w, https:\/\/www.gaveanews.com\/wp-content\/uploads\/Filipe-Luis-como-tecnico-do-Flamengo-em-2024-100x67.webp 100w, https:\/\/www.gaveanews.com\/wp-content\/uploads\/Filipe-Luis-como-tecnico-do-Flamengo-em-2024.webp 1065w\" sizes=\"auto, (max-width: 1024px) 100vw, 1024px\" \/><figcaption class=\"wp-element-caption\">Filipe Lu\u00eds como t\u00e9cnico do Flamengo em 2024 (Foto: Gilvan de Souza e Marcelo Cortes \/ CRF)<\/figcaption><\/figure>\n\n\n\n<p>Segundo apura\u00e7\u00e3o do portal Bolavip Brasil, o Atl\u00e9tico enxerga em Filipe o perfil ideal para substituir Diego Simeone. O t\u00e9cnico argentino est\u00e1 h\u00e1 quase duas d\u00e9cadas no comando do time colchonero e pode estar perto do fim de um longo ciclo. Com isso, o brasileiro, que conhece a casa como poucos, surge como uma alternativa natural.<\/p>\n\n\n\n<p>Vale destacar que Filipe Lu\u00eds \u00e9 um dos grandes nomes da hist\u00f3ria recente do Atl\u00e9tico de Madrid. Al\u00e9m disso, participou de campanhas marcantes, como as finais da Champions League e a conquista da La Liga 2013-14, desbancando gigantes como Real Madrid e Barcelona.<\/p>\n\n\n\n<h2 class=\"wp-block-heading\" id=\"h-futuro-indefinido-no-flamengo-abre-margem-para-especulacoes\">Futuro indefinido no Flamengo abre margem para especula\u00e7\u00f5es<\/h2>\n\n\n\n<p>Apesar de estar em alta, o contrato do treinador com o Flamengo termina ao final desta temporada. A diretoria j\u00e1 demonstrou interesse em renov\u00e1-lo, e o pr\u00f3prio Filipe tamb\u00e9m considera seguir no Ninho do Urubu. No entanto, at\u00e9 o momento, n\u00e3o h\u00e1 um acordo oficializado, o que alimenta ainda mais os rumores.<\/p>\n\n\n\n<p>Cabe ressaltar que Filipe Lu\u00eds soma apenas duas derrotas desde que assumiu o comando da equipe. Por isso, sua valoriza\u00e7\u00e3o \u00e9 compreens\u00edvel, tanto dentro quanto fora do Brasil.<\/p>\n\n\n\n<p>Galv\u00e3o Bueno revelou recentemente que o t\u00e9cnico tem o desejo de atuar na Europa. Isso porque ele planeja uma carreira s\u00f3lida como treinador, e uma oportunidade no continente europeu pode ser o pr\u00f3ximo passo.<\/p>\n\n\n\n<p>Sendo assim, o Flamengo precisa agir com estrat\u00e9gia e rapidez. Dessa maneira, evita-se perder um nome promissor que j\u00e1 caiu nas gra\u00e7as da torcida e, ao que tudo indica, tamb\u00e9m dos europeus.<\/p>\n","protected":false},"excerpt":{"rendered":"<p>O nome de Filipe Lu\u00eds come\u00e7a a ecoar com for\u00e7a no futebol europeu. \u00cddolo dentro e fora de campo, o agora treinador do Flamengo j\u00e1 atrai olhares do exterior, mesmo em in\u00edcio de carreira. Com um trabalho consistente no Rubro-Negro, o ex-lateral vem sendo observado por ningu\u00e9m menos que o Atl\u00e9tico de Madrid, clube onde [&hellip;]<\/p>\n","protected":false},"author":24,"featured_media":251455,"comment_status":"open","ping_status":"closed","sticky":false,"template":"","format":"standard","meta":{"footnotes":""},"categories":[1],"tags":[],"class_list":["post-254469","post","type-post","status-publish","format-standard","has-post-thumbnail","hentry","category-flamengo"],"yoast_head":"<!-- This site is optimized with the Yoast SEO Premium plugin v24.2 (Yoast SEO v26.9) - https:\/\/yoast.com\/product\/yoast-seo-premium-wordpress\/ -->\n<title>Filipe Lu\u00eds, do Flamengo, \u00e9 monitorado por clube da Europa<\/title>\n<meta name=\"robots\" content=\"index, follow, max-snippet:-1, max-image-preview:large, max-video-preview:-1\" \/>\n<link rel=\"canonical\" href=\"https:\/\/www.gaveanews.com\/index.php\/2025\/04\/16\/filipe-luis-do-flamengo-e-monitorado-por-clube-da-europa\/\" \/>\n<meta property=\"og:locale\" content=\"pt_BR\" \/>\n<meta property=\"og:type\" content=\"article\" \/>\n<meta property=\"og:title\" content=\"Filipe Lu\u00eds, do Flamengo, \u00e9 monitorado por clube da Europa\" \/>\n<meta property=\"og:description\" content=\"O nome de Filipe Lu\u00eds come\u00e7a a ecoar com for\u00e7a no futebol europeu. \u00cddolo dentro e fora de campo, o agora treinador do Flamengo j\u00e1 atrai olhares do exterior, mesmo em in\u00edcio de carreira. Com um trabalho consistente no Rubro-Negro, o ex-lateral vem sendo observado por ningu\u00e9m menos que o Atl\u00e9tico de Madrid, clube onde [&hellip;]\" \/>\n<meta property=\"og:url\" content=\"https:\/\/www.gaveanews.com\/index.php\/2025\/04\/16\/filipe-luis-do-flamengo-e-monitorado-por-clube-da-europa\/\" \/>\n<meta property=\"og:site_name\" content=\"G\u00e1vea News\" \/>\n<meta property=\"article:publisher\" content=\"https:\/\/facebook.com\/gaveaNews\/\" \/>\n<meta property=\"article:published_time\" content=\"2025-04-17T00:25:00+00:00\" \/>\n<meta property=\"og:image\" content=\"https:\/\/www.gaveanews.com\/wp-content\/uploads\/Filipe-Luis-pelo-Flamengo.webp\" \/>\n\t<meta property=\"og:image:width\" content=\"477\" \/>\n\t<meta property=\"og:image:height\" content=\"291\" \/>\n\t<meta property=\"og:image:type\" content=\"image\/jpeg\" \/>\n<meta name=\"author\" content=\"Leandro Cardoso\" \/>\n<meta name=\"twitter:card\" content=\"summary_large_image\" \/>\n<meta name=\"twitter:label1\" content=\"Escrito por\" \/>\n\t<meta name=\"twitter:data1\" content=\"Leandro Cardoso\" \/>\n\t<meta name=\"twitter:label2\" content=\"Est. tempo de leitura\" \/>\n\t<meta name=\"twitter:data2\" content=\"3 minutos\" \/>\n<script type=\"application\/ld+json\" class=\"yoast-schema-graph\">{\"@context\":\"https:\/\/schema.org\",\"@graph\":[{\"@type\":\"NewsArticle\",\"@id\":\"https:\/\/www.gaveanews.com\/index.php\/2025\/04\/16\/filipe-luis-do-flamengo-e-monitorado-por-clube-da-europa\/#article\",\"isPartOf\":{\"@id\":\"https:\/\/www.gaveanews.com\/index.php\/2025\/04\/16\/filipe-luis-do-flamengo-e-monitorado-por-clube-da-europa\/\"},\"author\":{\"name\":\"Leandro Cardoso\",\"@id\":\"https:\/\/www.gaveanews.com\/#\/schema\/person\/2424ec6409bc3f068411fc5e4e9b6168\"},\"headline\":\"Filipe Lu\u00eds, do Flamengo, \u00e9 monitorado por clube da Europa\",\"datePublished\":\"2025-04-17T00:25:00+00:00\",\"mainEntityOfPage\":{\"@id\":\"https:\/\/www.gaveanews.com\/index.php\/2025\/04\/16\/filipe-luis-do-flamengo-e-monitorado-por-clube-da-europa\/\"},\"wordCount\":378,\"commentCount\":0,\"image\":{\"@id\":\"https:\/\/www.gaveanews.com\/index.php\/2025\/04\/16\/filipe-luis-do-flamengo-e-monitorado-por-clube-da-europa\/#primaryimage\"},\"thumbnailUrl\":\"https:\/\/www.gaveanews.com\/wp-content\/uploads\/Filipe-Luis-pelo-Flamengo.webp\",\"articleSection\":[\"Flamengo\"],\"inLanguage\":\"pt-BR\",\"potentialAction\":[{\"@type\":\"CommentAction\",\"name\":\"Comment\",\"target\":[\"https:\/\/www.gaveanews.com\/index.php\/2025\/04\/16\/filipe-luis-do-flamengo-e-monitorado-por-clube-da-europa\/#respond\"]}],\"copyrightYear\":\"2025\",\"copyrightHolder\":{\"@id\":\"https:\/\/www.gaveanews.com\/#organization\"}},{\"@type\":\"WebPage\",\"@id\":\"https:\/\/www.gaveanews.com\/index.php\/2025\/04\/16\/filipe-luis-do-flamengo-e-monitorado-por-clube-da-europa\/\",\"url\":\"https:\/\/www.gaveanews.com\/index.php\/2025\/04\/16\/filipe-luis-do-flamengo-e-monitorado-por-clube-da-europa\/\",\"name\":\"Filipe Lu\u00eds, do Flamengo, \u00e9 monitorado por clube da Europa\",\"isPartOf\":{\"@id\":\"https:\/\/www.gaveanews.com\/#website\"},\"primaryImageOfPage\":{\"@id\":\"https:\/\/www.gaveanews.com\/index.php\/2025\/04\/16\/filipe-luis-do-flamengo-e-monitorado-por-clube-da-europa\/#primaryimage\"},\"image\":{\"@id\":\"https:\/\/www.gaveanews.com\/index.php\/2025\/04\/16\/filipe-luis-do-flamengo-e-monitorado-por-clube-da-europa\/#primaryimage\"},\"thumbnailUrl\":\"https:\/\/www.gaveanews.com\/wp-content\/uploads\/Filipe-Luis-pelo-Flamengo.webp\",\"datePublished\":\"2025-04-17T00:25:00+00:00\",\"author\":{\"@id\":\"https:\/\/www.gaveanews.com\/#\/schema\/person\/2424ec6409bc3f068411fc5e4e9b6168\"},\"breadcrumb\":{\"@id\":\"https:\/\/www.gaveanews.com\/index.php\/2025\/04\/16\/filipe-luis-do-flamengo-e-monitorado-por-clube-da-europa\/#breadcrumb\"},\"inLanguage\":\"pt-BR\",\"potentialAction\":[{\"@type\":\"ReadAction\",\"target\":[\"https:\/\/www.gaveanews.com\/index.php\/2025\/04\/16\/filipe-luis-do-flamengo-e-monitorado-por-clube-da-europa\/\"]}]},{\"@type\":\"ImageObject\",\"inLanguage\":\"pt-BR\",\"@id\":\"https:\/\/www.gaveanews.com\/index.php\/2025\/04\/16\/filipe-luis-do-flamengo-e-monitorado-por-clube-da-europa\/#primaryimage\",\"url\":\"https:\/\/www.gaveanews.com\/wp-content\/uploads\/Filipe-Luis-pelo-Flamengo.webp\",\"contentUrl\":\"https:\/\/www.gaveanews.com\/wp-content\/uploads\/Filipe-Luis-pelo-Flamengo.webp\",\"width\":477,\"height\":291,\"caption\":\"Filipe Lu\u00eds pelo Flamengo (Fotos: Gilvan de Souza\/Flamengo)\"},{\"@type\":\"BreadcrumbList\",\"@id\":\"https:\/\/www.gaveanews.com\/index.php\/2025\/04\/16\/filipe-luis-do-flamengo-e-monitorado-por-clube-da-europa\/#breadcrumb\",\"itemListElement\":[{\"@type\":\"ListItem\",\"position\":1,\"name\":\"Home\",\"item\":\"https:\/\/www.gaveanews.com\/\"},{\"@type\":\"ListItem\",\"position\":2,\"name\":\"Filipe Lu\u00eds, do Flamengo, \u00e9 monitorado por clube da Europa\"}]},{\"@type\":\"WebSite\",\"@id\":\"https:\/\/www.gaveanews.com\/#website\",\"url\":\"https:\/\/www.gaveanews.com\/\",\"name\":\"G\u00e1vea News\",\"description\":\"Veja todas as not\u00edcias sobre o Flamengo: Contrata\u00e7\u00f5es, categorias de base, resultados das partidas, tabela de classifica\u00e7\u00e3o, pr\u00f3ximos jogos!\",\"potentialAction\":[{\"@type\":\"SearchAction\",\"target\":{\"@type\":\"EntryPoint\",\"urlTemplate\":\"https:\/\/www.gaveanews.com\/?s={search_term_string}\"},\"query-input\":{\"@type\":\"PropertyValueSpecification\",\"valueRequired\":true,\"valueName\":\"search_term_string\"}}],\"inLanguage\":\"pt-BR\"},{\"@type\":\"Person\",\"@id\":\"https:\/\/www.gaveanews.com\/#\/schema\/person\/2424ec6409bc3f068411fc5e4e9b6168\",\"name\":\"Leandro Cardoso\",\"image\":{\"@type\":\"ImageObject\",\"inLanguage\":\"pt-BR\",\"@id\":\"https:\/\/www.gaveanews.com\/#\/schema\/person\/image\/\",\"url\":\"https:\/\/secure.gravatar.com\/avatar\/8ca179f9b55eefe9f376f5493ef25475bfa59fbc28ce937f6076ce20e523098f?s=96&d=mm&r=g\",\"contentUrl\":\"https:\/\/secure.gravatar.com\/avatar\/8ca179f9b55eefe9f376f5493ef25475bfa59fbc28ce937f6076ce20e523098f?s=96&d=mm&r=g\",\"caption\":\"Leandro Cardoso\"}}]}<\/script>\n<!-- \/ Yoast SEO Premium plugin. -->","yoast_head_json":{"title":"Filipe Lu\u00eds, do Flamengo, \u00e9 monitorado por clube da Europa","robots":{"index":"index","follow":"follow","max-snippet":"max-snippet:-1","max-image-preview":"max-image-preview:large","max-video-preview":"max-video-preview:-1"},"canonical":"https:\/\/www.gaveanews.com\/index.php\/2025\/04\/16\/filipe-luis-do-flamengo-e-monitorado-por-clube-da-europa\/","og_locale":"pt_BR","og_type":"article","og_title":"Filipe Lu\u00eds, do Flamengo, \u00e9 monitorado por clube da Europa","og_description":"O nome de Filipe Lu\u00eds come\u00e7a a ecoar com for\u00e7a no futebol europeu. \u00cddolo dentro e fora de campo, o agora treinador do Flamengo j\u00e1 atrai olhares do exterior, mesmo em in\u00edcio de carreira. Com um trabalho consistente no Rubro-Negro, o ex-lateral vem sendo observado por ningu\u00e9m menos que o Atl\u00e9tico de Madrid, clube onde [&hellip;]","og_url":"https:\/\/www.gaveanews.com\/index.php\/2025\/04\/16\/filipe-luis-do-flamengo-e-monitorado-por-clube-da-europa\/","og_site_name":"G\u00e1vea News","article_publisher":"https:\/\/facebook.com\/gaveaNews\/","article_published_time":"2025-04-17T00:25:00+00:00","og_image":[{"width":477,"height":291,"url":"https:\/\/www.gaveanews.com\/wp-content\/uploads\/Filipe-Luis-pelo-Flamengo.webp","type":"image\/jpeg"}],"author":"Leandro Cardoso","twitter_card":"summary_large_image","twitter_misc":{"Escrito por":"Leandro Cardoso","Est. tempo de leitura":"3 minutos"},"schema":{"@context":"https:\/\/schema.org","@graph":[{"@type":"NewsArticle","@id":"https:\/\/www.gaveanews.com\/index.php\/2025\/04\/16\/filipe-luis-do-flamengo-e-monitorado-por-clube-da-europa\/#article","isPartOf":{"@id":"https:\/\/www.gaveanews.com\/index.php\/2025\/04\/16\/filipe-luis-do-flamengo-e-monitorado-por-clube-da-europa\/"},"author":{"name":"Leandro Cardoso","@id":"https:\/\/www.gaveanews.com\/#\/schema\/person\/2424ec6409bc3f068411fc5e4e9b6168"},"headline":"Filipe Lu\u00eds, do Flamengo, \u00e9 monitorado por clube da Europa","datePublished":"2025-04-17T00:25:00+00:00","mainEntityOfPage":{"@id":"https:\/\/www.gaveanews.com\/index.php\/2025\/04\/16\/filipe-luis-do-flamengo-e-monitorado-por-clube-da-europa\/"},"wordCount":378,"commentCount":0,"image":{"@id":"https:\/\/www.gaveanews.com\/index.php\/2025\/04\/16\/filipe-luis-do-flamengo-e-monitorado-por-clube-da-europa\/#primaryimage"},"thumbnailUrl":"https:\/\/www.gaveanews.com\/wp-content\/uploads\/Filipe-Luis-pelo-Flamengo.webp","articleSection":["Flamengo"],"inLanguage":"pt-BR","potentialAction":[{"@type":"CommentAction","name":"Comment","target":["https:\/\/www.gaveanews.com\/index.php\/2025\/04\/16\/filipe-luis-do-flamengo-e-monitorado-por-clube-da-europa\/#respond"]}],"copyrightYear":"2025","copyrightHolder":{"@id":"https:\/\/www.gaveanews.com\/#organization"}},{"@type":"WebPage","@id":"https:\/\/www.gaveanews.com\/index.php\/2025\/04\/16\/filipe-luis-do-flamengo-e-monitorado-por-clube-da-europa\/","url":"https:\/\/www.gaveanews.com\/index.php\/2025\/04\/16\/filipe-luis-do-flamengo-e-monitorado-por-clube-da-europa\/","name":"Filipe Lu\u00eds, do Flamengo, \u00e9 monitorado por clube da Europa","isPartOf":{"@id":"https:\/\/www.gaveanews.com\/#website"},"primaryImageOfPage":{"@id":"https:\/\/www.gaveanews.com\/index.php\/2025\/04\/16\/filipe-luis-do-flamengo-e-monitorado-por-clube-da-europa\/#primaryimage"},"image":{"@id":"https:\/\/www.gaveanews.com\/index.php\/2025\/04\/16\/filipe-luis-do-flamengo-e-monitorado-por-clube-da-europa\/#primaryimage"},"thumbnailUrl":"https:\/\/www.gaveanews.com\/wp-content\/uploads\/Filipe-Luis-pelo-Flamengo.webp","datePublished":"2025-04-17T00:25:00+00:00","author":{"@id":"https:\/\/www.gaveanews.com\/#\/schema\/person\/2424ec6409bc3f068411fc5e4e9b6168"},"breadcrumb":{"@id":"https:\/\/www.gaveanews.com\/index.php\/2025\/04\/16\/filipe-luis-do-flamengo-e-monitorado-por-clube-da-europa\/#breadcrumb"},"inLanguage":"pt-BR","potentialAction":[{"@type":"ReadAction","target":["https:\/\/www.gaveanews.com\/index.php\/2025\/04\/16\/filipe-luis-do-flamengo-e-monitorado-por-clube-da-europa\/"]}]},{"@type":"ImageObject","inLanguage":"pt-BR","@id":"https:\/\/www.gaveanews.com\/index.php\/2025\/04\/16\/filipe-luis-do-flamengo-e-monitorado-por-clube-da-europa\/#primaryimage","url":"https:\/\/www.gaveanews.com\/wp-content\/uploads\/Filipe-Luis-pelo-Flamengo.webp","contentUrl":"https:\/\/www.gaveanews.com\/wp-content\/uploads\/Filipe-Luis-pelo-Flamengo.webp","width":477,"height":291,"caption":"Filipe Lu\u00eds pelo Flamengo (Fotos: Gilvan de Souza\/Flamengo)"},{"@type":"BreadcrumbList","@id":"https:\/\/www.gaveanews.com\/index.php\/2025\/04\/16\/filipe-luis-do-flamengo-e-monitorado-por-clube-da-europa\/#breadcrumb","itemListElement":[{"@type":"ListItem","position":1,"name":"Home","item":"https:\/\/www.gaveanews.com\/"},{"@type":"ListItem","position":2,"name":"Filipe Lu\u00eds, do Flamengo, \u00e9 monitorado por clube da Europa"}]},{"@type":"WebSite","@id":"https:\/\/www.gaveanews.com\/#website","url":"https:\/\/www.gaveanews.com\/","name":"G\u00e1vea News","description":"Veja todas as not\u00edcias sobre o Flamengo: Contrata\u00e7\u00f5es, categorias de base, resultados das partidas, tabela de classifica\u00e7\u00e3o, pr\u00f3ximos jogos!","potentialAction":[{"@type":"SearchAction","target":{"@type":"EntryPoint","urlTemplate":"https:\/\/www.gaveanews.com\/?s={search_term_string}"},"query-input":{"@type":"PropertyValueSpecification","valueRequired":true,"valueName":"search_term_string"}}],"inLanguage":"pt-BR"},{"@type":"Person","@id":"https:\/\/www.gaveanews.com\/#\/schema\/person\/2424ec6409bc3f068411fc5e4e9b6168","name":"Leandro Cardoso","image":{"@type":"ImageObject","inLanguage":"pt-BR","@id":"https:\/\/www.gaveanews.com\/#\/schema\/person\/image\/","url":"https:\/\/secure.gravatar.com\/avatar\/8ca179f9b55eefe9f376f5493ef25475bfa59fbc28ce937f6076ce20e523098f?s=96&d=mm&r=g","contentUrl":"https:\/\/secure.gravatar.com\/avatar\/8ca179f9b55eefe9f376f5493ef25475bfa59fbc28ce937f6076ce20e523098f?s=96&d=mm&r=g","caption":"Leandro Cardoso"}}]}},"_links":{"self":[{"href":"https:\/\/www.gaveanews.com\/index.php\/wp-json\/wp\/v2\/posts\/254469","targetHints":{"allow":["GET"]}}],"collection":[{"href":"https:\/\/www.gaveanews.com\/index.php\/wp-json\/wp\/v2\/posts"}],"about":[{"href":"https:\/\/www.gaveanews.com\/index.php\/wp-json\/wp\/v2\/types\/post"}],"author":[{"embeddable":true,"href":"https:\/\/www.gaveanews.com\/index.php\/wp-json\/wp\/v2\/users\/24"}],"replies":[{"embeddable":true,"href":"https:\/\/www.gaveanews.com\/index.php\/wp-json\/wp\/v2\/comments?post=254469"}],"version-history":[{"count":1,"href":"https:\/\/www.gaveanews.com\/index.php\/wp-json\/wp\/v2\/posts\/254469\/revisions"}],"predecessor-version":[{"id":254471,"href":"https:\/\/www.gaveanews.com\/index.php\/wp-json\/wp\/v2\/posts\/254469\/revisions\/254471"}],"wp:featuredmedia":[{"embeddable":true,"href":"https:\/\/www.gaveanews.com\/index.php\/wp-json\/wp\/v2\/media\/251455"}],"wp:attachment":[{"href":"https:\/\/www.gaveanews.com\/index.php\/wp-json\/wp\/v2\/media?parent=254469"}],"wp:term":[{"taxonomy":"category","embeddable":true,"href":"https:\/\/www.gaveanews.com\/index.php\/wp-json\/wp\/v2\/categories?post=254469"},{"taxonomy":"post_tag","embeddable":true,"href":"https:\/\/www.gaveanews.com\/index.php\/wp-json\/wp\/v2\/tags?post=254469"}],"curies":[{"name":"wp","href":"https:\/\/api.w.org\/{rel}","templated":true}]}}