{"id":254624,"date":"2025-04-18T23:59:09","date_gmt":"2025-04-19T02:59:09","guid":{"rendered":"https:\/\/www.gaveanews.com\/?p=254624"},"modified":"2025-04-18T23:39:57","modified_gmt":"2025-04-19T02:39:57","slug":"real-madrid-x-arsenal-a-declaracao-de-bukayo-saka","status":"publish","type":"post","link":"https:\/\/www.gaveanews.com\/index.php\/2025\/04\/18\/real-madrid-x-arsenal-a-declaracao-de-bukayo-saka\/","title":{"rendered":"Real Madrid x Arsenal: A declara\u00e7\u00e3o de Bukayo Saka"},"content":{"rendered":"\n<p>Bukayo Saka comemorou a classifica\u00e7\u00e3o para as semifinais da Uefa Champions League depois de eliminar o Real Madrid em pleno Santiago Bernab\u00e9u. O atacante do Arsenal disse estar orgulhoso dos companheiros, minimizou o p\u00eanalti perdido e mostrou confian\u00e7a ao dizer que os Gunners podem vencer a competi\u00e7\u00e3o europeia.<\/p>\n\n\n\n<p>O Arsenal derrotou o Real Madrid por 2 a 1 com gols de Bukayo Saka e Gabriel Martinelli, garantindo uma vaga nas semifinais da Liga dos Campe\u00f5es da Uefa. Depois da partida, o atacante ingl\u00eas relatou orgulho ao falar da classifica\u00e7\u00e3o dos Gunners.<\/p>\n\n\n\n<p>\u201cEstou muito orgulhoso da equipe, provamos que podemos ser competitivos na Europa diante dos melhores times do mundo. Hoje foi um grande jogo, estou muito feliz\u201d, disse.<\/p>\n\n\n\n<p>Apesar de ter vencido a partida, o caminho do Arsenal para as semifinais poderia ter sido mais f\u00e1cil. Aos 11 minutos da primeira etapa, Bukayo Saka teve a chance de abrir o placar em uma cobran\u00e7a de p\u00eanalti, mas ele tentou uma cavadinha, defendida por Courtois. Ele n\u00e3o se abalou pelo erro e afirmou que estava confiante naquele momento.<\/p>\n\n\n\n<p>\u201cAcontece. Alguma coisa n\u00e3o deu certo, eu estava confiante. Foi um momento de aprendizado\u201d, disse.<\/p>\n\n\n\n<p>Perguntado sobre a press\u00e3o e a possibilidade da remontada do Real Madrid, que buscava reverter a derrota no jogo de ida por 3 a 0, Saka destacou a capacidade do Arsenal de segurar o \u00edmpeto advers\u00e1rio.<\/p>\n\n\n\n<p>\u201cA gente estava \u00e0 vontade. A gente tinha um bloco de defesa muito arrumado e conseguimos defender muito bem\u201d, afirmou.<\/p>\n\n\n\n<p>Ele tamb\u00e9m projetou a disputa com o Paris Saint-Germain nas semifinais da competi\u00e7\u00e3o. O atacante relatou ter visto a partida que os franceses fizeram com o Aston Villa e destacou que os advers\u00e1rios chegar\u00e3o motivados para o confronto.&nbsp;<\/p>\n\n\n\n<p>\u201cAgora eles v\u00e3o ter muito mais confian\u00e7a. A gente assistiu ontem \u00e0 noite (o jogo), eles s\u00e3o uma grande equipe, vai ser muito disputado e estamos prontos\u201d, disse.<\/p>\n\n\n\n<p>Por fim, Bukayo Saka n\u00e3o escondeu que o objetivo do Arsenal \u00e9 a conquista da Uefa Champions League e que ele s\u00e3o capazes de vencer.<\/p>\n\n\n\n<p>\u201cA gente pode ganhar a Champions League\u201d, finalizou.<\/p>\n","protected":false},"excerpt":{"rendered":"<p>Bukayo Saka comemorou a classifica\u00e7\u00e3o para as semifinais da Uefa Champions League depois de eliminar o Real Madrid em pleno Santiago Bernab\u00e9u. O atacante do Arsenal disse estar orgulhoso dos companheiros, minimizou o p\u00eanalti perdido e mostrou confian\u00e7a ao dizer que os Gunners podem vencer a competi\u00e7\u00e3o europeia. O Arsenal derrotou o Real Madrid por [&hellip;]<\/p>\n","protected":false},"author":29,"featured_media":130151,"comment_status":"open","ping_status":"closed","sticky":false,"template":"","format":"standard","meta":{"footnotes":""},"categories":[91,88],"tags":[],"class_list":["post-254624","post","type-post","status-publish","format-standard","has-post-thumbnail","hentry","category-arsenal","category-real-madrid"],"yoast_head":"<!-- This site is optimized with the Yoast SEO Premium plugin v24.2 (Yoast SEO v26.9) - https:\/\/yoast.com\/product\/yoast-seo-premium-wordpress\/ -->\n<title>Real Madrid x Arsenal: A declara\u00e7\u00e3o de Bukayo Saka<\/title>\n<meta name=\"robots\" content=\"index, follow, max-snippet:-1, max-image-preview:large, max-video-preview:-1\" \/>\n<link rel=\"canonical\" href=\"https:\/\/www.gaveanews.com\/index.php\/2025\/04\/18\/real-madrid-x-arsenal-a-declaracao-de-bukayo-saka\/\" \/>\n<meta property=\"og:locale\" content=\"pt_BR\" \/>\n<meta property=\"og:type\" content=\"article\" \/>\n<meta property=\"og:title\" content=\"Real Madrid x Arsenal: A declara\u00e7\u00e3o de Bukayo Saka\" \/>\n<meta property=\"og:description\" content=\"Bukayo Saka comemorou a classifica\u00e7\u00e3o para as semifinais da Uefa Champions League depois de eliminar o Real Madrid em pleno Santiago Bernab\u00e9u. O atacante do Arsenal disse estar orgulhoso dos companheiros, minimizou o p\u00eanalti perdido e mostrou confian\u00e7a ao dizer que os Gunners podem vencer a competi\u00e7\u00e3o europeia. O Arsenal derrotou o Real Madrid por [&hellip;]\" \/>\n<meta property=\"og:url\" content=\"https:\/\/www.gaveanews.com\/index.php\/2025\/04\/18\/real-madrid-x-arsenal-a-declaracao-de-bukayo-saka\/\" \/>\n<meta property=\"og:site_name\" content=\"G\u00e1vea News\" \/>\n<meta property=\"article:publisher\" content=\"https:\/\/facebook.com\/gaveaNews\/\" \/>\n<meta property=\"article:published_time\" content=\"2025-04-19T02:59:09+00:00\" \/>\n<meta property=\"og:image\" content=\"https:\/\/www.gaveanews.com\/wp-content\/uploads\/bukayosaka87_1709658215213.webp\" \/>\n\t<meta property=\"og:image:width\" content=\"1440\" \/>\n\t<meta property=\"og:image:height\" content=\"900\" \/>\n\t<meta property=\"og:image:type\" content=\"image\/jpeg\" \/>\n<meta name=\"author\" content=\"Marco Menezes\" \/>\n<meta name=\"twitter:card\" content=\"summary_large_image\" \/>\n<meta name=\"twitter:label1\" content=\"Escrito por\" \/>\n\t<meta name=\"twitter:data1\" content=\"Marco Menezes\" \/>\n\t<meta name=\"twitter:label2\" content=\"Est. tempo de leitura\" \/>\n\t<meta name=\"twitter:data2\" content=\"3 minutos\" \/>\n<script type=\"application\/ld+json\" class=\"yoast-schema-graph\">{\"@context\":\"https:\/\/schema.org\",\"@graph\":[{\"@type\":\"NewsArticle\",\"@id\":\"https:\/\/www.gaveanews.com\/index.php\/2025\/04\/18\/real-madrid-x-arsenal-a-declaracao-de-bukayo-saka\/#article\",\"isPartOf\":{\"@id\":\"https:\/\/www.gaveanews.com\/index.php\/2025\/04\/18\/real-madrid-x-arsenal-a-declaracao-de-bukayo-saka\/\"},\"author\":{\"name\":\"Marco Menezes\",\"@id\":\"https:\/\/www.gaveanews.com\/#\/schema\/person\/a9f62fe75380c6bada1b2fc49bc23d69\"},\"headline\":\"Real Madrid x Arsenal: A declara\u00e7\u00e3o de Bukayo Saka\",\"datePublished\":\"2025-04-19T02:59:09+00:00\",\"mainEntityOfPage\":{\"@id\":\"https:\/\/www.gaveanews.com\/index.php\/2025\/04\/18\/real-madrid-x-arsenal-a-declaracao-de-bukayo-saka\/\"},\"wordCount\":374,\"commentCount\":0,\"image\":{\"@id\":\"https:\/\/www.gaveanews.com\/index.php\/2025\/04\/18\/real-madrid-x-arsenal-a-declaracao-de-bukayo-saka\/#primaryimage\"},\"thumbnailUrl\":\"https:\/\/www.gaveanews.com\/wp-content\/uploads\/bukayosaka87_1709658215213.webp\",\"articleSection\":[\"Arsenal\",\"Real Madrid\"],\"inLanguage\":\"pt-BR\",\"potentialAction\":[{\"@type\":\"CommentAction\",\"name\":\"Comment\",\"target\":[\"https:\/\/www.gaveanews.com\/index.php\/2025\/04\/18\/real-madrid-x-arsenal-a-declaracao-de-bukayo-saka\/#respond\"]}],\"copyrightYear\":\"2025\",\"copyrightHolder\":{\"@id\":\"https:\/\/www.gaveanews.com\/#organization\"}},{\"@type\":\"WebPage\",\"@id\":\"https:\/\/www.gaveanews.com\/index.php\/2025\/04\/18\/real-madrid-x-arsenal-a-declaracao-de-bukayo-saka\/\",\"url\":\"https:\/\/www.gaveanews.com\/index.php\/2025\/04\/18\/real-madrid-x-arsenal-a-declaracao-de-bukayo-saka\/\",\"name\":\"Real Madrid x Arsenal: A declara\u00e7\u00e3o de Bukayo Saka\",\"isPartOf\":{\"@id\":\"https:\/\/www.gaveanews.com\/#website\"},\"primaryImageOfPage\":{\"@id\":\"https:\/\/www.gaveanews.com\/index.php\/2025\/04\/18\/real-madrid-x-arsenal-a-declaracao-de-bukayo-saka\/#primaryimage\"},\"image\":{\"@id\":\"https:\/\/www.gaveanews.com\/index.php\/2025\/04\/18\/real-madrid-x-arsenal-a-declaracao-de-bukayo-saka\/#primaryimage\"},\"thumbnailUrl\":\"https:\/\/www.gaveanews.com\/wp-content\/uploads\/bukayosaka87_1709658215213.webp\",\"datePublished\":\"2025-04-19T02:59:09+00:00\",\"author\":{\"@id\":\"https:\/\/www.gaveanews.com\/#\/schema\/person\/a9f62fe75380c6bada1b2fc49bc23d69\"},\"breadcrumb\":{\"@id\":\"https:\/\/www.gaveanews.com\/index.php\/2025\/04\/18\/real-madrid-x-arsenal-a-declaracao-de-bukayo-saka\/#breadcrumb\"},\"inLanguage\":\"pt-BR\",\"potentialAction\":[{\"@type\":\"ReadAction\",\"target\":[\"https:\/\/www.gaveanews.com\/index.php\/2025\/04\/18\/real-madrid-x-arsenal-a-declaracao-de-bukayo-saka\/\"]}]},{\"@type\":\"ImageObject\",\"inLanguage\":\"pt-BR\",\"@id\":\"https:\/\/www.gaveanews.com\/index.php\/2025\/04\/18\/real-madrid-x-arsenal-a-declaracao-de-bukayo-saka\/#primaryimage\",\"url\":\"https:\/\/www.gaveanews.com\/wp-content\/uploads\/bukayosaka87_1709658215213.webp\",\"contentUrl\":\"https:\/\/www.gaveanews.com\/wp-content\/uploads\/bukayosaka87_1709658215213.webp\",\"width\":1440,\"height\":900,\"caption\":\"Bukayo Saka pela sele\u00e7\u00e3o da Inglaterra (Foto: Reprodu\u00e7\u00e3o\/Instagram)\"},{\"@type\":\"BreadcrumbList\",\"@id\":\"https:\/\/www.gaveanews.com\/index.php\/2025\/04\/18\/real-madrid-x-arsenal-a-declaracao-de-bukayo-saka\/#breadcrumb\",\"itemListElement\":[{\"@type\":\"ListItem\",\"position\":1,\"name\":\"Home\",\"item\":\"https:\/\/www.gaveanews.com\/\"},{\"@type\":\"ListItem\",\"position\":2,\"name\":\"Real Madrid x Arsenal: A declara\u00e7\u00e3o de Bukayo Saka\"}]},{\"@type\":\"WebSite\",\"@id\":\"https:\/\/www.gaveanews.com\/#website\",\"url\":\"https:\/\/www.gaveanews.com\/\",\"name\":\"G\u00e1vea News\",\"description\":\"Veja todas as not\u00edcias sobre o Flamengo: Contrata\u00e7\u00f5es, categorias de base, resultados das partidas, tabela de classifica\u00e7\u00e3o, pr\u00f3ximos jogos!\",\"potentialAction\":[{\"@type\":\"SearchAction\",\"target\":{\"@type\":\"EntryPoint\",\"urlTemplate\":\"https:\/\/www.gaveanews.com\/?s={search_term_string}\"},\"query-input\":{\"@type\":\"PropertyValueSpecification\",\"valueRequired\":true,\"valueName\":\"search_term_string\"}}],\"inLanguage\":\"pt-BR\"},{\"@type\":\"Person\",\"@id\":\"https:\/\/www.gaveanews.com\/#\/schema\/person\/a9f62fe75380c6bada1b2fc49bc23d69\",\"name\":\"Marco Menezes\",\"image\":{\"@type\":\"ImageObject\",\"inLanguage\":\"pt-BR\",\"@id\":\"https:\/\/www.gaveanews.com\/#\/schema\/person\/image\/\",\"url\":\"https:\/\/secure.gravatar.com\/avatar\/a1d148ae17fc8bfc5dbccffd07979e8bd2c9ba494221779de86ec2c7907b71ec?s=96&d=mm&r=g\",\"contentUrl\":\"https:\/\/secure.gravatar.com\/avatar\/a1d148ae17fc8bfc5dbccffd07979e8bd2c9ba494221779de86ec2c7907b71ec?s=96&d=mm&r=g\",\"caption\":\"Marco Menezes\"}}]}<\/script>\n<!-- \/ Yoast SEO Premium plugin. -->","yoast_head_json":{"title":"Real Madrid x Arsenal: A declara\u00e7\u00e3o de Bukayo Saka","robots":{"index":"index","follow":"follow","max-snippet":"max-snippet:-1","max-image-preview":"max-image-preview:large","max-video-preview":"max-video-preview:-1"},"canonical":"https:\/\/www.gaveanews.com\/index.php\/2025\/04\/18\/real-madrid-x-arsenal-a-declaracao-de-bukayo-saka\/","og_locale":"pt_BR","og_type":"article","og_title":"Real Madrid x Arsenal: A declara\u00e7\u00e3o de Bukayo Saka","og_description":"Bukayo Saka comemorou a classifica\u00e7\u00e3o para as semifinais da Uefa Champions League depois de eliminar o Real Madrid em pleno Santiago Bernab\u00e9u. O atacante do Arsenal disse estar orgulhoso dos companheiros, minimizou o p\u00eanalti perdido e mostrou confian\u00e7a ao dizer que os Gunners podem vencer a competi\u00e7\u00e3o europeia. O Arsenal derrotou o Real Madrid por [&hellip;]","og_url":"https:\/\/www.gaveanews.com\/index.php\/2025\/04\/18\/real-madrid-x-arsenal-a-declaracao-de-bukayo-saka\/","og_site_name":"G\u00e1vea News","article_publisher":"https:\/\/facebook.com\/gaveaNews\/","article_published_time":"2025-04-19T02:59:09+00:00","og_image":[{"width":1440,"height":900,"url":"https:\/\/www.gaveanews.com\/wp-content\/uploads\/bukayosaka87_1709658215213.webp","type":"image\/jpeg"}],"author":"Marco Menezes","twitter_card":"summary_large_image","twitter_misc":{"Escrito por":"Marco Menezes","Est. tempo de leitura":"3 minutos"},"schema":{"@context":"https:\/\/schema.org","@graph":[{"@type":"NewsArticle","@id":"https:\/\/www.gaveanews.com\/index.php\/2025\/04\/18\/real-madrid-x-arsenal-a-declaracao-de-bukayo-saka\/#article","isPartOf":{"@id":"https:\/\/www.gaveanews.com\/index.php\/2025\/04\/18\/real-madrid-x-arsenal-a-declaracao-de-bukayo-saka\/"},"author":{"name":"Marco Menezes","@id":"https:\/\/www.gaveanews.com\/#\/schema\/person\/a9f62fe75380c6bada1b2fc49bc23d69"},"headline":"Real Madrid x Arsenal: A declara\u00e7\u00e3o de Bukayo Saka","datePublished":"2025-04-19T02:59:09+00:00","mainEntityOfPage":{"@id":"https:\/\/www.gaveanews.com\/index.php\/2025\/04\/18\/real-madrid-x-arsenal-a-declaracao-de-bukayo-saka\/"},"wordCount":374,"commentCount":0,"image":{"@id":"https:\/\/www.gaveanews.com\/index.php\/2025\/04\/18\/real-madrid-x-arsenal-a-declaracao-de-bukayo-saka\/#primaryimage"},"thumbnailUrl":"https:\/\/www.gaveanews.com\/wp-content\/uploads\/bukayosaka87_1709658215213.webp","articleSection":["Arsenal","Real Madrid"],"inLanguage":"pt-BR","potentialAction":[{"@type":"CommentAction","name":"Comment","target":["https:\/\/www.gaveanews.com\/index.php\/2025\/04\/18\/real-madrid-x-arsenal-a-declaracao-de-bukayo-saka\/#respond"]}],"copyrightYear":"2025","copyrightHolder":{"@id":"https:\/\/www.gaveanews.com\/#organization"}},{"@type":"WebPage","@id":"https:\/\/www.gaveanews.com\/index.php\/2025\/04\/18\/real-madrid-x-arsenal-a-declaracao-de-bukayo-saka\/","url":"https:\/\/www.gaveanews.com\/index.php\/2025\/04\/18\/real-madrid-x-arsenal-a-declaracao-de-bukayo-saka\/","name":"Real Madrid x Arsenal: A declara\u00e7\u00e3o de Bukayo Saka","isPartOf":{"@id":"https:\/\/www.gaveanews.com\/#website"},"primaryImageOfPage":{"@id":"https:\/\/www.gaveanews.com\/index.php\/2025\/04\/18\/real-madrid-x-arsenal-a-declaracao-de-bukayo-saka\/#primaryimage"},"image":{"@id":"https:\/\/www.gaveanews.com\/index.php\/2025\/04\/18\/real-madrid-x-arsenal-a-declaracao-de-bukayo-saka\/#primaryimage"},"thumbnailUrl":"https:\/\/www.gaveanews.com\/wp-content\/uploads\/bukayosaka87_1709658215213.webp","datePublished":"2025-04-19T02:59:09+00:00","author":{"@id":"https:\/\/www.gaveanews.com\/#\/schema\/person\/a9f62fe75380c6bada1b2fc49bc23d69"},"breadcrumb":{"@id":"https:\/\/www.gaveanews.com\/index.php\/2025\/04\/18\/real-madrid-x-arsenal-a-declaracao-de-bukayo-saka\/#breadcrumb"},"inLanguage":"pt-BR","potentialAction":[{"@type":"ReadAction","target":["https:\/\/www.gaveanews.com\/index.php\/2025\/04\/18\/real-madrid-x-arsenal-a-declaracao-de-bukayo-saka\/"]}]},{"@type":"ImageObject","inLanguage":"pt-BR","@id":"https:\/\/www.gaveanews.com\/index.php\/2025\/04\/18\/real-madrid-x-arsenal-a-declaracao-de-bukayo-saka\/#primaryimage","url":"https:\/\/www.gaveanews.com\/wp-content\/uploads\/bukayosaka87_1709658215213.webp","contentUrl":"https:\/\/www.gaveanews.com\/wp-content\/uploads\/bukayosaka87_1709658215213.webp","width":1440,"height":900,"caption":"Bukayo Saka pela sele\u00e7\u00e3o da Inglaterra (Foto: Reprodu\u00e7\u00e3o\/Instagram)"},{"@type":"BreadcrumbList","@id":"https:\/\/www.gaveanews.com\/index.php\/2025\/04\/18\/real-madrid-x-arsenal-a-declaracao-de-bukayo-saka\/#breadcrumb","itemListElement":[{"@type":"ListItem","position":1,"name":"Home","item":"https:\/\/www.gaveanews.com\/"},{"@type":"ListItem","position":2,"name":"Real Madrid x Arsenal: A declara\u00e7\u00e3o de Bukayo Saka"}]},{"@type":"WebSite","@id":"https:\/\/www.gaveanews.com\/#website","url":"https:\/\/www.gaveanews.com\/","name":"G\u00e1vea News","description":"Veja todas as not\u00edcias sobre o Flamengo: Contrata\u00e7\u00f5es, categorias de base, resultados das partidas, tabela de classifica\u00e7\u00e3o, pr\u00f3ximos jogos!","potentialAction":[{"@type":"SearchAction","target":{"@type":"EntryPoint","urlTemplate":"https:\/\/www.gaveanews.com\/?s={search_term_string}"},"query-input":{"@type":"PropertyValueSpecification","valueRequired":true,"valueName":"search_term_string"}}],"inLanguage":"pt-BR"},{"@type":"Person","@id":"https:\/\/www.gaveanews.com\/#\/schema\/person\/a9f62fe75380c6bada1b2fc49bc23d69","name":"Marco Menezes","image":{"@type":"ImageObject","inLanguage":"pt-BR","@id":"https:\/\/www.gaveanews.com\/#\/schema\/person\/image\/","url":"https:\/\/secure.gravatar.com\/avatar\/a1d148ae17fc8bfc5dbccffd07979e8bd2c9ba494221779de86ec2c7907b71ec?s=96&d=mm&r=g","contentUrl":"https:\/\/secure.gravatar.com\/avatar\/a1d148ae17fc8bfc5dbccffd07979e8bd2c9ba494221779de86ec2c7907b71ec?s=96&d=mm&r=g","caption":"Marco Menezes"}}]}},"_links":{"self":[{"href":"https:\/\/www.gaveanews.com\/index.php\/wp-json\/wp\/v2\/posts\/254624","targetHints":{"allow":["GET"]}}],"collection":[{"href":"https:\/\/www.gaveanews.com\/index.php\/wp-json\/wp\/v2\/posts"}],"about":[{"href":"https:\/\/www.gaveanews.com\/index.php\/wp-json\/wp\/v2\/types\/post"}],"author":[{"embeddable":true,"href":"https:\/\/www.gaveanews.com\/index.php\/wp-json\/wp\/v2\/users\/29"}],"replies":[{"embeddable":true,"href":"https:\/\/www.gaveanews.com\/index.php\/wp-json\/wp\/v2\/comments?post=254624"}],"version-history":[{"count":1,"href":"https:\/\/www.gaveanews.com\/index.php\/wp-json\/wp\/v2\/posts\/254624\/revisions"}],"predecessor-version":[{"id":254625,"href":"https:\/\/www.gaveanews.com\/index.php\/wp-json\/wp\/v2\/posts\/254624\/revisions\/254625"}],"wp:featuredmedia":[{"embeddable":true,"href":"https:\/\/www.gaveanews.com\/index.php\/wp-json\/wp\/v2\/media\/130151"}],"wp:attachment":[{"href":"https:\/\/www.gaveanews.com\/index.php\/wp-json\/wp\/v2\/media?parent=254624"}],"wp:term":[{"taxonomy":"category","embeddable":true,"href":"https:\/\/www.gaveanews.com\/index.php\/wp-json\/wp\/v2\/categories?post=254624"},{"taxonomy":"post_tag","embeddable":true,"href":"https:\/\/www.gaveanews.com\/index.php\/wp-json\/wp\/v2\/tags?post=254624"}],"curies":[{"name":"wp","href":"https:\/\/api.w.org\/{rel}","templated":true}]}}