{"id":254652,"date":"2025-04-18T16:36:13","date_gmt":"2025-04-18T19:36:13","guid":{"rendered":"https:\/\/www.gaveanews.com\/?p=254652"},"modified":"2025-04-18T16:36:16","modified_gmt":"2025-04-18T19:36:16","slug":"vegetti-desabafa-nas-redes-sociais-apos-derrota-para-o-ceara","status":"publish","type":"post","link":"https:\/\/www.gaveanews.com\/index.php\/2025\/04\/18\/vegetti-desabafa-nas-redes-sociais-apos-derrota-para-o-ceara\/","title":{"rendered":"Vegetti desabafa nas redes sociais ap\u00f3s derrota para o Cear\u00e1"},"content":{"rendered":"\n<p>Pablo Vegetti usou as redes sociais para ironizar a arbitragem da derrota contra o Cear\u00e1. O atacante do Vasco da Gama n\u00e3o concordou com a valida\u00e7\u00e3o do segundo gol cearense na partida, que gerou controv\u00e9rsia e confus\u00e3o nas redes sociais.<\/p>\n\n\n\n<p>Autor do gol de honra vasca\u00edno na derrota para o Cear\u00e1 por 2 a 1, na Arena Castel\u00e3o, pela quarta rodada do Campeonato Brasileiro, na ter\u00e7a-feira (15), Pablo Vegetti compartilhou a imagem utilizada pela cabine do VAR para validar o gol cearense.<\/p>\n\n\n\n<p>Nela, n\u00e3o fica claro qual foi a refer\u00eancia utilizada pela arbitragem para verificar se havia impedimento. No segundo gol de Pedro Raul, ele recebe a bola em um toque de cabe\u00e7a de Guilherme Luiz e finaliza para o fundo das redes. A imagem congelada, no entanto, n\u00e3o \u00e9 did\u00e1tica e aparenta ter sido tra\u00e7ada no ombro do atleta.<\/p>\n\n\n\n<p>Como n\u00e3o havia nenhum defensor antes da linha da bola, o tracejamento deveria ser feito nela. Com a impress\u00e3o de que ele foi feito no ombro, criou-se a confus\u00e3o. Vegetti ironizou com v\u00e1rios emojis de riso, como quem se sentiu prejudicado pela decis\u00e3o do \u00e1rbitro de v\u00eddeo.<\/p>\n\n\n\n<figure class=\"wp-block-image size-full\"><img loading=\"lazy\" decoding=\"async\" width=\"1000\" height=\"1226\" src=\"http:\/\/www.gaveanews.com\/wp-content\/uploads\/Pablo-Vegetti-do-Vasco-ironiza-VAR-apos-derrota.webp\" alt=\"\" class=\"wp-image-254403\"\/><\/figure>\n\n\n\n<p>A derrota estagnou o clube com 6 pontos conquistados no Brasileir\u00e3o e tamb\u00e9m exp\u00f4s a fragilidade vasca\u00edna quando atua longe de S\u00e3o Janu\u00e1rio. O clube jogou duas vezes fora do Rio de Janeiro e perdeu em ambas, uma para o Corinthians e agora para o Cear\u00e1.<\/p>\n\n\n\n<p>A insatisfa\u00e7\u00e3o com o trabalho de F\u00e1bio Carille voltou \u00e0 tona depois de um curto per\u00edodo de respiro ap\u00f3s as vit\u00f3rias sobre Puerto Cabello e Sport. O treinador tem sido bastante criticado e v\u00e1rios torcedores passaram a exigir a pronta demiss\u00e3o dele.&nbsp;<\/p>\n\n\n\n<p>O cen\u00e1rio para o clube pode piorar por conta dos pr\u00f3ximos confrontos que ser\u00e3o todos longe de S\u00e3o Janu\u00e1rio, o primeiro \u00e9 o cl\u00e1ssico contra o Flamengo no Maracan\u00e3. Depois a equipe ainda enfrenta o Cruzeiro, no Mineir\u00e3o, e o Palmeiras, no Man\u00e9 Garrincha.<\/p>\n","protected":false},"excerpt":{"rendered":"<p>Pablo Vegetti usou as redes sociais para ironizar a arbitragem da derrota contra o Cear\u00e1. O atacante do Vasco da Gama n\u00e3o concordou com a valida\u00e7\u00e3o do segundo gol cearense na partida, que gerou controv\u00e9rsia e confus\u00e3o nas redes sociais. Autor do gol de honra vasca\u00edno na derrota para o Cear\u00e1 por 2 a 1, [&hellip;]<\/p>\n","protected":false},"author":29,"featured_media":146070,"comment_status":"open","ping_status":"closed","sticky":false,"template":"","format":"standard","meta":{"footnotes":""},"categories":[152],"tags":[],"class_list":["post-254652","post","type-post","status-publish","format-standard","has-post-thumbnail","hentry","category-vasco"],"yoast_head":"<!-- This site is optimized with the Yoast SEO Premium plugin v24.2 (Yoast SEO v26.9) - https:\/\/yoast.com\/product\/yoast-seo-premium-wordpress\/ -->\n<title>Vegetti desabafa nas redes sociais ap\u00f3s derrota para o Cear\u00e1<\/title>\n<meta name=\"robots\" content=\"index, follow, max-snippet:-1, max-image-preview:large, max-video-preview:-1\" \/>\n<link rel=\"canonical\" href=\"https:\/\/www.gaveanews.com\/index.php\/2025\/04\/18\/vegetti-desabafa-nas-redes-sociais-apos-derrota-para-o-ceara\/\" \/>\n<meta property=\"og:locale\" content=\"pt_BR\" \/>\n<meta property=\"og:type\" content=\"article\" \/>\n<meta property=\"og:title\" content=\"Vegetti desabafa nas redes sociais ap\u00f3s derrota para o Cear\u00e1\" \/>\n<meta property=\"og:description\" content=\"Pablo Vegetti usou as redes sociais para ironizar a arbitragem da derrota contra o Cear\u00e1. O atacante do Vasco da Gama n\u00e3o concordou com a valida\u00e7\u00e3o do segundo gol cearense na partida, que gerou controv\u00e9rsia e confus\u00e3o nas redes sociais. Autor do gol de honra vasca\u00edno na derrota para o Cear\u00e1 por 2 a 1, [&hellip;]\" \/>\n<meta property=\"og:url\" content=\"https:\/\/www.gaveanews.com\/index.php\/2025\/04\/18\/vegetti-desabafa-nas-redes-sociais-apos-derrota-para-o-ceara\/\" \/>\n<meta property=\"og:site_name\" content=\"G\u00e1vea News\" \/>\n<meta property=\"article:publisher\" content=\"https:\/\/facebook.com\/gaveaNews\/\" \/>\n<meta property=\"article:published_time\" content=\"2025-04-18T19:36:13+00:00\" \/>\n<meta property=\"article:modified_time\" content=\"2025-04-18T19:36:16+00:00\" \/>\n<meta name=\"author\" content=\"Marco Menezes\" \/>\n<meta name=\"twitter:card\" content=\"summary_large_image\" \/>\n<meta name=\"twitter:label1\" content=\"Escrito por\" \/>\n\t<meta name=\"twitter:data1\" content=\"Marco Menezes\" \/>\n\t<meta name=\"twitter:label2\" content=\"Est. tempo de leitura\" \/>\n\t<meta name=\"twitter:data2\" content=\"3 minutos\" \/>\n<script type=\"application\/ld+json\" class=\"yoast-schema-graph\">{\"@context\":\"https:\/\/schema.org\",\"@graph\":[{\"@type\":\"NewsArticle\",\"@id\":\"https:\/\/www.gaveanews.com\/index.php\/2025\/04\/18\/vegetti-desabafa-nas-redes-sociais-apos-derrota-para-o-ceara\/#article\",\"isPartOf\":{\"@id\":\"https:\/\/www.gaveanews.com\/index.php\/2025\/04\/18\/vegetti-desabafa-nas-redes-sociais-apos-derrota-para-o-ceara\/\"},\"author\":{\"name\":\"Marco Menezes\",\"@id\":\"https:\/\/www.gaveanews.com\/#\/schema\/person\/a9f62fe75380c6bada1b2fc49bc23d69\"},\"headline\":\"Vegetti desabafa nas redes sociais ap\u00f3s derrota para o Cear\u00e1\",\"datePublished\":\"2025-04-18T19:36:13+00:00\",\"dateModified\":\"2025-04-18T19:36:16+00:00\",\"mainEntityOfPage\":{\"@id\":\"https:\/\/www.gaveanews.com\/index.php\/2025\/04\/18\/vegetti-desabafa-nas-redes-sociais-apos-derrota-para-o-ceara\/\"},\"wordCount\":363,\"commentCount\":0,\"image\":{\"@id\":\"https:\/\/www.gaveanews.com\/index.php\/2025\/04\/18\/vegetti-desabafa-nas-redes-sociais-apos-derrota-para-o-ceara\/#primaryimage\"},\"thumbnailUrl\":\"https:\/\/www.gaveanews.com\/wp-content\/uploads\/Pablo-Vegetti-em-acao-pelo-Vasco.avif\",\"articleSection\":[\"Vasco\"],\"inLanguage\":\"pt-BR\",\"potentialAction\":[{\"@type\":\"CommentAction\",\"name\":\"Comment\",\"target\":[\"https:\/\/www.gaveanews.com\/index.php\/2025\/04\/18\/vegetti-desabafa-nas-redes-sociais-apos-derrota-para-o-ceara\/#respond\"]}],\"copyrightYear\":\"2025\",\"copyrightHolder\":{\"@id\":\"https:\/\/www.gaveanews.com\/#organization\"}},{\"@type\":\"WebPage\",\"@id\":\"https:\/\/www.gaveanews.com\/index.php\/2025\/04\/18\/vegetti-desabafa-nas-redes-sociais-apos-derrota-para-o-ceara\/\",\"url\":\"https:\/\/www.gaveanews.com\/index.php\/2025\/04\/18\/vegetti-desabafa-nas-redes-sociais-apos-derrota-para-o-ceara\/\",\"name\":\"Vegetti desabafa nas redes sociais ap\u00f3s derrota para o Cear\u00e1\",\"isPartOf\":{\"@id\":\"https:\/\/www.gaveanews.com\/#website\"},\"primaryImageOfPage\":{\"@id\":\"https:\/\/www.gaveanews.com\/index.php\/2025\/04\/18\/vegetti-desabafa-nas-redes-sociais-apos-derrota-para-o-ceara\/#primaryimage\"},\"image\":{\"@id\":\"https:\/\/www.gaveanews.com\/index.php\/2025\/04\/18\/vegetti-desabafa-nas-redes-sociais-apos-derrota-para-o-ceara\/#primaryimage\"},\"thumbnailUrl\":\"https:\/\/www.gaveanews.com\/wp-content\/uploads\/Pablo-Vegetti-em-acao-pelo-Vasco.avif\",\"datePublished\":\"2025-04-18T19:36:13+00:00\",\"dateModified\":\"2025-04-18T19:36:16+00:00\",\"author\":{\"@id\":\"https:\/\/www.gaveanews.com\/#\/schema\/person\/a9f62fe75380c6bada1b2fc49bc23d69\"},\"breadcrumb\":{\"@id\":\"https:\/\/www.gaveanews.com\/index.php\/2025\/04\/18\/vegetti-desabafa-nas-redes-sociais-apos-derrota-para-o-ceara\/#breadcrumb\"},\"inLanguage\":\"pt-BR\",\"potentialAction\":[{\"@type\":\"ReadAction\",\"target\":[\"https:\/\/www.gaveanews.com\/index.php\/2025\/04\/18\/vegetti-desabafa-nas-redes-sociais-apos-derrota-para-o-ceara\/\"]}]},{\"@type\":\"ImageObject\",\"inLanguage\":\"pt-BR\",\"@id\":\"https:\/\/www.gaveanews.com\/index.php\/2025\/04\/18\/vegetti-desabafa-nas-redes-sociais-apos-derrota-para-o-ceara\/#primaryimage\",\"url\":\"https:\/\/www.gaveanews.com\/wp-content\/uploads\/Pablo-Vegetti-em-acao-pelo-Vasco.avif\",\"contentUrl\":\"https:\/\/www.gaveanews.com\/wp-content\/uploads\/Pablo-Vegetti-em-acao-pelo-Vasco.avif\",\"width\":900,\"height\":600,\"caption\":\"Pablo Vegetti em a\u00e7\u00e3o pelo Vasco (Foto: Leandro Amorim\/Vasco)\"},{\"@type\":\"BreadcrumbList\",\"@id\":\"https:\/\/www.gaveanews.com\/index.php\/2025\/04\/18\/vegetti-desabafa-nas-redes-sociais-apos-derrota-para-o-ceara\/#breadcrumb\",\"itemListElement\":[{\"@type\":\"ListItem\",\"position\":1,\"name\":\"Home\",\"item\":\"https:\/\/www.gaveanews.com\/\"},{\"@type\":\"ListItem\",\"position\":2,\"name\":\"Vegetti desabafa nas redes sociais ap\u00f3s derrota para o Cear\u00e1\"}]},{\"@type\":\"WebSite\",\"@id\":\"https:\/\/www.gaveanews.com\/#website\",\"url\":\"https:\/\/www.gaveanews.com\/\",\"name\":\"G\u00e1vea News\",\"description\":\"Veja todas as not\u00edcias sobre o Flamengo: Contrata\u00e7\u00f5es, categorias de base, resultados das partidas, tabela de classifica\u00e7\u00e3o, pr\u00f3ximos jogos!\",\"potentialAction\":[{\"@type\":\"SearchAction\",\"target\":{\"@type\":\"EntryPoint\",\"urlTemplate\":\"https:\/\/www.gaveanews.com\/?s={search_term_string}\"},\"query-input\":{\"@type\":\"PropertyValueSpecification\",\"valueRequired\":true,\"valueName\":\"search_term_string\"}}],\"inLanguage\":\"pt-BR\"},{\"@type\":\"Person\",\"@id\":\"https:\/\/www.gaveanews.com\/#\/schema\/person\/a9f62fe75380c6bada1b2fc49bc23d69\",\"name\":\"Marco Menezes\",\"image\":{\"@type\":\"ImageObject\",\"inLanguage\":\"pt-BR\",\"@id\":\"https:\/\/www.gaveanews.com\/#\/schema\/person\/image\/\",\"url\":\"https:\/\/secure.gravatar.com\/avatar\/a1d148ae17fc8bfc5dbccffd07979e8bd2c9ba494221779de86ec2c7907b71ec?s=96&d=mm&r=g\",\"contentUrl\":\"https:\/\/secure.gravatar.com\/avatar\/a1d148ae17fc8bfc5dbccffd07979e8bd2c9ba494221779de86ec2c7907b71ec?s=96&d=mm&r=g\",\"caption\":\"Marco Menezes\"}}]}<\/script>\n<!-- \/ Yoast SEO Premium plugin. -->","yoast_head_json":{"title":"Vegetti desabafa nas redes sociais ap\u00f3s derrota para o Cear\u00e1","robots":{"index":"index","follow":"follow","max-snippet":"max-snippet:-1","max-image-preview":"max-image-preview:large","max-video-preview":"max-video-preview:-1"},"canonical":"https:\/\/www.gaveanews.com\/index.php\/2025\/04\/18\/vegetti-desabafa-nas-redes-sociais-apos-derrota-para-o-ceara\/","og_locale":"pt_BR","og_type":"article","og_title":"Vegetti desabafa nas redes sociais ap\u00f3s derrota para o Cear\u00e1","og_description":"Pablo Vegetti usou as redes sociais para ironizar a arbitragem da derrota contra o Cear\u00e1. O atacante do Vasco da Gama n\u00e3o concordou com a valida\u00e7\u00e3o do segundo gol cearense na partida, que gerou controv\u00e9rsia e confus\u00e3o nas redes sociais. Autor do gol de honra vasca\u00edno na derrota para o Cear\u00e1 por 2 a 1, [&hellip;]","og_url":"https:\/\/www.gaveanews.com\/index.php\/2025\/04\/18\/vegetti-desabafa-nas-redes-sociais-apos-derrota-para-o-ceara\/","og_site_name":"G\u00e1vea News","article_publisher":"https:\/\/facebook.com\/gaveaNews\/","article_published_time":"2025-04-18T19:36:13+00:00","article_modified_time":"2025-04-18T19:36:16+00:00","author":"Marco Menezes","twitter_card":"summary_large_image","twitter_misc":{"Escrito por":"Marco Menezes","Est. tempo de leitura":"3 minutos"},"schema":{"@context":"https:\/\/schema.org","@graph":[{"@type":"NewsArticle","@id":"https:\/\/www.gaveanews.com\/index.php\/2025\/04\/18\/vegetti-desabafa-nas-redes-sociais-apos-derrota-para-o-ceara\/#article","isPartOf":{"@id":"https:\/\/www.gaveanews.com\/index.php\/2025\/04\/18\/vegetti-desabafa-nas-redes-sociais-apos-derrota-para-o-ceara\/"},"author":{"name":"Marco Menezes","@id":"https:\/\/www.gaveanews.com\/#\/schema\/person\/a9f62fe75380c6bada1b2fc49bc23d69"},"headline":"Vegetti desabafa nas redes sociais ap\u00f3s derrota para o Cear\u00e1","datePublished":"2025-04-18T19:36:13+00:00","dateModified":"2025-04-18T19:36:16+00:00","mainEntityOfPage":{"@id":"https:\/\/www.gaveanews.com\/index.php\/2025\/04\/18\/vegetti-desabafa-nas-redes-sociais-apos-derrota-para-o-ceara\/"},"wordCount":363,"commentCount":0,"image":{"@id":"https:\/\/www.gaveanews.com\/index.php\/2025\/04\/18\/vegetti-desabafa-nas-redes-sociais-apos-derrota-para-o-ceara\/#primaryimage"},"thumbnailUrl":"https:\/\/www.gaveanews.com\/wp-content\/uploads\/Pablo-Vegetti-em-acao-pelo-Vasco.avif","articleSection":["Vasco"],"inLanguage":"pt-BR","potentialAction":[{"@type":"CommentAction","name":"Comment","target":["https:\/\/www.gaveanews.com\/index.php\/2025\/04\/18\/vegetti-desabafa-nas-redes-sociais-apos-derrota-para-o-ceara\/#respond"]}],"copyrightYear":"2025","copyrightHolder":{"@id":"https:\/\/www.gaveanews.com\/#organization"}},{"@type":"WebPage","@id":"https:\/\/www.gaveanews.com\/index.php\/2025\/04\/18\/vegetti-desabafa-nas-redes-sociais-apos-derrota-para-o-ceara\/","url":"https:\/\/www.gaveanews.com\/index.php\/2025\/04\/18\/vegetti-desabafa-nas-redes-sociais-apos-derrota-para-o-ceara\/","name":"Vegetti desabafa nas redes sociais ap\u00f3s derrota para o Cear\u00e1","isPartOf":{"@id":"https:\/\/www.gaveanews.com\/#website"},"primaryImageOfPage":{"@id":"https:\/\/www.gaveanews.com\/index.php\/2025\/04\/18\/vegetti-desabafa-nas-redes-sociais-apos-derrota-para-o-ceara\/#primaryimage"},"image":{"@id":"https:\/\/www.gaveanews.com\/index.php\/2025\/04\/18\/vegetti-desabafa-nas-redes-sociais-apos-derrota-para-o-ceara\/#primaryimage"},"thumbnailUrl":"https:\/\/www.gaveanews.com\/wp-content\/uploads\/Pablo-Vegetti-em-acao-pelo-Vasco.avif","datePublished":"2025-04-18T19:36:13+00:00","dateModified":"2025-04-18T19:36:16+00:00","author":{"@id":"https:\/\/www.gaveanews.com\/#\/schema\/person\/a9f62fe75380c6bada1b2fc49bc23d69"},"breadcrumb":{"@id":"https:\/\/www.gaveanews.com\/index.php\/2025\/04\/18\/vegetti-desabafa-nas-redes-sociais-apos-derrota-para-o-ceara\/#breadcrumb"},"inLanguage":"pt-BR","potentialAction":[{"@type":"ReadAction","target":["https:\/\/www.gaveanews.com\/index.php\/2025\/04\/18\/vegetti-desabafa-nas-redes-sociais-apos-derrota-para-o-ceara\/"]}]},{"@type":"ImageObject","inLanguage":"pt-BR","@id":"https:\/\/www.gaveanews.com\/index.php\/2025\/04\/18\/vegetti-desabafa-nas-redes-sociais-apos-derrota-para-o-ceara\/#primaryimage","url":"https:\/\/www.gaveanews.com\/wp-content\/uploads\/Pablo-Vegetti-em-acao-pelo-Vasco.avif","contentUrl":"https:\/\/www.gaveanews.com\/wp-content\/uploads\/Pablo-Vegetti-em-acao-pelo-Vasco.avif","width":900,"height":600,"caption":"Pablo Vegetti em a\u00e7\u00e3o pelo Vasco (Foto: Leandro Amorim\/Vasco)"},{"@type":"BreadcrumbList","@id":"https:\/\/www.gaveanews.com\/index.php\/2025\/04\/18\/vegetti-desabafa-nas-redes-sociais-apos-derrota-para-o-ceara\/#breadcrumb","itemListElement":[{"@type":"ListItem","position":1,"name":"Home","item":"https:\/\/www.gaveanews.com\/"},{"@type":"ListItem","position":2,"name":"Vegetti desabafa nas redes sociais ap\u00f3s derrota para o Cear\u00e1"}]},{"@type":"WebSite","@id":"https:\/\/www.gaveanews.com\/#website","url":"https:\/\/www.gaveanews.com\/","name":"G\u00e1vea News","description":"Veja todas as not\u00edcias sobre o Flamengo: Contrata\u00e7\u00f5es, categorias de base, resultados das partidas, tabela de classifica\u00e7\u00e3o, pr\u00f3ximos jogos!","potentialAction":[{"@type":"SearchAction","target":{"@type":"EntryPoint","urlTemplate":"https:\/\/www.gaveanews.com\/?s={search_term_string}"},"query-input":{"@type":"PropertyValueSpecification","valueRequired":true,"valueName":"search_term_string"}}],"inLanguage":"pt-BR"},{"@type":"Person","@id":"https:\/\/www.gaveanews.com\/#\/schema\/person\/a9f62fe75380c6bada1b2fc49bc23d69","name":"Marco Menezes","image":{"@type":"ImageObject","inLanguage":"pt-BR","@id":"https:\/\/www.gaveanews.com\/#\/schema\/person\/image\/","url":"https:\/\/secure.gravatar.com\/avatar\/a1d148ae17fc8bfc5dbccffd07979e8bd2c9ba494221779de86ec2c7907b71ec?s=96&d=mm&r=g","contentUrl":"https:\/\/secure.gravatar.com\/avatar\/a1d148ae17fc8bfc5dbccffd07979e8bd2c9ba494221779de86ec2c7907b71ec?s=96&d=mm&r=g","caption":"Marco Menezes"}}]}},"_links":{"self":[{"href":"https:\/\/www.gaveanews.com\/index.php\/wp-json\/wp\/v2\/posts\/254652","targetHints":{"allow":["GET"]}}],"collection":[{"href":"https:\/\/www.gaveanews.com\/index.php\/wp-json\/wp\/v2\/posts"}],"about":[{"href":"https:\/\/www.gaveanews.com\/index.php\/wp-json\/wp\/v2\/types\/post"}],"author":[{"embeddable":true,"href":"https:\/\/www.gaveanews.com\/index.php\/wp-json\/wp\/v2\/users\/29"}],"replies":[{"embeddable":true,"href":"https:\/\/www.gaveanews.com\/index.php\/wp-json\/wp\/v2\/comments?post=254652"}],"version-history":[{"count":2,"href":"https:\/\/www.gaveanews.com\/index.php\/wp-json\/wp\/v2\/posts\/254652\/revisions"}],"predecessor-version":[{"id":255460,"href":"https:\/\/www.gaveanews.com\/index.php\/wp-json\/wp\/v2\/posts\/254652\/revisions\/255460"}],"wp:featuredmedia":[{"embeddable":true,"href":"https:\/\/www.gaveanews.com\/index.php\/wp-json\/wp\/v2\/media\/146070"}],"wp:attachment":[{"href":"https:\/\/www.gaveanews.com\/index.php\/wp-json\/wp\/v2\/media?parent=254652"}],"wp:term":[{"taxonomy":"category","embeddable":true,"href":"https:\/\/www.gaveanews.com\/index.php\/wp-json\/wp\/v2\/categories?post=254652"},{"taxonomy":"post_tag","embeddable":true,"href":"https:\/\/www.gaveanews.com\/index.php\/wp-json\/wp\/v2\/tags?post=254652"}],"curies":[{"name":"wp","href":"https:\/\/api.w.org\/{rel}","templated":true}]}}