{"id":254782,"date":"2025-04-18T16:41:41","date_gmt":"2025-04-18T19:41:41","guid":{"rendered":"https:\/\/www.gaveanews.com\/?p=254782"},"modified":"2025-04-18T16:41:44","modified_gmt":"2025-04-18T19:41:44","slug":"a-declaracao-de-gabriel-martinelli-direcionada-ao-real-madrid","status":"publish","type":"post","link":"https:\/\/www.gaveanews.com\/index.php\/2025\/04\/18\/a-declaracao-de-gabriel-martinelli-direcionada-ao-real-madrid\/","title":{"rendered":"A declara\u00e7\u00e3o de Gabriel Martinelli direcionada ao Real Madrid"},"content":{"rendered":"\n<p>Autor do gol que sacramentou a classifica\u00e7\u00e3o do Arsenal para as semifinais da Uefa Champions League, Gabriel Martinello demonstrou ao rival Real Madrid. O atacante brasileiro destacou que n\u00e3o se intimidou com a possibilidade de uma \u201cremontada\u201d dos Blancos e que n\u00e3o deixou nada atrapalhar a prepara\u00e7\u00e3o para o confronto.<\/p>\n\n\n\n<p>O Arsenal destronou o atual campe\u00e3o da Liga dos Campe\u00f5es da Uefa na casa deles. Os Gunners venceram o Real Madrid por 2 a 1 com gols de Serhou Guirassy e Gabriel Martinelli, para confirmar o excelente jogo da ida das quartas de final, quando derrotou os Blancos por 3 a 0.<\/p>\n\n\n\n<p>Ao longo dos \u00faltimos anos, o mundo se acostumou a ver o Real Madrid sair de situa\u00e7\u00f5es dif\u00edceis e conquistar resultados improv\u00e1veis. Tanto que conquistou 6 Uefa Champions League desde a temporada 2013\/2014. Isso aumentou a imposi\u00e7\u00e3o do maior time do planeta e gerou diversas previs\u00f5es de uma virada hist\u00f3rica contra o Arsenal.<\/p>\n\n\n\n<p>Por\u00e9m, dentro de campo, o que se viu foi o time ingl\u00eas controlando o \u00edmpeto advers\u00e1rio, com bastante organiza\u00e7\u00e3o defensiva e efici\u00eancia no ter\u00e7o final do campo. Foi assim que os Gunners conquistaram a vit\u00f3ria e se classificaram para enfrentar o Paris Saint-Germain nas semifinais.<\/p>\n\n\n\n<p>Em entrevista ap\u00f3s a partida, o autor do gol que sacramentou a classifica\u00e7\u00e3o, Gabriel Martinelli, falou que os jogadores n\u00e3o deixaram que fatores externos ou o medo de tomarem a virada os atrapalhar. O atacante da Sele\u00e7\u00e3o Brasileira demonstrou respeito pelo advers\u00e1rio, mas elevou o time ingl\u00eas ao posto de um dos maiores do planeta.<\/p>\n\n\n\n<p>\u201cO Real Madrid \u00e9 um dos maiores clubes do mundo, sen\u00e3o o maior. \u00c9 um privil\u00e9gio jogar contra eles. Mas a gente est\u00e1 defendendo a camisa do Arsenal, um dos maiores times do mundo tamb\u00e9m. A gente n\u00e3o deixou nada desse tipo de \u2018remontada\u2019, qualquer coisa desse tipo, interferir na nossa prepara\u00e7\u00e3o. A gente veio com a cabe\u00e7a tranquila, p\u00e9 no ch\u00e3o, a gente sabe da qualidade que nosso time tem e conseguimos sair com o resultado positivo\u201d, disse.<\/p>\n","protected":false},"excerpt":{"rendered":"<p>Autor do gol que sacramentou a classifica\u00e7\u00e3o do Arsenal para as semifinais da Uefa Champions League, Gabriel Martinello demonstrou ao rival Real Madrid. O atacante brasileiro destacou que n\u00e3o se intimidou com a possibilidade de uma \u201cremontada\u201d dos Blancos e que n\u00e3o deixou nada atrapalhar a prepara\u00e7\u00e3o para o confronto. O Arsenal destronou o atual [&hellip;]<\/p>\n","protected":false},"author":29,"featured_media":174141,"comment_status":"open","ping_status":"closed","sticky":false,"template":"","format":"standard","meta":{"footnotes":""},"categories":[91,88],"tags":[],"class_list":["post-254782","post","type-post","status-publish","format-standard","has-post-thumbnail","hentry","category-arsenal","category-real-madrid"],"yoast_head":"<!-- This site is optimized with the Yoast SEO Premium plugin v24.2 (Yoast SEO v26.9) - https:\/\/yoast.com\/product\/yoast-seo-premium-wordpress\/ -->\n<title>A declara\u00e7\u00e3o de Gabriel Martinelli direcionada ao Real Madrid<\/title>\n<meta name=\"robots\" content=\"index, follow, max-snippet:-1, max-image-preview:large, max-video-preview:-1\" \/>\n<link rel=\"canonical\" href=\"https:\/\/www.gaveanews.com\/index.php\/2025\/04\/18\/a-declaracao-de-gabriel-martinelli-direcionada-ao-real-madrid\/\" \/>\n<meta property=\"og:locale\" content=\"pt_BR\" \/>\n<meta property=\"og:type\" content=\"article\" \/>\n<meta property=\"og:title\" content=\"A declara\u00e7\u00e3o de Gabriel Martinelli direcionada ao Real Madrid\" \/>\n<meta property=\"og:description\" content=\"Autor do gol que sacramentou a classifica\u00e7\u00e3o do Arsenal para as semifinais da Uefa Champions League, Gabriel Martinello demonstrou ao rival Real Madrid. O atacante brasileiro destacou que n\u00e3o se intimidou com a possibilidade de uma \u201cremontada\u201d dos Blancos e que n\u00e3o deixou nada atrapalhar a prepara\u00e7\u00e3o para o confronto. O Arsenal destronou o atual [&hellip;]\" \/>\n<meta property=\"og:url\" content=\"https:\/\/www.gaveanews.com\/index.php\/2025\/04\/18\/a-declaracao-de-gabriel-martinelli-direcionada-ao-real-madrid\/\" \/>\n<meta property=\"og:site_name\" content=\"G\u00e1vea News\" \/>\n<meta property=\"article:publisher\" content=\"https:\/\/facebook.com\/gaveaNews\/\" \/>\n<meta property=\"article:published_time\" content=\"2025-04-18T19:41:41+00:00\" \/>\n<meta property=\"article:modified_time\" content=\"2025-04-18T19:41:44+00:00\" \/>\n<meta property=\"og:image\" content=\"http:\/\/www.gaveanews.com\/wp-content\/uploads\/Gabriel-Martinelli-comemora-apos-marcar-um-gol-pelo-Arsenal.webp\" \/>\n\t<meta property=\"og:image:width\" content=\"1080\" \/>\n\t<meta property=\"og:image:height\" content=\"1080\" \/>\n\t<meta property=\"og:image:type\" content=\"image\/jpeg\" \/>\n<meta name=\"author\" content=\"Marco Menezes\" \/>\n<meta name=\"twitter:card\" content=\"summary_large_image\" \/>\n<meta name=\"twitter:label1\" content=\"Escrito por\" \/>\n\t<meta name=\"twitter:data1\" content=\"Marco Menezes\" \/>\n\t<meta name=\"twitter:label2\" content=\"Est. tempo de leitura\" \/>\n\t<meta name=\"twitter:data2\" content=\"3 minutos\" \/>\n<script type=\"application\/ld+json\" class=\"yoast-schema-graph\">{\"@context\":\"https:\/\/schema.org\",\"@graph\":[{\"@type\":\"NewsArticle\",\"@id\":\"https:\/\/www.gaveanews.com\/index.php\/2025\/04\/18\/a-declaracao-de-gabriel-martinelli-direcionada-ao-real-madrid\/#article\",\"isPartOf\":{\"@id\":\"https:\/\/www.gaveanews.com\/index.php\/2025\/04\/18\/a-declaracao-de-gabriel-martinelli-direcionada-ao-real-madrid\/\"},\"author\":{\"name\":\"Marco Menezes\",\"@id\":\"https:\/\/www.gaveanews.com\/#\/schema\/person\/a9f62fe75380c6bada1b2fc49bc23d69\"},\"headline\":\"A declara\u00e7\u00e3o de Gabriel Martinelli direcionada ao Real Madrid\",\"datePublished\":\"2025-04-18T19:41:41+00:00\",\"dateModified\":\"2025-04-18T19:41:44+00:00\",\"mainEntityOfPage\":{\"@id\":\"https:\/\/www.gaveanews.com\/index.php\/2025\/04\/18\/a-declaracao-de-gabriel-martinelli-direcionada-ao-real-madrid\/\"},\"wordCount\":368,\"commentCount\":0,\"image\":{\"@id\":\"https:\/\/www.gaveanews.com\/index.php\/2025\/04\/18\/a-declaracao-de-gabriel-martinelli-direcionada-ao-real-madrid\/#primaryimage\"},\"thumbnailUrl\":\"https:\/\/www.gaveanews.com\/wp-content\/uploads\/Gabriel-Martinelli-comemora-apos-marcar-um-gol-pelo-Arsenal.webp\",\"articleSection\":[\"Arsenal\",\"Real Madrid\"],\"inLanguage\":\"pt-BR\",\"potentialAction\":[{\"@type\":\"CommentAction\",\"name\":\"Comment\",\"target\":[\"https:\/\/www.gaveanews.com\/index.php\/2025\/04\/18\/a-declaracao-de-gabriel-martinelli-direcionada-ao-real-madrid\/#respond\"]}],\"copyrightYear\":\"2025\",\"copyrightHolder\":{\"@id\":\"https:\/\/www.gaveanews.com\/#organization\"}},{\"@type\":\"WebPage\",\"@id\":\"https:\/\/www.gaveanews.com\/index.php\/2025\/04\/18\/a-declaracao-de-gabriel-martinelli-direcionada-ao-real-madrid\/\",\"url\":\"https:\/\/www.gaveanews.com\/index.php\/2025\/04\/18\/a-declaracao-de-gabriel-martinelli-direcionada-ao-real-madrid\/\",\"name\":\"A declara\u00e7\u00e3o de Gabriel Martinelli direcionada ao Real Madrid\",\"isPartOf\":{\"@id\":\"https:\/\/www.gaveanews.com\/#website\"},\"primaryImageOfPage\":{\"@id\":\"https:\/\/www.gaveanews.com\/index.php\/2025\/04\/18\/a-declaracao-de-gabriel-martinelli-direcionada-ao-real-madrid\/#primaryimage\"},\"image\":{\"@id\":\"https:\/\/www.gaveanews.com\/index.php\/2025\/04\/18\/a-declaracao-de-gabriel-martinelli-direcionada-ao-real-madrid\/#primaryimage\"},\"thumbnailUrl\":\"https:\/\/www.gaveanews.com\/wp-content\/uploads\/Gabriel-Martinelli-comemora-apos-marcar-um-gol-pelo-Arsenal.webp\",\"datePublished\":\"2025-04-18T19:41:41+00:00\",\"dateModified\":\"2025-04-18T19:41:44+00:00\",\"author\":{\"@id\":\"https:\/\/www.gaveanews.com\/#\/schema\/person\/a9f62fe75380c6bada1b2fc49bc23d69\"},\"breadcrumb\":{\"@id\":\"https:\/\/www.gaveanews.com\/index.php\/2025\/04\/18\/a-declaracao-de-gabriel-martinelli-direcionada-ao-real-madrid\/#breadcrumb\"},\"inLanguage\":\"pt-BR\",\"potentialAction\":[{\"@type\":\"ReadAction\",\"target\":[\"https:\/\/www.gaveanews.com\/index.php\/2025\/04\/18\/a-declaracao-de-gabriel-martinelli-direcionada-ao-real-madrid\/\"]}]},{\"@type\":\"ImageObject\",\"inLanguage\":\"pt-BR\",\"@id\":\"https:\/\/www.gaveanews.com\/index.php\/2025\/04\/18\/a-declaracao-de-gabriel-martinelli-direcionada-ao-real-madrid\/#primaryimage\",\"url\":\"https:\/\/www.gaveanews.com\/wp-content\/uploads\/Gabriel-Martinelli-comemora-apos-marcar-um-gol-pelo-Arsenal.webp\",\"contentUrl\":\"https:\/\/www.gaveanews.com\/wp-content\/uploads\/Gabriel-Martinelli-comemora-apos-marcar-um-gol-pelo-Arsenal.webp\",\"width\":1080,\"height\":1080,\"caption\":\"Gabriel Martinelli comemora ap\u00f3s marcar um gol pelo Arsenal (Foto: Reprodu\u00e7\u00e3o\/Instagram\/Arsenal)\"},{\"@type\":\"BreadcrumbList\",\"@id\":\"https:\/\/www.gaveanews.com\/index.php\/2025\/04\/18\/a-declaracao-de-gabriel-martinelli-direcionada-ao-real-madrid\/#breadcrumb\",\"itemListElement\":[{\"@type\":\"ListItem\",\"position\":1,\"name\":\"Home\",\"item\":\"https:\/\/www.gaveanews.com\/\"},{\"@type\":\"ListItem\",\"position\":2,\"name\":\"A declara\u00e7\u00e3o de Gabriel Martinelli direcionada ao Real Madrid\"}]},{\"@type\":\"WebSite\",\"@id\":\"https:\/\/www.gaveanews.com\/#website\",\"url\":\"https:\/\/www.gaveanews.com\/\",\"name\":\"G\u00e1vea News\",\"description\":\"Veja todas as not\u00edcias sobre o Flamengo: Contrata\u00e7\u00f5es, categorias de base, resultados das partidas, tabela de classifica\u00e7\u00e3o, pr\u00f3ximos jogos!\",\"potentialAction\":[{\"@type\":\"SearchAction\",\"target\":{\"@type\":\"EntryPoint\",\"urlTemplate\":\"https:\/\/www.gaveanews.com\/?s={search_term_string}\"},\"query-input\":{\"@type\":\"PropertyValueSpecification\",\"valueRequired\":true,\"valueName\":\"search_term_string\"}}],\"inLanguage\":\"pt-BR\"},{\"@type\":\"Person\",\"@id\":\"https:\/\/www.gaveanews.com\/#\/schema\/person\/a9f62fe75380c6bada1b2fc49bc23d69\",\"name\":\"Marco Menezes\",\"image\":{\"@type\":\"ImageObject\",\"inLanguage\":\"pt-BR\",\"@id\":\"https:\/\/www.gaveanews.com\/#\/schema\/person\/image\/\",\"url\":\"https:\/\/secure.gravatar.com\/avatar\/a1d148ae17fc8bfc5dbccffd07979e8bd2c9ba494221779de86ec2c7907b71ec?s=96&d=mm&r=g\",\"contentUrl\":\"https:\/\/secure.gravatar.com\/avatar\/a1d148ae17fc8bfc5dbccffd07979e8bd2c9ba494221779de86ec2c7907b71ec?s=96&d=mm&r=g\",\"caption\":\"Marco Menezes\"}}]}<\/script>\n<!-- \/ Yoast SEO Premium plugin. -->","yoast_head_json":{"title":"A declara\u00e7\u00e3o de Gabriel Martinelli direcionada ao Real Madrid","robots":{"index":"index","follow":"follow","max-snippet":"max-snippet:-1","max-image-preview":"max-image-preview:large","max-video-preview":"max-video-preview:-1"},"canonical":"https:\/\/www.gaveanews.com\/index.php\/2025\/04\/18\/a-declaracao-de-gabriel-martinelli-direcionada-ao-real-madrid\/","og_locale":"pt_BR","og_type":"article","og_title":"A declara\u00e7\u00e3o de Gabriel Martinelli direcionada ao Real Madrid","og_description":"Autor do gol que sacramentou a classifica\u00e7\u00e3o do Arsenal para as semifinais da Uefa Champions League, Gabriel Martinello demonstrou ao rival Real Madrid. O atacante brasileiro destacou que n\u00e3o se intimidou com a possibilidade de uma \u201cremontada\u201d dos Blancos e que n\u00e3o deixou nada atrapalhar a prepara\u00e7\u00e3o para o confronto. O Arsenal destronou o atual [&hellip;]","og_url":"https:\/\/www.gaveanews.com\/index.php\/2025\/04\/18\/a-declaracao-de-gabriel-martinelli-direcionada-ao-real-madrid\/","og_site_name":"G\u00e1vea News","article_publisher":"https:\/\/facebook.com\/gaveaNews\/","article_published_time":"2025-04-18T19:41:41+00:00","article_modified_time":"2025-04-18T19:41:44+00:00","og_image":[{"width":1080,"height":1080,"url":"http:\/\/www.gaveanews.com\/wp-content\/uploads\/Gabriel-Martinelli-comemora-apos-marcar-um-gol-pelo-Arsenal.webp","type":"image\/jpeg"}],"author":"Marco Menezes","twitter_card":"summary_large_image","twitter_misc":{"Escrito por":"Marco Menezes","Est. tempo de leitura":"3 minutos"},"schema":{"@context":"https:\/\/schema.org","@graph":[{"@type":"NewsArticle","@id":"https:\/\/www.gaveanews.com\/index.php\/2025\/04\/18\/a-declaracao-de-gabriel-martinelli-direcionada-ao-real-madrid\/#article","isPartOf":{"@id":"https:\/\/www.gaveanews.com\/index.php\/2025\/04\/18\/a-declaracao-de-gabriel-martinelli-direcionada-ao-real-madrid\/"},"author":{"name":"Marco Menezes","@id":"https:\/\/www.gaveanews.com\/#\/schema\/person\/a9f62fe75380c6bada1b2fc49bc23d69"},"headline":"A declara\u00e7\u00e3o de Gabriel Martinelli direcionada ao Real Madrid","datePublished":"2025-04-18T19:41:41+00:00","dateModified":"2025-04-18T19:41:44+00:00","mainEntityOfPage":{"@id":"https:\/\/www.gaveanews.com\/index.php\/2025\/04\/18\/a-declaracao-de-gabriel-martinelli-direcionada-ao-real-madrid\/"},"wordCount":368,"commentCount":0,"image":{"@id":"https:\/\/www.gaveanews.com\/index.php\/2025\/04\/18\/a-declaracao-de-gabriel-martinelli-direcionada-ao-real-madrid\/#primaryimage"},"thumbnailUrl":"https:\/\/www.gaveanews.com\/wp-content\/uploads\/Gabriel-Martinelli-comemora-apos-marcar-um-gol-pelo-Arsenal.webp","articleSection":["Arsenal","Real Madrid"],"inLanguage":"pt-BR","potentialAction":[{"@type":"CommentAction","name":"Comment","target":["https:\/\/www.gaveanews.com\/index.php\/2025\/04\/18\/a-declaracao-de-gabriel-martinelli-direcionada-ao-real-madrid\/#respond"]}],"copyrightYear":"2025","copyrightHolder":{"@id":"https:\/\/www.gaveanews.com\/#organization"}},{"@type":"WebPage","@id":"https:\/\/www.gaveanews.com\/index.php\/2025\/04\/18\/a-declaracao-de-gabriel-martinelli-direcionada-ao-real-madrid\/","url":"https:\/\/www.gaveanews.com\/index.php\/2025\/04\/18\/a-declaracao-de-gabriel-martinelli-direcionada-ao-real-madrid\/","name":"A declara\u00e7\u00e3o de Gabriel Martinelli direcionada ao Real Madrid","isPartOf":{"@id":"https:\/\/www.gaveanews.com\/#website"},"primaryImageOfPage":{"@id":"https:\/\/www.gaveanews.com\/index.php\/2025\/04\/18\/a-declaracao-de-gabriel-martinelli-direcionada-ao-real-madrid\/#primaryimage"},"image":{"@id":"https:\/\/www.gaveanews.com\/index.php\/2025\/04\/18\/a-declaracao-de-gabriel-martinelli-direcionada-ao-real-madrid\/#primaryimage"},"thumbnailUrl":"https:\/\/www.gaveanews.com\/wp-content\/uploads\/Gabriel-Martinelli-comemora-apos-marcar-um-gol-pelo-Arsenal.webp","datePublished":"2025-04-18T19:41:41+00:00","dateModified":"2025-04-18T19:41:44+00:00","author":{"@id":"https:\/\/www.gaveanews.com\/#\/schema\/person\/a9f62fe75380c6bada1b2fc49bc23d69"},"breadcrumb":{"@id":"https:\/\/www.gaveanews.com\/index.php\/2025\/04\/18\/a-declaracao-de-gabriel-martinelli-direcionada-ao-real-madrid\/#breadcrumb"},"inLanguage":"pt-BR","potentialAction":[{"@type":"ReadAction","target":["https:\/\/www.gaveanews.com\/index.php\/2025\/04\/18\/a-declaracao-de-gabriel-martinelli-direcionada-ao-real-madrid\/"]}]},{"@type":"ImageObject","inLanguage":"pt-BR","@id":"https:\/\/www.gaveanews.com\/index.php\/2025\/04\/18\/a-declaracao-de-gabriel-martinelli-direcionada-ao-real-madrid\/#primaryimage","url":"https:\/\/www.gaveanews.com\/wp-content\/uploads\/Gabriel-Martinelli-comemora-apos-marcar-um-gol-pelo-Arsenal.webp","contentUrl":"https:\/\/www.gaveanews.com\/wp-content\/uploads\/Gabriel-Martinelli-comemora-apos-marcar-um-gol-pelo-Arsenal.webp","width":1080,"height":1080,"caption":"Gabriel Martinelli comemora ap\u00f3s marcar um gol pelo Arsenal (Foto: Reprodu\u00e7\u00e3o\/Instagram\/Arsenal)"},{"@type":"BreadcrumbList","@id":"https:\/\/www.gaveanews.com\/index.php\/2025\/04\/18\/a-declaracao-de-gabriel-martinelli-direcionada-ao-real-madrid\/#breadcrumb","itemListElement":[{"@type":"ListItem","position":1,"name":"Home","item":"https:\/\/www.gaveanews.com\/"},{"@type":"ListItem","position":2,"name":"A declara\u00e7\u00e3o de Gabriel Martinelli direcionada ao Real Madrid"}]},{"@type":"WebSite","@id":"https:\/\/www.gaveanews.com\/#website","url":"https:\/\/www.gaveanews.com\/","name":"G\u00e1vea News","description":"Veja todas as not\u00edcias sobre o Flamengo: Contrata\u00e7\u00f5es, categorias de base, resultados das partidas, tabela de classifica\u00e7\u00e3o, pr\u00f3ximos jogos!","potentialAction":[{"@type":"SearchAction","target":{"@type":"EntryPoint","urlTemplate":"https:\/\/www.gaveanews.com\/?s={search_term_string}"},"query-input":{"@type":"PropertyValueSpecification","valueRequired":true,"valueName":"search_term_string"}}],"inLanguage":"pt-BR"},{"@type":"Person","@id":"https:\/\/www.gaveanews.com\/#\/schema\/person\/a9f62fe75380c6bada1b2fc49bc23d69","name":"Marco Menezes","image":{"@type":"ImageObject","inLanguage":"pt-BR","@id":"https:\/\/www.gaveanews.com\/#\/schema\/person\/image\/","url":"https:\/\/secure.gravatar.com\/avatar\/a1d148ae17fc8bfc5dbccffd07979e8bd2c9ba494221779de86ec2c7907b71ec?s=96&d=mm&r=g","contentUrl":"https:\/\/secure.gravatar.com\/avatar\/a1d148ae17fc8bfc5dbccffd07979e8bd2c9ba494221779de86ec2c7907b71ec?s=96&d=mm&r=g","caption":"Marco Menezes"}}]}},"_links":{"self":[{"href":"https:\/\/www.gaveanews.com\/index.php\/wp-json\/wp\/v2\/posts\/254782","targetHints":{"allow":["GET"]}}],"collection":[{"href":"https:\/\/www.gaveanews.com\/index.php\/wp-json\/wp\/v2\/posts"}],"about":[{"href":"https:\/\/www.gaveanews.com\/index.php\/wp-json\/wp\/v2\/types\/post"}],"author":[{"embeddable":true,"href":"https:\/\/www.gaveanews.com\/index.php\/wp-json\/wp\/v2\/users\/29"}],"replies":[{"embeddable":true,"href":"https:\/\/www.gaveanews.com\/index.php\/wp-json\/wp\/v2\/comments?post=254782"}],"version-history":[{"count":1,"href":"https:\/\/www.gaveanews.com\/index.php\/wp-json\/wp\/v2\/posts\/254782\/revisions"}],"predecessor-version":[{"id":254783,"href":"https:\/\/www.gaveanews.com\/index.php\/wp-json\/wp\/v2\/posts\/254782\/revisions\/254783"}],"wp:featuredmedia":[{"embeddable":true,"href":"https:\/\/www.gaveanews.com\/index.php\/wp-json\/wp\/v2\/media\/174141"}],"wp:attachment":[{"href":"https:\/\/www.gaveanews.com\/index.php\/wp-json\/wp\/v2\/media?parent=254782"}],"wp:term":[{"taxonomy":"category","embeddable":true,"href":"https:\/\/www.gaveanews.com\/index.php\/wp-json\/wp\/v2\/categories?post=254782"},{"taxonomy":"post_tag","embeddable":true,"href":"https:\/\/www.gaveanews.com\/index.php\/wp-json\/wp\/v2\/tags?post=254782"}],"curies":[{"name":"wp","href":"https:\/\/api.w.org\/{rel}","templated":true}]}}