{"id":254931,"date":"2025-04-18T17:53:10","date_gmt":"2025-04-18T20:53:10","guid":{"rendered":"https:\/\/www.gaveanews.com\/?p=254931"},"modified":"2025-04-18T17:53:12","modified_gmt":"2025-04-18T20:53:12","slug":"a-declaracao-de-craque-neto-direcionada-a-ferreirinha-do-sao-paulo","status":"publish","type":"post","link":"https:\/\/www.gaveanews.com\/index.php\/2025\/04\/18\/a-declaracao-de-craque-neto-direcionada-a-ferreirinha-do-sao-paulo\/","title":{"rendered":"A declara\u00e7\u00e3o de Craque Neto direcionada a Ferreirinha, do S\u00e3o Paulo"},"content":{"rendered":"\n<p>Craque Neto se rendeu \u00e0 Ferreirinha. Depois de apostar que o atacante do S\u00e3o Paulo n\u00e3o faria 10 gols na temporada e prometer que usaria uma \u201ctanguinha de oncinha\u201d durante o programa Donos da Bola, da Band, o apresentador rasgou elogios ao atleta frente a mais uma boa atua\u00e7\u00e3o dele.<\/p>\n\n\n\n<p>Em um v\u00eddeo publicado no perfil da \u201cR\u00e1dio Craque Neto\u201d, o comentarista repercutiu o gol de Ferreirinha contra o Botafogo no empate em 2 a 2, no est\u00e1dio Nilton Santos, pela quarta rodada do Brasileir\u00e3o. Neto prometeu que ir\u00e1 cumprir a promessa e rasgou elogios ao jogador: \u201cVoc\u00ea \u00e9 o cara\u201d.<\/p>\n\n\n\n<p>\u201cO Ferreirinha fez o quarto gol, desgranhento. Ficou nove meses sem fazer um gol, a\u00ed eu a la Neto, p\u00e9 de rato, z\u00e9 ruela, cheguei a madeira no Ferreirinha, no Donos da Bola. \u2018Ah n\u00e3o vai fazer gol, n\u00e3o vai fazer 10 gols no campeonato\u2019, falei um monte. Em tr\u00eas jogos, ele j\u00e1 fez quatro gols. Fez dois gols na Libertadores, fez gol contra o Cruzeiro e fez gol agora contra o Botafogo. E eu disse que iria usar uma tanguinha de on\u00e7a se ele fizesse 10 gols no ano e eu vou cumprir a minha parada. Ent\u00e3o, Ferreirinha, voc\u00ea \u00e9 o cara\u201d, disse.<\/p>\n\n\n\n<p>Apesar do belo gol marcado por Ferreirinha de fora da \u00e1rea, o S\u00e3o Paulo n\u00e3o atravessa um bom momento no ano. Ainda sem vencer no Campeonato Brasileiro, o Tricolor chegou ao quarto empate e tem desagradado os torcedores que exigem a demiss\u00e3o de Luis Zubeld\u00eda.<\/p>\n\n\n\n<p>Os jogos que geraram maiores cr\u00edticas foram dois empates dentro de casa. Na abertura do Brasileir\u00e3o, o S\u00e3o Paulo sequer conseguiu abrir o marcador contra o Sport e o empate em 2 a 2 com o Alianza Lima, pela Copa Conmebol Libertadores da Am\u00e9rica.<\/p>\n\n\n\n<p>Tanto S\u00e3o Paulo quanto Ferreirinha t\u00eam pela frente um confronto dif\u00edcil no fim de semana. O Tricolor recebe o Santos, pela quinta rodada do torneio nacional, no Morumbis, \u00e0s 16 horas, do domingo (20\/4).&nbsp;<\/p>\n","protected":false},"excerpt":{"rendered":"<p>Craque Neto se rendeu \u00e0 Ferreirinha. Depois de apostar que o atacante do S\u00e3o Paulo n\u00e3o faria 10 gols na temporada e prometer que usaria uma \u201ctanguinha de oncinha\u201d durante o programa Donos da Bola, da Band, o apresentador rasgou elogios ao atleta frente a mais uma boa atua\u00e7\u00e3o dele. Em um v\u00eddeo publicado no [&hellip;]<\/p>\n","protected":false},"author":29,"featured_media":71983,"comment_status":"open","ping_status":"closed","sticky":false,"template":"","format":"standard","meta":{"footnotes":""},"categories":[151],"tags":[],"class_list":["post-254931","post","type-post","status-publish","format-standard","has-post-thumbnail","hentry","category-sao-paulo"],"yoast_head":"<!-- This site is optimized with the Yoast SEO Premium plugin v24.2 (Yoast SEO v26.9) - https:\/\/yoast.com\/product\/yoast-seo-premium-wordpress\/ -->\n<title>A declara\u00e7\u00e3o de Craque Neto direcionada a Ferreirinha, do S\u00e3o Paulo<\/title>\n<meta name=\"robots\" content=\"index, follow, max-snippet:-1, max-image-preview:large, max-video-preview:-1\" \/>\n<link rel=\"canonical\" href=\"https:\/\/www.gaveanews.com\/index.php\/2025\/04\/18\/a-declaracao-de-craque-neto-direcionada-a-ferreirinha-do-sao-paulo\/\" \/>\n<meta property=\"og:locale\" content=\"pt_BR\" \/>\n<meta property=\"og:type\" content=\"article\" \/>\n<meta property=\"og:title\" content=\"A declara\u00e7\u00e3o de Craque Neto direcionada a Ferreirinha, do S\u00e3o Paulo\" \/>\n<meta property=\"og:description\" content=\"Craque Neto se rendeu \u00e0 Ferreirinha. Depois de apostar que o atacante do S\u00e3o Paulo n\u00e3o faria 10 gols na temporada e prometer que usaria uma \u201ctanguinha de oncinha\u201d durante o programa Donos da Bola, da Band, o apresentador rasgou elogios ao atleta frente a mais uma boa atua\u00e7\u00e3o dele. Em um v\u00eddeo publicado no [&hellip;]\" \/>\n<meta property=\"og:url\" content=\"https:\/\/www.gaveanews.com\/index.php\/2025\/04\/18\/a-declaracao-de-craque-neto-direcionada-a-ferreirinha-do-sao-paulo\/\" \/>\n<meta property=\"og:site_name\" content=\"G\u00e1vea News\" \/>\n<meta property=\"article:publisher\" content=\"https:\/\/facebook.com\/gaveaNews\/\" \/>\n<meta property=\"article:published_time\" content=\"2025-04-18T20:53:10+00:00\" \/>\n<meta property=\"article:modified_time\" content=\"2025-04-18T20:53:12+00:00\" \/>\n<meta property=\"og:image\" content=\"http:\/\/www.gaveanews.com\/wp-content\/uploads\/Comentarista-Neto-em-programa-da-Band.webp\" \/>\n\t<meta property=\"og:image:width\" content=\"846\" \/>\n\t<meta property=\"og:image:height\" content=\"476\" \/>\n\t<meta property=\"og:image:type\" content=\"image\/jpeg\" \/>\n<meta name=\"author\" content=\"Marco Menezes\" \/>\n<meta name=\"twitter:card\" content=\"summary_large_image\" \/>\n<meta name=\"twitter:label1\" content=\"Escrito por\" \/>\n\t<meta name=\"twitter:data1\" content=\"Marco Menezes\" \/>\n\t<meta name=\"twitter:label2\" content=\"Est. tempo de leitura\" \/>\n\t<meta name=\"twitter:data2\" content=\"3 minutos\" \/>\n<script type=\"application\/ld+json\" class=\"yoast-schema-graph\">{\"@context\":\"https:\/\/schema.org\",\"@graph\":[{\"@type\":\"NewsArticle\",\"@id\":\"https:\/\/www.gaveanews.com\/index.php\/2025\/04\/18\/a-declaracao-de-craque-neto-direcionada-a-ferreirinha-do-sao-paulo\/#article\",\"isPartOf\":{\"@id\":\"https:\/\/www.gaveanews.com\/index.php\/2025\/04\/18\/a-declaracao-de-craque-neto-direcionada-a-ferreirinha-do-sao-paulo\/\"},\"author\":{\"name\":\"Marco Menezes\",\"@id\":\"https:\/\/www.gaveanews.com\/#\/schema\/person\/a9f62fe75380c6bada1b2fc49bc23d69\"},\"headline\":\"A declara\u00e7\u00e3o de Craque Neto direcionada a Ferreirinha, do S\u00e3o Paulo\",\"datePublished\":\"2025-04-18T20:53:10+00:00\",\"dateModified\":\"2025-04-18T20:53:12+00:00\",\"mainEntityOfPage\":{\"@id\":\"https:\/\/www.gaveanews.com\/index.php\/2025\/04\/18\/a-declaracao-de-craque-neto-direcionada-a-ferreirinha-do-sao-paulo\/\"},\"wordCount\":353,\"commentCount\":0,\"image\":{\"@id\":\"https:\/\/www.gaveanews.com\/index.php\/2025\/04\/18\/a-declaracao-de-craque-neto-direcionada-a-ferreirinha-do-sao-paulo\/#primaryimage\"},\"thumbnailUrl\":\"https:\/\/www.gaveanews.com\/wp-content\/uploads\/Comentarista-Neto-em-programa-da-Band.webp\",\"articleSection\":[\"S\u00e3o Paulo\"],\"inLanguage\":\"pt-BR\",\"potentialAction\":[{\"@type\":\"CommentAction\",\"name\":\"Comment\",\"target\":[\"https:\/\/www.gaveanews.com\/index.php\/2025\/04\/18\/a-declaracao-de-craque-neto-direcionada-a-ferreirinha-do-sao-paulo\/#respond\"]}],\"copyrightYear\":\"2025\",\"copyrightHolder\":{\"@id\":\"https:\/\/www.gaveanews.com\/#organization\"}},{\"@type\":\"WebPage\",\"@id\":\"https:\/\/www.gaveanews.com\/index.php\/2025\/04\/18\/a-declaracao-de-craque-neto-direcionada-a-ferreirinha-do-sao-paulo\/\",\"url\":\"https:\/\/www.gaveanews.com\/index.php\/2025\/04\/18\/a-declaracao-de-craque-neto-direcionada-a-ferreirinha-do-sao-paulo\/\",\"name\":\"A declara\u00e7\u00e3o de Craque Neto direcionada a Ferreirinha, do S\u00e3o Paulo\",\"isPartOf\":{\"@id\":\"https:\/\/www.gaveanews.com\/#website\"},\"primaryImageOfPage\":{\"@id\":\"https:\/\/www.gaveanews.com\/index.php\/2025\/04\/18\/a-declaracao-de-craque-neto-direcionada-a-ferreirinha-do-sao-paulo\/#primaryimage\"},\"image\":{\"@id\":\"https:\/\/www.gaveanews.com\/index.php\/2025\/04\/18\/a-declaracao-de-craque-neto-direcionada-a-ferreirinha-do-sao-paulo\/#primaryimage\"},\"thumbnailUrl\":\"https:\/\/www.gaveanews.com\/wp-content\/uploads\/Comentarista-Neto-em-programa-da-Band.webp\",\"datePublished\":\"2025-04-18T20:53:10+00:00\",\"dateModified\":\"2025-04-18T20:53:12+00:00\",\"author\":{\"@id\":\"https:\/\/www.gaveanews.com\/#\/schema\/person\/a9f62fe75380c6bada1b2fc49bc23d69\"},\"breadcrumb\":{\"@id\":\"https:\/\/www.gaveanews.com\/index.php\/2025\/04\/18\/a-declaracao-de-craque-neto-direcionada-a-ferreirinha-do-sao-paulo\/#breadcrumb\"},\"inLanguage\":\"pt-BR\",\"potentialAction\":[{\"@type\":\"ReadAction\",\"target\":[\"https:\/\/www.gaveanews.com\/index.php\/2025\/04\/18\/a-declaracao-de-craque-neto-direcionada-a-ferreirinha-do-sao-paulo\/\"]}]},{\"@type\":\"ImageObject\",\"inLanguage\":\"pt-BR\",\"@id\":\"https:\/\/www.gaveanews.com\/index.php\/2025\/04\/18\/a-declaracao-de-craque-neto-direcionada-a-ferreirinha-do-sao-paulo\/#primaryimage\",\"url\":\"https:\/\/www.gaveanews.com\/wp-content\/uploads\/Comentarista-Neto-em-programa-da-Band.webp\",\"contentUrl\":\"https:\/\/www.gaveanews.com\/wp-content\/uploads\/Comentarista-Neto-em-programa-da-Band.webp\",\"width\":846,\"height\":476,\"caption\":\"Comentarista Neto em programa da Band (Foto: Reprodu\u00e7\u00e3o\/Band)\"},{\"@type\":\"BreadcrumbList\",\"@id\":\"https:\/\/www.gaveanews.com\/index.php\/2025\/04\/18\/a-declaracao-de-craque-neto-direcionada-a-ferreirinha-do-sao-paulo\/#breadcrumb\",\"itemListElement\":[{\"@type\":\"ListItem\",\"position\":1,\"name\":\"Home\",\"item\":\"https:\/\/www.gaveanews.com\/\"},{\"@type\":\"ListItem\",\"position\":2,\"name\":\"A declara\u00e7\u00e3o de Craque Neto direcionada a Ferreirinha, do S\u00e3o Paulo\"}]},{\"@type\":\"WebSite\",\"@id\":\"https:\/\/www.gaveanews.com\/#website\",\"url\":\"https:\/\/www.gaveanews.com\/\",\"name\":\"G\u00e1vea News\",\"description\":\"Veja todas as not\u00edcias sobre o Flamengo: Contrata\u00e7\u00f5es, categorias de base, resultados das partidas, tabela de classifica\u00e7\u00e3o, pr\u00f3ximos jogos!\",\"potentialAction\":[{\"@type\":\"SearchAction\",\"target\":{\"@type\":\"EntryPoint\",\"urlTemplate\":\"https:\/\/www.gaveanews.com\/?s={search_term_string}\"},\"query-input\":{\"@type\":\"PropertyValueSpecification\",\"valueRequired\":true,\"valueName\":\"search_term_string\"}}],\"inLanguage\":\"pt-BR\"},{\"@type\":\"Person\",\"@id\":\"https:\/\/www.gaveanews.com\/#\/schema\/person\/a9f62fe75380c6bada1b2fc49bc23d69\",\"name\":\"Marco Menezes\",\"image\":{\"@type\":\"ImageObject\",\"inLanguage\":\"pt-BR\",\"@id\":\"https:\/\/www.gaveanews.com\/#\/schema\/person\/image\/\",\"url\":\"https:\/\/secure.gravatar.com\/avatar\/a1d148ae17fc8bfc5dbccffd07979e8bd2c9ba494221779de86ec2c7907b71ec?s=96&d=mm&r=g\",\"contentUrl\":\"https:\/\/secure.gravatar.com\/avatar\/a1d148ae17fc8bfc5dbccffd07979e8bd2c9ba494221779de86ec2c7907b71ec?s=96&d=mm&r=g\",\"caption\":\"Marco Menezes\"}}]}<\/script>\n<!-- \/ Yoast SEO Premium plugin. -->","yoast_head_json":{"title":"A declara\u00e7\u00e3o de Craque Neto direcionada a Ferreirinha, do S\u00e3o Paulo","robots":{"index":"index","follow":"follow","max-snippet":"max-snippet:-1","max-image-preview":"max-image-preview:large","max-video-preview":"max-video-preview:-1"},"canonical":"https:\/\/www.gaveanews.com\/index.php\/2025\/04\/18\/a-declaracao-de-craque-neto-direcionada-a-ferreirinha-do-sao-paulo\/","og_locale":"pt_BR","og_type":"article","og_title":"A declara\u00e7\u00e3o de Craque Neto direcionada a Ferreirinha, do S\u00e3o Paulo","og_description":"Craque Neto se rendeu \u00e0 Ferreirinha. Depois de apostar que o atacante do S\u00e3o Paulo n\u00e3o faria 10 gols na temporada e prometer que usaria uma \u201ctanguinha de oncinha\u201d durante o programa Donos da Bola, da Band, o apresentador rasgou elogios ao atleta frente a mais uma boa atua\u00e7\u00e3o dele. Em um v\u00eddeo publicado no [&hellip;]","og_url":"https:\/\/www.gaveanews.com\/index.php\/2025\/04\/18\/a-declaracao-de-craque-neto-direcionada-a-ferreirinha-do-sao-paulo\/","og_site_name":"G\u00e1vea News","article_publisher":"https:\/\/facebook.com\/gaveaNews\/","article_published_time":"2025-04-18T20:53:10+00:00","article_modified_time":"2025-04-18T20:53:12+00:00","og_image":[{"width":846,"height":476,"url":"http:\/\/www.gaveanews.com\/wp-content\/uploads\/Comentarista-Neto-em-programa-da-Band.webp","type":"image\/jpeg"}],"author":"Marco Menezes","twitter_card":"summary_large_image","twitter_misc":{"Escrito por":"Marco Menezes","Est. tempo de leitura":"3 minutos"},"schema":{"@context":"https:\/\/schema.org","@graph":[{"@type":"NewsArticle","@id":"https:\/\/www.gaveanews.com\/index.php\/2025\/04\/18\/a-declaracao-de-craque-neto-direcionada-a-ferreirinha-do-sao-paulo\/#article","isPartOf":{"@id":"https:\/\/www.gaveanews.com\/index.php\/2025\/04\/18\/a-declaracao-de-craque-neto-direcionada-a-ferreirinha-do-sao-paulo\/"},"author":{"name":"Marco Menezes","@id":"https:\/\/www.gaveanews.com\/#\/schema\/person\/a9f62fe75380c6bada1b2fc49bc23d69"},"headline":"A declara\u00e7\u00e3o de Craque Neto direcionada a Ferreirinha, do S\u00e3o Paulo","datePublished":"2025-04-18T20:53:10+00:00","dateModified":"2025-04-18T20:53:12+00:00","mainEntityOfPage":{"@id":"https:\/\/www.gaveanews.com\/index.php\/2025\/04\/18\/a-declaracao-de-craque-neto-direcionada-a-ferreirinha-do-sao-paulo\/"},"wordCount":353,"commentCount":0,"image":{"@id":"https:\/\/www.gaveanews.com\/index.php\/2025\/04\/18\/a-declaracao-de-craque-neto-direcionada-a-ferreirinha-do-sao-paulo\/#primaryimage"},"thumbnailUrl":"https:\/\/www.gaveanews.com\/wp-content\/uploads\/Comentarista-Neto-em-programa-da-Band.webp","articleSection":["S\u00e3o Paulo"],"inLanguage":"pt-BR","potentialAction":[{"@type":"CommentAction","name":"Comment","target":["https:\/\/www.gaveanews.com\/index.php\/2025\/04\/18\/a-declaracao-de-craque-neto-direcionada-a-ferreirinha-do-sao-paulo\/#respond"]}],"copyrightYear":"2025","copyrightHolder":{"@id":"https:\/\/www.gaveanews.com\/#organization"}},{"@type":"WebPage","@id":"https:\/\/www.gaveanews.com\/index.php\/2025\/04\/18\/a-declaracao-de-craque-neto-direcionada-a-ferreirinha-do-sao-paulo\/","url":"https:\/\/www.gaveanews.com\/index.php\/2025\/04\/18\/a-declaracao-de-craque-neto-direcionada-a-ferreirinha-do-sao-paulo\/","name":"A declara\u00e7\u00e3o de Craque Neto direcionada a Ferreirinha, do S\u00e3o Paulo","isPartOf":{"@id":"https:\/\/www.gaveanews.com\/#website"},"primaryImageOfPage":{"@id":"https:\/\/www.gaveanews.com\/index.php\/2025\/04\/18\/a-declaracao-de-craque-neto-direcionada-a-ferreirinha-do-sao-paulo\/#primaryimage"},"image":{"@id":"https:\/\/www.gaveanews.com\/index.php\/2025\/04\/18\/a-declaracao-de-craque-neto-direcionada-a-ferreirinha-do-sao-paulo\/#primaryimage"},"thumbnailUrl":"https:\/\/www.gaveanews.com\/wp-content\/uploads\/Comentarista-Neto-em-programa-da-Band.webp","datePublished":"2025-04-18T20:53:10+00:00","dateModified":"2025-04-18T20:53:12+00:00","author":{"@id":"https:\/\/www.gaveanews.com\/#\/schema\/person\/a9f62fe75380c6bada1b2fc49bc23d69"},"breadcrumb":{"@id":"https:\/\/www.gaveanews.com\/index.php\/2025\/04\/18\/a-declaracao-de-craque-neto-direcionada-a-ferreirinha-do-sao-paulo\/#breadcrumb"},"inLanguage":"pt-BR","potentialAction":[{"@type":"ReadAction","target":["https:\/\/www.gaveanews.com\/index.php\/2025\/04\/18\/a-declaracao-de-craque-neto-direcionada-a-ferreirinha-do-sao-paulo\/"]}]},{"@type":"ImageObject","inLanguage":"pt-BR","@id":"https:\/\/www.gaveanews.com\/index.php\/2025\/04\/18\/a-declaracao-de-craque-neto-direcionada-a-ferreirinha-do-sao-paulo\/#primaryimage","url":"https:\/\/www.gaveanews.com\/wp-content\/uploads\/Comentarista-Neto-em-programa-da-Band.webp","contentUrl":"https:\/\/www.gaveanews.com\/wp-content\/uploads\/Comentarista-Neto-em-programa-da-Band.webp","width":846,"height":476,"caption":"Comentarista Neto em programa da Band (Foto: Reprodu\u00e7\u00e3o\/Band)"},{"@type":"BreadcrumbList","@id":"https:\/\/www.gaveanews.com\/index.php\/2025\/04\/18\/a-declaracao-de-craque-neto-direcionada-a-ferreirinha-do-sao-paulo\/#breadcrumb","itemListElement":[{"@type":"ListItem","position":1,"name":"Home","item":"https:\/\/www.gaveanews.com\/"},{"@type":"ListItem","position":2,"name":"A declara\u00e7\u00e3o de Craque Neto direcionada a Ferreirinha, do S\u00e3o Paulo"}]},{"@type":"WebSite","@id":"https:\/\/www.gaveanews.com\/#website","url":"https:\/\/www.gaveanews.com\/","name":"G\u00e1vea News","description":"Veja todas as not\u00edcias sobre o Flamengo: Contrata\u00e7\u00f5es, categorias de base, resultados das partidas, tabela de classifica\u00e7\u00e3o, pr\u00f3ximos jogos!","potentialAction":[{"@type":"SearchAction","target":{"@type":"EntryPoint","urlTemplate":"https:\/\/www.gaveanews.com\/?s={search_term_string}"},"query-input":{"@type":"PropertyValueSpecification","valueRequired":true,"valueName":"search_term_string"}}],"inLanguage":"pt-BR"},{"@type":"Person","@id":"https:\/\/www.gaveanews.com\/#\/schema\/person\/a9f62fe75380c6bada1b2fc49bc23d69","name":"Marco Menezes","image":{"@type":"ImageObject","inLanguage":"pt-BR","@id":"https:\/\/www.gaveanews.com\/#\/schema\/person\/image\/","url":"https:\/\/secure.gravatar.com\/avatar\/a1d148ae17fc8bfc5dbccffd07979e8bd2c9ba494221779de86ec2c7907b71ec?s=96&d=mm&r=g","contentUrl":"https:\/\/secure.gravatar.com\/avatar\/a1d148ae17fc8bfc5dbccffd07979e8bd2c9ba494221779de86ec2c7907b71ec?s=96&d=mm&r=g","caption":"Marco Menezes"}}]}},"_links":{"self":[{"href":"https:\/\/www.gaveanews.com\/index.php\/wp-json\/wp\/v2\/posts\/254931","targetHints":{"allow":["GET"]}}],"collection":[{"href":"https:\/\/www.gaveanews.com\/index.php\/wp-json\/wp\/v2\/posts"}],"about":[{"href":"https:\/\/www.gaveanews.com\/index.php\/wp-json\/wp\/v2\/types\/post"}],"author":[{"embeddable":true,"href":"https:\/\/www.gaveanews.com\/index.php\/wp-json\/wp\/v2\/users\/29"}],"replies":[{"embeddable":true,"href":"https:\/\/www.gaveanews.com\/index.php\/wp-json\/wp\/v2\/comments?post=254931"}],"version-history":[{"count":1,"href":"https:\/\/www.gaveanews.com\/index.php\/wp-json\/wp\/v2\/posts\/254931\/revisions"}],"predecessor-version":[{"id":254932,"href":"https:\/\/www.gaveanews.com\/index.php\/wp-json\/wp\/v2\/posts\/254931\/revisions\/254932"}],"wp:featuredmedia":[{"embeddable":true,"href":"https:\/\/www.gaveanews.com\/index.php\/wp-json\/wp\/v2\/media\/71983"}],"wp:attachment":[{"href":"https:\/\/www.gaveanews.com\/index.php\/wp-json\/wp\/v2\/media?parent=254931"}],"wp:term":[{"taxonomy":"category","embeddable":true,"href":"https:\/\/www.gaveanews.com\/index.php\/wp-json\/wp\/v2\/categories?post=254931"},{"taxonomy":"post_tag","embeddable":true,"href":"https:\/\/www.gaveanews.com\/index.php\/wp-json\/wp\/v2\/tags?post=254931"}],"curies":[{"name":"wp","href":"https:\/\/api.w.org\/{rel}","templated":true}]}}