{"id":254987,"date":"2025-04-18T20:25:00","date_gmt":"2025-04-18T23:25:00","guid":{"rendered":"https:\/\/www.gaveanews.com\/?p=254987"},"modified":"2025-04-18T17:45:59","modified_gmt":"2025-04-18T20:45:59","slug":"atletico-mg-x-botafogo-a-declaracao-de-cuca","status":"publish","type":"post","link":"https:\/\/www.gaveanews.com\/index.php\/2025\/04\/18\/atletico-mg-x-botafogo-a-declaracao-de-cuca\/","title":{"rendered":"Atl\u00e9tico-MG x Botafogo: a declara\u00e7\u00e3o de Cuca"},"content":{"rendered":"\n<p>O Atl\u00e9tico-MG est\u00e1 em busca da primeira vit\u00f3ria dentro do Campeonato Brasileiro e Cuca projeta que o confronto com o Botafogo pode ser o divisor de \u00e1guas para a equipe.&nbsp;<\/p>\n\n\n\n<p>O Atl\u00e9tico-MG foi derrotado pelo Santos, na quarta rodada do Brasileir\u00e3o, na quarta-feira (16\/4), na Vila Belmiro, por 2 a 0. Os gols da partida foram marcados por Z\u00e9 Ivaldo e \u00c1lvaro Barreal, dois jogadores que passaram pelo rival Cruzeiro na \u00faltima temporada.&nbsp;<\/p>\n\n\n\n<p>Os requintes de crueldade de mais uma derrota passaram principalmente pela perda dos duelos no meio de campo, onde o controle do jogo se deu. Cuca chegou a lamentar que o Galo dominou a partida durante boa parte do primeiro tempo, mas em um erro de passe, cedeu o escanteio que resultou no gol de Z\u00e9 Ivaldo. Tr\u00eas minutos depois, Barreal ampliou o placar e matou o confronto.<\/p>\n\n\n\n<p>A partir da\u00ed, o Santos recuou o time para explorar os contra-ataques e o Atl\u00e9tico-MG n\u00e3o conseguiu ser criativo para encontrar espa\u00e7os na defesa advers\u00e1ria. A falta de criatividade foi um dos pontos ressaltados pelo treinador durante a entrevista coletiva ap\u00f3s o jogo, mas tamb\u00e9m a competitividade do Campeonato Brasileiro.<\/p>\n\n\n\n<p>Ele admitiu que o Galo atravessa um mau momento, mas destacou que conquistar a primeira vit\u00f3ria do Brasileir\u00e3o no duelo contra o Botafogo, no domingo (20\/4), no Mineir\u00e3o, \u00e0s 16 horas, \u00e9 primordial para a recupera\u00e7\u00e3o do clube.<\/p>\n\n\n\n<p>\u201cO pr\u00f3ximo jogo \u00e9 sempre o mais importante. Mesmo num campeonato de pontos corridos, de 38 rodadas. A maioria, ou quase todos os times j\u00e1 aprenderam a disputar o Campeonato Brasileiro. N\u00f3s n\u00e3o estamos no come\u00e7o que a gente imaginava, mas ainda h\u00e1 tempo para recupera\u00e7\u00e3o. Quem sabe a partir de domingo\u201d, disse.<\/p>\n\n\n\n<p>O Atl\u00e9tico-MG \u00e9 o vice-lanterna do Campeonato Brasileiro com dois pontos conquistados em uma campanha de dois empates e duas derrotas em quatro jogos.<\/p>\n","protected":false},"excerpt":{"rendered":"<p>O Atl\u00e9tico-MG est\u00e1 em busca da primeira vit\u00f3ria dentro do Campeonato Brasileiro e Cuca projeta que o confronto com o Botafogo pode ser o divisor de \u00e1guas para a equipe.&nbsp; O Atl\u00e9tico-MG foi derrotado pelo Santos, na quarta rodada do Brasileir\u00e3o, na quarta-feira (16\/4), na Vila Belmiro, por 2 a 0. Os gols da partida [&hellip;]<\/p>\n","protected":false},"author":29,"featured_media":156132,"comment_status":"open","ping_status":"closed","sticky":false,"template":"","format":"standard","meta":{"footnotes":""},"categories":[136,138],"tags":[],"class_list":["post-254987","post","type-post","status-publish","format-standard","has-post-thumbnail","hentry","category-atletico-mg","category-botafogo"],"yoast_head":"<!-- This site is optimized with the Yoast SEO Premium plugin v24.2 (Yoast SEO v26.9) - https:\/\/yoast.com\/product\/yoast-seo-premium-wordpress\/ -->\n<title>Atl\u00e9tico-MG x Botafogo: a declara\u00e7\u00e3o de Cuca<\/title>\n<meta name=\"robots\" content=\"index, follow, max-snippet:-1, max-image-preview:large, max-video-preview:-1\" \/>\n<link rel=\"canonical\" href=\"https:\/\/www.gaveanews.com\/index.php\/2025\/04\/18\/atletico-mg-x-botafogo-a-declaracao-de-cuca\/\" \/>\n<meta property=\"og:locale\" content=\"pt_BR\" \/>\n<meta property=\"og:type\" content=\"article\" \/>\n<meta property=\"og:title\" content=\"Atl\u00e9tico-MG x Botafogo: a declara\u00e7\u00e3o de Cuca\" \/>\n<meta property=\"og:description\" content=\"O Atl\u00e9tico-MG est\u00e1 em busca da primeira vit\u00f3ria dentro do Campeonato Brasileiro e Cuca projeta que o confronto com o Botafogo pode ser o divisor de \u00e1guas para a equipe.&nbsp; O Atl\u00e9tico-MG foi derrotado pelo Santos, na quarta rodada do Brasileir\u00e3o, na quarta-feira (16\/4), na Vila Belmiro, por 2 a 0. Os gols da partida [&hellip;]\" \/>\n<meta property=\"og:url\" content=\"https:\/\/www.gaveanews.com\/index.php\/2025\/04\/18\/atletico-mg-x-botafogo-a-declaracao-de-cuca\/\" \/>\n<meta property=\"og:site_name\" content=\"G\u00e1vea News\" \/>\n<meta property=\"article:publisher\" content=\"https:\/\/facebook.com\/gaveaNews\/\" \/>\n<meta property=\"article:published_time\" content=\"2025-04-18T23:25:00+00:00\" \/>\n<meta property=\"og:image\" content=\"https:\/\/www.gaveanews.com\/wp-content\/uploads\/Escudo-do-Botafogo.webp\" \/>\n\t<meta property=\"og:image:width\" content=\"1053\" \/>\n\t<meta property=\"og:image:height\" content=\"702\" \/>\n\t<meta property=\"og:image:type\" content=\"image\/webp\" \/>\n<meta name=\"author\" content=\"Marco Menezes\" \/>\n<meta name=\"twitter:card\" content=\"summary_large_image\" \/>\n<meta name=\"twitter:label1\" content=\"Escrito por\" \/>\n\t<meta name=\"twitter:data1\" content=\"Marco Menezes\" \/>\n\t<meta name=\"twitter:label2\" content=\"Est. tempo de leitura\" \/>\n\t<meta name=\"twitter:data2\" content=\"2 minutos\" \/>\n<script type=\"application\/ld+json\" class=\"yoast-schema-graph\">{\"@context\":\"https:\/\/schema.org\",\"@graph\":[{\"@type\":\"NewsArticle\",\"@id\":\"https:\/\/www.gaveanews.com\/index.php\/2025\/04\/18\/atletico-mg-x-botafogo-a-declaracao-de-cuca\/#article\",\"isPartOf\":{\"@id\":\"https:\/\/www.gaveanews.com\/index.php\/2025\/04\/18\/atletico-mg-x-botafogo-a-declaracao-de-cuca\/\"},\"author\":{\"name\":\"Marco Menezes\",\"@id\":\"https:\/\/www.gaveanews.com\/#\/schema\/person\/a9f62fe75380c6bada1b2fc49bc23d69\"},\"headline\":\"Atl\u00e9tico-MG x Botafogo: a declara\u00e7\u00e3o de Cuca\",\"datePublished\":\"2025-04-18T23:25:00+00:00\",\"mainEntityOfPage\":{\"@id\":\"https:\/\/www.gaveanews.com\/index.php\/2025\/04\/18\/atletico-mg-x-botafogo-a-declaracao-de-cuca\/\"},\"wordCount\":329,\"commentCount\":0,\"image\":{\"@id\":\"https:\/\/www.gaveanews.com\/index.php\/2025\/04\/18\/atletico-mg-x-botafogo-a-declaracao-de-cuca\/#primaryimage\"},\"thumbnailUrl\":\"https:\/\/www.gaveanews.com\/wp-content\/uploads\/Escudo-do-Botafogo.webp\",\"articleSection\":[\"Atl\u00e9tico-MG\",\"Botafogo\"],\"inLanguage\":\"pt-BR\",\"potentialAction\":[{\"@type\":\"CommentAction\",\"name\":\"Comment\",\"target\":[\"https:\/\/www.gaveanews.com\/index.php\/2025\/04\/18\/atletico-mg-x-botafogo-a-declaracao-de-cuca\/#respond\"]}],\"copyrightYear\":\"2025\",\"copyrightHolder\":{\"@id\":\"https:\/\/www.gaveanews.com\/#organization\"}},{\"@type\":\"WebPage\",\"@id\":\"https:\/\/www.gaveanews.com\/index.php\/2025\/04\/18\/atletico-mg-x-botafogo-a-declaracao-de-cuca\/\",\"url\":\"https:\/\/www.gaveanews.com\/index.php\/2025\/04\/18\/atletico-mg-x-botafogo-a-declaracao-de-cuca\/\",\"name\":\"Atl\u00e9tico-MG x Botafogo: a declara\u00e7\u00e3o de Cuca\",\"isPartOf\":{\"@id\":\"https:\/\/www.gaveanews.com\/#website\"},\"primaryImageOfPage\":{\"@id\":\"https:\/\/www.gaveanews.com\/index.php\/2025\/04\/18\/atletico-mg-x-botafogo-a-declaracao-de-cuca\/#primaryimage\"},\"image\":{\"@id\":\"https:\/\/www.gaveanews.com\/index.php\/2025\/04\/18\/atletico-mg-x-botafogo-a-declaracao-de-cuca\/#primaryimage\"},\"thumbnailUrl\":\"https:\/\/www.gaveanews.com\/wp-content\/uploads\/Escudo-do-Botafogo.webp\",\"datePublished\":\"2025-04-18T23:25:00+00:00\",\"author\":{\"@id\":\"https:\/\/www.gaveanews.com\/#\/schema\/person\/a9f62fe75380c6bada1b2fc49bc23d69\"},\"breadcrumb\":{\"@id\":\"https:\/\/www.gaveanews.com\/index.php\/2025\/04\/18\/atletico-mg-x-botafogo-a-declaracao-de-cuca\/#breadcrumb\"},\"inLanguage\":\"pt-BR\",\"potentialAction\":[{\"@type\":\"ReadAction\",\"target\":[\"https:\/\/www.gaveanews.com\/index.php\/2025\/04\/18\/atletico-mg-x-botafogo-a-declaracao-de-cuca\/\"]}]},{\"@type\":\"ImageObject\",\"inLanguage\":\"pt-BR\",\"@id\":\"https:\/\/www.gaveanews.com\/index.php\/2025\/04\/18\/atletico-mg-x-botafogo-a-declaracao-de-cuca\/#primaryimage\",\"url\":\"https:\/\/www.gaveanews.com\/wp-content\/uploads\/Escudo-do-Botafogo.webp\",\"contentUrl\":\"https:\/\/www.gaveanews.com\/wp-content\/uploads\/Escudo-do-Botafogo.webp\",\"width\":1053,\"height\":702,\"caption\":\"Escudo do Botafogo (Foto: Reprodu\u00e7\u00e3o\/Botafogo)\"},{\"@type\":\"BreadcrumbList\",\"@id\":\"https:\/\/www.gaveanews.com\/index.php\/2025\/04\/18\/atletico-mg-x-botafogo-a-declaracao-de-cuca\/#breadcrumb\",\"itemListElement\":[{\"@type\":\"ListItem\",\"position\":1,\"name\":\"Home\",\"item\":\"https:\/\/www.gaveanews.com\/\"},{\"@type\":\"ListItem\",\"position\":2,\"name\":\"Atl\u00e9tico-MG x Botafogo: a declara\u00e7\u00e3o de Cuca\"}]},{\"@type\":\"WebSite\",\"@id\":\"https:\/\/www.gaveanews.com\/#website\",\"url\":\"https:\/\/www.gaveanews.com\/\",\"name\":\"G\u00e1vea News\",\"description\":\"Veja todas as not\u00edcias sobre o Flamengo: Contrata\u00e7\u00f5es, categorias de base, resultados das partidas, tabela de classifica\u00e7\u00e3o, pr\u00f3ximos jogos!\",\"potentialAction\":[{\"@type\":\"SearchAction\",\"target\":{\"@type\":\"EntryPoint\",\"urlTemplate\":\"https:\/\/www.gaveanews.com\/?s={search_term_string}\"},\"query-input\":{\"@type\":\"PropertyValueSpecification\",\"valueRequired\":true,\"valueName\":\"search_term_string\"}}],\"inLanguage\":\"pt-BR\"},{\"@type\":\"Person\",\"@id\":\"https:\/\/www.gaveanews.com\/#\/schema\/person\/a9f62fe75380c6bada1b2fc49bc23d69\",\"name\":\"Marco Menezes\",\"image\":{\"@type\":\"ImageObject\",\"inLanguage\":\"pt-BR\",\"@id\":\"https:\/\/www.gaveanews.com\/#\/schema\/person\/image\/\",\"url\":\"https:\/\/secure.gravatar.com\/avatar\/a1d148ae17fc8bfc5dbccffd07979e8bd2c9ba494221779de86ec2c7907b71ec?s=96&d=mm&r=g\",\"contentUrl\":\"https:\/\/secure.gravatar.com\/avatar\/a1d148ae17fc8bfc5dbccffd07979e8bd2c9ba494221779de86ec2c7907b71ec?s=96&d=mm&r=g\",\"caption\":\"Marco Menezes\"}}]}<\/script>\n<!-- \/ Yoast SEO Premium plugin. -->","yoast_head_json":{"title":"Atl\u00e9tico-MG x Botafogo: a declara\u00e7\u00e3o de Cuca","robots":{"index":"index","follow":"follow","max-snippet":"max-snippet:-1","max-image-preview":"max-image-preview:large","max-video-preview":"max-video-preview:-1"},"canonical":"https:\/\/www.gaveanews.com\/index.php\/2025\/04\/18\/atletico-mg-x-botafogo-a-declaracao-de-cuca\/","og_locale":"pt_BR","og_type":"article","og_title":"Atl\u00e9tico-MG x Botafogo: a declara\u00e7\u00e3o de Cuca","og_description":"O Atl\u00e9tico-MG est\u00e1 em busca da primeira vit\u00f3ria dentro do Campeonato Brasileiro e Cuca projeta que o confronto com o Botafogo pode ser o divisor de \u00e1guas para a equipe.&nbsp; O Atl\u00e9tico-MG foi derrotado pelo Santos, na quarta rodada do Brasileir\u00e3o, na quarta-feira (16\/4), na Vila Belmiro, por 2 a 0. Os gols da partida [&hellip;]","og_url":"https:\/\/www.gaveanews.com\/index.php\/2025\/04\/18\/atletico-mg-x-botafogo-a-declaracao-de-cuca\/","og_site_name":"G\u00e1vea News","article_publisher":"https:\/\/facebook.com\/gaveaNews\/","article_published_time":"2025-04-18T23:25:00+00:00","og_image":[{"width":1053,"height":702,"url":"https:\/\/www.gaveanews.com\/wp-content\/uploads\/Escudo-do-Botafogo.webp","type":"image\/webp"}],"author":"Marco Menezes","twitter_card":"summary_large_image","twitter_misc":{"Escrito por":"Marco Menezes","Est. tempo de leitura":"2 minutos"},"schema":{"@context":"https:\/\/schema.org","@graph":[{"@type":"NewsArticle","@id":"https:\/\/www.gaveanews.com\/index.php\/2025\/04\/18\/atletico-mg-x-botafogo-a-declaracao-de-cuca\/#article","isPartOf":{"@id":"https:\/\/www.gaveanews.com\/index.php\/2025\/04\/18\/atletico-mg-x-botafogo-a-declaracao-de-cuca\/"},"author":{"name":"Marco Menezes","@id":"https:\/\/www.gaveanews.com\/#\/schema\/person\/a9f62fe75380c6bada1b2fc49bc23d69"},"headline":"Atl\u00e9tico-MG x Botafogo: a declara\u00e7\u00e3o de Cuca","datePublished":"2025-04-18T23:25:00+00:00","mainEntityOfPage":{"@id":"https:\/\/www.gaveanews.com\/index.php\/2025\/04\/18\/atletico-mg-x-botafogo-a-declaracao-de-cuca\/"},"wordCount":329,"commentCount":0,"image":{"@id":"https:\/\/www.gaveanews.com\/index.php\/2025\/04\/18\/atletico-mg-x-botafogo-a-declaracao-de-cuca\/#primaryimage"},"thumbnailUrl":"https:\/\/www.gaveanews.com\/wp-content\/uploads\/Escudo-do-Botafogo.webp","articleSection":["Atl\u00e9tico-MG","Botafogo"],"inLanguage":"pt-BR","potentialAction":[{"@type":"CommentAction","name":"Comment","target":["https:\/\/www.gaveanews.com\/index.php\/2025\/04\/18\/atletico-mg-x-botafogo-a-declaracao-de-cuca\/#respond"]}],"copyrightYear":"2025","copyrightHolder":{"@id":"https:\/\/www.gaveanews.com\/#organization"}},{"@type":"WebPage","@id":"https:\/\/www.gaveanews.com\/index.php\/2025\/04\/18\/atletico-mg-x-botafogo-a-declaracao-de-cuca\/","url":"https:\/\/www.gaveanews.com\/index.php\/2025\/04\/18\/atletico-mg-x-botafogo-a-declaracao-de-cuca\/","name":"Atl\u00e9tico-MG x Botafogo: a declara\u00e7\u00e3o de Cuca","isPartOf":{"@id":"https:\/\/www.gaveanews.com\/#website"},"primaryImageOfPage":{"@id":"https:\/\/www.gaveanews.com\/index.php\/2025\/04\/18\/atletico-mg-x-botafogo-a-declaracao-de-cuca\/#primaryimage"},"image":{"@id":"https:\/\/www.gaveanews.com\/index.php\/2025\/04\/18\/atletico-mg-x-botafogo-a-declaracao-de-cuca\/#primaryimage"},"thumbnailUrl":"https:\/\/www.gaveanews.com\/wp-content\/uploads\/Escudo-do-Botafogo.webp","datePublished":"2025-04-18T23:25:00+00:00","author":{"@id":"https:\/\/www.gaveanews.com\/#\/schema\/person\/a9f62fe75380c6bada1b2fc49bc23d69"},"breadcrumb":{"@id":"https:\/\/www.gaveanews.com\/index.php\/2025\/04\/18\/atletico-mg-x-botafogo-a-declaracao-de-cuca\/#breadcrumb"},"inLanguage":"pt-BR","potentialAction":[{"@type":"ReadAction","target":["https:\/\/www.gaveanews.com\/index.php\/2025\/04\/18\/atletico-mg-x-botafogo-a-declaracao-de-cuca\/"]}]},{"@type":"ImageObject","inLanguage":"pt-BR","@id":"https:\/\/www.gaveanews.com\/index.php\/2025\/04\/18\/atletico-mg-x-botafogo-a-declaracao-de-cuca\/#primaryimage","url":"https:\/\/www.gaveanews.com\/wp-content\/uploads\/Escudo-do-Botafogo.webp","contentUrl":"https:\/\/www.gaveanews.com\/wp-content\/uploads\/Escudo-do-Botafogo.webp","width":1053,"height":702,"caption":"Escudo do Botafogo (Foto: Reprodu\u00e7\u00e3o\/Botafogo)"},{"@type":"BreadcrumbList","@id":"https:\/\/www.gaveanews.com\/index.php\/2025\/04\/18\/atletico-mg-x-botafogo-a-declaracao-de-cuca\/#breadcrumb","itemListElement":[{"@type":"ListItem","position":1,"name":"Home","item":"https:\/\/www.gaveanews.com\/"},{"@type":"ListItem","position":2,"name":"Atl\u00e9tico-MG x Botafogo: a declara\u00e7\u00e3o de Cuca"}]},{"@type":"WebSite","@id":"https:\/\/www.gaveanews.com\/#website","url":"https:\/\/www.gaveanews.com\/","name":"G\u00e1vea News","description":"Veja todas as not\u00edcias sobre o Flamengo: Contrata\u00e7\u00f5es, categorias de base, resultados das partidas, tabela de classifica\u00e7\u00e3o, pr\u00f3ximos jogos!","potentialAction":[{"@type":"SearchAction","target":{"@type":"EntryPoint","urlTemplate":"https:\/\/www.gaveanews.com\/?s={search_term_string}"},"query-input":{"@type":"PropertyValueSpecification","valueRequired":true,"valueName":"search_term_string"}}],"inLanguage":"pt-BR"},{"@type":"Person","@id":"https:\/\/www.gaveanews.com\/#\/schema\/person\/a9f62fe75380c6bada1b2fc49bc23d69","name":"Marco Menezes","image":{"@type":"ImageObject","inLanguage":"pt-BR","@id":"https:\/\/www.gaveanews.com\/#\/schema\/person\/image\/","url":"https:\/\/secure.gravatar.com\/avatar\/a1d148ae17fc8bfc5dbccffd07979e8bd2c9ba494221779de86ec2c7907b71ec?s=96&d=mm&r=g","contentUrl":"https:\/\/secure.gravatar.com\/avatar\/a1d148ae17fc8bfc5dbccffd07979e8bd2c9ba494221779de86ec2c7907b71ec?s=96&d=mm&r=g","caption":"Marco Menezes"}}]}},"_links":{"self":[{"href":"https:\/\/www.gaveanews.com\/index.php\/wp-json\/wp\/v2\/posts\/254987","targetHints":{"allow":["GET"]}}],"collection":[{"href":"https:\/\/www.gaveanews.com\/index.php\/wp-json\/wp\/v2\/posts"}],"about":[{"href":"https:\/\/www.gaveanews.com\/index.php\/wp-json\/wp\/v2\/types\/post"}],"author":[{"embeddable":true,"href":"https:\/\/www.gaveanews.com\/index.php\/wp-json\/wp\/v2\/users\/29"}],"replies":[{"embeddable":true,"href":"https:\/\/www.gaveanews.com\/index.php\/wp-json\/wp\/v2\/comments?post=254987"}],"version-history":[{"count":1,"href":"https:\/\/www.gaveanews.com\/index.php\/wp-json\/wp\/v2\/posts\/254987\/revisions"}],"predecessor-version":[{"id":254988,"href":"https:\/\/www.gaveanews.com\/index.php\/wp-json\/wp\/v2\/posts\/254987\/revisions\/254988"}],"wp:featuredmedia":[{"embeddable":true,"href":"https:\/\/www.gaveanews.com\/index.php\/wp-json\/wp\/v2\/media\/156132"}],"wp:attachment":[{"href":"https:\/\/www.gaveanews.com\/index.php\/wp-json\/wp\/v2\/media?parent=254987"}],"wp:term":[{"taxonomy":"category","embeddable":true,"href":"https:\/\/www.gaveanews.com\/index.php\/wp-json\/wp\/v2\/categories?post=254987"},{"taxonomy":"post_tag","embeddable":true,"href":"https:\/\/www.gaveanews.com\/index.php\/wp-json\/wp\/v2\/tags?post=254987"}],"curies":[{"name":"wp","href":"https:\/\/api.w.org\/{rel}","templated":true}]}}