{"id":255019,"date":"2025-04-18T20:10:00","date_gmt":"2025-04-18T23:10:00","guid":{"rendered":"https:\/\/www.gaveanews.com\/?p=255019"},"modified":"2025-04-18T17:37:54","modified_gmt":"2025-04-18T20:37:54","slug":"a-declaracao-de-alberto-guerra-presidente-do-gremio-direcionada-a-torcida","status":"publish","type":"post","link":"https:\/\/www.gaveanews.com\/index.php\/2025\/04\/18\/a-declaracao-de-alberto-guerra-presidente-do-gremio-direcionada-a-torcida\/","title":{"rendered":"A declara\u00e7\u00e3o de Alberto Guerra, presidente do Gr\u00eamio, direcionada \u00e0 torcida"},"content":{"rendered":"\n<p>Alberto Guerra se desculpou com a torcida do Gr\u00eamio ap\u00f3s a derrota acachapante para o Mirassol. O presidente tricolor disse que a atua\u00e7\u00e3o o deixou envergonhado e logo depois demitiu Gustavo Quinteros do comando t\u00e9cnico do Imortal.<\/p>\n\n\n\n<p>O Gr\u00eamio foi goleado pelo Mirassol por 4 a 1, na quarta-feira (16\/4), no est\u00e1dio Campos Maia, em jogo v\u00e1lido pela quarta rodada do Campeonato Brasileiro. A derrota exp\u00f4s o p\u00e9ssimo trabalho de Gustavo Quinteros \u00e0 frente do Gr\u00eamio, que deixou a equipe na 17\u00aa coloca\u00e7\u00e3o do torneio nacional com tr\u00eas pontos, depois de tr\u00eas empates e uma derrota.<\/p>\n\n\n\n<p>A demiss\u00e3o de Gustavo Quinteros era iminente. Os pr\u00f3prios torcedores cobravam uma troca no comando t\u00e9cnico depois da derrota dentro de casa para o Flamengo, no domingo (12\/4), tamb\u00e9m pelo Brasileir\u00e3o. Nas arquibancadas da Arena do Gr\u00eamio, gremistas protestaram e pediram at\u00e9 a volta de Renato Ga\u00facho.<\/p>\n\n\n\n<p>Mas a diretoria deu uma sobrevida para Quinteros pelo menos at\u00e9 o Grenal do fim de semana. Era preciso passar ileso pelo confronto contra o Mirassol e vencer o Internacional dentro de casa no s\u00e1bado. Por\u00e9m, a goleada hist\u00f3rica para o time paulista mudou completamente os planos.<\/p>\n\n\n\n<p>Depois da partida, o presidente do Gr\u00eamio pediu desculpas aos torcedores e falou que se sentiu envergonhado com a derrota.<\/p>\n\n\n\n<p>\u201cPrimeiro, quero me desculpar com a minha torcida. Foi um resultado muito ruim. N\u00e3o que seja uma vergonha perder para o Mirassol, que \u00e9 um grande clube e est\u00e1 bem organizado, mas da maneira como foi talvez tenha sido uma das partidas que mais me deixou envergonhado\u201d, disse antes de anunciar a demiss\u00e3o de Gustavo Quinteros.<\/p>\n\n\n\n<p>O mandat\u00e1rio ainda agradeceu o ex-treinador e projetou o cl\u00e1ssico contra o maior rival. Alberto Guerra convocou a torcida para comparecer \u00e0 Arena, exaltando a import\u00e2ncia dos gremistas para a retomada dentro da temporada.<\/p>\n\n\n\n<p>\u201cTemos um jogo importante s\u00e1bado, precisamos deles sempre nos apoiando para que a gente consiga vencer os jogos dentro da nossa casa e fazer um bom resto de temporada\u201d, clamou.<\/p>\n","protected":false},"excerpt":{"rendered":"<p>Alberto Guerra se desculpou com a torcida do Gr\u00eamio ap\u00f3s a derrota acachapante para o Mirassol. O presidente tricolor disse que a atua\u00e7\u00e3o o deixou envergonhado e logo depois demitiu Gustavo Quinteros do comando t\u00e9cnico do Imortal. O Gr\u00eamio foi goleado pelo Mirassol por 4 a 1, na quarta-feira (16\/4), no est\u00e1dio Campos Maia, em [&hellip;]<\/p>\n","protected":false},"author":29,"featured_media":141924,"comment_status":"open","ping_status":"closed","sticky":false,"template":"","format":"standard","meta":{"footnotes":""},"categories":[147],"tags":[],"class_list":["post-255019","post","type-post","status-publish","format-standard","has-post-thumbnail","hentry","category-gremio"],"yoast_head":"<!-- This site is optimized with the Yoast SEO Premium plugin v24.2 (Yoast SEO v26.9) - https:\/\/yoast.com\/product\/yoast-seo-premium-wordpress\/ -->\n<title>A declara\u00e7\u00e3o de Alberto Guerra, presidente do Gr\u00eamio, direcionada \u00e0 torcida<\/title>\n<meta name=\"robots\" content=\"index, follow, max-snippet:-1, max-image-preview:large, max-video-preview:-1\" \/>\n<link rel=\"canonical\" href=\"https:\/\/www.gaveanews.com\/index.php\/2025\/04\/18\/a-declaracao-de-alberto-guerra-presidente-do-gremio-direcionada-a-torcida\/\" \/>\n<meta property=\"og:locale\" content=\"pt_BR\" \/>\n<meta property=\"og:type\" content=\"article\" \/>\n<meta property=\"og:title\" content=\"A declara\u00e7\u00e3o de Alberto Guerra, presidente do Gr\u00eamio, direcionada \u00e0 torcida\" \/>\n<meta property=\"og:description\" content=\"Alberto Guerra se desculpou com a torcida do Gr\u00eamio ap\u00f3s a derrota acachapante para o Mirassol. O presidente tricolor disse que a atua\u00e7\u00e3o o deixou envergonhado e logo depois demitiu Gustavo Quinteros do comando t\u00e9cnico do Imortal. O Gr\u00eamio foi goleado pelo Mirassol por 4 a 1, na quarta-feira (16\/4), no est\u00e1dio Campos Maia, em [&hellip;]\" \/>\n<meta property=\"og:url\" content=\"https:\/\/www.gaveanews.com\/index.php\/2025\/04\/18\/a-declaracao-de-alberto-guerra-presidente-do-gremio-direcionada-a-torcida\/\" \/>\n<meta property=\"og:site_name\" content=\"G\u00e1vea News\" \/>\n<meta property=\"article:publisher\" content=\"https:\/\/facebook.com\/gaveaNews\/\" \/>\n<meta property=\"article:published_time\" content=\"2025-04-18T23:10:00+00:00\" \/>\n<meta property=\"og:image\" content=\"https:\/\/www.gaveanews.com\/wp-content\/uploads\/presidente-gremio-alberto-guerra.webp\" \/>\n\t<meta property=\"og:image:width\" content=\"640\" \/>\n\t<meta property=\"og:image:height\" content=\"401\" \/>\n\t<meta property=\"og:image:type\" content=\"image\/jpeg\" \/>\n<meta name=\"author\" content=\"Marco Menezes\" \/>\n<meta name=\"twitter:card\" content=\"summary_large_image\" \/>\n<meta name=\"twitter:label1\" content=\"Escrito por\" \/>\n\t<meta name=\"twitter:data1\" content=\"Marco Menezes\" \/>\n\t<meta name=\"twitter:label2\" content=\"Est. tempo de leitura\" \/>\n\t<meta name=\"twitter:data2\" content=\"3 minutos\" \/>\n<script type=\"application\/ld+json\" class=\"yoast-schema-graph\">{\"@context\":\"https:\/\/schema.org\",\"@graph\":[{\"@type\":\"NewsArticle\",\"@id\":\"https:\/\/www.gaveanews.com\/index.php\/2025\/04\/18\/a-declaracao-de-alberto-guerra-presidente-do-gremio-direcionada-a-torcida\/#article\",\"isPartOf\":{\"@id\":\"https:\/\/www.gaveanews.com\/index.php\/2025\/04\/18\/a-declaracao-de-alberto-guerra-presidente-do-gremio-direcionada-a-torcida\/\"},\"author\":{\"name\":\"Marco Menezes\",\"@id\":\"https:\/\/www.gaveanews.com\/#\/schema\/person\/a9f62fe75380c6bada1b2fc49bc23d69\"},\"headline\":\"A declara\u00e7\u00e3o de Alberto Guerra, presidente do Gr\u00eamio, direcionada \u00e0 torcida\",\"datePublished\":\"2025-04-18T23:10:00+00:00\",\"mainEntityOfPage\":{\"@id\":\"https:\/\/www.gaveanews.com\/index.php\/2025\/04\/18\/a-declaracao-de-alberto-guerra-presidente-do-gremio-direcionada-a-torcida\/\"},\"wordCount\":364,\"commentCount\":0,\"image\":{\"@id\":\"https:\/\/www.gaveanews.com\/index.php\/2025\/04\/18\/a-declaracao-de-alberto-guerra-presidente-do-gremio-direcionada-a-torcida\/#primaryimage\"},\"thumbnailUrl\":\"https:\/\/www.gaveanews.com\/wp-content\/uploads\/presidente-gremio-alberto-guerra.webp\",\"articleSection\":[\"Gr\u00eamio\"],\"inLanguage\":\"pt-BR\",\"potentialAction\":[{\"@type\":\"CommentAction\",\"name\":\"Comment\",\"target\":[\"https:\/\/www.gaveanews.com\/index.php\/2025\/04\/18\/a-declaracao-de-alberto-guerra-presidente-do-gremio-direcionada-a-torcida\/#respond\"]}],\"copyrightYear\":\"2025\",\"copyrightHolder\":{\"@id\":\"https:\/\/www.gaveanews.com\/#organization\"}},{\"@type\":\"WebPage\",\"@id\":\"https:\/\/www.gaveanews.com\/index.php\/2025\/04\/18\/a-declaracao-de-alberto-guerra-presidente-do-gremio-direcionada-a-torcida\/\",\"url\":\"https:\/\/www.gaveanews.com\/index.php\/2025\/04\/18\/a-declaracao-de-alberto-guerra-presidente-do-gremio-direcionada-a-torcida\/\",\"name\":\"A declara\u00e7\u00e3o de Alberto Guerra, presidente do Gr\u00eamio, direcionada \u00e0 torcida\",\"isPartOf\":{\"@id\":\"https:\/\/www.gaveanews.com\/#website\"},\"primaryImageOfPage\":{\"@id\":\"https:\/\/www.gaveanews.com\/index.php\/2025\/04\/18\/a-declaracao-de-alberto-guerra-presidente-do-gremio-direcionada-a-torcida\/#primaryimage\"},\"image\":{\"@id\":\"https:\/\/www.gaveanews.com\/index.php\/2025\/04\/18\/a-declaracao-de-alberto-guerra-presidente-do-gremio-direcionada-a-torcida\/#primaryimage\"},\"thumbnailUrl\":\"https:\/\/www.gaveanews.com\/wp-content\/uploads\/presidente-gremio-alberto-guerra.webp\",\"datePublished\":\"2025-04-18T23:10:00+00:00\",\"author\":{\"@id\":\"https:\/\/www.gaveanews.com\/#\/schema\/person\/a9f62fe75380c6bada1b2fc49bc23d69\"},\"breadcrumb\":{\"@id\":\"https:\/\/www.gaveanews.com\/index.php\/2025\/04\/18\/a-declaracao-de-alberto-guerra-presidente-do-gremio-direcionada-a-torcida\/#breadcrumb\"},\"inLanguage\":\"pt-BR\",\"potentialAction\":[{\"@type\":\"ReadAction\",\"target\":[\"https:\/\/www.gaveanews.com\/index.php\/2025\/04\/18\/a-declaracao-de-alberto-guerra-presidente-do-gremio-direcionada-a-torcida\/\"]}]},{\"@type\":\"ImageObject\",\"inLanguage\":\"pt-BR\",\"@id\":\"https:\/\/www.gaveanews.com\/index.php\/2025\/04\/18\/a-declaracao-de-alberto-guerra-presidente-do-gremio-direcionada-a-torcida\/#primaryimage\",\"url\":\"https:\/\/www.gaveanews.com\/wp-content\/uploads\/presidente-gremio-alberto-guerra.webp\",\"contentUrl\":\"https:\/\/www.gaveanews.com\/wp-content\/uploads\/presidente-gremio-alberto-guerra.webp\",\"width\":640,\"height\":401,\"caption\":\"Alberto Guerra, presidente do Gr\u00eamio - Foto: Lucas Uebel\/ Gr\u00eamio\"},{\"@type\":\"BreadcrumbList\",\"@id\":\"https:\/\/www.gaveanews.com\/index.php\/2025\/04\/18\/a-declaracao-de-alberto-guerra-presidente-do-gremio-direcionada-a-torcida\/#breadcrumb\",\"itemListElement\":[{\"@type\":\"ListItem\",\"position\":1,\"name\":\"Home\",\"item\":\"https:\/\/www.gaveanews.com\/\"},{\"@type\":\"ListItem\",\"position\":2,\"name\":\"A declara\u00e7\u00e3o de Alberto Guerra, presidente do Gr\u00eamio, direcionada \u00e0 torcida\"}]},{\"@type\":\"WebSite\",\"@id\":\"https:\/\/www.gaveanews.com\/#website\",\"url\":\"https:\/\/www.gaveanews.com\/\",\"name\":\"G\u00e1vea News\",\"description\":\"Veja todas as not\u00edcias sobre o Flamengo: Contrata\u00e7\u00f5es, categorias de base, resultados das partidas, tabela de classifica\u00e7\u00e3o, pr\u00f3ximos jogos!\",\"potentialAction\":[{\"@type\":\"SearchAction\",\"target\":{\"@type\":\"EntryPoint\",\"urlTemplate\":\"https:\/\/www.gaveanews.com\/?s={search_term_string}\"},\"query-input\":{\"@type\":\"PropertyValueSpecification\",\"valueRequired\":true,\"valueName\":\"search_term_string\"}}],\"inLanguage\":\"pt-BR\"},{\"@type\":\"Person\",\"@id\":\"https:\/\/www.gaveanews.com\/#\/schema\/person\/a9f62fe75380c6bada1b2fc49bc23d69\",\"name\":\"Marco Menezes\",\"image\":{\"@type\":\"ImageObject\",\"inLanguage\":\"pt-BR\",\"@id\":\"https:\/\/www.gaveanews.com\/#\/schema\/person\/image\/\",\"url\":\"https:\/\/secure.gravatar.com\/avatar\/a1d148ae17fc8bfc5dbccffd07979e8bd2c9ba494221779de86ec2c7907b71ec?s=96&d=mm&r=g\",\"contentUrl\":\"https:\/\/secure.gravatar.com\/avatar\/a1d148ae17fc8bfc5dbccffd07979e8bd2c9ba494221779de86ec2c7907b71ec?s=96&d=mm&r=g\",\"caption\":\"Marco Menezes\"}}]}<\/script>\n<!-- \/ Yoast SEO Premium plugin. -->","yoast_head_json":{"title":"A declara\u00e7\u00e3o de Alberto Guerra, presidente do Gr\u00eamio, direcionada \u00e0 torcida","robots":{"index":"index","follow":"follow","max-snippet":"max-snippet:-1","max-image-preview":"max-image-preview:large","max-video-preview":"max-video-preview:-1"},"canonical":"https:\/\/www.gaveanews.com\/index.php\/2025\/04\/18\/a-declaracao-de-alberto-guerra-presidente-do-gremio-direcionada-a-torcida\/","og_locale":"pt_BR","og_type":"article","og_title":"A declara\u00e7\u00e3o de Alberto Guerra, presidente do Gr\u00eamio, direcionada \u00e0 torcida","og_description":"Alberto Guerra se desculpou com a torcida do Gr\u00eamio ap\u00f3s a derrota acachapante para o Mirassol. O presidente tricolor disse que a atua\u00e7\u00e3o o deixou envergonhado e logo depois demitiu Gustavo Quinteros do comando t\u00e9cnico do Imortal. O Gr\u00eamio foi goleado pelo Mirassol por 4 a 1, na quarta-feira (16\/4), no est\u00e1dio Campos Maia, em [&hellip;]","og_url":"https:\/\/www.gaveanews.com\/index.php\/2025\/04\/18\/a-declaracao-de-alberto-guerra-presidente-do-gremio-direcionada-a-torcida\/","og_site_name":"G\u00e1vea News","article_publisher":"https:\/\/facebook.com\/gaveaNews\/","article_published_time":"2025-04-18T23:10:00+00:00","og_image":[{"width":640,"height":401,"url":"https:\/\/www.gaveanews.com\/wp-content\/uploads\/presidente-gremio-alberto-guerra.webp","type":"image\/jpeg"}],"author":"Marco Menezes","twitter_card":"summary_large_image","twitter_misc":{"Escrito por":"Marco Menezes","Est. tempo de leitura":"3 minutos"},"schema":{"@context":"https:\/\/schema.org","@graph":[{"@type":"NewsArticle","@id":"https:\/\/www.gaveanews.com\/index.php\/2025\/04\/18\/a-declaracao-de-alberto-guerra-presidente-do-gremio-direcionada-a-torcida\/#article","isPartOf":{"@id":"https:\/\/www.gaveanews.com\/index.php\/2025\/04\/18\/a-declaracao-de-alberto-guerra-presidente-do-gremio-direcionada-a-torcida\/"},"author":{"name":"Marco Menezes","@id":"https:\/\/www.gaveanews.com\/#\/schema\/person\/a9f62fe75380c6bada1b2fc49bc23d69"},"headline":"A declara\u00e7\u00e3o de Alberto Guerra, presidente do Gr\u00eamio, direcionada \u00e0 torcida","datePublished":"2025-04-18T23:10:00+00:00","mainEntityOfPage":{"@id":"https:\/\/www.gaveanews.com\/index.php\/2025\/04\/18\/a-declaracao-de-alberto-guerra-presidente-do-gremio-direcionada-a-torcida\/"},"wordCount":364,"commentCount":0,"image":{"@id":"https:\/\/www.gaveanews.com\/index.php\/2025\/04\/18\/a-declaracao-de-alberto-guerra-presidente-do-gremio-direcionada-a-torcida\/#primaryimage"},"thumbnailUrl":"https:\/\/www.gaveanews.com\/wp-content\/uploads\/presidente-gremio-alberto-guerra.webp","articleSection":["Gr\u00eamio"],"inLanguage":"pt-BR","potentialAction":[{"@type":"CommentAction","name":"Comment","target":["https:\/\/www.gaveanews.com\/index.php\/2025\/04\/18\/a-declaracao-de-alberto-guerra-presidente-do-gremio-direcionada-a-torcida\/#respond"]}],"copyrightYear":"2025","copyrightHolder":{"@id":"https:\/\/www.gaveanews.com\/#organization"}},{"@type":"WebPage","@id":"https:\/\/www.gaveanews.com\/index.php\/2025\/04\/18\/a-declaracao-de-alberto-guerra-presidente-do-gremio-direcionada-a-torcida\/","url":"https:\/\/www.gaveanews.com\/index.php\/2025\/04\/18\/a-declaracao-de-alberto-guerra-presidente-do-gremio-direcionada-a-torcida\/","name":"A declara\u00e7\u00e3o de Alberto Guerra, presidente do Gr\u00eamio, direcionada \u00e0 torcida","isPartOf":{"@id":"https:\/\/www.gaveanews.com\/#website"},"primaryImageOfPage":{"@id":"https:\/\/www.gaveanews.com\/index.php\/2025\/04\/18\/a-declaracao-de-alberto-guerra-presidente-do-gremio-direcionada-a-torcida\/#primaryimage"},"image":{"@id":"https:\/\/www.gaveanews.com\/index.php\/2025\/04\/18\/a-declaracao-de-alberto-guerra-presidente-do-gremio-direcionada-a-torcida\/#primaryimage"},"thumbnailUrl":"https:\/\/www.gaveanews.com\/wp-content\/uploads\/presidente-gremio-alberto-guerra.webp","datePublished":"2025-04-18T23:10:00+00:00","author":{"@id":"https:\/\/www.gaveanews.com\/#\/schema\/person\/a9f62fe75380c6bada1b2fc49bc23d69"},"breadcrumb":{"@id":"https:\/\/www.gaveanews.com\/index.php\/2025\/04\/18\/a-declaracao-de-alberto-guerra-presidente-do-gremio-direcionada-a-torcida\/#breadcrumb"},"inLanguage":"pt-BR","potentialAction":[{"@type":"ReadAction","target":["https:\/\/www.gaveanews.com\/index.php\/2025\/04\/18\/a-declaracao-de-alberto-guerra-presidente-do-gremio-direcionada-a-torcida\/"]}]},{"@type":"ImageObject","inLanguage":"pt-BR","@id":"https:\/\/www.gaveanews.com\/index.php\/2025\/04\/18\/a-declaracao-de-alberto-guerra-presidente-do-gremio-direcionada-a-torcida\/#primaryimage","url":"https:\/\/www.gaveanews.com\/wp-content\/uploads\/presidente-gremio-alberto-guerra.webp","contentUrl":"https:\/\/www.gaveanews.com\/wp-content\/uploads\/presidente-gremio-alberto-guerra.webp","width":640,"height":401,"caption":"Alberto Guerra, presidente do Gr\u00eamio - Foto: Lucas Uebel\/ Gr\u00eamio"},{"@type":"BreadcrumbList","@id":"https:\/\/www.gaveanews.com\/index.php\/2025\/04\/18\/a-declaracao-de-alberto-guerra-presidente-do-gremio-direcionada-a-torcida\/#breadcrumb","itemListElement":[{"@type":"ListItem","position":1,"name":"Home","item":"https:\/\/www.gaveanews.com\/"},{"@type":"ListItem","position":2,"name":"A declara\u00e7\u00e3o de Alberto Guerra, presidente do Gr\u00eamio, direcionada \u00e0 torcida"}]},{"@type":"WebSite","@id":"https:\/\/www.gaveanews.com\/#website","url":"https:\/\/www.gaveanews.com\/","name":"G\u00e1vea News","description":"Veja todas as not\u00edcias sobre o Flamengo: Contrata\u00e7\u00f5es, categorias de base, resultados das partidas, tabela de classifica\u00e7\u00e3o, pr\u00f3ximos jogos!","potentialAction":[{"@type":"SearchAction","target":{"@type":"EntryPoint","urlTemplate":"https:\/\/www.gaveanews.com\/?s={search_term_string}"},"query-input":{"@type":"PropertyValueSpecification","valueRequired":true,"valueName":"search_term_string"}}],"inLanguage":"pt-BR"},{"@type":"Person","@id":"https:\/\/www.gaveanews.com\/#\/schema\/person\/a9f62fe75380c6bada1b2fc49bc23d69","name":"Marco Menezes","image":{"@type":"ImageObject","inLanguage":"pt-BR","@id":"https:\/\/www.gaveanews.com\/#\/schema\/person\/image\/","url":"https:\/\/secure.gravatar.com\/avatar\/a1d148ae17fc8bfc5dbccffd07979e8bd2c9ba494221779de86ec2c7907b71ec?s=96&d=mm&r=g","contentUrl":"https:\/\/secure.gravatar.com\/avatar\/a1d148ae17fc8bfc5dbccffd07979e8bd2c9ba494221779de86ec2c7907b71ec?s=96&d=mm&r=g","caption":"Marco Menezes"}}]}},"_links":{"self":[{"href":"https:\/\/www.gaveanews.com\/index.php\/wp-json\/wp\/v2\/posts\/255019","targetHints":{"allow":["GET"]}}],"collection":[{"href":"https:\/\/www.gaveanews.com\/index.php\/wp-json\/wp\/v2\/posts"}],"about":[{"href":"https:\/\/www.gaveanews.com\/index.php\/wp-json\/wp\/v2\/types\/post"}],"author":[{"embeddable":true,"href":"https:\/\/www.gaveanews.com\/index.php\/wp-json\/wp\/v2\/users\/29"}],"replies":[{"embeddable":true,"href":"https:\/\/www.gaveanews.com\/index.php\/wp-json\/wp\/v2\/comments?post=255019"}],"version-history":[{"count":1,"href":"https:\/\/www.gaveanews.com\/index.php\/wp-json\/wp\/v2\/posts\/255019\/revisions"}],"predecessor-version":[{"id":255020,"href":"https:\/\/www.gaveanews.com\/index.php\/wp-json\/wp\/v2\/posts\/255019\/revisions\/255020"}],"wp:featuredmedia":[{"embeddable":true,"href":"https:\/\/www.gaveanews.com\/index.php\/wp-json\/wp\/v2\/media\/141924"}],"wp:attachment":[{"href":"https:\/\/www.gaveanews.com\/index.php\/wp-json\/wp\/v2\/media?parent=255019"}],"wp:term":[{"taxonomy":"category","embeddable":true,"href":"https:\/\/www.gaveanews.com\/index.php\/wp-json\/wp\/v2\/categories?post=255019"},{"taxonomy":"post_tag","embeddable":true,"href":"https:\/\/www.gaveanews.com\/index.php\/wp-json\/wp\/v2\/tags?post=255019"}],"curies":[{"name":"wp","href":"https:\/\/api.w.org\/{rel}","templated":true}]}}