{"id":255056,"date":"2025-04-18T20:20:00","date_gmt":"2025-04-18T23:20:00","guid":{"rendered":"https:\/\/www.gaveanews.com\/?p=255056"},"modified":"2025-04-18T17:39:05","modified_gmt":"2025-04-18T20:39:05","slug":"a-declaracao-de-abel-ferreira-sobre-o-internacional-de-roger-machado","status":"publish","type":"post","link":"https:\/\/www.gaveanews.com\/index.php\/2025\/04\/18\/a-declaracao-de-abel-ferreira-sobre-o-internacional-de-roger-machado\/","title":{"rendered":"A declara\u00e7\u00e3o de Abel Ferreira sobre o Internacional, de Roger Machado"},"content":{"rendered":"\n<h2 class=\"wp-block-heading\" id=\"h-treinador-palmeirense-elogiou-equipe-comanda-por-roger-machado\">Treinador palmeirense elogiou equipe comanda por Roger Machado<\/h2>\n\n\n\n<p>O Internacional foi derrotado pelo Palmeiras por 1 a 0, com gol de Facundo Torres, em jogo disputado no Beira-Rio, na noite da \u00faltima quarta-feira (16). Em entrevista coletiva ap\u00f3s o jogo, o t\u00e9cnico Abel Ferreira rasgou elogios ao Internacional, de Roger Machado.<\/p>\n\n\n\n<p>&#8220;Uma equipe muito organizada, muito bem treinada, j\u00e1 n\u00e3o perdia h\u00e1 uma s\u00e9rie de tempo. Confian\u00e7a no m\u00e1ximo. \u00c9 uma equipe que roda muito a bola, fora do bloco, n\u00e3o jogamos contra uma equipe qualquer&#8221;, disse o treinador, relembrando o fato do\u00a0Colorado ter chegado invicto na temporada\u00a0para o confronto.<\/p>\n\n\n\n<p>Abel tamb\u00e9m destacou a for\u00e7a do elenco do Internacional e relembrou a derrota dos ga\u00fachos para o Botafogo no fim do Brasileir\u00e3o do ano passado, resultado que acabou afastando o Palmeiras da briga pelo t\u00edtulo nacional em 2024.<\/p>\n\n\n\n<p>&#8220;S\u00e3o super competentes, com jogadores experientes, olhem para a qualidade dos jogadores do Inter. \u00c9 uma equipe, como foi no ano passado, pena que n\u00e3o ganhou o jogo aqui em casa do Botafogo. Poderia ter ganho e nos ajudado de certa forma&#8221;, finalizou Abel Ferreira. <\/p>\n\n\n\n<p>Com o triunfo, o Palmeiras ocupa a vice-lideran\u00e7a do Campeonato Brasileiro com 10 pontos, empatado com o Flamengo e perdendo apenas no saldo de gols (9&#215;4). J\u00e1 o Internacional \u00e9 o nono colocado com cinco pontos conquistados. <\/p>\n\n\n\n<p>O Internacional volta a campo neste s\u00e1bado (19) quando visita o Gr\u00eamio em mais um Gre-Nal na temporada 2025. O cl\u00e1ssico da quinta rodada do Brasileir\u00e3o acontece na Arena, \u00e0s 21h (hor\u00e1rio de Bras\u00edlia). Em seguida, o Colorado recebe o Nacional, do Uruguai, pela terceira rodada da Libertadores. A bola rola \u00e0s 21h30 (de Bras\u00edlia) no Beira-Rio.<\/p>\n\n\n\n<p>J\u00e1 o Palmeiras enfrenta o Fortaleza no domingo (20), pela quinta rodada do Brasileir\u00e3o. A partida est\u00e1 marcada para \u00e0s 18h30 (hor\u00e1rio de Bras\u00edlia), na Arena Castel\u00e3o. Depois, o Verd\u00e3o vai at\u00e9 a Bol\u00edvia para enfrentar o Bol\u00edvar, pela Copa Libertadores. A partida acontece na quinta-feira (24), \u00e0s 19h (de Bras\u00edlia).<\/p>\n","protected":false},"excerpt":{"rendered":"<p>Treinador palmeirense elogiou equipe comanda por Roger Machado O Internacional foi derrotado pelo Palmeiras por 1 a 0, com gol de Facundo Torres, em jogo disputado no Beira-Rio, na noite da \u00faltima quarta-feira (16). Em entrevista coletiva ap\u00f3s o jogo, o t\u00e9cnico Abel Ferreira rasgou elogios ao Internacional, de Roger Machado. &#8220;Uma equipe muito organizada, [&hellip;]<\/p>\n","protected":false},"author":21,"featured_media":141983,"comment_status":"open","ping_status":"closed","sticky":false,"template":"","format":"standard","meta":{"footnotes":""},"categories":[148,150],"tags":[],"class_list":["post-255056","post","type-post","status-publish","format-standard","has-post-thumbnail","hentry","category-internacional","category-palmeiras"],"yoast_head":"<!-- This site is optimized with the Yoast SEO Premium plugin v24.2 (Yoast SEO v26.9) - https:\/\/yoast.com\/product\/yoast-seo-premium-wordpress\/ -->\n<title>A declara\u00e7\u00e3o de Abel Ferreira sobre o Internacional, de Roger Machado<\/title>\n<meta name=\"robots\" content=\"index, follow, max-snippet:-1, max-image-preview:large, max-video-preview:-1\" \/>\n<link rel=\"canonical\" href=\"https:\/\/www.gaveanews.com\/index.php\/2025\/04\/18\/a-declaracao-de-abel-ferreira-sobre-o-internacional-de-roger-machado\/\" \/>\n<meta property=\"og:locale\" content=\"pt_BR\" \/>\n<meta property=\"og:type\" content=\"article\" \/>\n<meta property=\"og:title\" content=\"A declara\u00e7\u00e3o de Abel Ferreira sobre o Internacional, de Roger Machado\" \/>\n<meta property=\"og:description\" content=\"Treinador palmeirense elogiou equipe comanda por Roger Machado O Internacional foi derrotado pelo Palmeiras por 1 a 0, com gol de Facundo Torres, em jogo disputado no Beira-Rio, na noite da \u00faltima quarta-feira (16). Em entrevista coletiva ap\u00f3s o jogo, o t\u00e9cnico Abel Ferreira rasgou elogios ao Internacional, de Roger Machado. &#8220;Uma equipe muito organizada, [&hellip;]\" \/>\n<meta property=\"og:url\" content=\"https:\/\/www.gaveanews.com\/index.php\/2025\/04\/18\/a-declaracao-de-abel-ferreira-sobre-o-internacional-de-roger-machado\/\" \/>\n<meta property=\"og:site_name\" content=\"G\u00e1vea News\" \/>\n<meta property=\"article:publisher\" content=\"https:\/\/facebook.com\/gaveaNews\/\" \/>\n<meta property=\"article:published_time\" content=\"2025-04-18T23:20:00+00:00\" \/>\n<meta property=\"og:image\" content=\"https:\/\/www.gaveanews.com\/wp-content\/uploads\/Abel-Ferreira-tecnico-do-Palmeiras.webp\" \/>\n\t<meta property=\"og:image:width\" content=\"870\" \/>\n\t<meta property=\"og:image:height\" content=\"458\" \/>\n\t<meta property=\"og:image:type\" content=\"image\/webp\" \/>\n<meta name=\"author\" content=\"Andr\u00e9 Serra\" \/>\n<meta name=\"twitter:card\" content=\"summary_large_image\" \/>\n<meta name=\"twitter:label1\" content=\"Escrito por\" \/>\n\t<meta name=\"twitter:data1\" content=\"Andr\u00e9 Serra\" \/>\n\t<meta name=\"twitter:label2\" content=\"Est. tempo de leitura\" \/>\n\t<meta name=\"twitter:data2\" content=\"3 minutos\" \/>\n<script type=\"application\/ld+json\" class=\"yoast-schema-graph\">{\"@context\":\"https:\/\/schema.org\",\"@graph\":[{\"@type\":\"NewsArticle\",\"@id\":\"https:\/\/www.gaveanews.com\/index.php\/2025\/04\/18\/a-declaracao-de-abel-ferreira-sobre-o-internacional-de-roger-machado\/#article\",\"isPartOf\":{\"@id\":\"https:\/\/www.gaveanews.com\/index.php\/2025\/04\/18\/a-declaracao-de-abel-ferreira-sobre-o-internacional-de-roger-machado\/\"},\"author\":{\"name\":\"Andr\u00e9 Serra\",\"@id\":\"https:\/\/www.gaveanews.com\/#\/schema\/person\/0277a79a1289c451c281ec0411d84f0c\"},\"headline\":\"A declara\u00e7\u00e3o de Abel Ferreira sobre o Internacional, de Roger Machado\",\"datePublished\":\"2025-04-18T23:20:00+00:00\",\"mainEntityOfPage\":{\"@id\":\"https:\/\/www.gaveanews.com\/index.php\/2025\/04\/18\/a-declaracao-de-abel-ferreira-sobre-o-internacional-de-roger-machado\/\"},\"wordCount\":360,\"commentCount\":0,\"image\":{\"@id\":\"https:\/\/www.gaveanews.com\/index.php\/2025\/04\/18\/a-declaracao-de-abel-ferreira-sobre-o-internacional-de-roger-machado\/#primaryimage\"},\"thumbnailUrl\":\"https:\/\/www.gaveanews.com\/wp-content\/uploads\/Abel-Ferreira-tecnico-do-Palmeiras.webp\",\"articleSection\":[\"Internacional\",\"Palmeiras\"],\"inLanguage\":\"pt-BR\",\"potentialAction\":[{\"@type\":\"CommentAction\",\"name\":\"Comment\",\"target\":[\"https:\/\/www.gaveanews.com\/index.php\/2025\/04\/18\/a-declaracao-de-abel-ferreira-sobre-o-internacional-de-roger-machado\/#respond\"]}],\"copyrightYear\":\"2025\",\"copyrightHolder\":{\"@id\":\"https:\/\/www.gaveanews.com\/#organization\"}},{\"@type\":\"WebPage\",\"@id\":\"https:\/\/www.gaveanews.com\/index.php\/2025\/04\/18\/a-declaracao-de-abel-ferreira-sobre-o-internacional-de-roger-machado\/\",\"url\":\"https:\/\/www.gaveanews.com\/index.php\/2025\/04\/18\/a-declaracao-de-abel-ferreira-sobre-o-internacional-de-roger-machado\/\",\"name\":\"A declara\u00e7\u00e3o de Abel Ferreira sobre o Internacional, de Roger Machado\",\"isPartOf\":{\"@id\":\"https:\/\/www.gaveanews.com\/#website\"},\"primaryImageOfPage\":{\"@id\":\"https:\/\/www.gaveanews.com\/index.php\/2025\/04\/18\/a-declaracao-de-abel-ferreira-sobre-o-internacional-de-roger-machado\/#primaryimage\"},\"image\":{\"@id\":\"https:\/\/www.gaveanews.com\/index.php\/2025\/04\/18\/a-declaracao-de-abel-ferreira-sobre-o-internacional-de-roger-machado\/#primaryimage\"},\"thumbnailUrl\":\"https:\/\/www.gaveanews.com\/wp-content\/uploads\/Abel-Ferreira-tecnico-do-Palmeiras.webp\",\"datePublished\":\"2025-04-18T23:20:00+00:00\",\"author\":{\"@id\":\"https:\/\/www.gaveanews.com\/#\/schema\/person\/0277a79a1289c451c281ec0411d84f0c\"},\"breadcrumb\":{\"@id\":\"https:\/\/www.gaveanews.com\/index.php\/2025\/04\/18\/a-declaracao-de-abel-ferreira-sobre-o-internacional-de-roger-machado\/#breadcrumb\"},\"inLanguage\":\"pt-BR\",\"potentialAction\":[{\"@type\":\"ReadAction\",\"target\":[\"https:\/\/www.gaveanews.com\/index.php\/2025\/04\/18\/a-declaracao-de-abel-ferreira-sobre-o-internacional-de-roger-machado\/\"]}]},{\"@type\":\"ImageObject\",\"inLanguage\":\"pt-BR\",\"@id\":\"https:\/\/www.gaveanews.com\/index.php\/2025\/04\/18\/a-declaracao-de-abel-ferreira-sobre-o-internacional-de-roger-machado\/#primaryimage\",\"url\":\"https:\/\/www.gaveanews.com\/wp-content\/uploads\/Abel-Ferreira-tecnico-do-Palmeiras.webp\",\"contentUrl\":\"https:\/\/www.gaveanews.com\/wp-content\/uploads\/Abel-Ferreira-tecnico-do-Palmeiras.webp\",\"width\":870,\"height\":458,\"caption\":\"Abel Ferreira - Foto: C\u00e9sar Greco \/ Palmeiras\"},{\"@type\":\"BreadcrumbList\",\"@id\":\"https:\/\/www.gaveanews.com\/index.php\/2025\/04\/18\/a-declaracao-de-abel-ferreira-sobre-o-internacional-de-roger-machado\/#breadcrumb\",\"itemListElement\":[{\"@type\":\"ListItem\",\"position\":1,\"name\":\"Home\",\"item\":\"https:\/\/www.gaveanews.com\/\"},{\"@type\":\"ListItem\",\"position\":2,\"name\":\"A declara\u00e7\u00e3o de Abel Ferreira sobre o Internacional, de Roger Machado\"}]},{\"@type\":\"WebSite\",\"@id\":\"https:\/\/www.gaveanews.com\/#website\",\"url\":\"https:\/\/www.gaveanews.com\/\",\"name\":\"G\u00e1vea News\",\"description\":\"Veja todas as not\u00edcias sobre o Flamengo: Contrata\u00e7\u00f5es, categorias de base, resultados das partidas, tabela de classifica\u00e7\u00e3o, pr\u00f3ximos jogos!\",\"potentialAction\":[{\"@type\":\"SearchAction\",\"target\":{\"@type\":\"EntryPoint\",\"urlTemplate\":\"https:\/\/www.gaveanews.com\/?s={search_term_string}\"},\"query-input\":{\"@type\":\"PropertyValueSpecification\",\"valueRequired\":true,\"valueName\":\"search_term_string\"}}],\"inLanguage\":\"pt-BR\"},{\"@type\":\"Person\",\"@id\":\"https:\/\/www.gaveanews.com\/#\/schema\/person\/0277a79a1289c451c281ec0411d84f0c\",\"name\":\"Andr\u00e9 Serra\",\"image\":{\"@type\":\"ImageObject\",\"inLanguage\":\"pt-BR\",\"@id\":\"https:\/\/www.gaveanews.com\/#\/schema\/person\/image\/\",\"url\":\"https:\/\/secure.gravatar.com\/avatar\/d7231369fe48db93292b3e88eb2162dbd9a34a47a8437d9ef3bcaca2a86a83d7?s=96&d=mm&r=g\",\"contentUrl\":\"https:\/\/secure.gravatar.com\/avatar\/d7231369fe48db93292b3e88eb2162dbd9a34a47a8437d9ef3bcaca2a86a83d7?s=96&d=mm&r=g\",\"caption\":\"Andr\u00e9 Serra\"}}]}<\/script>\n<!-- \/ Yoast SEO Premium plugin. -->","yoast_head_json":{"title":"A declara\u00e7\u00e3o de Abel Ferreira sobre o Internacional, de Roger Machado","robots":{"index":"index","follow":"follow","max-snippet":"max-snippet:-1","max-image-preview":"max-image-preview:large","max-video-preview":"max-video-preview:-1"},"canonical":"https:\/\/www.gaveanews.com\/index.php\/2025\/04\/18\/a-declaracao-de-abel-ferreira-sobre-o-internacional-de-roger-machado\/","og_locale":"pt_BR","og_type":"article","og_title":"A declara\u00e7\u00e3o de Abel Ferreira sobre o Internacional, de Roger Machado","og_description":"Treinador palmeirense elogiou equipe comanda por Roger Machado O Internacional foi derrotado pelo Palmeiras por 1 a 0, com gol de Facundo Torres, em jogo disputado no Beira-Rio, na noite da \u00faltima quarta-feira (16). Em entrevista coletiva ap\u00f3s o jogo, o t\u00e9cnico Abel Ferreira rasgou elogios ao Internacional, de Roger Machado. &#8220;Uma equipe muito organizada, [&hellip;]","og_url":"https:\/\/www.gaveanews.com\/index.php\/2025\/04\/18\/a-declaracao-de-abel-ferreira-sobre-o-internacional-de-roger-machado\/","og_site_name":"G\u00e1vea News","article_publisher":"https:\/\/facebook.com\/gaveaNews\/","article_published_time":"2025-04-18T23:20:00+00:00","og_image":[{"width":870,"height":458,"url":"https:\/\/www.gaveanews.com\/wp-content\/uploads\/Abel-Ferreira-tecnico-do-Palmeiras.webp","type":"image\/webp"}],"author":"Andr\u00e9 Serra","twitter_card":"summary_large_image","twitter_misc":{"Escrito por":"Andr\u00e9 Serra","Est. tempo de leitura":"3 minutos"},"schema":{"@context":"https:\/\/schema.org","@graph":[{"@type":"NewsArticle","@id":"https:\/\/www.gaveanews.com\/index.php\/2025\/04\/18\/a-declaracao-de-abel-ferreira-sobre-o-internacional-de-roger-machado\/#article","isPartOf":{"@id":"https:\/\/www.gaveanews.com\/index.php\/2025\/04\/18\/a-declaracao-de-abel-ferreira-sobre-o-internacional-de-roger-machado\/"},"author":{"name":"Andr\u00e9 Serra","@id":"https:\/\/www.gaveanews.com\/#\/schema\/person\/0277a79a1289c451c281ec0411d84f0c"},"headline":"A declara\u00e7\u00e3o de Abel Ferreira sobre o Internacional, de Roger Machado","datePublished":"2025-04-18T23:20:00+00:00","mainEntityOfPage":{"@id":"https:\/\/www.gaveanews.com\/index.php\/2025\/04\/18\/a-declaracao-de-abel-ferreira-sobre-o-internacional-de-roger-machado\/"},"wordCount":360,"commentCount":0,"image":{"@id":"https:\/\/www.gaveanews.com\/index.php\/2025\/04\/18\/a-declaracao-de-abel-ferreira-sobre-o-internacional-de-roger-machado\/#primaryimage"},"thumbnailUrl":"https:\/\/www.gaveanews.com\/wp-content\/uploads\/Abel-Ferreira-tecnico-do-Palmeiras.webp","articleSection":["Internacional","Palmeiras"],"inLanguage":"pt-BR","potentialAction":[{"@type":"CommentAction","name":"Comment","target":["https:\/\/www.gaveanews.com\/index.php\/2025\/04\/18\/a-declaracao-de-abel-ferreira-sobre-o-internacional-de-roger-machado\/#respond"]}],"copyrightYear":"2025","copyrightHolder":{"@id":"https:\/\/www.gaveanews.com\/#organization"}},{"@type":"WebPage","@id":"https:\/\/www.gaveanews.com\/index.php\/2025\/04\/18\/a-declaracao-de-abel-ferreira-sobre-o-internacional-de-roger-machado\/","url":"https:\/\/www.gaveanews.com\/index.php\/2025\/04\/18\/a-declaracao-de-abel-ferreira-sobre-o-internacional-de-roger-machado\/","name":"A declara\u00e7\u00e3o de Abel Ferreira sobre o Internacional, de Roger Machado","isPartOf":{"@id":"https:\/\/www.gaveanews.com\/#website"},"primaryImageOfPage":{"@id":"https:\/\/www.gaveanews.com\/index.php\/2025\/04\/18\/a-declaracao-de-abel-ferreira-sobre-o-internacional-de-roger-machado\/#primaryimage"},"image":{"@id":"https:\/\/www.gaveanews.com\/index.php\/2025\/04\/18\/a-declaracao-de-abel-ferreira-sobre-o-internacional-de-roger-machado\/#primaryimage"},"thumbnailUrl":"https:\/\/www.gaveanews.com\/wp-content\/uploads\/Abel-Ferreira-tecnico-do-Palmeiras.webp","datePublished":"2025-04-18T23:20:00+00:00","author":{"@id":"https:\/\/www.gaveanews.com\/#\/schema\/person\/0277a79a1289c451c281ec0411d84f0c"},"breadcrumb":{"@id":"https:\/\/www.gaveanews.com\/index.php\/2025\/04\/18\/a-declaracao-de-abel-ferreira-sobre-o-internacional-de-roger-machado\/#breadcrumb"},"inLanguage":"pt-BR","potentialAction":[{"@type":"ReadAction","target":["https:\/\/www.gaveanews.com\/index.php\/2025\/04\/18\/a-declaracao-de-abel-ferreira-sobre-o-internacional-de-roger-machado\/"]}]},{"@type":"ImageObject","inLanguage":"pt-BR","@id":"https:\/\/www.gaveanews.com\/index.php\/2025\/04\/18\/a-declaracao-de-abel-ferreira-sobre-o-internacional-de-roger-machado\/#primaryimage","url":"https:\/\/www.gaveanews.com\/wp-content\/uploads\/Abel-Ferreira-tecnico-do-Palmeiras.webp","contentUrl":"https:\/\/www.gaveanews.com\/wp-content\/uploads\/Abel-Ferreira-tecnico-do-Palmeiras.webp","width":870,"height":458,"caption":"Abel Ferreira - Foto: C\u00e9sar Greco \/ Palmeiras"},{"@type":"BreadcrumbList","@id":"https:\/\/www.gaveanews.com\/index.php\/2025\/04\/18\/a-declaracao-de-abel-ferreira-sobre-o-internacional-de-roger-machado\/#breadcrumb","itemListElement":[{"@type":"ListItem","position":1,"name":"Home","item":"https:\/\/www.gaveanews.com\/"},{"@type":"ListItem","position":2,"name":"A declara\u00e7\u00e3o de Abel Ferreira sobre o Internacional, de Roger Machado"}]},{"@type":"WebSite","@id":"https:\/\/www.gaveanews.com\/#website","url":"https:\/\/www.gaveanews.com\/","name":"G\u00e1vea News","description":"Veja todas as not\u00edcias sobre o Flamengo: Contrata\u00e7\u00f5es, categorias de base, resultados das partidas, tabela de classifica\u00e7\u00e3o, pr\u00f3ximos jogos!","potentialAction":[{"@type":"SearchAction","target":{"@type":"EntryPoint","urlTemplate":"https:\/\/www.gaveanews.com\/?s={search_term_string}"},"query-input":{"@type":"PropertyValueSpecification","valueRequired":true,"valueName":"search_term_string"}}],"inLanguage":"pt-BR"},{"@type":"Person","@id":"https:\/\/www.gaveanews.com\/#\/schema\/person\/0277a79a1289c451c281ec0411d84f0c","name":"Andr\u00e9 Serra","image":{"@type":"ImageObject","inLanguage":"pt-BR","@id":"https:\/\/www.gaveanews.com\/#\/schema\/person\/image\/","url":"https:\/\/secure.gravatar.com\/avatar\/d7231369fe48db93292b3e88eb2162dbd9a34a47a8437d9ef3bcaca2a86a83d7?s=96&d=mm&r=g","contentUrl":"https:\/\/secure.gravatar.com\/avatar\/d7231369fe48db93292b3e88eb2162dbd9a34a47a8437d9ef3bcaca2a86a83d7?s=96&d=mm&r=g","caption":"Andr\u00e9 Serra"}}]}},"_links":{"self":[{"href":"https:\/\/www.gaveanews.com\/index.php\/wp-json\/wp\/v2\/posts\/255056","targetHints":{"allow":["GET"]}}],"collection":[{"href":"https:\/\/www.gaveanews.com\/index.php\/wp-json\/wp\/v2\/posts"}],"about":[{"href":"https:\/\/www.gaveanews.com\/index.php\/wp-json\/wp\/v2\/types\/post"}],"author":[{"embeddable":true,"href":"https:\/\/www.gaveanews.com\/index.php\/wp-json\/wp\/v2\/users\/21"}],"replies":[{"embeddable":true,"href":"https:\/\/www.gaveanews.com\/index.php\/wp-json\/wp\/v2\/comments?post=255056"}],"version-history":[{"count":1,"href":"https:\/\/www.gaveanews.com\/index.php\/wp-json\/wp\/v2\/posts\/255056\/revisions"}],"predecessor-version":[{"id":255069,"href":"https:\/\/www.gaveanews.com\/index.php\/wp-json\/wp\/v2\/posts\/255056\/revisions\/255069"}],"wp:featuredmedia":[{"embeddable":true,"href":"https:\/\/www.gaveanews.com\/index.php\/wp-json\/wp\/v2\/media\/141983"}],"wp:attachment":[{"href":"https:\/\/www.gaveanews.com\/index.php\/wp-json\/wp\/v2\/media?parent=255056"}],"wp:term":[{"taxonomy":"category","embeddable":true,"href":"https:\/\/www.gaveanews.com\/index.php\/wp-json\/wp\/v2\/categories?post=255056"},{"taxonomy":"post_tag","embeddable":true,"href":"https:\/\/www.gaveanews.com\/index.php\/wp-json\/wp\/v2\/tags?post=255056"}],"curies":[{"name":"wp","href":"https:\/\/api.w.org\/{rel}","templated":true}]}}