{"id":255060,"date":"2025-04-17T22:15:00","date_gmt":"2025-04-18T01:15:00","guid":{"rendered":"https:\/\/www.gaveanews.com\/?p=255060"},"modified":"2025-04-17T19:10:55","modified_gmt":"2025-04-17T22:10:55","slug":"mano-menezes-no-gremio-saiba-tudo-sobre-o-caso","status":"publish","type":"post","link":"https:\/\/www.gaveanews.com\/index.php\/2025\/04\/17\/mano-menezes-no-gremio-saiba-tudo-sobre-o-caso\/","title":{"rendered":"Mano Menezes no Gr\u00eamio? Saiba tudo sobre o caso"},"content":{"rendered":"\n<p>O Gr\u00eamio iniciou movimenta\u00e7\u00f5es nesta quinta-feira (17) para contratar um novo t\u00e9cnico ap\u00f3s a sa\u00edda de Gustavo Quinteros, demitido em fun\u00e7\u00e3o da goleada sofrida diante do Mirassol. A diretoria do clube ga\u00facho j\u00e1 estabeleceu contato com Mano Menezes, que passa a ser o principal nome avaliado para assumir o comando t\u00e9cnico da equipe.<\/p>\n\n\n\n<p>A diretoria iniciou os contatos com Mano ainda pela manh\u00e3, mas mant\u00e9m conversas com outras op\u00e7\u00f5es. Entre os nomes cogitados, Dorival J\u00fanior tamb\u00e9m era bem visto internamente. Contudo, o treinador mant\u00e9m tratativas avan\u00e7adas com o Corinthians, o que reduziu a possibilidade de acerto com o clube ga\u00facho neste momento.<\/p>\n\n\n\n<p>Embora Mano seja o favorito no momento, ainda n\u00e3o h\u00e1 previs\u00e3o de um desfecho imediato para a negocia\u00e7\u00e3o. A tend\u00eancia \u00e9 que as conversas avancem ao longo da sexta-feira (18), principalmente porque o clube n\u00e3o espera oficializar a contrata\u00e7\u00e3o ainda nesta quinta-feira (17).<\/p>\n\n\n\n<p>Enquanto isso, James Freitas foi designado como t\u00e9cnico interino e comandar\u00e1 o time no cl\u00e1ssico contra o Internacional, que ser\u00e1 disputado no s\u00e1bado (19), \u00e0s 21h (hor\u00e1rio de Bras\u00edlia), na Arena. Caso o Gr\u00eamio deseje ter um novo comandante no Gre-Nal, seria necess\u00e1rio registrar o contrato at\u00e9 o fim da tarde desta quinta, visto que a sexta-feira ser\u00e1 feriado.<\/p>\n\n\n\n<p>A demiss\u00e3o de Quinteros ocorre em um cen\u00e1rio de press\u00e3o crescente, acentuada pelo desempenho recente e pela derrota expressiva para o Mirassol. O elenco treinou normalmente na tarde desta quinta no CT Luiz Carvalho, mesmo com o ambiente interno ainda abalado pelas mudan\u00e7as.<\/p>\n\n\n\n<p>Ali\u00e1s, o hist\u00f3rico recente do Gr\u00eamio indica certa instabilidade no cargo de treinador. Desde a sa\u00edda de Renato Ga\u00facho, os t\u00e9cnicos que o sucederam permaneceram, em m\u00e9dia, pouco mais de tr\u00eas meses no comando. Isso evidencia um desafio cont\u00ednuo na busca por continuidade e estabilidade no departamento t\u00e9cnico.<\/p>\n","protected":false},"excerpt":{"rendered":"<p>O Gr\u00eamio iniciou movimenta\u00e7\u00f5es nesta quinta-feira (17) para contratar um novo t\u00e9cnico ap\u00f3s a sa\u00edda de Gustavo Quinteros, demitido em fun\u00e7\u00e3o da goleada sofrida diante do Mirassol. A diretoria do clube ga\u00facho j\u00e1 estabeleceu contato com Mano Menezes, que passa a ser o principal nome avaliado para assumir o comando t\u00e9cnico da equipe. A diretoria [&hellip;]<\/p>\n","protected":false},"author":18,"featured_media":154433,"comment_status":"open","ping_status":"closed","sticky":false,"template":"","format":"standard","meta":{"footnotes":""},"categories":[147],"tags":[],"class_list":["post-255060","post","type-post","status-publish","format-standard","has-post-thumbnail","hentry","category-gremio"],"yoast_head":"<!-- This site is optimized with the Yoast SEO Premium plugin v24.2 (Yoast SEO v26.9) - https:\/\/yoast.com\/product\/yoast-seo-premium-wordpress\/ -->\n<title>Mano Menezes no Gr\u00eamio? Saiba tudo sobre o caso<\/title>\n<meta name=\"robots\" content=\"index, follow, max-snippet:-1, max-image-preview:large, max-video-preview:-1\" \/>\n<link rel=\"canonical\" href=\"https:\/\/www.gaveanews.com\/index.php\/2025\/04\/17\/mano-menezes-no-gremio-saiba-tudo-sobre-o-caso\/\" \/>\n<meta property=\"og:locale\" content=\"pt_BR\" \/>\n<meta property=\"og:type\" content=\"article\" \/>\n<meta property=\"og:title\" content=\"Mano Menezes no Gr\u00eamio? Saiba tudo sobre o caso\" \/>\n<meta property=\"og:description\" content=\"O Gr\u00eamio iniciou movimenta\u00e7\u00f5es nesta quinta-feira (17) para contratar um novo t\u00e9cnico ap\u00f3s a sa\u00edda de Gustavo Quinteros, demitido em fun\u00e7\u00e3o da goleada sofrida diante do Mirassol. A diretoria do clube ga\u00facho j\u00e1 estabeleceu contato com Mano Menezes, que passa a ser o principal nome avaliado para assumir o comando t\u00e9cnico da equipe. A diretoria [&hellip;]\" \/>\n<meta property=\"og:url\" content=\"https:\/\/www.gaveanews.com\/index.php\/2025\/04\/17\/mano-menezes-no-gremio-saiba-tudo-sobre-o-caso\/\" \/>\n<meta property=\"og:site_name\" content=\"G\u00e1vea News\" \/>\n<meta property=\"article:publisher\" content=\"https:\/\/facebook.com\/gaveaNews\/\" \/>\n<meta property=\"article:published_time\" content=\"2025-04-18T01:15:00+00:00\" \/>\n<meta property=\"og:image\" content=\"https:\/\/www.gaveanews.com\/wp-content\/uploads\/Mano-Menezes-durante-Fluminense-x-Palmeiras-em-2024.webp\" \/>\n\t<meta property=\"og:image:width\" content=\"799\" \/>\n\t<meta property=\"og:image:height\" content=\"533\" \/>\n\t<meta property=\"og:image:type\" content=\"image\/jpeg\" \/>\n<meta name=\"author\" content=\"Paula Silva\" \/>\n<meta name=\"twitter:card\" content=\"summary_large_image\" \/>\n<meta name=\"twitter:label1\" content=\"Escrito por\" \/>\n\t<meta name=\"twitter:data1\" content=\"Paula Silva\" \/>\n\t<meta name=\"twitter:label2\" content=\"Est. tempo de leitura\" \/>\n\t<meta name=\"twitter:data2\" content=\"2 minutos\" \/>\n<script type=\"application\/ld+json\" class=\"yoast-schema-graph\">{\"@context\":\"https:\/\/schema.org\",\"@graph\":[{\"@type\":\"NewsArticle\",\"@id\":\"https:\/\/www.gaveanews.com\/index.php\/2025\/04\/17\/mano-menezes-no-gremio-saiba-tudo-sobre-o-caso\/#article\",\"isPartOf\":{\"@id\":\"https:\/\/www.gaveanews.com\/index.php\/2025\/04\/17\/mano-menezes-no-gremio-saiba-tudo-sobre-o-caso\/\"},\"author\":{\"name\":\"Paula Silva\",\"@id\":\"https:\/\/www.gaveanews.com\/#\/schema\/person\/daf63eec72e1164eb13dc35096c2b8da\"},\"headline\":\"Mano Menezes no Gr\u00eamio? Saiba tudo sobre o caso\",\"datePublished\":\"2025-04-18T01:15:00+00:00\",\"mainEntityOfPage\":{\"@id\":\"https:\/\/www.gaveanews.com\/index.php\/2025\/04\/17\/mano-menezes-no-gremio-saiba-tudo-sobre-o-caso\/\"},\"wordCount\":342,\"commentCount\":0,\"image\":{\"@id\":\"https:\/\/www.gaveanews.com\/index.php\/2025\/04\/17\/mano-menezes-no-gremio-saiba-tudo-sobre-o-caso\/#primaryimage\"},\"thumbnailUrl\":\"https:\/\/www.gaveanews.com\/wp-content\/uploads\/Mano-Menezes-durante-Fluminense-x-Palmeiras-em-2024.webp\",\"articleSection\":[\"Gr\u00eamio\"],\"inLanguage\":\"pt-BR\",\"potentialAction\":[{\"@type\":\"CommentAction\",\"name\":\"Comment\",\"target\":[\"https:\/\/www.gaveanews.com\/index.php\/2025\/04\/17\/mano-menezes-no-gremio-saiba-tudo-sobre-o-caso\/#respond\"]}],\"copyrightYear\":\"2025\",\"copyrightHolder\":{\"@id\":\"https:\/\/www.gaveanews.com\/#organization\"}},{\"@type\":\"WebPage\",\"@id\":\"https:\/\/www.gaveanews.com\/index.php\/2025\/04\/17\/mano-menezes-no-gremio-saiba-tudo-sobre-o-caso\/\",\"url\":\"https:\/\/www.gaveanews.com\/index.php\/2025\/04\/17\/mano-menezes-no-gremio-saiba-tudo-sobre-o-caso\/\",\"name\":\"Mano Menezes no Gr\u00eamio? Saiba tudo sobre o caso\",\"isPartOf\":{\"@id\":\"https:\/\/www.gaveanews.com\/#website\"},\"primaryImageOfPage\":{\"@id\":\"https:\/\/www.gaveanews.com\/index.php\/2025\/04\/17\/mano-menezes-no-gremio-saiba-tudo-sobre-o-caso\/#primaryimage\"},\"image\":{\"@id\":\"https:\/\/www.gaveanews.com\/index.php\/2025\/04\/17\/mano-menezes-no-gremio-saiba-tudo-sobre-o-caso\/#primaryimage\"},\"thumbnailUrl\":\"https:\/\/www.gaveanews.com\/wp-content\/uploads\/Mano-Menezes-durante-Fluminense-x-Palmeiras-em-2024.webp\",\"datePublished\":\"2025-04-18T01:15:00+00:00\",\"author\":{\"@id\":\"https:\/\/www.gaveanews.com\/#\/schema\/person\/daf63eec72e1164eb13dc35096c2b8da\"},\"breadcrumb\":{\"@id\":\"https:\/\/www.gaveanews.com\/index.php\/2025\/04\/17\/mano-menezes-no-gremio-saiba-tudo-sobre-o-caso\/#breadcrumb\"},\"inLanguage\":\"pt-BR\",\"potentialAction\":[{\"@type\":\"ReadAction\",\"target\":[\"https:\/\/www.gaveanews.com\/index.php\/2025\/04\/17\/mano-menezes-no-gremio-saiba-tudo-sobre-o-caso\/\"]}]},{\"@type\":\"ImageObject\",\"inLanguage\":\"pt-BR\",\"@id\":\"https:\/\/www.gaveanews.com\/index.php\/2025\/04\/17\/mano-menezes-no-gremio-saiba-tudo-sobre-o-caso\/#primaryimage\",\"url\":\"https:\/\/www.gaveanews.com\/wp-content\/uploads\/Mano-Menezes-durante-Fluminense-x-Palmeiras-em-2024.webp\",\"contentUrl\":\"https:\/\/www.gaveanews.com\/wp-content\/uploads\/Mano-Menezes-durante-Fluminense-x-Palmeiras-em-2024.webp\",\"width\":799,\"height\":533,\"caption\":\"Mano Menezes durante Fluminense x Palmeiras em 2024 (Foto: Lucas Mer\u00e7on \/ Fluminense F.C)\"},{\"@type\":\"BreadcrumbList\",\"@id\":\"https:\/\/www.gaveanews.com\/index.php\/2025\/04\/17\/mano-menezes-no-gremio-saiba-tudo-sobre-o-caso\/#breadcrumb\",\"itemListElement\":[{\"@type\":\"ListItem\",\"position\":1,\"name\":\"Home\",\"item\":\"https:\/\/www.gaveanews.com\/\"},{\"@type\":\"ListItem\",\"position\":2,\"name\":\"Mano Menezes no Gr\u00eamio? Saiba tudo sobre o caso\"}]},{\"@type\":\"WebSite\",\"@id\":\"https:\/\/www.gaveanews.com\/#website\",\"url\":\"https:\/\/www.gaveanews.com\/\",\"name\":\"G\u00e1vea News\",\"description\":\"Veja todas as not\u00edcias sobre o Flamengo: Contrata\u00e7\u00f5es, categorias de base, resultados das partidas, tabela de classifica\u00e7\u00e3o, pr\u00f3ximos jogos!\",\"potentialAction\":[{\"@type\":\"SearchAction\",\"target\":{\"@type\":\"EntryPoint\",\"urlTemplate\":\"https:\/\/www.gaveanews.com\/?s={search_term_string}\"},\"query-input\":{\"@type\":\"PropertyValueSpecification\",\"valueRequired\":true,\"valueName\":\"search_term_string\"}}],\"inLanguage\":\"pt-BR\"},{\"@type\":\"Person\",\"@id\":\"https:\/\/www.gaveanews.com\/#\/schema\/person\/daf63eec72e1164eb13dc35096c2b8da\",\"name\":\"Paula Silva\",\"image\":{\"@type\":\"ImageObject\",\"inLanguage\":\"pt-BR\",\"@id\":\"https:\/\/www.gaveanews.com\/#\/schema\/person\/image\/\",\"url\":\"https:\/\/secure.gravatar.com\/avatar\/eda381c845527cc5d64c13b901833cda29d97500ba040d3e6461f76f51d163bb?s=96&d=mm&r=g\",\"contentUrl\":\"https:\/\/secure.gravatar.com\/avatar\/eda381c845527cc5d64c13b901833cda29d97500ba040d3e6461f76f51d163bb?s=96&d=mm&r=g\",\"caption\":\"Paula Silva\"}}]}<\/script>\n<!-- \/ Yoast SEO Premium plugin. -->","yoast_head_json":{"title":"Mano Menezes no Gr\u00eamio? Saiba tudo sobre o caso","robots":{"index":"index","follow":"follow","max-snippet":"max-snippet:-1","max-image-preview":"max-image-preview:large","max-video-preview":"max-video-preview:-1"},"canonical":"https:\/\/www.gaveanews.com\/index.php\/2025\/04\/17\/mano-menezes-no-gremio-saiba-tudo-sobre-o-caso\/","og_locale":"pt_BR","og_type":"article","og_title":"Mano Menezes no Gr\u00eamio? Saiba tudo sobre o caso","og_description":"O Gr\u00eamio iniciou movimenta\u00e7\u00f5es nesta quinta-feira (17) para contratar um novo t\u00e9cnico ap\u00f3s a sa\u00edda de Gustavo Quinteros, demitido em fun\u00e7\u00e3o da goleada sofrida diante do Mirassol. A diretoria do clube ga\u00facho j\u00e1 estabeleceu contato com Mano Menezes, que passa a ser o principal nome avaliado para assumir o comando t\u00e9cnico da equipe. A diretoria [&hellip;]","og_url":"https:\/\/www.gaveanews.com\/index.php\/2025\/04\/17\/mano-menezes-no-gremio-saiba-tudo-sobre-o-caso\/","og_site_name":"G\u00e1vea News","article_publisher":"https:\/\/facebook.com\/gaveaNews\/","article_published_time":"2025-04-18T01:15:00+00:00","og_image":[{"width":799,"height":533,"url":"https:\/\/www.gaveanews.com\/wp-content\/uploads\/Mano-Menezes-durante-Fluminense-x-Palmeiras-em-2024.webp","type":"image\/jpeg"}],"author":"Paula Silva","twitter_card":"summary_large_image","twitter_misc":{"Escrito por":"Paula Silva","Est. tempo de leitura":"2 minutos"},"schema":{"@context":"https:\/\/schema.org","@graph":[{"@type":"NewsArticle","@id":"https:\/\/www.gaveanews.com\/index.php\/2025\/04\/17\/mano-menezes-no-gremio-saiba-tudo-sobre-o-caso\/#article","isPartOf":{"@id":"https:\/\/www.gaveanews.com\/index.php\/2025\/04\/17\/mano-menezes-no-gremio-saiba-tudo-sobre-o-caso\/"},"author":{"name":"Paula Silva","@id":"https:\/\/www.gaveanews.com\/#\/schema\/person\/daf63eec72e1164eb13dc35096c2b8da"},"headline":"Mano Menezes no Gr\u00eamio? Saiba tudo sobre o caso","datePublished":"2025-04-18T01:15:00+00:00","mainEntityOfPage":{"@id":"https:\/\/www.gaveanews.com\/index.php\/2025\/04\/17\/mano-menezes-no-gremio-saiba-tudo-sobre-o-caso\/"},"wordCount":342,"commentCount":0,"image":{"@id":"https:\/\/www.gaveanews.com\/index.php\/2025\/04\/17\/mano-menezes-no-gremio-saiba-tudo-sobre-o-caso\/#primaryimage"},"thumbnailUrl":"https:\/\/www.gaveanews.com\/wp-content\/uploads\/Mano-Menezes-durante-Fluminense-x-Palmeiras-em-2024.webp","articleSection":["Gr\u00eamio"],"inLanguage":"pt-BR","potentialAction":[{"@type":"CommentAction","name":"Comment","target":["https:\/\/www.gaveanews.com\/index.php\/2025\/04\/17\/mano-menezes-no-gremio-saiba-tudo-sobre-o-caso\/#respond"]}],"copyrightYear":"2025","copyrightHolder":{"@id":"https:\/\/www.gaveanews.com\/#organization"}},{"@type":"WebPage","@id":"https:\/\/www.gaveanews.com\/index.php\/2025\/04\/17\/mano-menezes-no-gremio-saiba-tudo-sobre-o-caso\/","url":"https:\/\/www.gaveanews.com\/index.php\/2025\/04\/17\/mano-menezes-no-gremio-saiba-tudo-sobre-o-caso\/","name":"Mano Menezes no Gr\u00eamio? Saiba tudo sobre o caso","isPartOf":{"@id":"https:\/\/www.gaveanews.com\/#website"},"primaryImageOfPage":{"@id":"https:\/\/www.gaveanews.com\/index.php\/2025\/04\/17\/mano-menezes-no-gremio-saiba-tudo-sobre-o-caso\/#primaryimage"},"image":{"@id":"https:\/\/www.gaveanews.com\/index.php\/2025\/04\/17\/mano-menezes-no-gremio-saiba-tudo-sobre-o-caso\/#primaryimage"},"thumbnailUrl":"https:\/\/www.gaveanews.com\/wp-content\/uploads\/Mano-Menezes-durante-Fluminense-x-Palmeiras-em-2024.webp","datePublished":"2025-04-18T01:15:00+00:00","author":{"@id":"https:\/\/www.gaveanews.com\/#\/schema\/person\/daf63eec72e1164eb13dc35096c2b8da"},"breadcrumb":{"@id":"https:\/\/www.gaveanews.com\/index.php\/2025\/04\/17\/mano-menezes-no-gremio-saiba-tudo-sobre-o-caso\/#breadcrumb"},"inLanguage":"pt-BR","potentialAction":[{"@type":"ReadAction","target":["https:\/\/www.gaveanews.com\/index.php\/2025\/04\/17\/mano-menezes-no-gremio-saiba-tudo-sobre-o-caso\/"]}]},{"@type":"ImageObject","inLanguage":"pt-BR","@id":"https:\/\/www.gaveanews.com\/index.php\/2025\/04\/17\/mano-menezes-no-gremio-saiba-tudo-sobre-o-caso\/#primaryimage","url":"https:\/\/www.gaveanews.com\/wp-content\/uploads\/Mano-Menezes-durante-Fluminense-x-Palmeiras-em-2024.webp","contentUrl":"https:\/\/www.gaveanews.com\/wp-content\/uploads\/Mano-Menezes-durante-Fluminense-x-Palmeiras-em-2024.webp","width":799,"height":533,"caption":"Mano Menezes durante Fluminense x Palmeiras em 2024 (Foto: Lucas Mer\u00e7on \/ Fluminense F.C)"},{"@type":"BreadcrumbList","@id":"https:\/\/www.gaveanews.com\/index.php\/2025\/04\/17\/mano-menezes-no-gremio-saiba-tudo-sobre-o-caso\/#breadcrumb","itemListElement":[{"@type":"ListItem","position":1,"name":"Home","item":"https:\/\/www.gaveanews.com\/"},{"@type":"ListItem","position":2,"name":"Mano Menezes no Gr\u00eamio? Saiba tudo sobre o caso"}]},{"@type":"WebSite","@id":"https:\/\/www.gaveanews.com\/#website","url":"https:\/\/www.gaveanews.com\/","name":"G\u00e1vea News","description":"Veja todas as not\u00edcias sobre o Flamengo: Contrata\u00e7\u00f5es, categorias de base, resultados das partidas, tabela de classifica\u00e7\u00e3o, pr\u00f3ximos jogos!","potentialAction":[{"@type":"SearchAction","target":{"@type":"EntryPoint","urlTemplate":"https:\/\/www.gaveanews.com\/?s={search_term_string}"},"query-input":{"@type":"PropertyValueSpecification","valueRequired":true,"valueName":"search_term_string"}}],"inLanguage":"pt-BR"},{"@type":"Person","@id":"https:\/\/www.gaveanews.com\/#\/schema\/person\/daf63eec72e1164eb13dc35096c2b8da","name":"Paula Silva","image":{"@type":"ImageObject","inLanguage":"pt-BR","@id":"https:\/\/www.gaveanews.com\/#\/schema\/person\/image\/","url":"https:\/\/secure.gravatar.com\/avatar\/eda381c845527cc5d64c13b901833cda29d97500ba040d3e6461f76f51d163bb?s=96&d=mm&r=g","contentUrl":"https:\/\/secure.gravatar.com\/avatar\/eda381c845527cc5d64c13b901833cda29d97500ba040d3e6461f76f51d163bb?s=96&d=mm&r=g","caption":"Paula Silva"}}]}},"_links":{"self":[{"href":"https:\/\/www.gaveanews.com\/index.php\/wp-json\/wp\/v2\/posts\/255060","targetHints":{"allow":["GET"]}}],"collection":[{"href":"https:\/\/www.gaveanews.com\/index.php\/wp-json\/wp\/v2\/posts"}],"about":[{"href":"https:\/\/www.gaveanews.com\/index.php\/wp-json\/wp\/v2\/types\/post"}],"author":[{"embeddable":true,"href":"https:\/\/www.gaveanews.com\/index.php\/wp-json\/wp\/v2\/users\/18"}],"replies":[{"embeddable":true,"href":"https:\/\/www.gaveanews.com\/index.php\/wp-json\/wp\/v2\/comments?post=255060"}],"version-history":[{"count":1,"href":"https:\/\/www.gaveanews.com\/index.php\/wp-json\/wp\/v2\/posts\/255060\/revisions"}],"predecessor-version":[{"id":255070,"href":"https:\/\/www.gaveanews.com\/index.php\/wp-json\/wp\/v2\/posts\/255060\/revisions\/255070"}],"wp:featuredmedia":[{"embeddable":true,"href":"https:\/\/www.gaveanews.com\/index.php\/wp-json\/wp\/v2\/media\/154433"}],"wp:attachment":[{"href":"https:\/\/www.gaveanews.com\/index.php\/wp-json\/wp\/v2\/media?parent=255060"}],"wp:term":[{"taxonomy":"category","embeddable":true,"href":"https:\/\/www.gaveanews.com\/index.php\/wp-json\/wp\/v2\/categories?post=255060"},{"taxonomy":"post_tag","embeddable":true,"href":"https:\/\/www.gaveanews.com\/index.php\/wp-json\/wp\/v2\/tags?post=255060"}],"curies":[{"name":"wp","href":"https:\/\/api.w.org\/{rel}","templated":true}]}}