{"id":255139,"date":"2025-04-18T01:30:50","date_gmt":"2025-04-18T04:30:50","guid":{"rendered":"https:\/\/www.gaveanews.com\/?p=255139"},"modified":"2025-04-17T22:23:40","modified_gmt":"2025-04-18T01:23:40","slug":"flamengo-a-declaracao-de-petkovic-direcionada-a-arrascaeta","status":"publish","type":"post","link":"https:\/\/www.gaveanews.com\/index.php\/2025\/04\/18\/flamengo-a-declaracao-de-petkovic-direcionada-a-arrascaeta\/","title":{"rendered":"Flamengo: a declara\u00e7\u00e3o de Petkovic direcionada a Arrascaeta"},"content":{"rendered":"\n<p>O reencontro entre Petkovic e Andrade marcou o in\u00edcio das atividades do time master do Flamengo nesta semana. Ambos s\u00e3o nomes hist\u00f3ricos do clube e agora integram o projeto que visa profissionalizar o elenco formado por ex-jogadores. Durante a apresenta\u00e7\u00e3o, os dois mostraram otimismo em rela\u00e7\u00e3o ao atual momento da equipe principal e falaram sobre a retomada da categoria.<\/p>\n\n\n\n<p>Petkovic, campe\u00e3o brasileiro em 2009, destacou a import\u00e2ncia de Arrascaeta na hist\u00f3ria recente do clube. Atualmente, o uruguaio j\u00e1 acumula 77 gols em 303 partidas pelo Flamengo. \u201cQuando um aluno ultrapassa o professor \u00e9 sinal de que um bom legado foi deixado\u201d, afirmou o ex-meia, que tem 57 gols em 196 jogos com a camisa rubro-negra. Para ele, quebrar recordes \u00e9 parte natural da evolu\u00e7\u00e3o no futebol.<\/p>\n\n\n\n<p>Ainda sobre a realidade do futebol brasileiro, o s\u00e9rvio comentou o crescimento do n\u00famero de estrangeiros no pa\u00eds. Embora reconhe\u00e7a que esse movimento reflita o cen\u00e1rio atual do mercado, Petkovic demonstrou preocupa\u00e7\u00e3o com o espa\u00e7o dos jogadores formados no Brasil. \u201cSer\u00e1 que estamos lapidando bem as joias que surgem no pa\u00eds?\u201d, questionou, ressaltando que, em sua \u00e9poca, o n\u00famero de estrangeiros por equipe era limitado.<\/p>\n\n\n\n<p>Andrade, que estar\u00e1 \u00e0 frente do time master do Flamengo, foi parte fundamental do elenco campe\u00e3o mundial de 1981. Em sua fala, o ex-volante demonstrou esperan\u00e7a com o desempenho do time no Mundial de Clubes deste ano. \u201cEles t\u00eam que acreditar neles. Eles t\u00eam que estar preparados, com a mente boa\u201d, declarou, lembrando que o imposs\u00edvel pode ser superado com trabalho e foco.<\/p>\n\n\n\n<p>A nova forma\u00e7\u00e3o do time master re\u00fane outros nomes conhecidos da hist\u00f3ria do clube, como L\u00e9o Moura, Tor\u00f3, N\u00e9lio, Jean e Jorginho. A equipe se prepara para disputar o Campeonato Carioca da categoria, que tamb\u00e9m contar\u00e1 com Botafogo, Fluminense e Vasco.<\/p>\n\n\n\n<p>O projeto do time master busca manter viva a liga\u00e7\u00e3o entre o passado e o presente do Flamengo, valorizando \u00eddolos e refor\u00e7ando os la\u00e7os com os torcedores. Afinal, \u00e9 com mem\u00f3ria, hist\u00f3ria e continuidade que o clube segue fortalecendo sua identidade no cen\u00e1rio nacional.<\/p>\n","protected":false},"excerpt":{"rendered":"<p>O reencontro entre Petkovic e Andrade marcou o in\u00edcio das atividades do time master do Flamengo nesta semana. Ambos s\u00e3o nomes hist\u00f3ricos do clube e agora integram o projeto que visa profissionalizar o elenco formado por ex-jogadores. Durante a apresenta\u00e7\u00e3o, os dois mostraram otimismo em rela\u00e7\u00e3o ao atual momento da equipe principal e falaram sobre [&hellip;]<\/p>\n","protected":false},"author":18,"featured_media":16273,"comment_status":"open","ping_status":"closed","sticky":false,"template":"","format":"standard","meta":{"footnotes":""},"categories":[1],"tags":[],"class_list":["post-255139","post","type-post","status-publish","format-standard","has-post-thumbnail","hentry","category-flamengo"],"yoast_head":"<!-- This site is optimized with the Yoast SEO Premium plugin v24.2 (Yoast SEO v26.9) - https:\/\/yoast.com\/product\/yoast-seo-premium-wordpress\/ -->\n<title>Flamengo: a declara\u00e7\u00e3o de Petkovic direcionada a Arrascaeta<\/title>\n<meta name=\"robots\" content=\"index, follow, max-snippet:-1, max-image-preview:large, max-video-preview:-1\" \/>\n<link rel=\"canonical\" href=\"https:\/\/www.gaveanews.com\/index.php\/2025\/04\/18\/flamengo-a-declaracao-de-petkovic-direcionada-a-arrascaeta\/\" \/>\n<meta property=\"og:locale\" content=\"pt_BR\" \/>\n<meta property=\"og:type\" content=\"article\" \/>\n<meta property=\"og:title\" content=\"Flamengo: a declara\u00e7\u00e3o de Petkovic direcionada a Arrascaeta\" \/>\n<meta property=\"og:description\" content=\"O reencontro entre Petkovic e Andrade marcou o in\u00edcio das atividades do time master do Flamengo nesta semana. Ambos s\u00e3o nomes hist\u00f3ricos do clube e agora integram o projeto que visa profissionalizar o elenco formado por ex-jogadores. Durante a apresenta\u00e7\u00e3o, os dois mostraram otimismo em rela\u00e7\u00e3o ao atual momento da equipe principal e falaram sobre [&hellip;]\" \/>\n<meta property=\"og:url\" content=\"https:\/\/www.gaveanews.com\/index.php\/2025\/04\/18\/flamengo-a-declaracao-de-petkovic-direcionada-a-arrascaeta\/\" \/>\n<meta property=\"og:site_name\" content=\"G\u00e1vea News\" \/>\n<meta property=\"article:publisher\" content=\"https:\/\/facebook.com\/gaveaNews\/\" \/>\n<meta property=\"article:published_time\" content=\"2025-04-18T04:30:50+00:00\" \/>\n<meta property=\"og:image\" content=\"https:\/\/www.gaveanews.com\/wp-content\/uploads\/2019\/02\/Petckovic-durante-o-programa-Selecao-SporTV.webp\" \/>\n\t<meta property=\"og:image:width\" content=\"1\" \/>\n\t<meta property=\"og:image:height\" content=\"1\" \/>\n\t<meta property=\"og:image:type\" content=\"image\/jpeg\" \/>\n<meta name=\"author\" content=\"Paula Silva\" \/>\n<meta name=\"twitter:card\" content=\"summary_large_image\" \/>\n<meta name=\"twitter:label1\" content=\"Escrito por\" \/>\n\t<meta name=\"twitter:data1\" content=\"Paula Silva\" \/>\n\t<meta name=\"twitter:label2\" content=\"Est. tempo de leitura\" \/>\n\t<meta name=\"twitter:data2\" content=\"3 minutos\" \/>\n<script type=\"application\/ld+json\" class=\"yoast-schema-graph\">{\"@context\":\"https:\/\/schema.org\",\"@graph\":[{\"@type\":\"NewsArticle\",\"@id\":\"https:\/\/www.gaveanews.com\/index.php\/2025\/04\/18\/flamengo-a-declaracao-de-petkovic-direcionada-a-arrascaeta\/#article\",\"isPartOf\":{\"@id\":\"https:\/\/www.gaveanews.com\/index.php\/2025\/04\/18\/flamengo-a-declaracao-de-petkovic-direcionada-a-arrascaeta\/\"},\"author\":{\"name\":\"Paula Silva\",\"@id\":\"https:\/\/www.gaveanews.com\/#\/schema\/person\/daf63eec72e1164eb13dc35096c2b8da\"},\"headline\":\"Flamengo: a declara\u00e7\u00e3o de Petkovic direcionada a Arrascaeta\",\"datePublished\":\"2025-04-18T04:30:50+00:00\",\"mainEntityOfPage\":{\"@id\":\"https:\/\/www.gaveanews.com\/index.php\/2025\/04\/18\/flamengo-a-declaracao-de-petkovic-direcionada-a-arrascaeta\/\"},\"wordCount\":373,\"commentCount\":0,\"image\":{\"@id\":\"https:\/\/www.gaveanews.com\/index.php\/2025\/04\/18\/flamengo-a-declaracao-de-petkovic-direcionada-a-arrascaeta\/#primaryimage\"},\"thumbnailUrl\":\"https:\/\/www.gaveanews.com\/wp-content\/uploads\/2019\/02\/Petckovic-durante-o-programa-Selecao-SporTV.webp\",\"articleSection\":[\"Flamengo\"],\"inLanguage\":\"pt-BR\",\"potentialAction\":[{\"@type\":\"CommentAction\",\"name\":\"Comment\",\"target\":[\"https:\/\/www.gaveanews.com\/index.php\/2025\/04\/18\/flamengo-a-declaracao-de-petkovic-direcionada-a-arrascaeta\/#respond\"]}],\"copyrightYear\":\"2025\",\"copyrightHolder\":{\"@id\":\"https:\/\/www.gaveanews.com\/#organization\"}},{\"@type\":\"WebPage\",\"@id\":\"https:\/\/www.gaveanews.com\/index.php\/2025\/04\/18\/flamengo-a-declaracao-de-petkovic-direcionada-a-arrascaeta\/\",\"url\":\"https:\/\/www.gaveanews.com\/index.php\/2025\/04\/18\/flamengo-a-declaracao-de-petkovic-direcionada-a-arrascaeta\/\",\"name\":\"Flamengo: a declara\u00e7\u00e3o de Petkovic direcionada a Arrascaeta\",\"isPartOf\":{\"@id\":\"https:\/\/www.gaveanews.com\/#website\"},\"primaryImageOfPage\":{\"@id\":\"https:\/\/www.gaveanews.com\/index.php\/2025\/04\/18\/flamengo-a-declaracao-de-petkovic-direcionada-a-arrascaeta\/#primaryimage\"},\"image\":{\"@id\":\"https:\/\/www.gaveanews.com\/index.php\/2025\/04\/18\/flamengo-a-declaracao-de-petkovic-direcionada-a-arrascaeta\/#primaryimage\"},\"thumbnailUrl\":\"https:\/\/www.gaveanews.com\/wp-content\/uploads\/2019\/02\/Petckovic-durante-o-programa-Selecao-SporTV.webp\",\"datePublished\":\"2025-04-18T04:30:50+00:00\",\"author\":{\"@id\":\"https:\/\/www.gaveanews.com\/#\/schema\/person\/daf63eec72e1164eb13dc35096c2b8da\"},\"breadcrumb\":{\"@id\":\"https:\/\/www.gaveanews.com\/index.php\/2025\/04\/18\/flamengo-a-declaracao-de-petkovic-direcionada-a-arrascaeta\/#breadcrumb\"},\"inLanguage\":\"pt-BR\",\"potentialAction\":[{\"@type\":\"ReadAction\",\"target\":[\"https:\/\/www.gaveanews.com\/index.php\/2025\/04\/18\/flamengo-a-declaracao-de-petkovic-direcionada-a-arrascaeta\/\"]}]},{\"@type\":\"ImageObject\",\"inLanguage\":\"pt-BR\",\"@id\":\"https:\/\/www.gaveanews.com\/index.php\/2025\/04\/18\/flamengo-a-declaracao-de-petkovic-direcionada-a-arrascaeta\/#primaryimage\",\"url\":\"https:\/\/www.gaveanews.com\/wp-content\/uploads\/2019\/02\/Petckovic-durante-o-programa-Selecao-SporTV.webp\",\"contentUrl\":\"https:\/\/www.gaveanews.com\/wp-content\/uploads\/2019\/02\/Petckovic-durante-o-programa-Selecao-SporTV.webp\",\"caption\":\"Petkovic durante o programa Sele\u00e7\u00e3o SporTV (Foto: Reprodu\u00e7\u00e3o)\"},{\"@type\":\"BreadcrumbList\",\"@id\":\"https:\/\/www.gaveanews.com\/index.php\/2025\/04\/18\/flamengo-a-declaracao-de-petkovic-direcionada-a-arrascaeta\/#breadcrumb\",\"itemListElement\":[{\"@type\":\"ListItem\",\"position\":1,\"name\":\"Home\",\"item\":\"https:\/\/www.gaveanews.com\/\"},{\"@type\":\"ListItem\",\"position\":2,\"name\":\"Flamengo: a declara\u00e7\u00e3o de Petkovic direcionada a Arrascaeta\"}]},{\"@type\":\"WebSite\",\"@id\":\"https:\/\/www.gaveanews.com\/#website\",\"url\":\"https:\/\/www.gaveanews.com\/\",\"name\":\"G\u00e1vea News\",\"description\":\"Veja todas as not\u00edcias sobre o Flamengo: Contrata\u00e7\u00f5es, categorias de base, resultados das partidas, tabela de classifica\u00e7\u00e3o, pr\u00f3ximos jogos!\",\"potentialAction\":[{\"@type\":\"SearchAction\",\"target\":{\"@type\":\"EntryPoint\",\"urlTemplate\":\"https:\/\/www.gaveanews.com\/?s={search_term_string}\"},\"query-input\":{\"@type\":\"PropertyValueSpecification\",\"valueRequired\":true,\"valueName\":\"search_term_string\"}}],\"inLanguage\":\"pt-BR\"},{\"@type\":\"Person\",\"@id\":\"https:\/\/www.gaveanews.com\/#\/schema\/person\/daf63eec72e1164eb13dc35096c2b8da\",\"name\":\"Paula Silva\",\"image\":{\"@type\":\"ImageObject\",\"inLanguage\":\"pt-BR\",\"@id\":\"https:\/\/www.gaveanews.com\/#\/schema\/person\/image\/\",\"url\":\"https:\/\/secure.gravatar.com\/avatar\/eda381c845527cc5d64c13b901833cda29d97500ba040d3e6461f76f51d163bb?s=96&d=mm&r=g\",\"contentUrl\":\"https:\/\/secure.gravatar.com\/avatar\/eda381c845527cc5d64c13b901833cda29d97500ba040d3e6461f76f51d163bb?s=96&d=mm&r=g\",\"caption\":\"Paula Silva\"}}]}<\/script>\n<!-- \/ Yoast SEO Premium plugin. -->","yoast_head_json":{"title":"Flamengo: a declara\u00e7\u00e3o de Petkovic direcionada a Arrascaeta","robots":{"index":"index","follow":"follow","max-snippet":"max-snippet:-1","max-image-preview":"max-image-preview:large","max-video-preview":"max-video-preview:-1"},"canonical":"https:\/\/www.gaveanews.com\/index.php\/2025\/04\/18\/flamengo-a-declaracao-de-petkovic-direcionada-a-arrascaeta\/","og_locale":"pt_BR","og_type":"article","og_title":"Flamengo: a declara\u00e7\u00e3o de Petkovic direcionada a Arrascaeta","og_description":"O reencontro entre Petkovic e Andrade marcou o in\u00edcio das atividades do time master do Flamengo nesta semana. Ambos s\u00e3o nomes hist\u00f3ricos do clube e agora integram o projeto que visa profissionalizar o elenco formado por ex-jogadores. Durante a apresenta\u00e7\u00e3o, os dois mostraram otimismo em rela\u00e7\u00e3o ao atual momento da equipe principal e falaram sobre [&hellip;]","og_url":"https:\/\/www.gaveanews.com\/index.php\/2025\/04\/18\/flamengo-a-declaracao-de-petkovic-direcionada-a-arrascaeta\/","og_site_name":"G\u00e1vea News","article_publisher":"https:\/\/facebook.com\/gaveaNews\/","article_published_time":"2025-04-18T04:30:50+00:00","og_image":[{"url":"https:\/\/www.gaveanews.com\/wp-content\/uploads\/2019\/02\/Petckovic-durante-o-programa-Selecao-SporTV.webp","width":1,"height":1,"type":"image\/jpeg"}],"author":"Paula Silva","twitter_card":"summary_large_image","twitter_misc":{"Escrito por":"Paula Silva","Est. tempo de leitura":"3 minutos"},"schema":{"@context":"https:\/\/schema.org","@graph":[{"@type":"NewsArticle","@id":"https:\/\/www.gaveanews.com\/index.php\/2025\/04\/18\/flamengo-a-declaracao-de-petkovic-direcionada-a-arrascaeta\/#article","isPartOf":{"@id":"https:\/\/www.gaveanews.com\/index.php\/2025\/04\/18\/flamengo-a-declaracao-de-petkovic-direcionada-a-arrascaeta\/"},"author":{"name":"Paula Silva","@id":"https:\/\/www.gaveanews.com\/#\/schema\/person\/daf63eec72e1164eb13dc35096c2b8da"},"headline":"Flamengo: a declara\u00e7\u00e3o de Petkovic direcionada a Arrascaeta","datePublished":"2025-04-18T04:30:50+00:00","mainEntityOfPage":{"@id":"https:\/\/www.gaveanews.com\/index.php\/2025\/04\/18\/flamengo-a-declaracao-de-petkovic-direcionada-a-arrascaeta\/"},"wordCount":373,"commentCount":0,"image":{"@id":"https:\/\/www.gaveanews.com\/index.php\/2025\/04\/18\/flamengo-a-declaracao-de-petkovic-direcionada-a-arrascaeta\/#primaryimage"},"thumbnailUrl":"https:\/\/www.gaveanews.com\/wp-content\/uploads\/2019\/02\/Petckovic-durante-o-programa-Selecao-SporTV.webp","articleSection":["Flamengo"],"inLanguage":"pt-BR","potentialAction":[{"@type":"CommentAction","name":"Comment","target":["https:\/\/www.gaveanews.com\/index.php\/2025\/04\/18\/flamengo-a-declaracao-de-petkovic-direcionada-a-arrascaeta\/#respond"]}],"copyrightYear":"2025","copyrightHolder":{"@id":"https:\/\/www.gaveanews.com\/#organization"}},{"@type":"WebPage","@id":"https:\/\/www.gaveanews.com\/index.php\/2025\/04\/18\/flamengo-a-declaracao-de-petkovic-direcionada-a-arrascaeta\/","url":"https:\/\/www.gaveanews.com\/index.php\/2025\/04\/18\/flamengo-a-declaracao-de-petkovic-direcionada-a-arrascaeta\/","name":"Flamengo: a declara\u00e7\u00e3o de Petkovic direcionada a Arrascaeta","isPartOf":{"@id":"https:\/\/www.gaveanews.com\/#website"},"primaryImageOfPage":{"@id":"https:\/\/www.gaveanews.com\/index.php\/2025\/04\/18\/flamengo-a-declaracao-de-petkovic-direcionada-a-arrascaeta\/#primaryimage"},"image":{"@id":"https:\/\/www.gaveanews.com\/index.php\/2025\/04\/18\/flamengo-a-declaracao-de-petkovic-direcionada-a-arrascaeta\/#primaryimage"},"thumbnailUrl":"https:\/\/www.gaveanews.com\/wp-content\/uploads\/2019\/02\/Petckovic-durante-o-programa-Selecao-SporTV.webp","datePublished":"2025-04-18T04:30:50+00:00","author":{"@id":"https:\/\/www.gaveanews.com\/#\/schema\/person\/daf63eec72e1164eb13dc35096c2b8da"},"breadcrumb":{"@id":"https:\/\/www.gaveanews.com\/index.php\/2025\/04\/18\/flamengo-a-declaracao-de-petkovic-direcionada-a-arrascaeta\/#breadcrumb"},"inLanguage":"pt-BR","potentialAction":[{"@type":"ReadAction","target":["https:\/\/www.gaveanews.com\/index.php\/2025\/04\/18\/flamengo-a-declaracao-de-petkovic-direcionada-a-arrascaeta\/"]}]},{"@type":"ImageObject","inLanguage":"pt-BR","@id":"https:\/\/www.gaveanews.com\/index.php\/2025\/04\/18\/flamengo-a-declaracao-de-petkovic-direcionada-a-arrascaeta\/#primaryimage","url":"https:\/\/www.gaveanews.com\/wp-content\/uploads\/2019\/02\/Petckovic-durante-o-programa-Selecao-SporTV.webp","contentUrl":"https:\/\/www.gaveanews.com\/wp-content\/uploads\/2019\/02\/Petckovic-durante-o-programa-Selecao-SporTV.webp","caption":"Petkovic durante o programa Sele\u00e7\u00e3o SporTV (Foto: Reprodu\u00e7\u00e3o)"},{"@type":"BreadcrumbList","@id":"https:\/\/www.gaveanews.com\/index.php\/2025\/04\/18\/flamengo-a-declaracao-de-petkovic-direcionada-a-arrascaeta\/#breadcrumb","itemListElement":[{"@type":"ListItem","position":1,"name":"Home","item":"https:\/\/www.gaveanews.com\/"},{"@type":"ListItem","position":2,"name":"Flamengo: a declara\u00e7\u00e3o de Petkovic direcionada a Arrascaeta"}]},{"@type":"WebSite","@id":"https:\/\/www.gaveanews.com\/#website","url":"https:\/\/www.gaveanews.com\/","name":"G\u00e1vea News","description":"Veja todas as not\u00edcias sobre o Flamengo: Contrata\u00e7\u00f5es, categorias de base, resultados das partidas, tabela de classifica\u00e7\u00e3o, pr\u00f3ximos jogos!","potentialAction":[{"@type":"SearchAction","target":{"@type":"EntryPoint","urlTemplate":"https:\/\/www.gaveanews.com\/?s={search_term_string}"},"query-input":{"@type":"PropertyValueSpecification","valueRequired":true,"valueName":"search_term_string"}}],"inLanguage":"pt-BR"},{"@type":"Person","@id":"https:\/\/www.gaveanews.com\/#\/schema\/person\/daf63eec72e1164eb13dc35096c2b8da","name":"Paula Silva","image":{"@type":"ImageObject","inLanguage":"pt-BR","@id":"https:\/\/www.gaveanews.com\/#\/schema\/person\/image\/","url":"https:\/\/secure.gravatar.com\/avatar\/eda381c845527cc5d64c13b901833cda29d97500ba040d3e6461f76f51d163bb?s=96&d=mm&r=g","contentUrl":"https:\/\/secure.gravatar.com\/avatar\/eda381c845527cc5d64c13b901833cda29d97500ba040d3e6461f76f51d163bb?s=96&d=mm&r=g","caption":"Paula Silva"}}]}},"_links":{"self":[{"href":"https:\/\/www.gaveanews.com\/index.php\/wp-json\/wp\/v2\/posts\/255139","targetHints":{"allow":["GET"]}}],"collection":[{"href":"https:\/\/www.gaveanews.com\/index.php\/wp-json\/wp\/v2\/posts"}],"about":[{"href":"https:\/\/www.gaveanews.com\/index.php\/wp-json\/wp\/v2\/types\/post"}],"author":[{"embeddable":true,"href":"https:\/\/www.gaveanews.com\/index.php\/wp-json\/wp\/v2\/users\/18"}],"replies":[{"embeddable":true,"href":"https:\/\/www.gaveanews.com\/index.php\/wp-json\/wp\/v2\/comments?post=255139"}],"version-history":[{"count":1,"href":"https:\/\/www.gaveanews.com\/index.php\/wp-json\/wp\/v2\/posts\/255139\/revisions"}],"predecessor-version":[{"id":255142,"href":"https:\/\/www.gaveanews.com\/index.php\/wp-json\/wp\/v2\/posts\/255139\/revisions\/255142"}],"wp:featuredmedia":[{"embeddable":true,"href":"https:\/\/www.gaveanews.com\/index.php\/wp-json\/wp\/v2\/media\/16273"}],"wp:attachment":[{"href":"https:\/\/www.gaveanews.com\/index.php\/wp-json\/wp\/v2\/media?parent=255139"}],"wp:term":[{"taxonomy":"category","embeddable":true,"href":"https:\/\/www.gaveanews.com\/index.php\/wp-json\/wp\/v2\/categories?post=255139"},{"taxonomy":"post_tag","embeddable":true,"href":"https:\/\/www.gaveanews.com\/index.php\/wp-json\/wp\/v2\/tags?post=255139"}],"curies":[{"name":"wp","href":"https:\/\/api.w.org\/{rel}","templated":true}]}}