{"id":255152,"date":"2025-04-18T17:39:34","date_gmt":"2025-04-18T20:39:34","guid":{"rendered":"https:\/\/www.gaveanews.com\/?p=255152"},"modified":"2025-04-18T17:39:53","modified_gmt":"2025-04-18T20:39:53","slug":"internacional-x-palmeiras-a-declaracao-de-roger-machado","status":"publish","type":"post","link":"https:\/\/www.gaveanews.com\/index.php\/2025\/04\/18\/internacional-x-palmeiras-a-declaracao-de-roger-machado\/","title":{"rendered":"Internacional x Palmeiras: A declara\u00e7\u00e3o de Roger Machado"},"content":{"rendered":"\n<p>Roger Machado disparou contra os crit\u00e9rios adotados pela arbitragem na derrota do Internacional para o Palmeiras. O t\u00e9cnico colorado reclama de um poss\u00edvel p\u00eanalti em Fernando depois de um p\u00e9 alto de Richard R\u00edos.<\/p>\n\n\n\n<p>A invencibilidade do Internacional caiu na quarta-feira (16\/4), diante do Palmeiras, na derrota por 1 a 0, no Beira-Rio, em uma partida v\u00e1lida pela quarta rodada do Campeonato Brasileiro. Facundo Torres marcou o \u00fanico gol do confronto, mas o placar poderia ser outro se o \u00e1rbitro tivesse assinalado um p\u00eanalti em Fernando.<\/p>\n\n\n\n<p>O volante estava na \u00e1rea alviverde e foi disputar a bola de cabe\u00e7a, quando Richard R\u00edos interveio com um p\u00e9 alto, que passou rente ao rosto do colorado. O lance gerou pol\u00eamica e os jogadores do time ga\u00facho reclamaram de falta dentro da \u00e1rea, algo que n\u00e3o convenceu Felipe Fernandes Lima, o juiz do jogo. A cabine do VAR sequer foi acionada e o Internacional se sentiu prejudicado.<\/p>\n\n\n\n<p>Ap\u00f3s a partida, Roger Machado concedeu entrevista coletiva e criticou a arbitragem. Para o treinador do Inter, os \u00e1rbitros n\u00e3o s\u00e3o incapazes, mas eles t\u00eam problemas com crit\u00e9rios que s\u00e3o mudados jogo ap\u00f3s jogo.<\/p>\n\n\n\n<p>\u201cPara mim n\u00e3o \u00e9 capacidade de arbitragem (o problema), e sim os crit\u00e9rios. A cada jogo os crit\u00e9rios s\u00e3o mudados como se cada \u00e1rbitro fosse um indiv\u00edduo que respondesse pelas pr\u00f3prias regras do jogo\u201d, relatou.<\/p>\n\n\n\n<p>Apesar da reclama\u00e7\u00e3o, Roger Machado se distanciou da pol\u00eamica e deixou \u00e0 cargo da diretoria as provid\u00eancias que devem ser tomadas. No entanto, ele ressaltou que lances como o do jogo prejudicam a credibilidade da arbitragem.<\/p>\n\n\n\n<p>&#8221;N\u00e3o quero me apoiar nisso, a dire\u00e7\u00e3o toma conta, mas agora a comiss\u00e3o de arbitragem tamb\u00e9m comenta os lances e define publicamente o que s\u00e3o os crit\u00e9rios ou n\u00e3o. Para mim, isso enfraquece os \u00e1rbitros e suas capacidades de conduzir o espet\u00e1culo\u2019\u2019, disparou.<\/p>\n","protected":false},"excerpt":{"rendered":"<p>Roger Machado disparou contra os crit\u00e9rios adotados pela arbitragem na derrota do Internacional para o Palmeiras. O t\u00e9cnico colorado reclama de um poss\u00edvel p\u00eanalti em Fernando depois de um p\u00e9 alto de Richard R\u00edos. A invencibilidade do Internacional caiu na quarta-feira (16\/4), diante do Palmeiras, na derrota por 1 a 0, no Beira-Rio, em uma [&hellip;]<\/p>\n","protected":false},"author":29,"featured_media":154272,"comment_status":"open","ping_status":"closed","sticky":false,"template":"","format":"standard","meta":{"footnotes":""},"categories":[148,150],"tags":[],"class_list":["post-255152","post","type-post","status-publish","format-standard","has-post-thumbnail","hentry","category-internacional","category-palmeiras"],"yoast_head":"<!-- This site is optimized with the Yoast SEO Premium plugin v24.2 (Yoast SEO v26.9) - https:\/\/yoast.com\/product\/yoast-seo-premium-wordpress\/ -->\n<title>Internacional x Palmeiras: A declara\u00e7\u00e3o de Roger Machado<\/title>\n<meta name=\"robots\" content=\"index, follow, max-snippet:-1, max-image-preview:large, max-video-preview:-1\" \/>\n<link rel=\"canonical\" href=\"https:\/\/www.gaveanews.com\/index.php\/2025\/04\/18\/internacional-x-palmeiras-a-declaracao-de-roger-machado\/\" \/>\n<meta property=\"og:locale\" content=\"pt_BR\" \/>\n<meta property=\"og:type\" content=\"article\" \/>\n<meta property=\"og:title\" content=\"Internacional x Palmeiras: A declara\u00e7\u00e3o de Roger Machado\" \/>\n<meta property=\"og:description\" content=\"Roger Machado disparou contra os crit\u00e9rios adotados pela arbitragem na derrota do Internacional para o Palmeiras. O t\u00e9cnico colorado reclama de um poss\u00edvel p\u00eanalti em Fernando depois de um p\u00e9 alto de Richard R\u00edos. A invencibilidade do Internacional caiu na quarta-feira (16\/4), diante do Palmeiras, na derrota por 1 a 0, no Beira-Rio, em uma [&hellip;]\" \/>\n<meta property=\"og:url\" content=\"https:\/\/www.gaveanews.com\/index.php\/2025\/04\/18\/internacional-x-palmeiras-a-declaracao-de-roger-machado\/\" \/>\n<meta property=\"og:site_name\" content=\"G\u00e1vea News\" \/>\n<meta property=\"article:publisher\" content=\"https:\/\/facebook.com\/gaveaNews\/\" \/>\n<meta property=\"article:published_time\" content=\"2025-04-18T20:39:34+00:00\" \/>\n<meta property=\"article:modified_time\" content=\"2025-04-18T20:39:53+00:00\" \/>\n<meta property=\"og:image\" content=\"http:\/\/www.gaveanews.com\/wp-content\/uploads\/Roger-Machado-durante-coletiva-pelo-Internacional-em-2024.webp\" \/>\n\t<meta property=\"og:image:width\" content=\"1419\" \/>\n\t<meta property=\"og:image:height\" content=\"1065\" \/>\n\t<meta property=\"og:image:type\" content=\"image\/webp\" \/>\n<meta name=\"author\" content=\"Marco Menezes\" \/>\n<meta name=\"twitter:card\" content=\"summary_large_image\" \/>\n<meta name=\"twitter:label1\" content=\"Escrito por\" \/>\n\t<meta name=\"twitter:data1\" content=\"Marco Menezes\" \/>\n\t<meta name=\"twitter:label2\" content=\"Est. tempo de leitura\" \/>\n\t<meta name=\"twitter:data2\" content=\"2 minutos\" \/>\n<script type=\"application\/ld+json\" class=\"yoast-schema-graph\">{\"@context\":\"https:\/\/schema.org\",\"@graph\":[{\"@type\":\"NewsArticle\",\"@id\":\"https:\/\/www.gaveanews.com\/index.php\/2025\/04\/18\/internacional-x-palmeiras-a-declaracao-de-roger-machado\/#article\",\"isPartOf\":{\"@id\":\"https:\/\/www.gaveanews.com\/index.php\/2025\/04\/18\/internacional-x-palmeiras-a-declaracao-de-roger-machado\/\"},\"author\":{\"name\":\"Marco Menezes\",\"@id\":\"https:\/\/www.gaveanews.com\/#\/schema\/person\/a9f62fe75380c6bada1b2fc49bc23d69\"},\"headline\":\"Internacional x Palmeiras: A declara\u00e7\u00e3o de Roger Machado\",\"datePublished\":\"2025-04-18T20:39:34+00:00\",\"dateModified\":\"2025-04-18T20:39:53+00:00\",\"mainEntityOfPage\":{\"@id\":\"https:\/\/www.gaveanews.com\/index.php\/2025\/04\/18\/internacional-x-palmeiras-a-declaracao-de-roger-machado\/\"},\"wordCount\":342,\"commentCount\":0,\"image\":{\"@id\":\"https:\/\/www.gaveanews.com\/index.php\/2025\/04\/18\/internacional-x-palmeiras-a-declaracao-de-roger-machado\/#primaryimage\"},\"thumbnailUrl\":\"https:\/\/www.gaveanews.com\/wp-content\/uploads\/Roger-Machado-durante-coletiva-pelo-Internacional-em-2024.webp\",\"articleSection\":[\"Internacional\",\"Palmeiras\"],\"inLanguage\":\"pt-BR\",\"potentialAction\":[{\"@type\":\"CommentAction\",\"name\":\"Comment\",\"target\":[\"https:\/\/www.gaveanews.com\/index.php\/2025\/04\/18\/internacional-x-palmeiras-a-declaracao-de-roger-machado\/#respond\"]}],\"copyrightYear\":\"2025\",\"copyrightHolder\":{\"@id\":\"https:\/\/www.gaveanews.com\/#organization\"}},{\"@type\":\"WebPage\",\"@id\":\"https:\/\/www.gaveanews.com\/index.php\/2025\/04\/18\/internacional-x-palmeiras-a-declaracao-de-roger-machado\/\",\"url\":\"https:\/\/www.gaveanews.com\/index.php\/2025\/04\/18\/internacional-x-palmeiras-a-declaracao-de-roger-machado\/\",\"name\":\"Internacional x Palmeiras: A declara\u00e7\u00e3o de Roger Machado\",\"isPartOf\":{\"@id\":\"https:\/\/www.gaveanews.com\/#website\"},\"primaryImageOfPage\":{\"@id\":\"https:\/\/www.gaveanews.com\/index.php\/2025\/04\/18\/internacional-x-palmeiras-a-declaracao-de-roger-machado\/#primaryimage\"},\"image\":{\"@id\":\"https:\/\/www.gaveanews.com\/index.php\/2025\/04\/18\/internacional-x-palmeiras-a-declaracao-de-roger-machado\/#primaryimage\"},\"thumbnailUrl\":\"https:\/\/www.gaveanews.com\/wp-content\/uploads\/Roger-Machado-durante-coletiva-pelo-Internacional-em-2024.webp\",\"datePublished\":\"2025-04-18T20:39:34+00:00\",\"dateModified\":\"2025-04-18T20:39:53+00:00\",\"author\":{\"@id\":\"https:\/\/www.gaveanews.com\/#\/schema\/person\/a9f62fe75380c6bada1b2fc49bc23d69\"},\"breadcrumb\":{\"@id\":\"https:\/\/www.gaveanews.com\/index.php\/2025\/04\/18\/internacional-x-palmeiras-a-declaracao-de-roger-machado\/#breadcrumb\"},\"inLanguage\":\"pt-BR\",\"potentialAction\":[{\"@type\":\"ReadAction\",\"target\":[\"https:\/\/www.gaveanews.com\/index.php\/2025\/04\/18\/internacional-x-palmeiras-a-declaracao-de-roger-machado\/\"]}]},{\"@type\":\"ImageObject\",\"inLanguage\":\"pt-BR\",\"@id\":\"https:\/\/www.gaveanews.com\/index.php\/2025\/04\/18\/internacional-x-palmeiras-a-declaracao-de-roger-machado\/#primaryimage\",\"url\":\"https:\/\/www.gaveanews.com\/wp-content\/uploads\/Roger-Machado-durante-coletiva-pelo-Internacional-em-2024.webp\",\"contentUrl\":\"https:\/\/www.gaveanews.com\/wp-content\/uploads\/Roger-Machado-durante-coletiva-pelo-Internacional-em-2024.webp\",\"width\":1419,\"height\":1065,\"caption\":\"Roger Machado durante coletiva pelo Internacional em 2024 (Foto: Reprodu\u00e7\u00e3o\/Internacional)\"},{\"@type\":\"BreadcrumbList\",\"@id\":\"https:\/\/www.gaveanews.com\/index.php\/2025\/04\/18\/internacional-x-palmeiras-a-declaracao-de-roger-machado\/#breadcrumb\",\"itemListElement\":[{\"@type\":\"ListItem\",\"position\":1,\"name\":\"Home\",\"item\":\"https:\/\/www.gaveanews.com\/\"},{\"@type\":\"ListItem\",\"position\":2,\"name\":\"Internacional x Palmeiras: A declara\u00e7\u00e3o de Roger Machado\"}]},{\"@type\":\"WebSite\",\"@id\":\"https:\/\/www.gaveanews.com\/#website\",\"url\":\"https:\/\/www.gaveanews.com\/\",\"name\":\"G\u00e1vea News\",\"description\":\"Veja todas as not\u00edcias sobre o Flamengo: Contrata\u00e7\u00f5es, categorias de base, resultados das partidas, tabela de classifica\u00e7\u00e3o, pr\u00f3ximos jogos!\",\"potentialAction\":[{\"@type\":\"SearchAction\",\"target\":{\"@type\":\"EntryPoint\",\"urlTemplate\":\"https:\/\/www.gaveanews.com\/?s={search_term_string}\"},\"query-input\":{\"@type\":\"PropertyValueSpecification\",\"valueRequired\":true,\"valueName\":\"search_term_string\"}}],\"inLanguage\":\"pt-BR\"},{\"@type\":\"Person\",\"@id\":\"https:\/\/www.gaveanews.com\/#\/schema\/person\/a9f62fe75380c6bada1b2fc49bc23d69\",\"name\":\"Marco Menezes\",\"image\":{\"@type\":\"ImageObject\",\"inLanguage\":\"pt-BR\",\"@id\":\"https:\/\/www.gaveanews.com\/#\/schema\/person\/image\/\",\"url\":\"https:\/\/secure.gravatar.com\/avatar\/a1d148ae17fc8bfc5dbccffd07979e8bd2c9ba494221779de86ec2c7907b71ec?s=96&d=mm&r=g\",\"contentUrl\":\"https:\/\/secure.gravatar.com\/avatar\/a1d148ae17fc8bfc5dbccffd07979e8bd2c9ba494221779de86ec2c7907b71ec?s=96&d=mm&r=g\",\"caption\":\"Marco Menezes\"}}]}<\/script>\n<!-- \/ Yoast SEO Premium plugin. -->","yoast_head_json":{"title":"Internacional x Palmeiras: A declara\u00e7\u00e3o de Roger Machado","robots":{"index":"index","follow":"follow","max-snippet":"max-snippet:-1","max-image-preview":"max-image-preview:large","max-video-preview":"max-video-preview:-1"},"canonical":"https:\/\/www.gaveanews.com\/index.php\/2025\/04\/18\/internacional-x-palmeiras-a-declaracao-de-roger-machado\/","og_locale":"pt_BR","og_type":"article","og_title":"Internacional x Palmeiras: A declara\u00e7\u00e3o de Roger Machado","og_description":"Roger Machado disparou contra os crit\u00e9rios adotados pela arbitragem na derrota do Internacional para o Palmeiras. O t\u00e9cnico colorado reclama de um poss\u00edvel p\u00eanalti em Fernando depois de um p\u00e9 alto de Richard R\u00edos. A invencibilidade do Internacional caiu na quarta-feira (16\/4), diante do Palmeiras, na derrota por 1 a 0, no Beira-Rio, em uma [&hellip;]","og_url":"https:\/\/www.gaveanews.com\/index.php\/2025\/04\/18\/internacional-x-palmeiras-a-declaracao-de-roger-machado\/","og_site_name":"G\u00e1vea News","article_publisher":"https:\/\/facebook.com\/gaveaNews\/","article_published_time":"2025-04-18T20:39:34+00:00","article_modified_time":"2025-04-18T20:39:53+00:00","og_image":[{"width":1419,"height":1065,"url":"http:\/\/www.gaveanews.com\/wp-content\/uploads\/Roger-Machado-durante-coletiva-pelo-Internacional-em-2024.webp","type":"image\/webp"}],"author":"Marco Menezes","twitter_card":"summary_large_image","twitter_misc":{"Escrito por":"Marco Menezes","Est. tempo de leitura":"2 minutos"},"schema":{"@context":"https:\/\/schema.org","@graph":[{"@type":"NewsArticle","@id":"https:\/\/www.gaveanews.com\/index.php\/2025\/04\/18\/internacional-x-palmeiras-a-declaracao-de-roger-machado\/#article","isPartOf":{"@id":"https:\/\/www.gaveanews.com\/index.php\/2025\/04\/18\/internacional-x-palmeiras-a-declaracao-de-roger-machado\/"},"author":{"name":"Marco Menezes","@id":"https:\/\/www.gaveanews.com\/#\/schema\/person\/a9f62fe75380c6bada1b2fc49bc23d69"},"headline":"Internacional x Palmeiras: A declara\u00e7\u00e3o de Roger Machado","datePublished":"2025-04-18T20:39:34+00:00","dateModified":"2025-04-18T20:39:53+00:00","mainEntityOfPage":{"@id":"https:\/\/www.gaveanews.com\/index.php\/2025\/04\/18\/internacional-x-palmeiras-a-declaracao-de-roger-machado\/"},"wordCount":342,"commentCount":0,"image":{"@id":"https:\/\/www.gaveanews.com\/index.php\/2025\/04\/18\/internacional-x-palmeiras-a-declaracao-de-roger-machado\/#primaryimage"},"thumbnailUrl":"https:\/\/www.gaveanews.com\/wp-content\/uploads\/Roger-Machado-durante-coletiva-pelo-Internacional-em-2024.webp","articleSection":["Internacional","Palmeiras"],"inLanguage":"pt-BR","potentialAction":[{"@type":"CommentAction","name":"Comment","target":["https:\/\/www.gaveanews.com\/index.php\/2025\/04\/18\/internacional-x-palmeiras-a-declaracao-de-roger-machado\/#respond"]}],"copyrightYear":"2025","copyrightHolder":{"@id":"https:\/\/www.gaveanews.com\/#organization"}},{"@type":"WebPage","@id":"https:\/\/www.gaveanews.com\/index.php\/2025\/04\/18\/internacional-x-palmeiras-a-declaracao-de-roger-machado\/","url":"https:\/\/www.gaveanews.com\/index.php\/2025\/04\/18\/internacional-x-palmeiras-a-declaracao-de-roger-machado\/","name":"Internacional x Palmeiras: A declara\u00e7\u00e3o de Roger Machado","isPartOf":{"@id":"https:\/\/www.gaveanews.com\/#website"},"primaryImageOfPage":{"@id":"https:\/\/www.gaveanews.com\/index.php\/2025\/04\/18\/internacional-x-palmeiras-a-declaracao-de-roger-machado\/#primaryimage"},"image":{"@id":"https:\/\/www.gaveanews.com\/index.php\/2025\/04\/18\/internacional-x-palmeiras-a-declaracao-de-roger-machado\/#primaryimage"},"thumbnailUrl":"https:\/\/www.gaveanews.com\/wp-content\/uploads\/Roger-Machado-durante-coletiva-pelo-Internacional-em-2024.webp","datePublished":"2025-04-18T20:39:34+00:00","dateModified":"2025-04-18T20:39:53+00:00","author":{"@id":"https:\/\/www.gaveanews.com\/#\/schema\/person\/a9f62fe75380c6bada1b2fc49bc23d69"},"breadcrumb":{"@id":"https:\/\/www.gaveanews.com\/index.php\/2025\/04\/18\/internacional-x-palmeiras-a-declaracao-de-roger-machado\/#breadcrumb"},"inLanguage":"pt-BR","potentialAction":[{"@type":"ReadAction","target":["https:\/\/www.gaveanews.com\/index.php\/2025\/04\/18\/internacional-x-palmeiras-a-declaracao-de-roger-machado\/"]}]},{"@type":"ImageObject","inLanguage":"pt-BR","@id":"https:\/\/www.gaveanews.com\/index.php\/2025\/04\/18\/internacional-x-palmeiras-a-declaracao-de-roger-machado\/#primaryimage","url":"https:\/\/www.gaveanews.com\/wp-content\/uploads\/Roger-Machado-durante-coletiva-pelo-Internacional-em-2024.webp","contentUrl":"https:\/\/www.gaveanews.com\/wp-content\/uploads\/Roger-Machado-durante-coletiva-pelo-Internacional-em-2024.webp","width":1419,"height":1065,"caption":"Roger Machado durante coletiva pelo Internacional em 2024 (Foto: Reprodu\u00e7\u00e3o\/Internacional)"},{"@type":"BreadcrumbList","@id":"https:\/\/www.gaveanews.com\/index.php\/2025\/04\/18\/internacional-x-palmeiras-a-declaracao-de-roger-machado\/#breadcrumb","itemListElement":[{"@type":"ListItem","position":1,"name":"Home","item":"https:\/\/www.gaveanews.com\/"},{"@type":"ListItem","position":2,"name":"Internacional x Palmeiras: A declara\u00e7\u00e3o de Roger Machado"}]},{"@type":"WebSite","@id":"https:\/\/www.gaveanews.com\/#website","url":"https:\/\/www.gaveanews.com\/","name":"G\u00e1vea News","description":"Veja todas as not\u00edcias sobre o Flamengo: Contrata\u00e7\u00f5es, categorias de base, resultados das partidas, tabela de classifica\u00e7\u00e3o, pr\u00f3ximos jogos!","potentialAction":[{"@type":"SearchAction","target":{"@type":"EntryPoint","urlTemplate":"https:\/\/www.gaveanews.com\/?s={search_term_string}"},"query-input":{"@type":"PropertyValueSpecification","valueRequired":true,"valueName":"search_term_string"}}],"inLanguage":"pt-BR"},{"@type":"Person","@id":"https:\/\/www.gaveanews.com\/#\/schema\/person\/a9f62fe75380c6bada1b2fc49bc23d69","name":"Marco Menezes","image":{"@type":"ImageObject","inLanguage":"pt-BR","@id":"https:\/\/www.gaveanews.com\/#\/schema\/person\/image\/","url":"https:\/\/secure.gravatar.com\/avatar\/a1d148ae17fc8bfc5dbccffd07979e8bd2c9ba494221779de86ec2c7907b71ec?s=96&d=mm&r=g","contentUrl":"https:\/\/secure.gravatar.com\/avatar\/a1d148ae17fc8bfc5dbccffd07979e8bd2c9ba494221779de86ec2c7907b71ec?s=96&d=mm&r=g","caption":"Marco Menezes"}}]}},"_links":{"self":[{"href":"https:\/\/www.gaveanews.com\/index.php\/wp-json\/wp\/v2\/posts\/255152","targetHints":{"allow":["GET"]}}],"collection":[{"href":"https:\/\/www.gaveanews.com\/index.php\/wp-json\/wp\/v2\/posts"}],"about":[{"href":"https:\/\/www.gaveanews.com\/index.php\/wp-json\/wp\/v2\/types\/post"}],"author":[{"embeddable":true,"href":"https:\/\/www.gaveanews.com\/index.php\/wp-json\/wp\/v2\/users\/29"}],"replies":[{"embeddable":true,"href":"https:\/\/www.gaveanews.com\/index.php\/wp-json\/wp\/v2\/comments?post=255152"}],"version-history":[{"count":1,"href":"https:\/\/www.gaveanews.com\/index.php\/wp-json\/wp\/v2\/posts\/255152\/revisions"}],"predecessor-version":[{"id":255153,"href":"https:\/\/www.gaveanews.com\/index.php\/wp-json\/wp\/v2\/posts\/255152\/revisions\/255153"}],"wp:featuredmedia":[{"embeddable":true,"href":"https:\/\/www.gaveanews.com\/index.php\/wp-json\/wp\/v2\/media\/154272"}],"wp:attachment":[{"href":"https:\/\/www.gaveanews.com\/index.php\/wp-json\/wp\/v2\/media?parent=255152"}],"wp:term":[{"taxonomy":"category","embeddable":true,"href":"https:\/\/www.gaveanews.com\/index.php\/wp-json\/wp\/v2\/categories?post=255152"},{"taxonomy":"post_tag","embeddable":true,"href":"https:\/\/www.gaveanews.com\/index.php\/wp-json\/wp\/v2\/tags?post=255152"}],"curies":[{"name":"wp","href":"https:\/\/api.w.org\/{rel}","templated":true}]}}