{"id":255175,"date":"2025-04-18T22:00:00","date_gmt":"2025-04-19T01:00:00","guid":{"rendered":"https:\/\/www.gaveanews.com\/?p=255175"},"modified":"2025-04-18T18:22:04","modified_gmt":"2025-04-18T21:22:04","slug":"a-declaracao-de-hulk-direcionada-a-neymar","status":"publish","type":"post","link":"https:\/\/www.gaveanews.com\/index.php\/2025\/04\/18\/a-declaracao-de-hulk-direcionada-a-neymar\/","title":{"rendered":"A declara\u00e7\u00e3o de Hulk direcionada a Neymar"},"content":{"rendered":"\n<p>O Hulk comentou sobre o reencontro com Neymar nos campos de futebol desde a parceria na Sele\u00e7\u00e3o Brasileira. O atacante do Atl\u00e9tico-MG rasgou elogios ao ex-companheiro e destacou o carinho que sente pelo camisa 10.<\/p>\n\n\n\n<p>\u201c\u00c9 sempre bom reencontrar o Neymar. A gente foi companheiro durante alguns anos na Sele\u00e7\u00e3o e \u00e9 um cara que eu tenho amizade fora do futebol tamb\u00e9m. Quem tem a oportunidade de conhecer sabe o cara que \u00e9, um cara do bem, um cara que sempre ajuda o pr\u00f3ximo\u201d, afirmou o atacante<\/p>\n\n\n\n<p>Al\u00e9m dos tr\u00eas pontos em disputa, a partida entre Santos e Atl\u00e9tico-MG marcou o retorno de Neymar aos gramados depois de 42 dias parado por conta de um edema muscular na coxa esquerda. O camisa 10 do Peixe n\u00e3o disputava uma partida de futebol desde as quartas de final do Campeonato Paulista contra o Red Bull Bragantino.<\/p>\n\n\n\n<p>A partir dali, foi constatada a les\u00e3o e ele ficou sob os cuidados do departamento m\u00e9dico do Alvinegro Praiano. Nesse per\u00edodo fora de combate, Neymar perdeu a semifinal do Paulist\u00e3o, bem como 3 partidas do Campeonato Brasileiro. Assim, a possibilidade de contar com ele para o confronto com o Atl\u00e9tico-MG encheu os torcedores santistas de esperan\u00e7a.<\/p>\n\n\n\n<p>No entanto, o t\u00e3o esperado retorno n\u00e3o durou mais do que 32 minutos. O jogador precisou ser substitu\u00eddo ainda na primeira etapa, sentindo dores na mesma regi\u00e3o que o deixou de fora da equipe. Agora, o Santos e o pr\u00f3prio Neymar aguardam a realiza\u00e7\u00e3o de exames de imagem para entender qual a gravidade da les\u00e3o.<\/p>\n\n\n\n<p>O Santos vai a campo no pr\u00f3ximo fim de semana sem poder contar com o melhor jogador do time. O Peixe tem o cl\u00e1ssico paulista da quinta rodada do Campeonato Brasileiro com o S\u00e3o Paulo no domingo (20\/4), \u00e0s 16 horas, no Morumbis. O Alvinegro \u00e9 12\u00b0 colocado com 4 pontos conquistados em quatro jogos.<\/p>\n","protected":false},"excerpt":{"rendered":"<p>O Hulk comentou sobre o reencontro com Neymar nos campos de futebol desde a parceria na Sele\u00e7\u00e3o Brasileira. O atacante do Atl\u00e9tico-MG rasgou elogios ao ex-companheiro e destacou o carinho que sente pelo camisa 10. \u201c\u00c9 sempre bom reencontrar o Neymar. A gente foi companheiro durante alguns anos na Sele\u00e7\u00e3o e \u00e9 um cara que [&hellip;]<\/p>\n","protected":false},"author":29,"featured_media":55300,"comment_status":"open","ping_status":"closed","sticky":false,"template":"","format":"standard","meta":{"footnotes":""},"categories":[136,139],"tags":[],"class_list":["post-255175","post","type-post","status-publish","format-standard","has-post-thumbnail","hentry","category-atletico-mg","category-santos"],"yoast_head":"<!-- This site is optimized with the Yoast SEO Premium plugin v24.2 (Yoast SEO v26.9) - https:\/\/yoast.com\/product\/yoast-seo-premium-wordpress\/ -->\n<title>A declara\u00e7\u00e3o de Hulk direcionada a Neymar<\/title>\n<meta name=\"robots\" content=\"index, follow, max-snippet:-1, max-image-preview:large, max-video-preview:-1\" \/>\n<link rel=\"canonical\" href=\"https:\/\/www.gaveanews.com\/index.php\/2025\/04\/18\/a-declaracao-de-hulk-direcionada-a-neymar\/\" \/>\n<meta property=\"og:locale\" content=\"pt_BR\" \/>\n<meta property=\"og:type\" content=\"article\" \/>\n<meta property=\"og:title\" content=\"A declara\u00e7\u00e3o de Hulk direcionada a Neymar\" \/>\n<meta property=\"og:description\" content=\"O Hulk comentou sobre o reencontro com Neymar nos campos de futebol desde a parceria na Sele\u00e7\u00e3o Brasileira. O atacante do Atl\u00e9tico-MG rasgou elogios ao ex-companheiro e destacou o carinho que sente pelo camisa 10. \u201c\u00c9 sempre bom reencontrar o Neymar. A gente foi companheiro durante alguns anos na Sele\u00e7\u00e3o e \u00e9 um cara que [&hellip;]\" \/>\n<meta property=\"og:url\" content=\"https:\/\/www.gaveanews.com\/index.php\/2025\/04\/18\/a-declaracao-de-hulk-direcionada-a-neymar\/\" \/>\n<meta property=\"og:site_name\" content=\"G\u00e1vea News\" \/>\n<meta property=\"article:publisher\" content=\"https:\/\/facebook.com\/gaveaNews\/\" \/>\n<meta property=\"article:published_time\" content=\"2025-04-19T01:00:00+00:00\" \/>\n<meta property=\"og:image\" content=\"https:\/\/www.gaveanews.com\/wp-content\/uploads\/Hulk-ao-lado-de-Neymar-durante-um-jogo-do-Brasil.webp\" \/>\n\t<meta property=\"og:image:width\" content=\"620\" \/>\n\t<meta property=\"og:image:height\" content=\"390\" \/>\n\t<meta property=\"og:image:type\" content=\"image\/jpeg\" \/>\n<meta name=\"author\" content=\"Marco Menezes\" \/>\n<meta name=\"twitter:card\" content=\"summary_large_image\" \/>\n<meta name=\"twitter:label1\" content=\"Escrito por\" \/>\n\t<meta name=\"twitter:data1\" content=\"Marco Menezes\" \/>\n\t<meta name=\"twitter:label2\" content=\"Est. tempo de leitura\" \/>\n\t<meta name=\"twitter:data2\" content=\"2 minutos\" \/>\n<script type=\"application\/ld+json\" class=\"yoast-schema-graph\">{\"@context\":\"https:\/\/schema.org\",\"@graph\":[{\"@type\":\"NewsArticle\",\"@id\":\"https:\/\/www.gaveanews.com\/index.php\/2025\/04\/18\/a-declaracao-de-hulk-direcionada-a-neymar\/#article\",\"isPartOf\":{\"@id\":\"https:\/\/www.gaveanews.com\/index.php\/2025\/04\/18\/a-declaracao-de-hulk-direcionada-a-neymar\/\"},\"author\":{\"name\":\"Marco Menezes\",\"@id\":\"https:\/\/www.gaveanews.com\/#\/schema\/person\/a9f62fe75380c6bada1b2fc49bc23d69\"},\"headline\":\"A declara\u00e7\u00e3o de Hulk direcionada a Neymar\",\"datePublished\":\"2025-04-19T01:00:00+00:00\",\"mainEntityOfPage\":{\"@id\":\"https:\/\/www.gaveanews.com\/index.php\/2025\/04\/18\/a-declaracao-de-hulk-direcionada-a-neymar\/\"},\"wordCount\":330,\"commentCount\":0,\"image\":{\"@id\":\"https:\/\/www.gaveanews.com\/index.php\/2025\/04\/18\/a-declaracao-de-hulk-direcionada-a-neymar\/#primaryimage\"},\"thumbnailUrl\":\"https:\/\/www.gaveanews.com\/wp-content\/uploads\/Hulk-ao-lado-de-Neymar-durante-um-jogo-do-Brasil.webp\",\"articleSection\":[\"Atl\u00e9tico-MG\",\"Santos\"],\"inLanguage\":\"pt-BR\",\"potentialAction\":[{\"@type\":\"CommentAction\",\"name\":\"Comment\",\"target\":[\"https:\/\/www.gaveanews.com\/index.php\/2025\/04\/18\/a-declaracao-de-hulk-direcionada-a-neymar\/#respond\"]}],\"copyrightYear\":\"2025\",\"copyrightHolder\":{\"@id\":\"https:\/\/www.gaveanews.com\/#organization\"}},{\"@type\":\"WebPage\",\"@id\":\"https:\/\/www.gaveanews.com\/index.php\/2025\/04\/18\/a-declaracao-de-hulk-direcionada-a-neymar\/\",\"url\":\"https:\/\/www.gaveanews.com\/index.php\/2025\/04\/18\/a-declaracao-de-hulk-direcionada-a-neymar\/\",\"name\":\"A declara\u00e7\u00e3o de Hulk direcionada a Neymar\",\"isPartOf\":{\"@id\":\"https:\/\/www.gaveanews.com\/#website\"},\"primaryImageOfPage\":{\"@id\":\"https:\/\/www.gaveanews.com\/index.php\/2025\/04\/18\/a-declaracao-de-hulk-direcionada-a-neymar\/#primaryimage\"},\"image\":{\"@id\":\"https:\/\/www.gaveanews.com\/index.php\/2025\/04\/18\/a-declaracao-de-hulk-direcionada-a-neymar\/#primaryimage\"},\"thumbnailUrl\":\"https:\/\/www.gaveanews.com\/wp-content\/uploads\/Hulk-ao-lado-de-Neymar-durante-um-jogo-do-Brasil.webp\",\"datePublished\":\"2025-04-19T01:00:00+00:00\",\"author\":{\"@id\":\"https:\/\/www.gaveanews.com\/#\/schema\/person\/a9f62fe75380c6bada1b2fc49bc23d69\"},\"breadcrumb\":{\"@id\":\"https:\/\/www.gaveanews.com\/index.php\/2025\/04\/18\/a-declaracao-de-hulk-direcionada-a-neymar\/#breadcrumb\"},\"inLanguage\":\"pt-BR\",\"potentialAction\":[{\"@type\":\"ReadAction\",\"target\":[\"https:\/\/www.gaveanews.com\/index.php\/2025\/04\/18\/a-declaracao-de-hulk-direcionada-a-neymar\/\"]}]},{\"@type\":\"ImageObject\",\"inLanguage\":\"pt-BR\",\"@id\":\"https:\/\/www.gaveanews.com\/index.php\/2025\/04\/18\/a-declaracao-de-hulk-direcionada-a-neymar\/#primaryimage\",\"url\":\"https:\/\/www.gaveanews.com\/wp-content\/uploads\/Hulk-ao-lado-de-Neymar-durante-um-jogo-do-Brasil.webp\",\"contentUrl\":\"https:\/\/www.gaveanews.com\/wp-content\/uploads\/Hulk-ao-lado-de-Neymar-durante-um-jogo-do-Brasil.webp\",\"width\":620,\"height\":390,\"caption\":\"Hulk ao lado de Neymar durante um jogo do Brasil (Foto: Getty Images)\"},{\"@type\":\"BreadcrumbList\",\"@id\":\"https:\/\/www.gaveanews.com\/index.php\/2025\/04\/18\/a-declaracao-de-hulk-direcionada-a-neymar\/#breadcrumb\",\"itemListElement\":[{\"@type\":\"ListItem\",\"position\":1,\"name\":\"Home\",\"item\":\"https:\/\/www.gaveanews.com\/\"},{\"@type\":\"ListItem\",\"position\":2,\"name\":\"A declara\u00e7\u00e3o de Hulk direcionada a Neymar\"}]},{\"@type\":\"WebSite\",\"@id\":\"https:\/\/www.gaveanews.com\/#website\",\"url\":\"https:\/\/www.gaveanews.com\/\",\"name\":\"G\u00e1vea News\",\"description\":\"Veja todas as not\u00edcias sobre o Flamengo: Contrata\u00e7\u00f5es, categorias de base, resultados das partidas, tabela de classifica\u00e7\u00e3o, pr\u00f3ximos jogos!\",\"potentialAction\":[{\"@type\":\"SearchAction\",\"target\":{\"@type\":\"EntryPoint\",\"urlTemplate\":\"https:\/\/www.gaveanews.com\/?s={search_term_string}\"},\"query-input\":{\"@type\":\"PropertyValueSpecification\",\"valueRequired\":true,\"valueName\":\"search_term_string\"}}],\"inLanguage\":\"pt-BR\"},{\"@type\":\"Person\",\"@id\":\"https:\/\/www.gaveanews.com\/#\/schema\/person\/a9f62fe75380c6bada1b2fc49bc23d69\",\"name\":\"Marco Menezes\",\"image\":{\"@type\":\"ImageObject\",\"inLanguage\":\"pt-BR\",\"@id\":\"https:\/\/www.gaveanews.com\/#\/schema\/person\/image\/\",\"url\":\"https:\/\/secure.gravatar.com\/avatar\/a1d148ae17fc8bfc5dbccffd07979e8bd2c9ba494221779de86ec2c7907b71ec?s=96&d=mm&r=g\",\"contentUrl\":\"https:\/\/secure.gravatar.com\/avatar\/a1d148ae17fc8bfc5dbccffd07979e8bd2c9ba494221779de86ec2c7907b71ec?s=96&d=mm&r=g\",\"caption\":\"Marco Menezes\"}}]}<\/script>\n<!-- \/ Yoast SEO Premium plugin. -->","yoast_head_json":{"title":"A declara\u00e7\u00e3o de Hulk direcionada a Neymar","robots":{"index":"index","follow":"follow","max-snippet":"max-snippet:-1","max-image-preview":"max-image-preview:large","max-video-preview":"max-video-preview:-1"},"canonical":"https:\/\/www.gaveanews.com\/index.php\/2025\/04\/18\/a-declaracao-de-hulk-direcionada-a-neymar\/","og_locale":"pt_BR","og_type":"article","og_title":"A declara\u00e7\u00e3o de Hulk direcionada a Neymar","og_description":"O Hulk comentou sobre o reencontro com Neymar nos campos de futebol desde a parceria na Sele\u00e7\u00e3o Brasileira. O atacante do Atl\u00e9tico-MG rasgou elogios ao ex-companheiro e destacou o carinho que sente pelo camisa 10. \u201c\u00c9 sempre bom reencontrar o Neymar. A gente foi companheiro durante alguns anos na Sele\u00e7\u00e3o e \u00e9 um cara que [&hellip;]","og_url":"https:\/\/www.gaveanews.com\/index.php\/2025\/04\/18\/a-declaracao-de-hulk-direcionada-a-neymar\/","og_site_name":"G\u00e1vea News","article_publisher":"https:\/\/facebook.com\/gaveaNews\/","article_published_time":"2025-04-19T01:00:00+00:00","og_image":[{"width":620,"height":390,"url":"https:\/\/www.gaveanews.com\/wp-content\/uploads\/Hulk-ao-lado-de-Neymar-durante-um-jogo-do-Brasil.webp","type":"image\/jpeg"}],"author":"Marco Menezes","twitter_card":"summary_large_image","twitter_misc":{"Escrito por":"Marco Menezes","Est. tempo de leitura":"2 minutos"},"schema":{"@context":"https:\/\/schema.org","@graph":[{"@type":"NewsArticle","@id":"https:\/\/www.gaveanews.com\/index.php\/2025\/04\/18\/a-declaracao-de-hulk-direcionada-a-neymar\/#article","isPartOf":{"@id":"https:\/\/www.gaveanews.com\/index.php\/2025\/04\/18\/a-declaracao-de-hulk-direcionada-a-neymar\/"},"author":{"name":"Marco Menezes","@id":"https:\/\/www.gaveanews.com\/#\/schema\/person\/a9f62fe75380c6bada1b2fc49bc23d69"},"headline":"A declara\u00e7\u00e3o de Hulk direcionada a Neymar","datePublished":"2025-04-19T01:00:00+00:00","mainEntityOfPage":{"@id":"https:\/\/www.gaveanews.com\/index.php\/2025\/04\/18\/a-declaracao-de-hulk-direcionada-a-neymar\/"},"wordCount":330,"commentCount":0,"image":{"@id":"https:\/\/www.gaveanews.com\/index.php\/2025\/04\/18\/a-declaracao-de-hulk-direcionada-a-neymar\/#primaryimage"},"thumbnailUrl":"https:\/\/www.gaveanews.com\/wp-content\/uploads\/Hulk-ao-lado-de-Neymar-durante-um-jogo-do-Brasil.webp","articleSection":["Atl\u00e9tico-MG","Santos"],"inLanguage":"pt-BR","potentialAction":[{"@type":"CommentAction","name":"Comment","target":["https:\/\/www.gaveanews.com\/index.php\/2025\/04\/18\/a-declaracao-de-hulk-direcionada-a-neymar\/#respond"]}],"copyrightYear":"2025","copyrightHolder":{"@id":"https:\/\/www.gaveanews.com\/#organization"}},{"@type":"WebPage","@id":"https:\/\/www.gaveanews.com\/index.php\/2025\/04\/18\/a-declaracao-de-hulk-direcionada-a-neymar\/","url":"https:\/\/www.gaveanews.com\/index.php\/2025\/04\/18\/a-declaracao-de-hulk-direcionada-a-neymar\/","name":"A declara\u00e7\u00e3o de Hulk direcionada a Neymar","isPartOf":{"@id":"https:\/\/www.gaveanews.com\/#website"},"primaryImageOfPage":{"@id":"https:\/\/www.gaveanews.com\/index.php\/2025\/04\/18\/a-declaracao-de-hulk-direcionada-a-neymar\/#primaryimage"},"image":{"@id":"https:\/\/www.gaveanews.com\/index.php\/2025\/04\/18\/a-declaracao-de-hulk-direcionada-a-neymar\/#primaryimage"},"thumbnailUrl":"https:\/\/www.gaveanews.com\/wp-content\/uploads\/Hulk-ao-lado-de-Neymar-durante-um-jogo-do-Brasil.webp","datePublished":"2025-04-19T01:00:00+00:00","author":{"@id":"https:\/\/www.gaveanews.com\/#\/schema\/person\/a9f62fe75380c6bada1b2fc49bc23d69"},"breadcrumb":{"@id":"https:\/\/www.gaveanews.com\/index.php\/2025\/04\/18\/a-declaracao-de-hulk-direcionada-a-neymar\/#breadcrumb"},"inLanguage":"pt-BR","potentialAction":[{"@type":"ReadAction","target":["https:\/\/www.gaveanews.com\/index.php\/2025\/04\/18\/a-declaracao-de-hulk-direcionada-a-neymar\/"]}]},{"@type":"ImageObject","inLanguage":"pt-BR","@id":"https:\/\/www.gaveanews.com\/index.php\/2025\/04\/18\/a-declaracao-de-hulk-direcionada-a-neymar\/#primaryimage","url":"https:\/\/www.gaveanews.com\/wp-content\/uploads\/Hulk-ao-lado-de-Neymar-durante-um-jogo-do-Brasil.webp","contentUrl":"https:\/\/www.gaveanews.com\/wp-content\/uploads\/Hulk-ao-lado-de-Neymar-durante-um-jogo-do-Brasil.webp","width":620,"height":390,"caption":"Hulk ao lado de Neymar durante um jogo do Brasil (Foto: Getty Images)"},{"@type":"BreadcrumbList","@id":"https:\/\/www.gaveanews.com\/index.php\/2025\/04\/18\/a-declaracao-de-hulk-direcionada-a-neymar\/#breadcrumb","itemListElement":[{"@type":"ListItem","position":1,"name":"Home","item":"https:\/\/www.gaveanews.com\/"},{"@type":"ListItem","position":2,"name":"A declara\u00e7\u00e3o de Hulk direcionada a Neymar"}]},{"@type":"WebSite","@id":"https:\/\/www.gaveanews.com\/#website","url":"https:\/\/www.gaveanews.com\/","name":"G\u00e1vea News","description":"Veja todas as not\u00edcias sobre o Flamengo: Contrata\u00e7\u00f5es, categorias de base, resultados das partidas, tabela de classifica\u00e7\u00e3o, pr\u00f3ximos jogos!","potentialAction":[{"@type":"SearchAction","target":{"@type":"EntryPoint","urlTemplate":"https:\/\/www.gaveanews.com\/?s={search_term_string}"},"query-input":{"@type":"PropertyValueSpecification","valueRequired":true,"valueName":"search_term_string"}}],"inLanguage":"pt-BR"},{"@type":"Person","@id":"https:\/\/www.gaveanews.com\/#\/schema\/person\/a9f62fe75380c6bada1b2fc49bc23d69","name":"Marco Menezes","image":{"@type":"ImageObject","inLanguage":"pt-BR","@id":"https:\/\/www.gaveanews.com\/#\/schema\/person\/image\/","url":"https:\/\/secure.gravatar.com\/avatar\/a1d148ae17fc8bfc5dbccffd07979e8bd2c9ba494221779de86ec2c7907b71ec?s=96&d=mm&r=g","contentUrl":"https:\/\/secure.gravatar.com\/avatar\/a1d148ae17fc8bfc5dbccffd07979e8bd2c9ba494221779de86ec2c7907b71ec?s=96&d=mm&r=g","caption":"Marco Menezes"}}]}},"_links":{"self":[{"href":"https:\/\/www.gaveanews.com\/index.php\/wp-json\/wp\/v2\/posts\/255175","targetHints":{"allow":["GET"]}}],"collection":[{"href":"https:\/\/www.gaveanews.com\/index.php\/wp-json\/wp\/v2\/posts"}],"about":[{"href":"https:\/\/www.gaveanews.com\/index.php\/wp-json\/wp\/v2\/types\/post"}],"author":[{"embeddable":true,"href":"https:\/\/www.gaveanews.com\/index.php\/wp-json\/wp\/v2\/users\/29"}],"replies":[{"embeddable":true,"href":"https:\/\/www.gaveanews.com\/index.php\/wp-json\/wp\/v2\/comments?post=255175"}],"version-history":[{"count":1,"href":"https:\/\/www.gaveanews.com\/index.php\/wp-json\/wp\/v2\/posts\/255175\/revisions"}],"predecessor-version":[{"id":255176,"href":"https:\/\/www.gaveanews.com\/index.php\/wp-json\/wp\/v2\/posts\/255175\/revisions\/255176"}],"wp:featuredmedia":[{"embeddable":true,"href":"https:\/\/www.gaveanews.com\/index.php\/wp-json\/wp\/v2\/media\/55300"}],"wp:attachment":[{"href":"https:\/\/www.gaveanews.com\/index.php\/wp-json\/wp\/v2\/media?parent=255175"}],"wp:term":[{"taxonomy":"category","embeddable":true,"href":"https:\/\/www.gaveanews.com\/index.php\/wp-json\/wp\/v2\/categories?post=255175"},{"taxonomy":"post_tag","embeddable":true,"href":"https:\/\/www.gaveanews.com\/index.php\/wp-json\/wp\/v2\/tags?post=255175"}],"curies":[{"name":"wp","href":"https:\/\/api.w.org\/{rel}","templated":true}]}}