{"id":255177,"date":"2025-04-18T23:40:59","date_gmt":"2025-04-19T02:40:59","guid":{"rendered":"https:\/\/www.gaveanews.com\/?p=255177"},"modified":"2025-04-18T23:41:03","modified_gmt":"2025-04-19T02:41:03","slug":"a-declaracao-de-emiliano-diaz-direcionada-a-donelli-apos-derrota-do-corinthians","status":"publish","type":"post","link":"https:\/\/www.gaveanews.com\/index.php\/2025\/04\/18\/a-declaracao-de-emiliano-diaz-direcionada-a-donelli-apos-derrota-do-corinthians\/","title":{"rendered":"A declara\u00e7\u00e3o de Emiliano D\u00edaz direcionada a Donelli ap\u00f3s derrota do Corinthians"},"content":{"rendered":"\n<p>O Corinthians perdeu para o Fluminense por 2 a 0 na Neo Qu\u00edmica Arena, durante a noite de quarta-feira (16), em partida v\u00e1lida pela quarta rodada da S\u00e9rie A do Campeonato Brasileiro. Este resultado marcou mais um rev\u00e9s para a equipe paulista na competi\u00e7\u00e3o nacional.<\/p>\n\n\n\n<p>Ademais, o Fluminense construiu sua vit\u00f3ria com gols marcados pelo lateral-esquerdo Ren\u00ea e pelo meia-atacante Jhon Arias, que converteu um p\u00eanalti. O Tricolor Carioca, portanto, soube aproveitar as oportunidades criadas durante o confronto.<\/p>\n\n\n\n<p>Embora o time paulista tenha mantido maior posse de bola ao longo dos 90 minutos, demonstrou novamente dificuldades na cria\u00e7\u00e3o de jogadas ofensivas e apresentou fragilidades na consist\u00eancia defensiva. Tais problemas foram semelhantes aos observados na derrota anterior contra o Palmeiras.<\/p>\n\n\n\n<p>Consequentemente, este resultado negativo intensificou a press\u00e3o sobre a comiss\u00e3o t\u00e9cnica at\u00e9 ent\u00e3o liderada por Ram\u00f3n D\u00edaz. Apesar da recente conquista do t\u00edtulo estadual, uma parte da torcida j\u00e1 expressava contesta\u00e7\u00f5es ao trabalho desenvolvido.<\/p>\n\n\n\n<h2 class=\"wp-block-heading\" id=\"h-defesa-de-emiliano-diaz-a-matheus-donelli\">Defesa de Emiliano D\u00edaz a Matheus Donelli<\/h2>\n\n\n\n<p>Ap\u00f3s o jogo, Emiliano D\u00edaz manifestou publicamente seu apoio ao goleiro Matheus Donelli. D\u00edaz defendeu o jovem arqueiro das cr\u00edticas e afirmou que ele n\u00e3o teve responsabilidade direta no primeiro gol sofrido pela equipe.<\/p>\n\n\n\n<p>O auxiliar t\u00e9cnico ressaltou a import\u00e2ncia de valorizar o atleta, pois &#8220;Ele (Donelli) \u00e9 um menino da casa&#8221;. Al\u00e9m disso, D\u00edaz comentou sobre o desafio que representa ser suplente &#8220;de um novo \u00eddolo&#8221;, referindo-se ao titular Hugo Souza, atualmente afastado por les\u00e3o.<\/p>\n\n\n\n<p>O profissional reconheceu que, em momentos de derrota e sem a presen\u00e7a do jogador considerado \u00eddolo, surgem questionamentos, principalmente na m\u00eddia e nas redes sociais. No entanto, ele observou que a torcida presente na arena aplaudiu o goleiro, demonstrando apoio. &#8220;N\u00f3s passamos total apoio, seguimos trabalhando com ele [&#8230;] Seguimos confiando nele&#8221;, declarou D\u00edaz, refor\u00e7ando a confian\u00e7a da comiss\u00e3o.<\/p>\n\n\n\n<figure class=\"wp-block-image size-full\"><img loading=\"lazy\" decoding=\"async\" width=\"828\" height=\"552\" src=\"http:\/\/www.gaveanews.com\/wp-content\/uploads\/Matheus-Donelli-em-acao-pelo-Corinthians.webp\" alt=\"\" class=\"wp-image-146908\" srcset=\"https:\/\/www.gaveanews.com\/wp-content\/uploads\/Matheus-Donelli-em-acao-pelo-Corinthians.webp 828w, https:\/\/www.gaveanews.com\/wp-content\/uploads\/Matheus-Donelli-em-acao-pelo-Corinthians-300x200.webp 300w, https:\/\/www.gaveanews.com\/wp-content\/uploads\/Matheus-Donelli-em-acao-pelo-Corinthians-768x512.webp 768w, https:\/\/www.gaveanews.com\/wp-content\/uploads\/Matheus-Donelli-em-acao-pelo-Corinthians-630x420.webp 630w, https:\/\/www.gaveanews.com\/wp-content\/uploads\/Matheus-Donelli-em-acao-pelo-Corinthians-640x427.webp 640w, https:\/\/www.gaveanews.com\/wp-content\/uploads\/Matheus-Donelli-em-acao-pelo-Corinthians-681x454.webp 681w, https:\/\/www.gaveanews.com\/wp-content\/uploads\/Matheus-Donelli-em-acao-pelo-Corinthians-100x67.webp 100w\" sizes=\"auto, (max-width: 828px) 100vw, 828px\" \/><figcaption class=\"wp-element-caption\">Matheus Donelli, em a\u00e7\u00e3o pelo Corinthians (Foto Reprodu\u00e7\u00e3o\/Instagram)<\/figcaption><\/figure>\n\n\n\n<h2 class=\"wp-block-heading\" id=\"h-contexto-e-desempenho-recente-do-goleiro\">Contexto e desempenho recente do goleiro<\/h2>\n\n\n\n<p>Matheus Donelli assumiu a titularidade do gol corintiano devido \u00e0 aus\u00eancia de Hugo Souza. Desde ent\u00e3o, o jovem goleiro enfrenta questionamentos de parte dos torcedores, sobretudo em plataformas online, em virtude das atua\u00e7\u00f5es da equipe.<\/p>\n\n\n\n<p>Desde que Donelli ocupa a meta corintiana, o time disputou seis partidas. Nesse per\u00edodo, acumulou uma vit\u00f3ria (contra o Vasco), dois empates (diante de Bahia e Am\u00e9rica de Cali-COL) e sofreu tr\u00eas derrotas (para Hurac\u00e1n-ARG, Palmeiras e Fluminense).<\/p>\n\n\n\n<p>Nesse \u00ednterim, a defesa corintiana sofreu um total de oito gols. Emiliano D\u00edaz concluiu sua fala na coletiva refor\u00e7ando que a presen\u00e7a de Donelli na equipe n\u00e3o \u00e9 um acaso, mas sim resultado de seu pr\u00f3prio m\u00e9rito e trabalho cont\u00ednuo no clube.<\/p>\n\n\n\n<p>Vale lembrar que o Corinthians anunciou a demiss\u00e3o do t\u00e9cnico Ram\u00f3n D\u00edaz nesta quinta-feira (17). A decis\u00e3o ocorreu ap\u00f3s a derrota do clube alvinegro para o Fluminense por 2 a 0, na Neo Qu\u00edmica Arena.<\/p>\n","protected":false},"excerpt":{"rendered":"<p>O Corinthians perdeu para o Fluminense por 2 a 0 na Neo Qu\u00edmica Arena, durante a noite de quarta-feira (16), em partida v\u00e1lida pela quarta rodada da S\u00e9rie A do Campeonato Brasileiro. Este resultado marcou mais um rev\u00e9s para a equipe paulista na competi\u00e7\u00e3o nacional. Ademais, o Fluminense construiu sua vit\u00f3ria com gols marcados pelo [&hellip;]<\/p>\n","protected":false},"author":28,"featured_media":222751,"comment_status":"open","ping_status":"closed","sticky":false,"template":"","format":"standard","meta":{"footnotes":""},"categories":[141],"tags":[],"class_list":["post-255177","post","type-post","status-publish","format-standard","has-post-thumbnail","hentry","category-corinthians"],"yoast_head":"<!-- This site is optimized with the Yoast SEO Premium plugin v24.2 (Yoast SEO v26.9) - https:\/\/yoast.com\/product\/yoast-seo-premium-wordpress\/ -->\n<title>A declara\u00e7\u00e3o de Emiliano D\u00edaz direcionada a Donelli ap\u00f3s derrota do Corinthians<\/title>\n<meta name=\"robots\" content=\"index, follow, max-snippet:-1, max-image-preview:large, max-video-preview:-1\" \/>\n<link rel=\"canonical\" href=\"https:\/\/www.gaveanews.com\/index.php\/2025\/04\/18\/a-declaracao-de-emiliano-diaz-direcionada-a-donelli-apos-derrota-do-corinthians\/\" \/>\n<meta property=\"og:locale\" content=\"pt_BR\" \/>\n<meta property=\"og:type\" content=\"article\" \/>\n<meta property=\"og:title\" content=\"A declara\u00e7\u00e3o de Emiliano D\u00edaz direcionada a Donelli ap\u00f3s derrota do Corinthians\" \/>\n<meta property=\"og:description\" content=\"O Corinthians perdeu para o Fluminense por 2 a 0 na Neo Qu\u00edmica Arena, durante a noite de quarta-feira (16), em partida v\u00e1lida pela quarta rodada da S\u00e9rie A do Campeonato Brasileiro. Este resultado marcou mais um rev\u00e9s para a equipe paulista na competi\u00e7\u00e3o nacional. Ademais, o Fluminense construiu sua vit\u00f3ria com gols marcados pelo [&hellip;]\" \/>\n<meta property=\"og:url\" content=\"https:\/\/www.gaveanews.com\/index.php\/2025\/04\/18\/a-declaracao-de-emiliano-diaz-direcionada-a-donelli-apos-derrota-do-corinthians\/\" \/>\n<meta property=\"og:site_name\" content=\"G\u00e1vea News\" \/>\n<meta property=\"article:publisher\" content=\"https:\/\/facebook.com\/gaveaNews\/\" \/>\n<meta property=\"article:published_time\" content=\"2025-04-19T02:40:59+00:00\" \/>\n<meta property=\"article:modified_time\" content=\"2025-04-19T02:41:03+00:00\" \/>\n<meta property=\"og:image\" content=\"http:\/\/www.gaveanews.com\/wp-content\/uploads\/Emiliano-Diaz-no-Corinthians.webp\" \/>\n\t<meta property=\"og:image:width\" content=\"551\" \/>\n\t<meta property=\"og:image:height\" content=\"615\" \/>\n\t<meta property=\"og:image:type\" content=\"image\/jpeg\" \/>\n<meta name=\"author\" content=\"Hudson Pereira\" \/>\n<meta name=\"twitter:card\" content=\"summary_large_image\" \/>\n<meta name=\"twitter:label1\" content=\"Escrito por\" \/>\n\t<meta name=\"twitter:data1\" content=\"Hudson Pereira\" \/>\n\t<meta name=\"twitter:label2\" content=\"Est. tempo de leitura\" \/>\n\t<meta name=\"twitter:data2\" content=\"3 minutos\" \/>\n<script type=\"application\/ld+json\" class=\"yoast-schema-graph\">{\"@context\":\"https:\/\/schema.org\",\"@graph\":[{\"@type\":\"NewsArticle\",\"@id\":\"https:\/\/www.gaveanews.com\/index.php\/2025\/04\/18\/a-declaracao-de-emiliano-diaz-direcionada-a-donelli-apos-derrota-do-corinthians\/#article\",\"isPartOf\":{\"@id\":\"https:\/\/www.gaveanews.com\/index.php\/2025\/04\/18\/a-declaracao-de-emiliano-diaz-direcionada-a-donelli-apos-derrota-do-corinthians\/\"},\"author\":{\"name\":\"Hudson Pereira\",\"@id\":\"https:\/\/www.gaveanews.com\/#\/schema\/person\/bd08f00534b403119b92741a6d469ef0\"},\"headline\":\"A declara\u00e7\u00e3o de Emiliano D\u00edaz direcionada a Donelli ap\u00f3s derrota do Corinthians\",\"datePublished\":\"2025-04-19T02:40:59+00:00\",\"dateModified\":\"2025-04-19T02:41:03+00:00\",\"mainEntityOfPage\":{\"@id\":\"https:\/\/www.gaveanews.com\/index.php\/2025\/04\/18\/a-declaracao-de-emiliano-diaz-direcionada-a-donelli-apos-derrota-do-corinthians\/\"},\"wordCount\":523,\"commentCount\":0,\"image\":{\"@id\":\"https:\/\/www.gaveanews.com\/index.php\/2025\/04\/18\/a-declaracao-de-emiliano-diaz-direcionada-a-donelli-apos-derrota-do-corinthians\/#primaryimage\"},\"thumbnailUrl\":\"https:\/\/www.gaveanews.com\/wp-content\/uploads\/Emiliano-Diaz-no-Corinthians.webp\",\"articleSection\":[\"Corinthians\"],\"inLanguage\":\"pt-BR\",\"potentialAction\":[{\"@type\":\"CommentAction\",\"name\":\"Comment\",\"target\":[\"https:\/\/www.gaveanews.com\/index.php\/2025\/04\/18\/a-declaracao-de-emiliano-diaz-direcionada-a-donelli-apos-derrota-do-corinthians\/#respond\"]}],\"copyrightYear\":\"2025\",\"copyrightHolder\":{\"@id\":\"https:\/\/www.gaveanews.com\/#organization\"}},{\"@type\":\"WebPage\",\"@id\":\"https:\/\/www.gaveanews.com\/index.php\/2025\/04\/18\/a-declaracao-de-emiliano-diaz-direcionada-a-donelli-apos-derrota-do-corinthians\/\",\"url\":\"https:\/\/www.gaveanews.com\/index.php\/2025\/04\/18\/a-declaracao-de-emiliano-diaz-direcionada-a-donelli-apos-derrota-do-corinthians\/\",\"name\":\"A declara\u00e7\u00e3o de Emiliano D\u00edaz direcionada a Donelli ap\u00f3s derrota do Corinthians\",\"isPartOf\":{\"@id\":\"https:\/\/www.gaveanews.com\/#website\"},\"primaryImageOfPage\":{\"@id\":\"https:\/\/www.gaveanews.com\/index.php\/2025\/04\/18\/a-declaracao-de-emiliano-diaz-direcionada-a-donelli-apos-derrota-do-corinthians\/#primaryimage\"},\"image\":{\"@id\":\"https:\/\/www.gaveanews.com\/index.php\/2025\/04\/18\/a-declaracao-de-emiliano-diaz-direcionada-a-donelli-apos-derrota-do-corinthians\/#primaryimage\"},\"thumbnailUrl\":\"https:\/\/www.gaveanews.com\/wp-content\/uploads\/Emiliano-Diaz-no-Corinthians.webp\",\"datePublished\":\"2025-04-19T02:40:59+00:00\",\"dateModified\":\"2025-04-19T02:41:03+00:00\",\"author\":{\"@id\":\"https:\/\/www.gaveanews.com\/#\/schema\/person\/bd08f00534b403119b92741a6d469ef0\"},\"breadcrumb\":{\"@id\":\"https:\/\/www.gaveanews.com\/index.php\/2025\/04\/18\/a-declaracao-de-emiliano-diaz-direcionada-a-donelli-apos-derrota-do-corinthians\/#breadcrumb\"},\"inLanguage\":\"pt-BR\",\"potentialAction\":[{\"@type\":\"ReadAction\",\"target\":[\"https:\/\/www.gaveanews.com\/index.php\/2025\/04\/18\/a-declaracao-de-emiliano-diaz-direcionada-a-donelli-apos-derrota-do-corinthians\/\"]}]},{\"@type\":\"ImageObject\",\"inLanguage\":\"pt-BR\",\"@id\":\"https:\/\/www.gaveanews.com\/index.php\/2025\/04\/18\/a-declaracao-de-emiliano-diaz-direcionada-a-donelli-apos-derrota-do-corinthians\/#primaryimage\",\"url\":\"https:\/\/www.gaveanews.com\/wp-content\/uploads\/Emiliano-Diaz-no-Corinthians.webp\",\"contentUrl\":\"https:\/\/www.gaveanews.com\/wp-content\/uploads\/Emiliano-Diaz-no-Corinthians.webp\",\"width\":551,\"height\":615,\"caption\":\"Emiliano D\u00edaz no Corinthians (Foto: Reprodu\u00e7\u00e3o\/Instagram)\"},{\"@type\":\"BreadcrumbList\",\"@id\":\"https:\/\/www.gaveanews.com\/index.php\/2025\/04\/18\/a-declaracao-de-emiliano-diaz-direcionada-a-donelli-apos-derrota-do-corinthians\/#breadcrumb\",\"itemListElement\":[{\"@type\":\"ListItem\",\"position\":1,\"name\":\"Home\",\"item\":\"https:\/\/www.gaveanews.com\/\"},{\"@type\":\"ListItem\",\"position\":2,\"name\":\"A declara\u00e7\u00e3o de Emiliano D\u00edaz direcionada a Donelli ap\u00f3s derrota do Corinthians\"}]},{\"@type\":\"WebSite\",\"@id\":\"https:\/\/www.gaveanews.com\/#website\",\"url\":\"https:\/\/www.gaveanews.com\/\",\"name\":\"G\u00e1vea News\",\"description\":\"Veja todas as not\u00edcias sobre o Flamengo: Contrata\u00e7\u00f5es, categorias de base, resultados das partidas, tabela de classifica\u00e7\u00e3o, pr\u00f3ximos jogos!\",\"potentialAction\":[{\"@type\":\"SearchAction\",\"target\":{\"@type\":\"EntryPoint\",\"urlTemplate\":\"https:\/\/www.gaveanews.com\/?s={search_term_string}\"},\"query-input\":{\"@type\":\"PropertyValueSpecification\",\"valueRequired\":true,\"valueName\":\"search_term_string\"}}],\"inLanguage\":\"pt-BR\"},{\"@type\":\"Person\",\"@id\":\"https:\/\/www.gaveanews.com\/#\/schema\/person\/bd08f00534b403119b92741a6d469ef0\",\"name\":\"Hudson Pereira\",\"image\":{\"@type\":\"ImageObject\",\"inLanguage\":\"pt-BR\",\"@id\":\"https:\/\/www.gaveanews.com\/#\/schema\/person\/image\/\",\"url\":\"https:\/\/secure.gravatar.com\/avatar\/ecc491b489e454e510efffc9b23c1052ce5fb4f2e05555768ba65819cd55f03e?s=96&d=mm&r=g\",\"contentUrl\":\"https:\/\/secure.gravatar.com\/avatar\/ecc491b489e454e510efffc9b23c1052ce5fb4f2e05555768ba65819cd55f03e?s=96&d=mm&r=g\",\"caption\":\"Hudson Pereira\"}}]}<\/script>\n<!-- \/ Yoast SEO Premium plugin. -->","yoast_head_json":{"title":"A declara\u00e7\u00e3o de Emiliano D\u00edaz direcionada a Donelli ap\u00f3s derrota do Corinthians","robots":{"index":"index","follow":"follow","max-snippet":"max-snippet:-1","max-image-preview":"max-image-preview:large","max-video-preview":"max-video-preview:-1"},"canonical":"https:\/\/www.gaveanews.com\/index.php\/2025\/04\/18\/a-declaracao-de-emiliano-diaz-direcionada-a-donelli-apos-derrota-do-corinthians\/","og_locale":"pt_BR","og_type":"article","og_title":"A declara\u00e7\u00e3o de Emiliano D\u00edaz direcionada a Donelli ap\u00f3s derrota do Corinthians","og_description":"O Corinthians perdeu para o Fluminense por 2 a 0 na Neo Qu\u00edmica Arena, durante a noite de quarta-feira (16), em partida v\u00e1lida pela quarta rodada da S\u00e9rie A do Campeonato Brasileiro. Este resultado marcou mais um rev\u00e9s para a equipe paulista na competi\u00e7\u00e3o nacional. Ademais, o Fluminense construiu sua vit\u00f3ria com gols marcados pelo [&hellip;]","og_url":"https:\/\/www.gaveanews.com\/index.php\/2025\/04\/18\/a-declaracao-de-emiliano-diaz-direcionada-a-donelli-apos-derrota-do-corinthians\/","og_site_name":"G\u00e1vea News","article_publisher":"https:\/\/facebook.com\/gaveaNews\/","article_published_time":"2025-04-19T02:40:59+00:00","article_modified_time":"2025-04-19T02:41:03+00:00","og_image":[{"width":551,"height":615,"url":"http:\/\/www.gaveanews.com\/wp-content\/uploads\/Emiliano-Diaz-no-Corinthians.webp","type":"image\/jpeg"}],"author":"Hudson Pereira","twitter_card":"summary_large_image","twitter_misc":{"Escrito por":"Hudson Pereira","Est. tempo de leitura":"3 minutos"},"schema":{"@context":"https:\/\/schema.org","@graph":[{"@type":"NewsArticle","@id":"https:\/\/www.gaveanews.com\/index.php\/2025\/04\/18\/a-declaracao-de-emiliano-diaz-direcionada-a-donelli-apos-derrota-do-corinthians\/#article","isPartOf":{"@id":"https:\/\/www.gaveanews.com\/index.php\/2025\/04\/18\/a-declaracao-de-emiliano-diaz-direcionada-a-donelli-apos-derrota-do-corinthians\/"},"author":{"name":"Hudson Pereira","@id":"https:\/\/www.gaveanews.com\/#\/schema\/person\/bd08f00534b403119b92741a6d469ef0"},"headline":"A declara\u00e7\u00e3o de Emiliano D\u00edaz direcionada a Donelli ap\u00f3s derrota do Corinthians","datePublished":"2025-04-19T02:40:59+00:00","dateModified":"2025-04-19T02:41:03+00:00","mainEntityOfPage":{"@id":"https:\/\/www.gaveanews.com\/index.php\/2025\/04\/18\/a-declaracao-de-emiliano-diaz-direcionada-a-donelli-apos-derrota-do-corinthians\/"},"wordCount":523,"commentCount":0,"image":{"@id":"https:\/\/www.gaveanews.com\/index.php\/2025\/04\/18\/a-declaracao-de-emiliano-diaz-direcionada-a-donelli-apos-derrota-do-corinthians\/#primaryimage"},"thumbnailUrl":"https:\/\/www.gaveanews.com\/wp-content\/uploads\/Emiliano-Diaz-no-Corinthians.webp","articleSection":["Corinthians"],"inLanguage":"pt-BR","potentialAction":[{"@type":"CommentAction","name":"Comment","target":["https:\/\/www.gaveanews.com\/index.php\/2025\/04\/18\/a-declaracao-de-emiliano-diaz-direcionada-a-donelli-apos-derrota-do-corinthians\/#respond"]}],"copyrightYear":"2025","copyrightHolder":{"@id":"https:\/\/www.gaveanews.com\/#organization"}},{"@type":"WebPage","@id":"https:\/\/www.gaveanews.com\/index.php\/2025\/04\/18\/a-declaracao-de-emiliano-diaz-direcionada-a-donelli-apos-derrota-do-corinthians\/","url":"https:\/\/www.gaveanews.com\/index.php\/2025\/04\/18\/a-declaracao-de-emiliano-diaz-direcionada-a-donelli-apos-derrota-do-corinthians\/","name":"A declara\u00e7\u00e3o de Emiliano D\u00edaz direcionada a Donelli ap\u00f3s derrota do Corinthians","isPartOf":{"@id":"https:\/\/www.gaveanews.com\/#website"},"primaryImageOfPage":{"@id":"https:\/\/www.gaveanews.com\/index.php\/2025\/04\/18\/a-declaracao-de-emiliano-diaz-direcionada-a-donelli-apos-derrota-do-corinthians\/#primaryimage"},"image":{"@id":"https:\/\/www.gaveanews.com\/index.php\/2025\/04\/18\/a-declaracao-de-emiliano-diaz-direcionada-a-donelli-apos-derrota-do-corinthians\/#primaryimage"},"thumbnailUrl":"https:\/\/www.gaveanews.com\/wp-content\/uploads\/Emiliano-Diaz-no-Corinthians.webp","datePublished":"2025-04-19T02:40:59+00:00","dateModified":"2025-04-19T02:41:03+00:00","author":{"@id":"https:\/\/www.gaveanews.com\/#\/schema\/person\/bd08f00534b403119b92741a6d469ef0"},"breadcrumb":{"@id":"https:\/\/www.gaveanews.com\/index.php\/2025\/04\/18\/a-declaracao-de-emiliano-diaz-direcionada-a-donelli-apos-derrota-do-corinthians\/#breadcrumb"},"inLanguage":"pt-BR","potentialAction":[{"@type":"ReadAction","target":["https:\/\/www.gaveanews.com\/index.php\/2025\/04\/18\/a-declaracao-de-emiliano-diaz-direcionada-a-donelli-apos-derrota-do-corinthians\/"]}]},{"@type":"ImageObject","inLanguage":"pt-BR","@id":"https:\/\/www.gaveanews.com\/index.php\/2025\/04\/18\/a-declaracao-de-emiliano-diaz-direcionada-a-donelli-apos-derrota-do-corinthians\/#primaryimage","url":"https:\/\/www.gaveanews.com\/wp-content\/uploads\/Emiliano-Diaz-no-Corinthians.webp","contentUrl":"https:\/\/www.gaveanews.com\/wp-content\/uploads\/Emiliano-Diaz-no-Corinthians.webp","width":551,"height":615,"caption":"Emiliano D\u00edaz no Corinthians (Foto: Reprodu\u00e7\u00e3o\/Instagram)"},{"@type":"BreadcrumbList","@id":"https:\/\/www.gaveanews.com\/index.php\/2025\/04\/18\/a-declaracao-de-emiliano-diaz-direcionada-a-donelli-apos-derrota-do-corinthians\/#breadcrumb","itemListElement":[{"@type":"ListItem","position":1,"name":"Home","item":"https:\/\/www.gaveanews.com\/"},{"@type":"ListItem","position":2,"name":"A declara\u00e7\u00e3o de Emiliano D\u00edaz direcionada a Donelli ap\u00f3s derrota do Corinthians"}]},{"@type":"WebSite","@id":"https:\/\/www.gaveanews.com\/#website","url":"https:\/\/www.gaveanews.com\/","name":"G\u00e1vea News","description":"Veja todas as not\u00edcias sobre o Flamengo: Contrata\u00e7\u00f5es, categorias de base, resultados das partidas, tabela de classifica\u00e7\u00e3o, pr\u00f3ximos jogos!","potentialAction":[{"@type":"SearchAction","target":{"@type":"EntryPoint","urlTemplate":"https:\/\/www.gaveanews.com\/?s={search_term_string}"},"query-input":{"@type":"PropertyValueSpecification","valueRequired":true,"valueName":"search_term_string"}}],"inLanguage":"pt-BR"},{"@type":"Person","@id":"https:\/\/www.gaveanews.com\/#\/schema\/person\/bd08f00534b403119b92741a6d469ef0","name":"Hudson Pereira","image":{"@type":"ImageObject","inLanguage":"pt-BR","@id":"https:\/\/www.gaveanews.com\/#\/schema\/person\/image\/","url":"https:\/\/secure.gravatar.com\/avatar\/ecc491b489e454e510efffc9b23c1052ce5fb4f2e05555768ba65819cd55f03e?s=96&d=mm&r=g","contentUrl":"https:\/\/secure.gravatar.com\/avatar\/ecc491b489e454e510efffc9b23c1052ce5fb4f2e05555768ba65819cd55f03e?s=96&d=mm&r=g","caption":"Hudson Pereira"}}]}},"_links":{"self":[{"href":"https:\/\/www.gaveanews.com\/index.php\/wp-json\/wp\/v2\/posts\/255177","targetHints":{"allow":["GET"]}}],"collection":[{"href":"https:\/\/www.gaveanews.com\/index.php\/wp-json\/wp\/v2\/posts"}],"about":[{"href":"https:\/\/www.gaveanews.com\/index.php\/wp-json\/wp\/v2\/types\/post"}],"author":[{"embeddable":true,"href":"https:\/\/www.gaveanews.com\/index.php\/wp-json\/wp\/v2\/users\/28"}],"replies":[{"embeddable":true,"href":"https:\/\/www.gaveanews.com\/index.php\/wp-json\/wp\/v2\/comments?post=255177"}],"version-history":[{"count":2,"href":"https:\/\/www.gaveanews.com\/index.php\/wp-json\/wp\/v2\/posts\/255177\/revisions"}],"predecessor-version":[{"id":255180,"href":"https:\/\/www.gaveanews.com\/index.php\/wp-json\/wp\/v2\/posts\/255177\/revisions\/255180"}],"wp:featuredmedia":[{"embeddable":true,"href":"https:\/\/www.gaveanews.com\/index.php\/wp-json\/wp\/v2\/media\/222751"}],"wp:attachment":[{"href":"https:\/\/www.gaveanews.com\/index.php\/wp-json\/wp\/v2\/media?parent=255177"}],"wp:term":[{"taxonomy":"category","embeddable":true,"href":"https:\/\/www.gaveanews.com\/index.php\/wp-json\/wp\/v2\/categories?post=255177"},{"taxonomy":"post_tag","embeddable":true,"href":"https:\/\/www.gaveanews.com\/index.php\/wp-json\/wp\/v2\/tags?post=255177"}],"curies":[{"name":"wp","href":"https:\/\/api.w.org\/{rel}","templated":true}]}}