{"id":255191,"date":"2025-04-18T02:05:00","date_gmt":"2025-04-18T05:05:00","guid":{"rendered":"https:\/\/www.gaveanews.com\/?p=255191"},"modified":"2025-04-17T22:37:20","modified_gmt":"2025-04-18T01:37:20","slug":"fluminense-atualizacao-sobre-a-situacao-de-fuentes","status":"publish","type":"post","link":"https:\/\/www.gaveanews.com\/index.php\/2025\/04\/18\/fluminense-atualizacao-sobre-a-situacao-de-fuentes\/","title":{"rendered":"Fluminense: atualiza\u00e7\u00e3o sobre a situa\u00e7\u00e3o de Fuentes"},"content":{"rendered":"\n<p>O lateral-esquerdo Gabriel Fuentes est\u00e1 em fase avan\u00e7ada de recupera\u00e7\u00e3o e pode, em breve, voltar a integrar o elenco do Fluminense. O colombiano sofreu um estiramento de grau 2 no m\u00fasculo reto femoral da coxa durante a primeira partida da final do Campeonato Carioca, no dia 12 de mar\u00e7o. Desde ent\u00e3o, estava sob tratamento no departamento m\u00e9dico do clube. A fase de transi\u00e7\u00e3o f\u00edsica, iniciada na \u00faltima sexta-feira (11), indica que o atleta est\u00e1 pr\u00f3ximo de retornar \u00e0s atividades em campo.<\/p>\n\n\n\n<p>Conforme informa\u00e7\u00f5es divulgadas, a recupera\u00e7\u00e3o de Fuentes est\u00e1 dentro do prazo esperado para esse tipo de les\u00e3o. Normalmente, esse tipo de problema muscular exige de quatro a seis semanas de afastamento, considerando um tratamento conservador. A comiss\u00e3o t\u00e9cnica, entretanto, adota postura cautelosa devido ao calend\u00e1rio apertado da temporada e \u00e0 necessidade de evitar reca\u00eddas.<\/p>\n\n\n\n<p>A presen\u00e7a do lateral na partida contra o Uni\u00f3n Espa\u00f1ola, marcada para quarta-feira (23), no Chile, ainda \u00e9 incerta. H\u00e1 chances de que Fuentes seja relacionado, mas a tend\u00eancia \u00e9 que o retorno ocorra apenas no confronto diante do Botafogo, no dia 26, pela sexta rodada do Campeonato Brasileiro. \u201cTudo depende de como o corpo dele vai reagir nos pr\u00f3ximos dias\u201d, destacou uma fonte do clube.<\/p>\n\n\n\n<p>Fuentes foi contratado pelo Fluminense na janela de transfer\u00eancias do meio de 2024. Depois de um per\u00edodo de adapta\u00e7\u00e3o ao futebol brasileiro, o defensor conquistou a titularidade na reta final da temporada anterior. Em 2025, disputou 11 jogos e deu quatro assist\u00eancias, sendo o segundo jogador mais participativo em passes decisivos no elenco, atr\u00e1s apenas de Jhon Arias.<\/p>\n\n\n\n<p>Durante sua aus\u00eancia, Ren\u00ea assumiu a lateral esquerda, enquanto o jovem L\u00e9o Jance, revelado pelas categorias de base, estreou na equipe principal na partida contra o San Jos\u00e9. A utiliza\u00e7\u00e3o dos dois atletas mostra a busca do clube por alternativas enquanto o colombiano se recuperava.<\/p>\n\n\n\n<p>Atualmente, o Fluminense ocupa a terceira coloca\u00e7\u00e3o do Campeonato Brasileiro, com nove pontos, um a menos que o l\u00edder Flamengo. O time volta a campo no domingo (20), \u00e0s 18h30 (hor\u00e1rio de Bras\u00edlia), contra o Vit\u00f3ria, pela quinta rodada da competi\u00e7\u00e3o.<\/p>\n","protected":false},"excerpt":{"rendered":"<p>O lateral-esquerdo Gabriel Fuentes est\u00e1 em fase avan\u00e7ada de recupera\u00e7\u00e3o e pode, em breve, voltar a integrar o elenco do Fluminense. O colombiano sofreu um estiramento de grau 2 no m\u00fasculo reto femoral da coxa durante a primeira partida da final do Campeonato Carioca, no dia 12 de mar\u00e7o. Desde ent\u00e3o, estava sob tratamento no [&hellip;]<\/p>\n","protected":false},"author":18,"featured_media":255194,"comment_status":"open","ping_status":"closed","sticky":false,"template":"","format":"standard","meta":{"footnotes":""},"categories":[145],"tags":[],"class_list":["post-255191","post","type-post","status-publish","format-standard","has-post-thumbnail","hentry","category-fluminense"],"yoast_head":"<!-- This site is optimized with the Yoast SEO Premium plugin v24.2 (Yoast SEO v26.9) - https:\/\/yoast.com\/product\/yoast-seo-premium-wordpress\/ -->\n<title>Fluminense: atualiza\u00e7\u00e3o sobre a situa\u00e7\u00e3o de Fuentes<\/title>\n<meta name=\"robots\" content=\"index, follow, max-snippet:-1, max-image-preview:large, max-video-preview:-1\" \/>\n<link rel=\"canonical\" href=\"https:\/\/www.gaveanews.com\/index.php\/2025\/04\/18\/fluminense-atualizacao-sobre-a-situacao-de-fuentes\/\" \/>\n<meta property=\"og:locale\" content=\"pt_BR\" \/>\n<meta property=\"og:type\" content=\"article\" \/>\n<meta property=\"og:title\" content=\"Fluminense: atualiza\u00e7\u00e3o sobre a situa\u00e7\u00e3o de Fuentes\" \/>\n<meta property=\"og:description\" content=\"O lateral-esquerdo Gabriel Fuentes est\u00e1 em fase avan\u00e7ada de recupera\u00e7\u00e3o e pode, em breve, voltar a integrar o elenco do Fluminense. O colombiano sofreu um estiramento de grau 2 no m\u00fasculo reto femoral da coxa durante a primeira partida da final do Campeonato Carioca, no dia 12 de mar\u00e7o. Desde ent\u00e3o, estava sob tratamento no [&hellip;]\" \/>\n<meta property=\"og:url\" content=\"https:\/\/www.gaveanews.com\/index.php\/2025\/04\/18\/fluminense-atualizacao-sobre-a-situacao-de-fuentes\/\" \/>\n<meta property=\"og:site_name\" content=\"G\u00e1vea News\" \/>\n<meta property=\"article:publisher\" content=\"https:\/\/facebook.com\/gaveaNews\/\" \/>\n<meta property=\"article:published_time\" content=\"2025-04-18T05:05:00+00:00\" \/>\n<meta property=\"og:image\" content=\"https:\/\/www.gaveanews.com\/wp-content\/uploads\/Fuentes-pelo-Fluminense.webp\" \/>\n\t<meta property=\"og:image:width\" content=\"681\" \/>\n\t<meta property=\"og:image:height\" content=\"507\" \/>\n\t<meta property=\"og:image:type\" content=\"image\/jpeg\" \/>\n<meta name=\"author\" content=\"Paula Silva\" \/>\n<meta name=\"twitter:card\" content=\"summary_large_image\" \/>\n<meta name=\"twitter:label1\" content=\"Escrito por\" \/>\n\t<meta name=\"twitter:data1\" content=\"Paula Silva\" \/>\n\t<meta name=\"twitter:label2\" content=\"Est. tempo de leitura\" \/>\n\t<meta name=\"twitter:data2\" content=\"3 minutos\" \/>\n<script type=\"application\/ld+json\" class=\"yoast-schema-graph\">{\"@context\":\"https:\/\/schema.org\",\"@graph\":[{\"@type\":\"NewsArticle\",\"@id\":\"https:\/\/www.gaveanews.com\/index.php\/2025\/04\/18\/fluminense-atualizacao-sobre-a-situacao-de-fuentes\/#article\",\"isPartOf\":{\"@id\":\"https:\/\/www.gaveanews.com\/index.php\/2025\/04\/18\/fluminense-atualizacao-sobre-a-situacao-de-fuentes\/\"},\"author\":{\"name\":\"Paula Silva\",\"@id\":\"https:\/\/www.gaveanews.com\/#\/schema\/person\/daf63eec72e1164eb13dc35096c2b8da\"},\"headline\":\"Fluminense: atualiza\u00e7\u00e3o sobre a situa\u00e7\u00e3o de Fuentes\",\"datePublished\":\"2025-04-18T05:05:00+00:00\",\"mainEntityOfPage\":{\"@id\":\"https:\/\/www.gaveanews.com\/index.php\/2025\/04\/18\/fluminense-atualizacao-sobre-a-situacao-de-fuentes\/\"},\"wordCount\":377,\"commentCount\":0,\"image\":{\"@id\":\"https:\/\/www.gaveanews.com\/index.php\/2025\/04\/18\/fluminense-atualizacao-sobre-a-situacao-de-fuentes\/#primaryimage\"},\"thumbnailUrl\":\"https:\/\/www.gaveanews.com\/wp-content\/uploads\/Fuentes-pelo-Fluminense.webp\",\"articleSection\":[\"Fluminense\"],\"inLanguage\":\"pt-BR\",\"potentialAction\":[{\"@type\":\"CommentAction\",\"name\":\"Comment\",\"target\":[\"https:\/\/www.gaveanews.com\/index.php\/2025\/04\/18\/fluminense-atualizacao-sobre-a-situacao-de-fuentes\/#respond\"]}],\"copyrightYear\":\"2025\",\"copyrightHolder\":{\"@id\":\"https:\/\/www.gaveanews.com\/#organization\"}},{\"@type\":\"WebPage\",\"@id\":\"https:\/\/www.gaveanews.com\/index.php\/2025\/04\/18\/fluminense-atualizacao-sobre-a-situacao-de-fuentes\/\",\"url\":\"https:\/\/www.gaveanews.com\/index.php\/2025\/04\/18\/fluminense-atualizacao-sobre-a-situacao-de-fuentes\/\",\"name\":\"Fluminense: atualiza\u00e7\u00e3o sobre a situa\u00e7\u00e3o de Fuentes\",\"isPartOf\":{\"@id\":\"https:\/\/www.gaveanews.com\/#website\"},\"primaryImageOfPage\":{\"@id\":\"https:\/\/www.gaveanews.com\/index.php\/2025\/04\/18\/fluminense-atualizacao-sobre-a-situacao-de-fuentes\/#primaryimage\"},\"image\":{\"@id\":\"https:\/\/www.gaveanews.com\/index.php\/2025\/04\/18\/fluminense-atualizacao-sobre-a-situacao-de-fuentes\/#primaryimage\"},\"thumbnailUrl\":\"https:\/\/www.gaveanews.com\/wp-content\/uploads\/Fuentes-pelo-Fluminense.webp\",\"datePublished\":\"2025-04-18T05:05:00+00:00\",\"author\":{\"@id\":\"https:\/\/www.gaveanews.com\/#\/schema\/person\/daf63eec72e1164eb13dc35096c2b8da\"},\"breadcrumb\":{\"@id\":\"https:\/\/www.gaveanews.com\/index.php\/2025\/04\/18\/fluminense-atualizacao-sobre-a-situacao-de-fuentes\/#breadcrumb\"},\"inLanguage\":\"pt-BR\",\"potentialAction\":[{\"@type\":\"ReadAction\",\"target\":[\"https:\/\/www.gaveanews.com\/index.php\/2025\/04\/18\/fluminense-atualizacao-sobre-a-situacao-de-fuentes\/\"]}]},{\"@type\":\"ImageObject\",\"inLanguage\":\"pt-BR\",\"@id\":\"https:\/\/www.gaveanews.com\/index.php\/2025\/04\/18\/fluminense-atualizacao-sobre-a-situacao-de-fuentes\/#primaryimage\",\"url\":\"https:\/\/www.gaveanews.com\/wp-content\/uploads\/Fuentes-pelo-Fluminense.webp\",\"contentUrl\":\"https:\/\/www.gaveanews.com\/wp-content\/uploads\/Fuentes-pelo-Fluminense.webp\",\"width\":681,\"height\":507,\"caption\":\"Fuentes pelo Fluminense (FOTO: MARCELO GON\u00c7ALVES \/ FLUMINENSE F.C)\"},{\"@type\":\"BreadcrumbList\",\"@id\":\"https:\/\/www.gaveanews.com\/index.php\/2025\/04\/18\/fluminense-atualizacao-sobre-a-situacao-de-fuentes\/#breadcrumb\",\"itemListElement\":[{\"@type\":\"ListItem\",\"position\":1,\"name\":\"Home\",\"item\":\"https:\/\/www.gaveanews.com\/\"},{\"@type\":\"ListItem\",\"position\":2,\"name\":\"Fluminense: atualiza\u00e7\u00e3o sobre a situa\u00e7\u00e3o de Fuentes\"}]},{\"@type\":\"WebSite\",\"@id\":\"https:\/\/www.gaveanews.com\/#website\",\"url\":\"https:\/\/www.gaveanews.com\/\",\"name\":\"G\u00e1vea News\",\"description\":\"Veja todas as not\u00edcias sobre o Flamengo: Contrata\u00e7\u00f5es, categorias de base, resultados das partidas, tabela de classifica\u00e7\u00e3o, pr\u00f3ximos jogos!\",\"potentialAction\":[{\"@type\":\"SearchAction\",\"target\":{\"@type\":\"EntryPoint\",\"urlTemplate\":\"https:\/\/www.gaveanews.com\/?s={search_term_string}\"},\"query-input\":{\"@type\":\"PropertyValueSpecification\",\"valueRequired\":true,\"valueName\":\"search_term_string\"}}],\"inLanguage\":\"pt-BR\"},{\"@type\":\"Person\",\"@id\":\"https:\/\/www.gaveanews.com\/#\/schema\/person\/daf63eec72e1164eb13dc35096c2b8da\",\"name\":\"Paula Silva\",\"image\":{\"@type\":\"ImageObject\",\"inLanguage\":\"pt-BR\",\"@id\":\"https:\/\/www.gaveanews.com\/#\/schema\/person\/image\/\",\"url\":\"https:\/\/secure.gravatar.com\/avatar\/eda381c845527cc5d64c13b901833cda29d97500ba040d3e6461f76f51d163bb?s=96&d=mm&r=g\",\"contentUrl\":\"https:\/\/secure.gravatar.com\/avatar\/eda381c845527cc5d64c13b901833cda29d97500ba040d3e6461f76f51d163bb?s=96&d=mm&r=g\",\"caption\":\"Paula Silva\"}}]}<\/script>\n<!-- \/ Yoast SEO Premium plugin. -->","yoast_head_json":{"title":"Fluminense: atualiza\u00e7\u00e3o sobre a situa\u00e7\u00e3o de Fuentes","robots":{"index":"index","follow":"follow","max-snippet":"max-snippet:-1","max-image-preview":"max-image-preview:large","max-video-preview":"max-video-preview:-1"},"canonical":"https:\/\/www.gaveanews.com\/index.php\/2025\/04\/18\/fluminense-atualizacao-sobre-a-situacao-de-fuentes\/","og_locale":"pt_BR","og_type":"article","og_title":"Fluminense: atualiza\u00e7\u00e3o sobre a situa\u00e7\u00e3o de Fuentes","og_description":"O lateral-esquerdo Gabriel Fuentes est\u00e1 em fase avan\u00e7ada de recupera\u00e7\u00e3o e pode, em breve, voltar a integrar o elenco do Fluminense. O colombiano sofreu um estiramento de grau 2 no m\u00fasculo reto femoral da coxa durante a primeira partida da final do Campeonato Carioca, no dia 12 de mar\u00e7o. Desde ent\u00e3o, estava sob tratamento no [&hellip;]","og_url":"https:\/\/www.gaveanews.com\/index.php\/2025\/04\/18\/fluminense-atualizacao-sobre-a-situacao-de-fuentes\/","og_site_name":"G\u00e1vea News","article_publisher":"https:\/\/facebook.com\/gaveaNews\/","article_published_time":"2025-04-18T05:05:00+00:00","og_image":[{"width":681,"height":507,"url":"https:\/\/www.gaveanews.com\/wp-content\/uploads\/Fuentes-pelo-Fluminense.webp","type":"image\/jpeg"}],"author":"Paula Silva","twitter_card":"summary_large_image","twitter_misc":{"Escrito por":"Paula Silva","Est. tempo de leitura":"3 minutos"},"schema":{"@context":"https:\/\/schema.org","@graph":[{"@type":"NewsArticle","@id":"https:\/\/www.gaveanews.com\/index.php\/2025\/04\/18\/fluminense-atualizacao-sobre-a-situacao-de-fuentes\/#article","isPartOf":{"@id":"https:\/\/www.gaveanews.com\/index.php\/2025\/04\/18\/fluminense-atualizacao-sobre-a-situacao-de-fuentes\/"},"author":{"name":"Paula Silva","@id":"https:\/\/www.gaveanews.com\/#\/schema\/person\/daf63eec72e1164eb13dc35096c2b8da"},"headline":"Fluminense: atualiza\u00e7\u00e3o sobre a situa\u00e7\u00e3o de Fuentes","datePublished":"2025-04-18T05:05:00+00:00","mainEntityOfPage":{"@id":"https:\/\/www.gaveanews.com\/index.php\/2025\/04\/18\/fluminense-atualizacao-sobre-a-situacao-de-fuentes\/"},"wordCount":377,"commentCount":0,"image":{"@id":"https:\/\/www.gaveanews.com\/index.php\/2025\/04\/18\/fluminense-atualizacao-sobre-a-situacao-de-fuentes\/#primaryimage"},"thumbnailUrl":"https:\/\/www.gaveanews.com\/wp-content\/uploads\/Fuentes-pelo-Fluminense.webp","articleSection":["Fluminense"],"inLanguage":"pt-BR","potentialAction":[{"@type":"CommentAction","name":"Comment","target":["https:\/\/www.gaveanews.com\/index.php\/2025\/04\/18\/fluminense-atualizacao-sobre-a-situacao-de-fuentes\/#respond"]}],"copyrightYear":"2025","copyrightHolder":{"@id":"https:\/\/www.gaveanews.com\/#organization"}},{"@type":"WebPage","@id":"https:\/\/www.gaveanews.com\/index.php\/2025\/04\/18\/fluminense-atualizacao-sobre-a-situacao-de-fuentes\/","url":"https:\/\/www.gaveanews.com\/index.php\/2025\/04\/18\/fluminense-atualizacao-sobre-a-situacao-de-fuentes\/","name":"Fluminense: atualiza\u00e7\u00e3o sobre a situa\u00e7\u00e3o de Fuentes","isPartOf":{"@id":"https:\/\/www.gaveanews.com\/#website"},"primaryImageOfPage":{"@id":"https:\/\/www.gaveanews.com\/index.php\/2025\/04\/18\/fluminense-atualizacao-sobre-a-situacao-de-fuentes\/#primaryimage"},"image":{"@id":"https:\/\/www.gaveanews.com\/index.php\/2025\/04\/18\/fluminense-atualizacao-sobre-a-situacao-de-fuentes\/#primaryimage"},"thumbnailUrl":"https:\/\/www.gaveanews.com\/wp-content\/uploads\/Fuentes-pelo-Fluminense.webp","datePublished":"2025-04-18T05:05:00+00:00","author":{"@id":"https:\/\/www.gaveanews.com\/#\/schema\/person\/daf63eec72e1164eb13dc35096c2b8da"},"breadcrumb":{"@id":"https:\/\/www.gaveanews.com\/index.php\/2025\/04\/18\/fluminense-atualizacao-sobre-a-situacao-de-fuentes\/#breadcrumb"},"inLanguage":"pt-BR","potentialAction":[{"@type":"ReadAction","target":["https:\/\/www.gaveanews.com\/index.php\/2025\/04\/18\/fluminense-atualizacao-sobre-a-situacao-de-fuentes\/"]}]},{"@type":"ImageObject","inLanguage":"pt-BR","@id":"https:\/\/www.gaveanews.com\/index.php\/2025\/04\/18\/fluminense-atualizacao-sobre-a-situacao-de-fuentes\/#primaryimage","url":"https:\/\/www.gaveanews.com\/wp-content\/uploads\/Fuentes-pelo-Fluminense.webp","contentUrl":"https:\/\/www.gaveanews.com\/wp-content\/uploads\/Fuentes-pelo-Fluminense.webp","width":681,"height":507,"caption":"Fuentes pelo Fluminense (FOTO: MARCELO GON\u00c7ALVES \/ FLUMINENSE F.C)"},{"@type":"BreadcrumbList","@id":"https:\/\/www.gaveanews.com\/index.php\/2025\/04\/18\/fluminense-atualizacao-sobre-a-situacao-de-fuentes\/#breadcrumb","itemListElement":[{"@type":"ListItem","position":1,"name":"Home","item":"https:\/\/www.gaveanews.com\/"},{"@type":"ListItem","position":2,"name":"Fluminense: atualiza\u00e7\u00e3o sobre a situa\u00e7\u00e3o de Fuentes"}]},{"@type":"WebSite","@id":"https:\/\/www.gaveanews.com\/#website","url":"https:\/\/www.gaveanews.com\/","name":"G\u00e1vea News","description":"Veja todas as not\u00edcias sobre o Flamengo: Contrata\u00e7\u00f5es, categorias de base, resultados das partidas, tabela de classifica\u00e7\u00e3o, pr\u00f3ximos jogos!","potentialAction":[{"@type":"SearchAction","target":{"@type":"EntryPoint","urlTemplate":"https:\/\/www.gaveanews.com\/?s={search_term_string}"},"query-input":{"@type":"PropertyValueSpecification","valueRequired":true,"valueName":"search_term_string"}}],"inLanguage":"pt-BR"},{"@type":"Person","@id":"https:\/\/www.gaveanews.com\/#\/schema\/person\/daf63eec72e1164eb13dc35096c2b8da","name":"Paula Silva","image":{"@type":"ImageObject","inLanguage":"pt-BR","@id":"https:\/\/www.gaveanews.com\/#\/schema\/person\/image\/","url":"https:\/\/secure.gravatar.com\/avatar\/eda381c845527cc5d64c13b901833cda29d97500ba040d3e6461f76f51d163bb?s=96&d=mm&r=g","contentUrl":"https:\/\/secure.gravatar.com\/avatar\/eda381c845527cc5d64c13b901833cda29d97500ba040d3e6461f76f51d163bb?s=96&d=mm&r=g","caption":"Paula Silva"}}]}},"_links":{"self":[{"href":"https:\/\/www.gaveanews.com\/index.php\/wp-json\/wp\/v2\/posts\/255191","targetHints":{"allow":["GET"]}}],"collection":[{"href":"https:\/\/www.gaveanews.com\/index.php\/wp-json\/wp\/v2\/posts"}],"about":[{"href":"https:\/\/www.gaveanews.com\/index.php\/wp-json\/wp\/v2\/types\/post"}],"author":[{"embeddable":true,"href":"https:\/\/www.gaveanews.com\/index.php\/wp-json\/wp\/v2\/users\/18"}],"replies":[{"embeddable":true,"href":"https:\/\/www.gaveanews.com\/index.php\/wp-json\/wp\/v2\/comments?post=255191"}],"version-history":[{"count":1,"href":"https:\/\/www.gaveanews.com\/index.php\/wp-json\/wp\/v2\/posts\/255191\/revisions"}],"predecessor-version":[{"id":255195,"href":"https:\/\/www.gaveanews.com\/index.php\/wp-json\/wp\/v2\/posts\/255191\/revisions\/255195"}],"wp:featuredmedia":[{"embeddable":true,"href":"https:\/\/www.gaveanews.com\/index.php\/wp-json\/wp\/v2\/media\/255194"}],"wp:attachment":[{"href":"https:\/\/www.gaveanews.com\/index.php\/wp-json\/wp\/v2\/media?parent=255191"}],"wp:term":[{"taxonomy":"category","embeddable":true,"href":"https:\/\/www.gaveanews.com\/index.php\/wp-json\/wp\/v2\/categories?post=255191"},{"taxonomy":"post_tag","embeddable":true,"href":"https:\/\/www.gaveanews.com\/index.php\/wp-json\/wp\/v2\/tags?post=255191"}],"curies":[{"name":"wp","href":"https:\/\/api.w.org\/{rel}","templated":true}]}}