{"id":255207,"date":"2025-04-18T02:25:00","date_gmt":"2025-04-18T05:25:00","guid":{"rendered":"https:\/\/www.gaveanews.com\/?p=255207"},"modified":"2025-04-17T22:51:52","modified_gmt":"2025-04-18T01:51:52","slug":"a-declaracao-de-ana-thais-mattos-direcionada-a-vegetti-do-vasco","status":"publish","type":"post","link":"https:\/\/www.gaveanews.com\/index.php\/2025\/04\/18\/a-declaracao-de-ana-thais-mattos-direcionada-a-vegetti-do-vasco\/","title":{"rendered":"A declara\u00e7\u00e3o de Ana Tha\u00eds Mattos direcionada a Vegetti, do Vasco"},"content":{"rendered":"\n<p>O centroavante Pablo Vegetti, do Vasco, vem se destacando de maneira not\u00e1vel neste in\u00edcio de temporada. O atacante argentino, refer\u00eancia ofensiva do time carioca, tem demonstrado grande efici\u00eancia, sobretudo nas jogadas a\u00e9reas. Com 13 gols e duas assist\u00eancias em 17 partidas disputadas at\u00e9 o momento, o camisa 9 se mant\u00e9m como pe\u00e7a-chave no esquema ofensivo da equipe.<\/p>\n\n\n\n<p>Ali\u00e1s, a performance de Vegetti tem rendido elogios contundentes. A comentarista Ana Tha\u00eds, do Grupo Globo, destacou a capacidade do jogador em disputas f\u00edsicas com defensores e sua compet\u00eancia nas finaliza\u00e7\u00f5es de cabe\u00e7a. &#8220;A bola a\u00e9rea dele, talvez, seja a melhor do continente&#8221;, afirmou a jornalista. Conforme sua an\u00e1lise, poucos atacantes sul-americanos possuem a mesma efetividade do argentino nesse tipo de jogada.<\/p>\n\n\n\n<p>Na terceira rodada do Campeonato Brasileiro, Vegetti foi decisivo ao marcar dois gols diante da equipe pernambucana. O segundo gol, ali\u00e1s, ocorreu ap\u00f3s intensa disputa pela posse de bola, caracter\u00edstica marcante do seu estilo combativo dentro da \u00e1rea. Segundo Ana Tha\u00eds, ele \u00e9 um t\u00edpico centroavante fixo, que encara os zagueiros e busca constantemente o gol.<\/p>\n\n\n\n<p>Contudo, o bom momento do atacante contrasta com os problemas vividos pelo Vasco no comando t\u00e9cnico. O treinador F\u00e1bio Carille, que j\u00e1 foi campe\u00e3o brasileiro pelo Corinthians em 2017, tem enfrentado desconfian\u00e7a por parte dos torcedores e da imprensa. \u201cEle perdeu a sua principal caracter\u00edstica, que era organizar bem a defesa\u201d, observou Ana Tha\u00eds.<\/p>\n\n\n\n<p>Na \u00faltima ter\u00e7a-feira (15), o Vasco foi derrotado pelo Cear\u00e1 por 2 a 1, no Castel\u00e3o, pela quarta rodada do Brasileir\u00e3o. Apesar do gol de Vegetti, erros defensivos comprometeram o resultado final. A derrota marcou o segundo rev\u00e9s da equipe na competi\u00e7\u00e3o.<\/p>\n\n\n\n<p>Assim sendo, enquanto Vegetti segue desempenhando um papel crucial, o clube ainda busca equil\u00edbrio entre os setores para melhorar seu desempenho ao longo da temporada. O Vasco volta a campo no s\u00e1bado (19), para enfrentar o Flamengo, no Maracan\u00e3, \u00e0s 18h30 (hor\u00e1rio de Bras\u00edlia).<\/p>\n","protected":false},"excerpt":{"rendered":"<p>O centroavante Pablo Vegetti, do Vasco, vem se destacando de maneira not\u00e1vel neste in\u00edcio de temporada. O atacante argentino, refer\u00eancia ofensiva do time carioca, tem demonstrado grande efici\u00eancia, sobretudo nas jogadas a\u00e9reas. Com 13 gols e duas assist\u00eancias em 17 partidas disputadas at\u00e9 o momento, o camisa 9 se mant\u00e9m como pe\u00e7a-chave no esquema ofensivo [&hellip;]<\/p>\n","protected":false},"author":18,"featured_media":146070,"comment_status":"open","ping_status":"closed","sticky":false,"template":"","format":"standard","meta":{"footnotes":""},"categories":[152],"tags":[],"class_list":["post-255207","post","type-post","status-publish","format-standard","has-post-thumbnail","hentry","category-vasco"],"yoast_head":"<!-- This site is optimized with the Yoast SEO Premium plugin v24.2 (Yoast SEO v26.9) - https:\/\/yoast.com\/product\/yoast-seo-premium-wordpress\/ -->\n<title>A declara\u00e7\u00e3o de Ana Tha\u00eds Mattos direcionada a Vegetti, do Vasco<\/title>\n<meta name=\"robots\" content=\"index, follow, max-snippet:-1, max-image-preview:large, max-video-preview:-1\" \/>\n<link rel=\"canonical\" href=\"https:\/\/www.gaveanews.com\/index.php\/2025\/04\/18\/a-declaracao-de-ana-thais-mattos-direcionada-a-vegetti-do-vasco\/\" \/>\n<meta property=\"og:locale\" content=\"pt_BR\" \/>\n<meta property=\"og:type\" content=\"article\" \/>\n<meta property=\"og:title\" content=\"A declara\u00e7\u00e3o de Ana Tha\u00eds Mattos direcionada a Vegetti, do Vasco\" \/>\n<meta property=\"og:description\" content=\"O centroavante Pablo Vegetti, do Vasco, vem se destacando de maneira not\u00e1vel neste in\u00edcio de temporada. O atacante argentino, refer\u00eancia ofensiva do time carioca, tem demonstrado grande efici\u00eancia, sobretudo nas jogadas a\u00e9reas. Com 13 gols e duas assist\u00eancias em 17 partidas disputadas at\u00e9 o momento, o camisa 9 se mant\u00e9m como pe\u00e7a-chave no esquema ofensivo [&hellip;]\" \/>\n<meta property=\"og:url\" content=\"https:\/\/www.gaveanews.com\/index.php\/2025\/04\/18\/a-declaracao-de-ana-thais-mattos-direcionada-a-vegetti-do-vasco\/\" \/>\n<meta property=\"og:site_name\" content=\"G\u00e1vea News\" \/>\n<meta property=\"article:publisher\" content=\"https:\/\/facebook.com\/gaveaNews\/\" \/>\n<meta property=\"article:published_time\" content=\"2025-04-18T05:25:00+00:00\" \/>\n<meta name=\"author\" content=\"Paula Silva\" \/>\n<meta name=\"twitter:card\" content=\"summary_large_image\" \/>\n<meta name=\"twitter:label1\" content=\"Escrito por\" \/>\n\t<meta name=\"twitter:data1\" content=\"Paula Silva\" \/>\n\t<meta name=\"twitter:label2\" content=\"Est. tempo de leitura\" \/>\n\t<meta name=\"twitter:data2\" content=\"2 minutos\" \/>\n<script type=\"application\/ld+json\" class=\"yoast-schema-graph\">{\"@context\":\"https:\/\/schema.org\",\"@graph\":[{\"@type\":\"NewsArticle\",\"@id\":\"https:\/\/www.gaveanews.com\/index.php\/2025\/04\/18\/a-declaracao-de-ana-thais-mattos-direcionada-a-vegetti-do-vasco\/#article\",\"isPartOf\":{\"@id\":\"https:\/\/www.gaveanews.com\/index.php\/2025\/04\/18\/a-declaracao-de-ana-thais-mattos-direcionada-a-vegetti-do-vasco\/\"},\"author\":{\"name\":\"Paula Silva\",\"@id\":\"https:\/\/www.gaveanews.com\/#\/schema\/person\/daf63eec72e1164eb13dc35096c2b8da\"},\"headline\":\"A declara\u00e7\u00e3o de Ana Tha\u00eds Mattos direcionada a Vegetti, do Vasco\",\"datePublished\":\"2025-04-18T05:25:00+00:00\",\"mainEntityOfPage\":{\"@id\":\"https:\/\/www.gaveanews.com\/index.php\/2025\/04\/18\/a-declaracao-de-ana-thais-mattos-direcionada-a-vegetti-do-vasco\/\"},\"wordCount\":355,\"commentCount\":0,\"image\":{\"@id\":\"https:\/\/www.gaveanews.com\/index.php\/2025\/04\/18\/a-declaracao-de-ana-thais-mattos-direcionada-a-vegetti-do-vasco\/#primaryimage\"},\"thumbnailUrl\":\"https:\/\/www.gaveanews.com\/wp-content\/uploads\/Pablo-Vegetti-em-acao-pelo-Vasco.avif\",\"articleSection\":[\"Vasco\"],\"inLanguage\":\"pt-BR\",\"potentialAction\":[{\"@type\":\"CommentAction\",\"name\":\"Comment\",\"target\":[\"https:\/\/www.gaveanews.com\/index.php\/2025\/04\/18\/a-declaracao-de-ana-thais-mattos-direcionada-a-vegetti-do-vasco\/#respond\"]}],\"copyrightYear\":\"2025\",\"copyrightHolder\":{\"@id\":\"https:\/\/www.gaveanews.com\/#organization\"}},{\"@type\":\"WebPage\",\"@id\":\"https:\/\/www.gaveanews.com\/index.php\/2025\/04\/18\/a-declaracao-de-ana-thais-mattos-direcionada-a-vegetti-do-vasco\/\",\"url\":\"https:\/\/www.gaveanews.com\/index.php\/2025\/04\/18\/a-declaracao-de-ana-thais-mattos-direcionada-a-vegetti-do-vasco\/\",\"name\":\"A declara\u00e7\u00e3o de Ana Tha\u00eds Mattos direcionada a Vegetti, do Vasco\",\"isPartOf\":{\"@id\":\"https:\/\/www.gaveanews.com\/#website\"},\"primaryImageOfPage\":{\"@id\":\"https:\/\/www.gaveanews.com\/index.php\/2025\/04\/18\/a-declaracao-de-ana-thais-mattos-direcionada-a-vegetti-do-vasco\/#primaryimage\"},\"image\":{\"@id\":\"https:\/\/www.gaveanews.com\/index.php\/2025\/04\/18\/a-declaracao-de-ana-thais-mattos-direcionada-a-vegetti-do-vasco\/#primaryimage\"},\"thumbnailUrl\":\"https:\/\/www.gaveanews.com\/wp-content\/uploads\/Pablo-Vegetti-em-acao-pelo-Vasco.avif\",\"datePublished\":\"2025-04-18T05:25:00+00:00\",\"author\":{\"@id\":\"https:\/\/www.gaveanews.com\/#\/schema\/person\/daf63eec72e1164eb13dc35096c2b8da\"},\"breadcrumb\":{\"@id\":\"https:\/\/www.gaveanews.com\/index.php\/2025\/04\/18\/a-declaracao-de-ana-thais-mattos-direcionada-a-vegetti-do-vasco\/#breadcrumb\"},\"inLanguage\":\"pt-BR\",\"potentialAction\":[{\"@type\":\"ReadAction\",\"target\":[\"https:\/\/www.gaveanews.com\/index.php\/2025\/04\/18\/a-declaracao-de-ana-thais-mattos-direcionada-a-vegetti-do-vasco\/\"]}]},{\"@type\":\"ImageObject\",\"inLanguage\":\"pt-BR\",\"@id\":\"https:\/\/www.gaveanews.com\/index.php\/2025\/04\/18\/a-declaracao-de-ana-thais-mattos-direcionada-a-vegetti-do-vasco\/#primaryimage\",\"url\":\"https:\/\/www.gaveanews.com\/wp-content\/uploads\/Pablo-Vegetti-em-acao-pelo-Vasco.avif\",\"contentUrl\":\"https:\/\/www.gaveanews.com\/wp-content\/uploads\/Pablo-Vegetti-em-acao-pelo-Vasco.avif\",\"width\":900,\"height\":600,\"caption\":\"Pablo Vegetti em a\u00e7\u00e3o pelo Vasco (Foto: Leandro Amorim\/Vasco)\"},{\"@type\":\"BreadcrumbList\",\"@id\":\"https:\/\/www.gaveanews.com\/index.php\/2025\/04\/18\/a-declaracao-de-ana-thais-mattos-direcionada-a-vegetti-do-vasco\/#breadcrumb\",\"itemListElement\":[{\"@type\":\"ListItem\",\"position\":1,\"name\":\"Home\",\"item\":\"https:\/\/www.gaveanews.com\/\"},{\"@type\":\"ListItem\",\"position\":2,\"name\":\"A declara\u00e7\u00e3o de Ana Tha\u00eds Mattos direcionada a Vegetti, do Vasco\"}]},{\"@type\":\"WebSite\",\"@id\":\"https:\/\/www.gaveanews.com\/#website\",\"url\":\"https:\/\/www.gaveanews.com\/\",\"name\":\"G\u00e1vea News\",\"description\":\"Veja todas as not\u00edcias sobre o Flamengo: Contrata\u00e7\u00f5es, categorias de base, resultados das partidas, tabela de classifica\u00e7\u00e3o, pr\u00f3ximos jogos!\",\"potentialAction\":[{\"@type\":\"SearchAction\",\"target\":{\"@type\":\"EntryPoint\",\"urlTemplate\":\"https:\/\/www.gaveanews.com\/?s={search_term_string}\"},\"query-input\":{\"@type\":\"PropertyValueSpecification\",\"valueRequired\":true,\"valueName\":\"search_term_string\"}}],\"inLanguage\":\"pt-BR\"},{\"@type\":\"Person\",\"@id\":\"https:\/\/www.gaveanews.com\/#\/schema\/person\/daf63eec72e1164eb13dc35096c2b8da\",\"name\":\"Paula Silva\",\"image\":{\"@type\":\"ImageObject\",\"inLanguage\":\"pt-BR\",\"@id\":\"https:\/\/www.gaveanews.com\/#\/schema\/person\/image\/\",\"url\":\"https:\/\/secure.gravatar.com\/avatar\/eda381c845527cc5d64c13b901833cda29d97500ba040d3e6461f76f51d163bb?s=96&d=mm&r=g\",\"contentUrl\":\"https:\/\/secure.gravatar.com\/avatar\/eda381c845527cc5d64c13b901833cda29d97500ba040d3e6461f76f51d163bb?s=96&d=mm&r=g\",\"caption\":\"Paula Silva\"}}]}<\/script>\n<!-- \/ Yoast SEO Premium plugin. -->","yoast_head_json":{"title":"A declara\u00e7\u00e3o de Ana Tha\u00eds Mattos direcionada a Vegetti, do Vasco","robots":{"index":"index","follow":"follow","max-snippet":"max-snippet:-1","max-image-preview":"max-image-preview:large","max-video-preview":"max-video-preview:-1"},"canonical":"https:\/\/www.gaveanews.com\/index.php\/2025\/04\/18\/a-declaracao-de-ana-thais-mattos-direcionada-a-vegetti-do-vasco\/","og_locale":"pt_BR","og_type":"article","og_title":"A declara\u00e7\u00e3o de Ana Tha\u00eds Mattos direcionada a Vegetti, do Vasco","og_description":"O centroavante Pablo Vegetti, do Vasco, vem se destacando de maneira not\u00e1vel neste in\u00edcio de temporada. O atacante argentino, refer\u00eancia ofensiva do time carioca, tem demonstrado grande efici\u00eancia, sobretudo nas jogadas a\u00e9reas. Com 13 gols e duas assist\u00eancias em 17 partidas disputadas at\u00e9 o momento, o camisa 9 se mant\u00e9m como pe\u00e7a-chave no esquema ofensivo [&hellip;]","og_url":"https:\/\/www.gaveanews.com\/index.php\/2025\/04\/18\/a-declaracao-de-ana-thais-mattos-direcionada-a-vegetti-do-vasco\/","og_site_name":"G\u00e1vea News","article_publisher":"https:\/\/facebook.com\/gaveaNews\/","article_published_time":"2025-04-18T05:25:00+00:00","author":"Paula Silva","twitter_card":"summary_large_image","twitter_misc":{"Escrito por":"Paula Silva","Est. tempo de leitura":"2 minutos"},"schema":{"@context":"https:\/\/schema.org","@graph":[{"@type":"NewsArticle","@id":"https:\/\/www.gaveanews.com\/index.php\/2025\/04\/18\/a-declaracao-de-ana-thais-mattos-direcionada-a-vegetti-do-vasco\/#article","isPartOf":{"@id":"https:\/\/www.gaveanews.com\/index.php\/2025\/04\/18\/a-declaracao-de-ana-thais-mattos-direcionada-a-vegetti-do-vasco\/"},"author":{"name":"Paula Silva","@id":"https:\/\/www.gaveanews.com\/#\/schema\/person\/daf63eec72e1164eb13dc35096c2b8da"},"headline":"A declara\u00e7\u00e3o de Ana Tha\u00eds Mattos direcionada a Vegetti, do Vasco","datePublished":"2025-04-18T05:25:00+00:00","mainEntityOfPage":{"@id":"https:\/\/www.gaveanews.com\/index.php\/2025\/04\/18\/a-declaracao-de-ana-thais-mattos-direcionada-a-vegetti-do-vasco\/"},"wordCount":355,"commentCount":0,"image":{"@id":"https:\/\/www.gaveanews.com\/index.php\/2025\/04\/18\/a-declaracao-de-ana-thais-mattos-direcionada-a-vegetti-do-vasco\/#primaryimage"},"thumbnailUrl":"https:\/\/www.gaveanews.com\/wp-content\/uploads\/Pablo-Vegetti-em-acao-pelo-Vasco.avif","articleSection":["Vasco"],"inLanguage":"pt-BR","potentialAction":[{"@type":"CommentAction","name":"Comment","target":["https:\/\/www.gaveanews.com\/index.php\/2025\/04\/18\/a-declaracao-de-ana-thais-mattos-direcionada-a-vegetti-do-vasco\/#respond"]}],"copyrightYear":"2025","copyrightHolder":{"@id":"https:\/\/www.gaveanews.com\/#organization"}},{"@type":"WebPage","@id":"https:\/\/www.gaveanews.com\/index.php\/2025\/04\/18\/a-declaracao-de-ana-thais-mattos-direcionada-a-vegetti-do-vasco\/","url":"https:\/\/www.gaveanews.com\/index.php\/2025\/04\/18\/a-declaracao-de-ana-thais-mattos-direcionada-a-vegetti-do-vasco\/","name":"A declara\u00e7\u00e3o de Ana Tha\u00eds Mattos direcionada a Vegetti, do Vasco","isPartOf":{"@id":"https:\/\/www.gaveanews.com\/#website"},"primaryImageOfPage":{"@id":"https:\/\/www.gaveanews.com\/index.php\/2025\/04\/18\/a-declaracao-de-ana-thais-mattos-direcionada-a-vegetti-do-vasco\/#primaryimage"},"image":{"@id":"https:\/\/www.gaveanews.com\/index.php\/2025\/04\/18\/a-declaracao-de-ana-thais-mattos-direcionada-a-vegetti-do-vasco\/#primaryimage"},"thumbnailUrl":"https:\/\/www.gaveanews.com\/wp-content\/uploads\/Pablo-Vegetti-em-acao-pelo-Vasco.avif","datePublished":"2025-04-18T05:25:00+00:00","author":{"@id":"https:\/\/www.gaveanews.com\/#\/schema\/person\/daf63eec72e1164eb13dc35096c2b8da"},"breadcrumb":{"@id":"https:\/\/www.gaveanews.com\/index.php\/2025\/04\/18\/a-declaracao-de-ana-thais-mattos-direcionada-a-vegetti-do-vasco\/#breadcrumb"},"inLanguage":"pt-BR","potentialAction":[{"@type":"ReadAction","target":["https:\/\/www.gaveanews.com\/index.php\/2025\/04\/18\/a-declaracao-de-ana-thais-mattos-direcionada-a-vegetti-do-vasco\/"]}]},{"@type":"ImageObject","inLanguage":"pt-BR","@id":"https:\/\/www.gaveanews.com\/index.php\/2025\/04\/18\/a-declaracao-de-ana-thais-mattos-direcionada-a-vegetti-do-vasco\/#primaryimage","url":"https:\/\/www.gaveanews.com\/wp-content\/uploads\/Pablo-Vegetti-em-acao-pelo-Vasco.avif","contentUrl":"https:\/\/www.gaveanews.com\/wp-content\/uploads\/Pablo-Vegetti-em-acao-pelo-Vasco.avif","width":900,"height":600,"caption":"Pablo Vegetti em a\u00e7\u00e3o pelo Vasco (Foto: Leandro Amorim\/Vasco)"},{"@type":"BreadcrumbList","@id":"https:\/\/www.gaveanews.com\/index.php\/2025\/04\/18\/a-declaracao-de-ana-thais-mattos-direcionada-a-vegetti-do-vasco\/#breadcrumb","itemListElement":[{"@type":"ListItem","position":1,"name":"Home","item":"https:\/\/www.gaveanews.com\/"},{"@type":"ListItem","position":2,"name":"A declara\u00e7\u00e3o de Ana Tha\u00eds Mattos direcionada a Vegetti, do Vasco"}]},{"@type":"WebSite","@id":"https:\/\/www.gaveanews.com\/#website","url":"https:\/\/www.gaveanews.com\/","name":"G\u00e1vea News","description":"Veja todas as not\u00edcias sobre o Flamengo: Contrata\u00e7\u00f5es, categorias de base, resultados das partidas, tabela de classifica\u00e7\u00e3o, pr\u00f3ximos jogos!","potentialAction":[{"@type":"SearchAction","target":{"@type":"EntryPoint","urlTemplate":"https:\/\/www.gaveanews.com\/?s={search_term_string}"},"query-input":{"@type":"PropertyValueSpecification","valueRequired":true,"valueName":"search_term_string"}}],"inLanguage":"pt-BR"},{"@type":"Person","@id":"https:\/\/www.gaveanews.com\/#\/schema\/person\/daf63eec72e1164eb13dc35096c2b8da","name":"Paula Silva","image":{"@type":"ImageObject","inLanguage":"pt-BR","@id":"https:\/\/www.gaveanews.com\/#\/schema\/person\/image\/","url":"https:\/\/secure.gravatar.com\/avatar\/eda381c845527cc5d64c13b901833cda29d97500ba040d3e6461f76f51d163bb?s=96&d=mm&r=g","contentUrl":"https:\/\/secure.gravatar.com\/avatar\/eda381c845527cc5d64c13b901833cda29d97500ba040d3e6461f76f51d163bb?s=96&d=mm&r=g","caption":"Paula Silva"}}]}},"_links":{"self":[{"href":"https:\/\/www.gaveanews.com\/index.php\/wp-json\/wp\/v2\/posts\/255207","targetHints":{"allow":["GET"]}}],"collection":[{"href":"https:\/\/www.gaveanews.com\/index.php\/wp-json\/wp\/v2\/posts"}],"about":[{"href":"https:\/\/www.gaveanews.com\/index.php\/wp-json\/wp\/v2\/types\/post"}],"author":[{"embeddable":true,"href":"https:\/\/www.gaveanews.com\/index.php\/wp-json\/wp\/v2\/users\/18"}],"replies":[{"embeddable":true,"href":"https:\/\/www.gaveanews.com\/index.php\/wp-json\/wp\/v2\/comments?post=255207"}],"version-history":[{"count":1,"href":"https:\/\/www.gaveanews.com\/index.php\/wp-json\/wp\/v2\/posts\/255207\/revisions"}],"predecessor-version":[{"id":255215,"href":"https:\/\/www.gaveanews.com\/index.php\/wp-json\/wp\/v2\/posts\/255207\/revisions\/255215"}],"wp:featuredmedia":[{"embeddable":true,"href":"https:\/\/www.gaveanews.com\/index.php\/wp-json\/wp\/v2\/media\/146070"}],"wp:attachment":[{"href":"https:\/\/www.gaveanews.com\/index.php\/wp-json\/wp\/v2\/media?parent=255207"}],"wp:term":[{"taxonomy":"category","embeddable":true,"href":"https:\/\/www.gaveanews.com\/index.php\/wp-json\/wp\/v2\/categories?post=255207"},{"taxonomy":"post_tag","embeddable":true,"href":"https:\/\/www.gaveanews.com\/index.php\/wp-json\/wp\/v2\/tags?post=255207"}],"curies":[{"name":"wp","href":"https:\/\/api.w.org\/{rel}","templated":true}]}}