{"id":255212,"date":"2025-04-18T22:35:00","date_gmt":"2025-04-19T01:35:00","guid":{"rendered":"https:\/\/www.gaveanews.com\/?p=255212"},"modified":"2025-04-18T18:24:09","modified_gmt":"2025-04-18T21:24:09","slug":"a-declaracao-de-everson-direcionada-a-torcida-do-atletico-mg","status":"publish","type":"post","link":"https:\/\/www.gaveanews.com\/index.php\/2025\/04\/18\/a-declaracao-de-everson-direcionada-a-torcida-do-atletico-mg\/","title":{"rendered":"A declara\u00e7\u00e3o de Everson direcionada \u00e0 torcida do Atl\u00e9tico-MG"},"content":{"rendered":"\n<p>Everson foi solid\u00e1rio \u00e0s cr\u00edticas que o torcedor fez ap\u00f3s mais uma derrota no Campeonato Brasileiro. Ele n\u00e3o fugiu da responsabilidade pelo resultado tampouco por encontrar o caminho das vit\u00f3rias. O goleiro do Atl\u00e9tico-MG ainda mandou um recado para o atleticano e fez um apelo.<\/p>\n\n\n\n<p>O Atl\u00e9tico-MG foi derrotado por 2 a 0 pelo Santos em uma partida v\u00e1lida pela quarta rodada do Campeonato Brasileiro, na quarta-feira (16\/4), na Vila Belmiro, com gols dos ex-cruzeirenses Z\u00e9 Ivaldo e \u00c1lvaro Barreal. O resultado colocou o Galo em uma posi\u00e7\u00e3o delicada dentro da competi\u00e7\u00e3o com dois pontos conquistados em quatro jogos. O clube \u00e9 o vice-lanterna do torneio.<\/p>\n\n\n\n<p>Com mais um resultado negativo, os torcedores que se fizeram presentes na Vila Belmiro protestaram contra o desempenho da equipe. O Atl\u00e9tico-MG n\u00e3o conseguiu se impor, mesmo tendo mais o controle do jogo na primeira etapa e sofreu dois gols em cinco minutos, o que minou os planos da comiss\u00e3o t\u00e9cnica. Ap\u00f3s o jogo, o goleiro Everson concedeu entrevista e n\u00e3o fugiu da responsabilidade pela m\u00e1 fase do Galo.<\/p>\n\n\n\n<p>O arqueiro rasgou elogios aos atleticanos pelo apoio e se prostrou solid\u00e1rio. Para ele, eles est\u00e3o \u201cno direito de reclamar\u201d, mas s\u00e3o cruciais para que o time supere essa situa\u00e7\u00e3o inc\u00f4moda. Ele projetou a partida contra o Botafogo na pr\u00f3xima rodada e pediu o apoio da Massa para o confronto.<\/p>\n\n\n\n<p>\u201cA gente n\u00e3o tem o que falar pro torcedor. Eles vieram aqui, nos apoiaram, nos incentivaram. Est\u00e3o no direito de reclamar. Cabe a gente melhorar, temos que melhorar para voltar vencendo contra o Botafogo. Vai ser um jogo muito dif\u00edcil, e a gente precisa do apoio do nosso torcedor para conquistar os tr\u00eas pontos e a primeira vit\u00f3ria na competi\u00e7\u00e3o\u201d, finalizou.<\/p>\n\n\n\n<p>O Atl\u00e9tico-MG tenta a primeira vit\u00f3ria no Campeonato Brasileiro no domingo (20\/4), quando recebe o Botafogo, pela quinta rodada da competi\u00e7\u00e3o, no Mineir\u00e3o, \u00e0s 16 horas.<\/p>\n","protected":false},"excerpt":{"rendered":"<p>Everson foi solid\u00e1rio \u00e0s cr\u00edticas que o torcedor fez ap\u00f3s mais uma derrota no Campeonato Brasileiro. Ele n\u00e3o fugiu da responsabilidade pelo resultado tampouco por encontrar o caminho das vit\u00f3rias. O goleiro do Atl\u00e9tico-MG ainda mandou um recado para o atleticano e fez um apelo. O Atl\u00e9tico-MG foi derrotado por 2 a 0 pelo Santos [&hellip;]<\/p>\n","protected":false},"author":29,"featured_media":140586,"comment_status":"open","ping_status":"closed","sticky":false,"template":"","format":"standard","meta":{"footnotes":""},"categories":[136],"tags":[],"class_list":["post-255212","post","type-post","status-publish","format-standard","has-post-thumbnail","hentry","category-atletico-mg"],"yoast_head":"<!-- This site is optimized with the Yoast SEO Premium plugin v24.2 (Yoast SEO v26.9) - https:\/\/yoast.com\/product\/yoast-seo-premium-wordpress\/ -->\n<title>A declara\u00e7\u00e3o de Everson direcionada \u00e0 torcida do Atl\u00e9tico-MG<\/title>\n<meta name=\"robots\" content=\"index, follow, max-snippet:-1, max-image-preview:large, max-video-preview:-1\" \/>\n<link rel=\"canonical\" href=\"https:\/\/www.gaveanews.com\/index.php\/2025\/04\/18\/a-declaracao-de-everson-direcionada-a-torcida-do-atletico-mg\/\" \/>\n<meta property=\"og:locale\" content=\"pt_BR\" \/>\n<meta property=\"og:type\" content=\"article\" \/>\n<meta property=\"og:title\" content=\"A declara\u00e7\u00e3o de Everson direcionada \u00e0 torcida do Atl\u00e9tico-MG\" \/>\n<meta property=\"og:description\" content=\"Everson foi solid\u00e1rio \u00e0s cr\u00edticas que o torcedor fez ap\u00f3s mais uma derrota no Campeonato Brasileiro. Ele n\u00e3o fugiu da responsabilidade pelo resultado tampouco por encontrar o caminho das vit\u00f3rias. O goleiro do Atl\u00e9tico-MG ainda mandou um recado para o atleticano e fez um apelo. O Atl\u00e9tico-MG foi derrotado por 2 a 0 pelo Santos [&hellip;]\" \/>\n<meta property=\"og:url\" content=\"https:\/\/www.gaveanews.com\/index.php\/2025\/04\/18\/a-declaracao-de-everson-direcionada-a-torcida-do-atletico-mg\/\" \/>\n<meta property=\"og:site_name\" content=\"G\u00e1vea News\" \/>\n<meta property=\"article:publisher\" content=\"https:\/\/facebook.com\/gaveaNews\/\" \/>\n<meta property=\"article:published_time\" content=\"2025-04-19T01:35:00+00:00\" \/>\n<meta property=\"og:image\" content=\"https:\/\/www.gaveanews.com\/wp-content\/uploads\/Everson-durante-treino-do-Atletico-MG.webp\" \/>\n\t<meta property=\"og:image:width\" content=\"1224\" \/>\n\t<meta property=\"og:image:height\" content=\"816\" \/>\n\t<meta property=\"og:image:type\" content=\"image\/jpeg\" \/>\n<meta name=\"author\" content=\"Marco Menezes\" \/>\n<meta name=\"twitter:card\" content=\"summary_large_image\" \/>\n<meta name=\"twitter:label1\" content=\"Escrito por\" \/>\n\t<meta name=\"twitter:data1\" content=\"Marco Menezes\" \/>\n\t<meta name=\"twitter:label2\" content=\"Est. tempo de leitura\" \/>\n\t<meta name=\"twitter:data2\" content=\"2 minutos\" \/>\n<script type=\"application\/ld+json\" class=\"yoast-schema-graph\">{\"@context\":\"https:\/\/schema.org\",\"@graph\":[{\"@type\":\"NewsArticle\",\"@id\":\"https:\/\/www.gaveanews.com\/index.php\/2025\/04\/18\/a-declaracao-de-everson-direcionada-a-torcida-do-atletico-mg\/#article\",\"isPartOf\":{\"@id\":\"https:\/\/www.gaveanews.com\/index.php\/2025\/04\/18\/a-declaracao-de-everson-direcionada-a-torcida-do-atletico-mg\/\"},\"author\":{\"name\":\"Marco Menezes\",\"@id\":\"https:\/\/www.gaveanews.com\/#\/schema\/person\/a9f62fe75380c6bada1b2fc49bc23d69\"},\"headline\":\"A declara\u00e7\u00e3o de Everson direcionada \u00e0 torcida do Atl\u00e9tico-MG\",\"datePublished\":\"2025-04-19T01:35:00+00:00\",\"mainEntityOfPage\":{\"@id\":\"https:\/\/www.gaveanews.com\/index.php\/2025\/04\/18\/a-declaracao-de-everson-direcionada-a-torcida-do-atletico-mg\/\"},\"wordCount\":348,\"commentCount\":0,\"image\":{\"@id\":\"https:\/\/www.gaveanews.com\/index.php\/2025\/04\/18\/a-declaracao-de-everson-direcionada-a-torcida-do-atletico-mg\/#primaryimage\"},\"thumbnailUrl\":\"https:\/\/www.gaveanews.com\/wp-content\/uploads\/Everson-durante-treino-do-Atletico-MG.webp\",\"articleSection\":[\"Atl\u00e9tico-MG\"],\"inLanguage\":\"pt-BR\",\"potentialAction\":[{\"@type\":\"CommentAction\",\"name\":\"Comment\",\"target\":[\"https:\/\/www.gaveanews.com\/index.php\/2025\/04\/18\/a-declaracao-de-everson-direcionada-a-torcida-do-atletico-mg\/#respond\"]}],\"copyrightYear\":\"2025\",\"copyrightHolder\":{\"@id\":\"https:\/\/www.gaveanews.com\/#organization\"}},{\"@type\":\"WebPage\",\"@id\":\"https:\/\/www.gaveanews.com\/index.php\/2025\/04\/18\/a-declaracao-de-everson-direcionada-a-torcida-do-atletico-mg\/\",\"url\":\"https:\/\/www.gaveanews.com\/index.php\/2025\/04\/18\/a-declaracao-de-everson-direcionada-a-torcida-do-atletico-mg\/\",\"name\":\"A declara\u00e7\u00e3o de Everson direcionada \u00e0 torcida do Atl\u00e9tico-MG\",\"isPartOf\":{\"@id\":\"https:\/\/www.gaveanews.com\/#website\"},\"primaryImageOfPage\":{\"@id\":\"https:\/\/www.gaveanews.com\/index.php\/2025\/04\/18\/a-declaracao-de-everson-direcionada-a-torcida-do-atletico-mg\/#primaryimage\"},\"image\":{\"@id\":\"https:\/\/www.gaveanews.com\/index.php\/2025\/04\/18\/a-declaracao-de-everson-direcionada-a-torcida-do-atletico-mg\/#primaryimage\"},\"thumbnailUrl\":\"https:\/\/www.gaveanews.com\/wp-content\/uploads\/Everson-durante-treino-do-Atletico-MG.webp\",\"datePublished\":\"2025-04-19T01:35:00+00:00\",\"author\":{\"@id\":\"https:\/\/www.gaveanews.com\/#\/schema\/person\/a9f62fe75380c6bada1b2fc49bc23d69\"},\"breadcrumb\":{\"@id\":\"https:\/\/www.gaveanews.com\/index.php\/2025\/04\/18\/a-declaracao-de-everson-direcionada-a-torcida-do-atletico-mg\/#breadcrumb\"},\"inLanguage\":\"pt-BR\",\"potentialAction\":[{\"@type\":\"ReadAction\",\"target\":[\"https:\/\/www.gaveanews.com\/index.php\/2025\/04\/18\/a-declaracao-de-everson-direcionada-a-torcida-do-atletico-mg\/\"]}]},{\"@type\":\"ImageObject\",\"inLanguage\":\"pt-BR\",\"@id\":\"https:\/\/www.gaveanews.com\/index.php\/2025\/04\/18\/a-declaracao-de-everson-direcionada-a-torcida-do-atletico-mg\/#primaryimage\",\"url\":\"https:\/\/www.gaveanews.com\/wp-content\/uploads\/Everson-durante-treino-do-Atletico-MG.webp\",\"contentUrl\":\"https:\/\/www.gaveanews.com\/wp-content\/uploads\/Everson-durante-treino-do-Atletico-MG.webp\",\"width\":1224,\"height\":816,\"caption\":\"Everson durante treino do Atl\u00e9tico-MG (Foto: Pedro Souza\/Atl\u00e9tico)\"},{\"@type\":\"BreadcrumbList\",\"@id\":\"https:\/\/www.gaveanews.com\/index.php\/2025\/04\/18\/a-declaracao-de-everson-direcionada-a-torcida-do-atletico-mg\/#breadcrumb\",\"itemListElement\":[{\"@type\":\"ListItem\",\"position\":1,\"name\":\"Home\",\"item\":\"https:\/\/www.gaveanews.com\/\"},{\"@type\":\"ListItem\",\"position\":2,\"name\":\"A declara\u00e7\u00e3o de Everson direcionada \u00e0 torcida do Atl\u00e9tico-MG\"}]},{\"@type\":\"WebSite\",\"@id\":\"https:\/\/www.gaveanews.com\/#website\",\"url\":\"https:\/\/www.gaveanews.com\/\",\"name\":\"G\u00e1vea News\",\"description\":\"Veja todas as not\u00edcias sobre o Flamengo: Contrata\u00e7\u00f5es, categorias de base, resultados das partidas, tabela de classifica\u00e7\u00e3o, pr\u00f3ximos jogos!\",\"potentialAction\":[{\"@type\":\"SearchAction\",\"target\":{\"@type\":\"EntryPoint\",\"urlTemplate\":\"https:\/\/www.gaveanews.com\/?s={search_term_string}\"},\"query-input\":{\"@type\":\"PropertyValueSpecification\",\"valueRequired\":true,\"valueName\":\"search_term_string\"}}],\"inLanguage\":\"pt-BR\"},{\"@type\":\"Person\",\"@id\":\"https:\/\/www.gaveanews.com\/#\/schema\/person\/a9f62fe75380c6bada1b2fc49bc23d69\",\"name\":\"Marco Menezes\",\"image\":{\"@type\":\"ImageObject\",\"inLanguage\":\"pt-BR\",\"@id\":\"https:\/\/www.gaveanews.com\/#\/schema\/person\/image\/\",\"url\":\"https:\/\/secure.gravatar.com\/avatar\/a1d148ae17fc8bfc5dbccffd07979e8bd2c9ba494221779de86ec2c7907b71ec?s=96&d=mm&r=g\",\"contentUrl\":\"https:\/\/secure.gravatar.com\/avatar\/a1d148ae17fc8bfc5dbccffd07979e8bd2c9ba494221779de86ec2c7907b71ec?s=96&d=mm&r=g\",\"caption\":\"Marco Menezes\"}}]}<\/script>\n<!-- \/ Yoast SEO Premium plugin. -->","yoast_head_json":{"title":"A declara\u00e7\u00e3o de Everson direcionada \u00e0 torcida do Atl\u00e9tico-MG","robots":{"index":"index","follow":"follow","max-snippet":"max-snippet:-1","max-image-preview":"max-image-preview:large","max-video-preview":"max-video-preview:-1"},"canonical":"https:\/\/www.gaveanews.com\/index.php\/2025\/04\/18\/a-declaracao-de-everson-direcionada-a-torcida-do-atletico-mg\/","og_locale":"pt_BR","og_type":"article","og_title":"A declara\u00e7\u00e3o de Everson direcionada \u00e0 torcida do Atl\u00e9tico-MG","og_description":"Everson foi solid\u00e1rio \u00e0s cr\u00edticas que o torcedor fez ap\u00f3s mais uma derrota no Campeonato Brasileiro. Ele n\u00e3o fugiu da responsabilidade pelo resultado tampouco por encontrar o caminho das vit\u00f3rias. O goleiro do Atl\u00e9tico-MG ainda mandou um recado para o atleticano e fez um apelo. O Atl\u00e9tico-MG foi derrotado por 2 a 0 pelo Santos [&hellip;]","og_url":"https:\/\/www.gaveanews.com\/index.php\/2025\/04\/18\/a-declaracao-de-everson-direcionada-a-torcida-do-atletico-mg\/","og_site_name":"G\u00e1vea News","article_publisher":"https:\/\/facebook.com\/gaveaNews\/","article_published_time":"2025-04-19T01:35:00+00:00","og_image":[{"width":1224,"height":816,"url":"https:\/\/www.gaveanews.com\/wp-content\/uploads\/Everson-durante-treino-do-Atletico-MG.webp","type":"image\/jpeg"}],"author":"Marco Menezes","twitter_card":"summary_large_image","twitter_misc":{"Escrito por":"Marco Menezes","Est. tempo de leitura":"2 minutos"},"schema":{"@context":"https:\/\/schema.org","@graph":[{"@type":"NewsArticle","@id":"https:\/\/www.gaveanews.com\/index.php\/2025\/04\/18\/a-declaracao-de-everson-direcionada-a-torcida-do-atletico-mg\/#article","isPartOf":{"@id":"https:\/\/www.gaveanews.com\/index.php\/2025\/04\/18\/a-declaracao-de-everson-direcionada-a-torcida-do-atletico-mg\/"},"author":{"name":"Marco Menezes","@id":"https:\/\/www.gaveanews.com\/#\/schema\/person\/a9f62fe75380c6bada1b2fc49bc23d69"},"headline":"A declara\u00e7\u00e3o de Everson direcionada \u00e0 torcida do Atl\u00e9tico-MG","datePublished":"2025-04-19T01:35:00+00:00","mainEntityOfPage":{"@id":"https:\/\/www.gaveanews.com\/index.php\/2025\/04\/18\/a-declaracao-de-everson-direcionada-a-torcida-do-atletico-mg\/"},"wordCount":348,"commentCount":0,"image":{"@id":"https:\/\/www.gaveanews.com\/index.php\/2025\/04\/18\/a-declaracao-de-everson-direcionada-a-torcida-do-atletico-mg\/#primaryimage"},"thumbnailUrl":"https:\/\/www.gaveanews.com\/wp-content\/uploads\/Everson-durante-treino-do-Atletico-MG.webp","articleSection":["Atl\u00e9tico-MG"],"inLanguage":"pt-BR","potentialAction":[{"@type":"CommentAction","name":"Comment","target":["https:\/\/www.gaveanews.com\/index.php\/2025\/04\/18\/a-declaracao-de-everson-direcionada-a-torcida-do-atletico-mg\/#respond"]}],"copyrightYear":"2025","copyrightHolder":{"@id":"https:\/\/www.gaveanews.com\/#organization"}},{"@type":"WebPage","@id":"https:\/\/www.gaveanews.com\/index.php\/2025\/04\/18\/a-declaracao-de-everson-direcionada-a-torcida-do-atletico-mg\/","url":"https:\/\/www.gaveanews.com\/index.php\/2025\/04\/18\/a-declaracao-de-everson-direcionada-a-torcida-do-atletico-mg\/","name":"A declara\u00e7\u00e3o de Everson direcionada \u00e0 torcida do Atl\u00e9tico-MG","isPartOf":{"@id":"https:\/\/www.gaveanews.com\/#website"},"primaryImageOfPage":{"@id":"https:\/\/www.gaveanews.com\/index.php\/2025\/04\/18\/a-declaracao-de-everson-direcionada-a-torcida-do-atletico-mg\/#primaryimage"},"image":{"@id":"https:\/\/www.gaveanews.com\/index.php\/2025\/04\/18\/a-declaracao-de-everson-direcionada-a-torcida-do-atletico-mg\/#primaryimage"},"thumbnailUrl":"https:\/\/www.gaveanews.com\/wp-content\/uploads\/Everson-durante-treino-do-Atletico-MG.webp","datePublished":"2025-04-19T01:35:00+00:00","author":{"@id":"https:\/\/www.gaveanews.com\/#\/schema\/person\/a9f62fe75380c6bada1b2fc49bc23d69"},"breadcrumb":{"@id":"https:\/\/www.gaveanews.com\/index.php\/2025\/04\/18\/a-declaracao-de-everson-direcionada-a-torcida-do-atletico-mg\/#breadcrumb"},"inLanguage":"pt-BR","potentialAction":[{"@type":"ReadAction","target":["https:\/\/www.gaveanews.com\/index.php\/2025\/04\/18\/a-declaracao-de-everson-direcionada-a-torcida-do-atletico-mg\/"]}]},{"@type":"ImageObject","inLanguage":"pt-BR","@id":"https:\/\/www.gaveanews.com\/index.php\/2025\/04\/18\/a-declaracao-de-everson-direcionada-a-torcida-do-atletico-mg\/#primaryimage","url":"https:\/\/www.gaveanews.com\/wp-content\/uploads\/Everson-durante-treino-do-Atletico-MG.webp","contentUrl":"https:\/\/www.gaveanews.com\/wp-content\/uploads\/Everson-durante-treino-do-Atletico-MG.webp","width":1224,"height":816,"caption":"Everson durante treino do Atl\u00e9tico-MG (Foto: Pedro Souza\/Atl\u00e9tico)"},{"@type":"BreadcrumbList","@id":"https:\/\/www.gaveanews.com\/index.php\/2025\/04\/18\/a-declaracao-de-everson-direcionada-a-torcida-do-atletico-mg\/#breadcrumb","itemListElement":[{"@type":"ListItem","position":1,"name":"Home","item":"https:\/\/www.gaveanews.com\/"},{"@type":"ListItem","position":2,"name":"A declara\u00e7\u00e3o de Everson direcionada \u00e0 torcida do Atl\u00e9tico-MG"}]},{"@type":"WebSite","@id":"https:\/\/www.gaveanews.com\/#website","url":"https:\/\/www.gaveanews.com\/","name":"G\u00e1vea News","description":"Veja todas as not\u00edcias sobre o Flamengo: Contrata\u00e7\u00f5es, categorias de base, resultados das partidas, tabela de classifica\u00e7\u00e3o, pr\u00f3ximos jogos!","potentialAction":[{"@type":"SearchAction","target":{"@type":"EntryPoint","urlTemplate":"https:\/\/www.gaveanews.com\/?s={search_term_string}"},"query-input":{"@type":"PropertyValueSpecification","valueRequired":true,"valueName":"search_term_string"}}],"inLanguage":"pt-BR"},{"@type":"Person","@id":"https:\/\/www.gaveanews.com\/#\/schema\/person\/a9f62fe75380c6bada1b2fc49bc23d69","name":"Marco Menezes","image":{"@type":"ImageObject","inLanguage":"pt-BR","@id":"https:\/\/www.gaveanews.com\/#\/schema\/person\/image\/","url":"https:\/\/secure.gravatar.com\/avatar\/a1d148ae17fc8bfc5dbccffd07979e8bd2c9ba494221779de86ec2c7907b71ec?s=96&d=mm&r=g","contentUrl":"https:\/\/secure.gravatar.com\/avatar\/a1d148ae17fc8bfc5dbccffd07979e8bd2c9ba494221779de86ec2c7907b71ec?s=96&d=mm&r=g","caption":"Marco Menezes"}}]}},"_links":{"self":[{"href":"https:\/\/www.gaveanews.com\/index.php\/wp-json\/wp\/v2\/posts\/255212","targetHints":{"allow":["GET"]}}],"collection":[{"href":"https:\/\/www.gaveanews.com\/index.php\/wp-json\/wp\/v2\/posts"}],"about":[{"href":"https:\/\/www.gaveanews.com\/index.php\/wp-json\/wp\/v2\/types\/post"}],"author":[{"embeddable":true,"href":"https:\/\/www.gaveanews.com\/index.php\/wp-json\/wp\/v2\/users\/29"}],"replies":[{"embeddable":true,"href":"https:\/\/www.gaveanews.com\/index.php\/wp-json\/wp\/v2\/comments?post=255212"}],"version-history":[{"count":1,"href":"https:\/\/www.gaveanews.com\/index.php\/wp-json\/wp\/v2\/posts\/255212\/revisions"}],"predecessor-version":[{"id":255213,"href":"https:\/\/www.gaveanews.com\/index.php\/wp-json\/wp\/v2\/posts\/255212\/revisions\/255213"}],"wp:featuredmedia":[{"embeddable":true,"href":"https:\/\/www.gaveanews.com\/index.php\/wp-json\/wp\/v2\/media\/140586"}],"wp:attachment":[{"href":"https:\/\/www.gaveanews.com\/index.php\/wp-json\/wp\/v2\/media?parent=255212"}],"wp:term":[{"taxonomy":"category","embeddable":true,"href":"https:\/\/www.gaveanews.com\/index.php\/wp-json\/wp\/v2\/categories?post=255212"},{"taxonomy":"post_tag","embeddable":true,"href":"https:\/\/www.gaveanews.com\/index.php\/wp-json\/wp\/v2\/tags?post=255212"}],"curies":[{"name":"wp","href":"https:\/\/api.w.org\/{rel}","templated":true}]}}