{"id":255217,"date":"2025-04-18T02:30:00","date_gmt":"2025-04-18T05:30:00","guid":{"rendered":"https:\/\/www.gaveanews.com\/?p=255217"},"modified":"2025-04-17T22:58:09","modified_gmt":"2025-04-18T01:58:09","slug":"sao-paulo-define-a-situacao-de-luan","status":"publish","type":"post","link":"https:\/\/www.gaveanews.com\/index.php\/2025\/04\/18\/sao-paulo-define-a-situacao-de-luan\/","title":{"rendered":"S\u00e3o Paulo define a situa\u00e7\u00e3o de Luan"},"content":{"rendered":"\n<p>O S\u00e3o Paulo atravessa um momento financeiramente delicado, o que tem impactado diretamente o planejamento do clube para a temporada. Conforme os n\u00fameros mais recentes, a d\u00edvida tricolor ultrapassou a marca de R$ 1 bilh\u00e3o, valor aprovado pelo conselho deliberativo. A atual gest\u00e3o, liderada por J\u00falio Casares, ter\u00e1 mandato at\u00e9 2026 e enfrenta crescentes press\u00f5es por solu\u00e7\u00f5es que minimizem os efeitos da crise fora das quatro linhas.<\/p>\n\n\n\n<p>Nesse cen\u00e1rio, o clube tem buscado alternativas para fortalecer o elenco, mesmo com recursos limitados. A situa\u00e7\u00e3o de Luan, meio-campista revelado pelas categorias de base do S\u00e3o Paulo, passou por uma reviravolta inesperada ap\u00f3s o t\u00e9rmino do Campeonato Paulista. Inicialmente fora dos planos da comiss\u00e3o t\u00e9cnica, o atleta treinava no CT da Barra Funda sem perspectivas de ser aproveitado.<\/p>\n\n\n\n<p>Ali\u00e1s, a mudan\u00e7a no status do jogador ocorreu ap\u00f3s dois acontecimentos cruciais: a les\u00e3o de Pablo Maia e o afastamento de Luiz Gustavo. Tais circunst\u00e2ncias abriram caminho para a reintegra\u00e7\u00e3o de Luan ao elenco principal. Segundo informa\u00e7\u00f5es, o volante voltou a treinar com o grupo e est\u00e1 em fase de recupera\u00e7\u00e3o f\u00edsica, apto para atuar por at\u00e9 60 minutos.<\/p>\n\n\n\n<p>Embora esteja reintegrado, Luan ainda n\u00e3o foi relacionado para partidas oficiais desde seu retorno. O departamento t\u00e9cnico optou por um processo gradual de recondicionamento, com foco total na parte f\u00edsica do jogador. A princ\u00edpio, n\u00e3o h\u00e1 previs\u00e3o exata para quando ele poder\u00e1 estar entre os convocados.<\/p>\n\n\n\n<p>O caso evidencia, principalmente, como fatores externos, como les\u00f5es e suspens\u00f5es, podem alterar repentinamente o planejamento de um clube. Afinal, Luan j\u00e1 era considerado pe\u00e7a fora do elenco at\u00e9 mar\u00e7o, quando sua perman\u00eancia parecia improv\u00e1vel.<\/p>\n\n\n\n<p>Portanto, enquanto o S\u00e3o Paulo tenta manter a competitividade mesmo com limita\u00e7\u00f5es or\u00e7ament\u00e1rias, situa\u00e7\u00f5es como a de Luan mostram que o improviso, ocasionalmente, se torna parte essencial da estrat\u00e9gia esportiva.<\/p>\n","protected":false},"excerpt":{"rendered":"<p>O S\u00e3o Paulo atravessa um momento financeiramente delicado, o que tem impactado diretamente o planejamento do clube para a temporada. Conforme os n\u00fameros mais recentes, a d\u00edvida tricolor ultrapassou a marca de R$ 1 bilh\u00e3o, valor aprovado pelo conselho deliberativo. A atual gest\u00e3o, liderada por J\u00falio Casares, ter\u00e1 mandato at\u00e9 2026 e enfrenta crescentes press\u00f5es [&hellip;]<\/p>\n","protected":false},"author":18,"featured_media":255220,"comment_status":"open","ping_status":"closed","sticky":false,"template":"","format":"standard","meta":{"footnotes":""},"categories":[151],"tags":[],"class_list":["post-255217","post","type-post","status-publish","format-standard","has-post-thumbnail","hentry","category-sao-paulo"],"yoast_head":"<!-- This site is optimized with the Yoast SEO Premium plugin v24.2 (Yoast SEO v26.9) - https:\/\/yoast.com\/product\/yoast-seo-premium-wordpress\/ -->\n<title>S\u00e3o Paulo define a situa\u00e7\u00e3o de Luan<\/title>\n<meta name=\"robots\" content=\"index, follow, max-snippet:-1, max-image-preview:large, max-video-preview:-1\" \/>\n<link rel=\"canonical\" href=\"https:\/\/www.gaveanews.com\/index.php\/2025\/04\/18\/sao-paulo-define-a-situacao-de-luan\/\" \/>\n<meta property=\"og:locale\" content=\"pt_BR\" \/>\n<meta property=\"og:type\" content=\"article\" \/>\n<meta property=\"og:title\" content=\"S\u00e3o Paulo define a situa\u00e7\u00e3o de Luan\" \/>\n<meta property=\"og:description\" content=\"O S\u00e3o Paulo atravessa um momento financeiramente delicado, o que tem impactado diretamente o planejamento do clube para a temporada. Conforme os n\u00fameros mais recentes, a d\u00edvida tricolor ultrapassou a marca de R$ 1 bilh\u00e3o, valor aprovado pelo conselho deliberativo. A atual gest\u00e3o, liderada por J\u00falio Casares, ter\u00e1 mandato at\u00e9 2026 e enfrenta crescentes press\u00f5es [&hellip;]\" \/>\n<meta property=\"og:url\" content=\"https:\/\/www.gaveanews.com\/index.php\/2025\/04\/18\/sao-paulo-define-a-situacao-de-luan\/\" \/>\n<meta property=\"og:site_name\" content=\"G\u00e1vea News\" \/>\n<meta property=\"article:publisher\" content=\"https:\/\/facebook.com\/gaveaNews\/\" \/>\n<meta property=\"article:published_time\" content=\"2025-04-18T05:30:00+00:00\" \/>\n<meta property=\"og:image\" content=\"https:\/\/www.gaveanews.com\/wp-content\/uploads\/Luan-pelo-Sao-Paulo.webp\" \/>\n\t<meta property=\"og:image:width\" content=\"736\" \/>\n\t<meta property=\"og:image:height\" content=\"507\" \/>\n\t<meta property=\"og:image:type\" content=\"image\/jpeg\" \/>\n<meta name=\"author\" content=\"Paula Silva\" \/>\n<meta name=\"twitter:card\" content=\"summary_large_image\" \/>\n<meta name=\"twitter:label1\" content=\"Escrito por\" \/>\n\t<meta name=\"twitter:data1\" content=\"Paula Silva\" \/>\n\t<meta name=\"twitter:label2\" content=\"Est. tempo de leitura\" \/>\n\t<meta name=\"twitter:data2\" content=\"2 minutos\" \/>\n<script type=\"application\/ld+json\" class=\"yoast-schema-graph\">{\"@context\":\"https:\/\/schema.org\",\"@graph\":[{\"@type\":\"NewsArticle\",\"@id\":\"https:\/\/www.gaveanews.com\/index.php\/2025\/04\/18\/sao-paulo-define-a-situacao-de-luan\/#article\",\"isPartOf\":{\"@id\":\"https:\/\/www.gaveanews.com\/index.php\/2025\/04\/18\/sao-paulo-define-a-situacao-de-luan\/\"},\"author\":{\"name\":\"Paula Silva\",\"@id\":\"https:\/\/www.gaveanews.com\/#\/schema\/person\/daf63eec72e1164eb13dc35096c2b8da\"},\"headline\":\"S\u00e3o Paulo define a situa\u00e7\u00e3o de Luan\",\"datePublished\":\"2025-04-18T05:30:00+00:00\",\"mainEntityOfPage\":{\"@id\":\"https:\/\/www.gaveanews.com\/index.php\/2025\/04\/18\/sao-paulo-define-a-situacao-de-luan\/\"},\"wordCount\":344,\"commentCount\":0,\"image\":{\"@id\":\"https:\/\/www.gaveanews.com\/index.php\/2025\/04\/18\/sao-paulo-define-a-situacao-de-luan\/#primaryimage\"},\"thumbnailUrl\":\"https:\/\/www.gaveanews.com\/wp-content\/uploads\/Luan-pelo-Sao-Paulo.webp\",\"articleSection\":[\"S\u00e3o Paulo\"],\"inLanguage\":\"pt-BR\",\"potentialAction\":[{\"@type\":\"CommentAction\",\"name\":\"Comment\",\"target\":[\"https:\/\/www.gaveanews.com\/index.php\/2025\/04\/18\/sao-paulo-define-a-situacao-de-luan\/#respond\"]}],\"copyrightYear\":\"2025\",\"copyrightHolder\":{\"@id\":\"https:\/\/www.gaveanews.com\/#organization\"}},{\"@type\":\"WebPage\",\"@id\":\"https:\/\/www.gaveanews.com\/index.php\/2025\/04\/18\/sao-paulo-define-a-situacao-de-luan\/\",\"url\":\"https:\/\/www.gaveanews.com\/index.php\/2025\/04\/18\/sao-paulo-define-a-situacao-de-luan\/\",\"name\":\"S\u00e3o Paulo define a situa\u00e7\u00e3o de Luan\",\"isPartOf\":{\"@id\":\"https:\/\/www.gaveanews.com\/#website\"},\"primaryImageOfPage\":{\"@id\":\"https:\/\/www.gaveanews.com\/index.php\/2025\/04\/18\/sao-paulo-define-a-situacao-de-luan\/#primaryimage\"},\"image\":{\"@id\":\"https:\/\/www.gaveanews.com\/index.php\/2025\/04\/18\/sao-paulo-define-a-situacao-de-luan\/#primaryimage\"},\"thumbnailUrl\":\"https:\/\/www.gaveanews.com\/wp-content\/uploads\/Luan-pelo-Sao-Paulo.webp\",\"datePublished\":\"2025-04-18T05:30:00+00:00\",\"author\":{\"@id\":\"https:\/\/www.gaveanews.com\/#\/schema\/person\/daf63eec72e1164eb13dc35096c2b8da\"},\"breadcrumb\":{\"@id\":\"https:\/\/www.gaveanews.com\/index.php\/2025\/04\/18\/sao-paulo-define-a-situacao-de-luan\/#breadcrumb\"},\"inLanguage\":\"pt-BR\",\"potentialAction\":[{\"@type\":\"ReadAction\",\"target\":[\"https:\/\/www.gaveanews.com\/index.php\/2025\/04\/18\/sao-paulo-define-a-situacao-de-luan\/\"]}]},{\"@type\":\"ImageObject\",\"inLanguage\":\"pt-BR\",\"@id\":\"https:\/\/www.gaveanews.com\/index.php\/2025\/04\/18\/sao-paulo-define-a-situacao-de-luan\/#primaryimage\",\"url\":\"https:\/\/www.gaveanews.com\/wp-content\/uploads\/Luan-pelo-Sao-Paulo.webp\",\"contentUrl\":\"https:\/\/www.gaveanews.com\/wp-content\/uploads\/Luan-pelo-Sao-Paulo.webp\",\"width\":736,\"height\":507,\"caption\":\"Luan pelo S\u00e3o Paulo (Foto: Rubens Chiri\/S\u00e3o Paulo F.C.)\"},{\"@type\":\"BreadcrumbList\",\"@id\":\"https:\/\/www.gaveanews.com\/index.php\/2025\/04\/18\/sao-paulo-define-a-situacao-de-luan\/#breadcrumb\",\"itemListElement\":[{\"@type\":\"ListItem\",\"position\":1,\"name\":\"Home\",\"item\":\"https:\/\/www.gaveanews.com\/\"},{\"@type\":\"ListItem\",\"position\":2,\"name\":\"S\u00e3o Paulo define a situa\u00e7\u00e3o de Luan\"}]},{\"@type\":\"WebSite\",\"@id\":\"https:\/\/www.gaveanews.com\/#website\",\"url\":\"https:\/\/www.gaveanews.com\/\",\"name\":\"G\u00e1vea News\",\"description\":\"Veja todas as not\u00edcias sobre o Flamengo: Contrata\u00e7\u00f5es, categorias de base, resultados das partidas, tabela de classifica\u00e7\u00e3o, pr\u00f3ximos jogos!\",\"potentialAction\":[{\"@type\":\"SearchAction\",\"target\":{\"@type\":\"EntryPoint\",\"urlTemplate\":\"https:\/\/www.gaveanews.com\/?s={search_term_string}\"},\"query-input\":{\"@type\":\"PropertyValueSpecification\",\"valueRequired\":true,\"valueName\":\"search_term_string\"}}],\"inLanguage\":\"pt-BR\"},{\"@type\":\"Person\",\"@id\":\"https:\/\/www.gaveanews.com\/#\/schema\/person\/daf63eec72e1164eb13dc35096c2b8da\",\"name\":\"Paula Silva\",\"image\":{\"@type\":\"ImageObject\",\"inLanguage\":\"pt-BR\",\"@id\":\"https:\/\/www.gaveanews.com\/#\/schema\/person\/image\/\",\"url\":\"https:\/\/secure.gravatar.com\/avatar\/eda381c845527cc5d64c13b901833cda29d97500ba040d3e6461f76f51d163bb?s=96&d=mm&r=g\",\"contentUrl\":\"https:\/\/secure.gravatar.com\/avatar\/eda381c845527cc5d64c13b901833cda29d97500ba040d3e6461f76f51d163bb?s=96&d=mm&r=g\",\"caption\":\"Paula Silva\"}}]}<\/script>\n<!-- \/ Yoast SEO Premium plugin. -->","yoast_head_json":{"title":"S\u00e3o Paulo define a situa\u00e7\u00e3o de Luan","robots":{"index":"index","follow":"follow","max-snippet":"max-snippet:-1","max-image-preview":"max-image-preview:large","max-video-preview":"max-video-preview:-1"},"canonical":"https:\/\/www.gaveanews.com\/index.php\/2025\/04\/18\/sao-paulo-define-a-situacao-de-luan\/","og_locale":"pt_BR","og_type":"article","og_title":"S\u00e3o Paulo define a situa\u00e7\u00e3o de Luan","og_description":"O S\u00e3o Paulo atravessa um momento financeiramente delicado, o que tem impactado diretamente o planejamento do clube para a temporada. Conforme os n\u00fameros mais recentes, a d\u00edvida tricolor ultrapassou a marca de R$ 1 bilh\u00e3o, valor aprovado pelo conselho deliberativo. A atual gest\u00e3o, liderada por J\u00falio Casares, ter\u00e1 mandato at\u00e9 2026 e enfrenta crescentes press\u00f5es [&hellip;]","og_url":"https:\/\/www.gaveanews.com\/index.php\/2025\/04\/18\/sao-paulo-define-a-situacao-de-luan\/","og_site_name":"G\u00e1vea News","article_publisher":"https:\/\/facebook.com\/gaveaNews\/","article_published_time":"2025-04-18T05:30:00+00:00","og_image":[{"width":736,"height":507,"url":"https:\/\/www.gaveanews.com\/wp-content\/uploads\/Luan-pelo-Sao-Paulo.webp","type":"image\/jpeg"}],"author":"Paula Silva","twitter_card":"summary_large_image","twitter_misc":{"Escrito por":"Paula Silva","Est. tempo de leitura":"2 minutos"},"schema":{"@context":"https:\/\/schema.org","@graph":[{"@type":"NewsArticle","@id":"https:\/\/www.gaveanews.com\/index.php\/2025\/04\/18\/sao-paulo-define-a-situacao-de-luan\/#article","isPartOf":{"@id":"https:\/\/www.gaveanews.com\/index.php\/2025\/04\/18\/sao-paulo-define-a-situacao-de-luan\/"},"author":{"name":"Paula Silva","@id":"https:\/\/www.gaveanews.com\/#\/schema\/person\/daf63eec72e1164eb13dc35096c2b8da"},"headline":"S\u00e3o Paulo define a situa\u00e7\u00e3o de Luan","datePublished":"2025-04-18T05:30:00+00:00","mainEntityOfPage":{"@id":"https:\/\/www.gaveanews.com\/index.php\/2025\/04\/18\/sao-paulo-define-a-situacao-de-luan\/"},"wordCount":344,"commentCount":0,"image":{"@id":"https:\/\/www.gaveanews.com\/index.php\/2025\/04\/18\/sao-paulo-define-a-situacao-de-luan\/#primaryimage"},"thumbnailUrl":"https:\/\/www.gaveanews.com\/wp-content\/uploads\/Luan-pelo-Sao-Paulo.webp","articleSection":["S\u00e3o Paulo"],"inLanguage":"pt-BR","potentialAction":[{"@type":"CommentAction","name":"Comment","target":["https:\/\/www.gaveanews.com\/index.php\/2025\/04\/18\/sao-paulo-define-a-situacao-de-luan\/#respond"]}],"copyrightYear":"2025","copyrightHolder":{"@id":"https:\/\/www.gaveanews.com\/#organization"}},{"@type":"WebPage","@id":"https:\/\/www.gaveanews.com\/index.php\/2025\/04\/18\/sao-paulo-define-a-situacao-de-luan\/","url":"https:\/\/www.gaveanews.com\/index.php\/2025\/04\/18\/sao-paulo-define-a-situacao-de-luan\/","name":"S\u00e3o Paulo define a situa\u00e7\u00e3o de Luan","isPartOf":{"@id":"https:\/\/www.gaveanews.com\/#website"},"primaryImageOfPage":{"@id":"https:\/\/www.gaveanews.com\/index.php\/2025\/04\/18\/sao-paulo-define-a-situacao-de-luan\/#primaryimage"},"image":{"@id":"https:\/\/www.gaveanews.com\/index.php\/2025\/04\/18\/sao-paulo-define-a-situacao-de-luan\/#primaryimage"},"thumbnailUrl":"https:\/\/www.gaveanews.com\/wp-content\/uploads\/Luan-pelo-Sao-Paulo.webp","datePublished":"2025-04-18T05:30:00+00:00","author":{"@id":"https:\/\/www.gaveanews.com\/#\/schema\/person\/daf63eec72e1164eb13dc35096c2b8da"},"breadcrumb":{"@id":"https:\/\/www.gaveanews.com\/index.php\/2025\/04\/18\/sao-paulo-define-a-situacao-de-luan\/#breadcrumb"},"inLanguage":"pt-BR","potentialAction":[{"@type":"ReadAction","target":["https:\/\/www.gaveanews.com\/index.php\/2025\/04\/18\/sao-paulo-define-a-situacao-de-luan\/"]}]},{"@type":"ImageObject","inLanguage":"pt-BR","@id":"https:\/\/www.gaveanews.com\/index.php\/2025\/04\/18\/sao-paulo-define-a-situacao-de-luan\/#primaryimage","url":"https:\/\/www.gaveanews.com\/wp-content\/uploads\/Luan-pelo-Sao-Paulo.webp","contentUrl":"https:\/\/www.gaveanews.com\/wp-content\/uploads\/Luan-pelo-Sao-Paulo.webp","width":736,"height":507,"caption":"Luan pelo S\u00e3o Paulo (Foto: Rubens Chiri\/S\u00e3o Paulo F.C.)"},{"@type":"BreadcrumbList","@id":"https:\/\/www.gaveanews.com\/index.php\/2025\/04\/18\/sao-paulo-define-a-situacao-de-luan\/#breadcrumb","itemListElement":[{"@type":"ListItem","position":1,"name":"Home","item":"https:\/\/www.gaveanews.com\/"},{"@type":"ListItem","position":2,"name":"S\u00e3o Paulo define a situa\u00e7\u00e3o de Luan"}]},{"@type":"WebSite","@id":"https:\/\/www.gaveanews.com\/#website","url":"https:\/\/www.gaveanews.com\/","name":"G\u00e1vea News","description":"Veja todas as not\u00edcias sobre o Flamengo: Contrata\u00e7\u00f5es, categorias de base, resultados das partidas, tabela de classifica\u00e7\u00e3o, pr\u00f3ximos jogos!","potentialAction":[{"@type":"SearchAction","target":{"@type":"EntryPoint","urlTemplate":"https:\/\/www.gaveanews.com\/?s={search_term_string}"},"query-input":{"@type":"PropertyValueSpecification","valueRequired":true,"valueName":"search_term_string"}}],"inLanguage":"pt-BR"},{"@type":"Person","@id":"https:\/\/www.gaveanews.com\/#\/schema\/person\/daf63eec72e1164eb13dc35096c2b8da","name":"Paula Silva","image":{"@type":"ImageObject","inLanguage":"pt-BR","@id":"https:\/\/www.gaveanews.com\/#\/schema\/person\/image\/","url":"https:\/\/secure.gravatar.com\/avatar\/eda381c845527cc5d64c13b901833cda29d97500ba040d3e6461f76f51d163bb?s=96&d=mm&r=g","contentUrl":"https:\/\/secure.gravatar.com\/avatar\/eda381c845527cc5d64c13b901833cda29d97500ba040d3e6461f76f51d163bb?s=96&d=mm&r=g","caption":"Paula Silva"}}]}},"_links":{"self":[{"href":"https:\/\/www.gaveanews.com\/index.php\/wp-json\/wp\/v2\/posts\/255217","targetHints":{"allow":["GET"]}}],"collection":[{"href":"https:\/\/www.gaveanews.com\/index.php\/wp-json\/wp\/v2\/posts"}],"about":[{"href":"https:\/\/www.gaveanews.com\/index.php\/wp-json\/wp\/v2\/types\/post"}],"author":[{"embeddable":true,"href":"https:\/\/www.gaveanews.com\/index.php\/wp-json\/wp\/v2\/users\/18"}],"replies":[{"embeddable":true,"href":"https:\/\/www.gaveanews.com\/index.php\/wp-json\/wp\/v2\/comments?post=255217"}],"version-history":[{"count":1,"href":"https:\/\/www.gaveanews.com\/index.php\/wp-json\/wp\/v2\/posts\/255217\/revisions"}],"predecessor-version":[{"id":255221,"href":"https:\/\/www.gaveanews.com\/index.php\/wp-json\/wp\/v2\/posts\/255217\/revisions\/255221"}],"wp:featuredmedia":[{"embeddable":true,"href":"https:\/\/www.gaveanews.com\/index.php\/wp-json\/wp\/v2\/media\/255220"}],"wp:attachment":[{"href":"https:\/\/www.gaveanews.com\/index.php\/wp-json\/wp\/v2\/media?parent=255217"}],"wp:term":[{"taxonomy":"category","embeddable":true,"href":"https:\/\/www.gaveanews.com\/index.php\/wp-json\/wp\/v2\/categories?post=255217"},{"taxonomy":"post_tag","embeddable":true,"href":"https:\/\/www.gaveanews.com\/index.php\/wp-json\/wp\/v2\/tags?post=255217"}],"curies":[{"name":"wp","href":"https:\/\/api.w.org\/{rel}","templated":true}]}}