{"id":255223,"date":"2025-04-18T20:55:00","date_gmt":"2025-04-18T23:55:00","guid":{"rendered":"https:\/\/www.gaveanews.com\/?p=255223"},"modified":"2025-04-18T17:51:34","modified_gmt":"2025-04-18T20:51:34","slug":"a-declaracao-de-ana-thais-direcionada-a-alan-patrick-do-internacional","status":"publish","type":"post","link":"https:\/\/www.gaveanews.com\/index.php\/2025\/04\/18\/a-declaracao-de-ana-thais-direcionada-a-alan-patrick-do-internacional\/","title":{"rendered":"A declara\u00e7\u00e3o de Ana Tha\u00eds direcionada a Alan Patrick, do Internacional"},"content":{"rendered":"\n<p>Alan Patrick atualmente se destaca como o principal camisa 10 do Internacional, liderando a equipe com atua\u00e7\u00f5es decisivas, marcadas por gols e assist\u00eancias importantes. Seu desempenho consistente o coloca em evid\u00eancia no cen\u00e1rio nacional.<\/p>\n\n\n\n<p>Diante da aparente car\u00eancia de articuladores com seu perfil no futebol brasileiro, o capit\u00e3o colorado tem recebido frequentes elogios por suas performances de alto n\u00edvel. Nesse contexto, a comentarista Ana Tha\u00eds Matos manifestou convic\u00e7\u00e3o sobre o potencial do jogador para o n\u00edvel de sele\u00e7\u00e3o.<\/p>\n\n\n\n<p>De forma direta, Ana Tha\u00eds afirmou seu posicionamento favor\u00e1vel \u00e0 convoca\u00e7\u00e3o do meia. \u201cEu convocaria para a sele\u00e7\u00e3o brasileira, com certeza\u201d, resumiu a comentarista durante sua participa\u00e7\u00e3o em programa esportivo.<\/p>\n\n\n\n<p>Outra figura emblem\u00e1tica do futebol, Zico, tamb\u00e9m expressa admira\u00e7\u00e3o pelo futebol apresentado por Alan Patrick. O \u00eddolo do Flamengo observa o significativo protagonismo que o meio-campista assumiu na organiza\u00e7\u00e3o t\u00e1tica do Internacional.<\/p>\n\n\n\n<h2 class=\"wp-block-heading\" id=\"h-desempenho-de-alan-patrick-impressiona-zico\">Desempenho de Alan Patrick impressiona Zico<\/h2>\n\n\n\n<p>Zico identifica no jogador do Inter as qualidades de um armador cl\u00e1ssico, um perfil que ele considera cada vez mais raro no futebol brasileiro contempor\u00e2neo. Para o ex-jogador, Alan Patrick demonstra um n\u00edvel t\u00e9cnico diferenciado.<\/p>\n\n\n\n<p>Em declara\u00e7\u00e3o espec\u00edfica ao portal Lance!, Zico detalhou sua percep\u00e7\u00e3o sobre o atleta. \u201c\u2018O Alan Patrick tem caracter\u00edsticas do 10 cl\u00e1ssico. Est\u00e1 sobrando no futebol brasileiro atual. \u00c9 um dos poucos que faz essa fun\u00e7\u00e3o, organizando o Inter e deixando os colegas na cara do gol\u2019\u201d, afirmou Zico.<\/p>\n\n\n\n<p>Contudo, ao refletir sobre a poss\u00edvel integra\u00e7\u00e3o de Alan Patrick \u00e0 sele\u00e7\u00e3o brasileira, Zico apresentou uma vis\u00e3o cautelosa. Ele relaciona a adapta\u00e7\u00e3o do jogador ao esquema t\u00e1tico e \u00e0 fun\u00e7\u00e3o espec\u00edfica que a comiss\u00e3o t\u00e9cnica lhe atribuiria na equipe nacional.<\/p>\n\n\n\n<p>O Galinho de Quintino foi expl\u00edcito em sua an\u00e1lise sobre o encaixe no sistema atual. \u201c\u2018Vai depender da fun\u00e7\u00e3o que derem a ele no time. Se for para jogar como a sele\u00e7\u00e3o vem jogando hoje, n\u00e3o tem espa\u00e7o. Nem o Neymar faz o 10 cl\u00e1ssico. Ali\u00e1s, o Neymar nunca foi um 10\u2019\u201d, externou Zico.<\/p>\n\n\n\n<figure class=\"wp-block-image size-full is-resized\"><img loading=\"lazy\" decoding=\"async\" width=\"752\" height=\"488\" src=\"http:\/\/www.gaveanews.com\/wp-content\/uploads\/Alan-Patrick-pelo-Internacional-1.webp\" alt=\"\" class=\"wp-image-252051\" style=\"width:840px;height:auto\"\/><figcaption class=\"wp-element-caption\">Alan Patrick pelo Internacional  (Foto: Reprodu\u00e7\u00e3o\/Internacional)<\/figcaption><\/figure>\n\n\n\n<h2 class=\"wp-block-heading\" id=\"h-internacional-ganha-status-de-elite\">Internacional ganha status de elite<\/h2>\n\n\n\n<p>Paralelamente, Ana Tha\u00eds Matos avalia que o Internacional se juntou ao grupo de elite do futebol brasileiro, competindo em n\u00edvel similar ao de Flamengo e Palmeiras. A comentarista acredita que o time ga\u00facho possui elenco e estrutura para tal.<\/p>\n\n\n\n<p>Ademais, ela projeta a equipe colorada como uma forte candidata na disputa pelo t\u00edtulo do Campeonato Brasileiro S\u00e9rie A, baseando-se nas performances recentes e na qualidade do plantel.<\/p>\n\n\n\n<p>A comentarista tamb\u00e9m j\u00e1 demonstrou publicamente apre\u00e7o pelo trabalho do t\u00e9cnico Roger Machado, a ponto de ter sugerido seu nome para a sele\u00e7\u00e3o brasileira anteriormente. Similarmente, Ana Tha\u00eds acompanha com interesse os trabalhos de Rog\u00e9rio Ceni no Bahia e de Filipe Lu\u00eds em sua nova fun\u00e7\u00e3o t\u00e9cnica.<\/p>\n","protected":false},"excerpt":{"rendered":"<p>Alan Patrick atualmente se destaca como o principal camisa 10 do Internacional, liderando a equipe com atua\u00e7\u00f5es decisivas, marcadas por gols e assist\u00eancias importantes. Seu desempenho consistente o coloca em evid\u00eancia no cen\u00e1rio nacional. Diante da aparente car\u00eancia de articuladores com seu perfil no futebol brasileiro, o capit\u00e3o colorado tem recebido frequentes elogios por suas [&hellip;]<\/p>\n","protected":false},"author":28,"featured_media":55460,"comment_status":"open","ping_status":"closed","sticky":false,"template":"","format":"standard","meta":{"footnotes":""},"categories":[148],"tags":[],"class_list":["post-255223","post","type-post","status-publish","format-standard","has-post-thumbnail","hentry","category-internacional"],"yoast_head":"<!-- This site is optimized with the Yoast SEO Premium plugin v24.2 (Yoast SEO v26.9) - https:\/\/yoast.com\/product\/yoast-seo-premium-wordpress\/ -->\n<title>A declara\u00e7\u00e3o de Ana Tha\u00eds direcionada a Alan Patrick, do Internacional<\/title>\n<meta name=\"robots\" content=\"index, follow, max-snippet:-1, max-image-preview:large, max-video-preview:-1\" \/>\n<link rel=\"canonical\" href=\"https:\/\/www.gaveanews.com\/index.php\/2025\/04\/18\/a-declaracao-de-ana-thais-direcionada-a-alan-patrick-do-internacional\/\" \/>\n<meta property=\"og:locale\" content=\"pt_BR\" \/>\n<meta property=\"og:type\" content=\"article\" \/>\n<meta property=\"og:title\" content=\"A declara\u00e7\u00e3o de Ana Tha\u00eds direcionada a Alan Patrick, do Internacional\" \/>\n<meta property=\"og:description\" content=\"Alan Patrick atualmente se destaca como o principal camisa 10 do Internacional, liderando a equipe com atua\u00e7\u00f5es decisivas, marcadas por gols e assist\u00eancias importantes. Seu desempenho consistente o coloca em evid\u00eancia no cen\u00e1rio nacional. Diante da aparente car\u00eancia de articuladores com seu perfil no futebol brasileiro, o capit\u00e3o colorado tem recebido frequentes elogios por suas [&hellip;]\" \/>\n<meta property=\"og:url\" content=\"https:\/\/www.gaveanews.com\/index.php\/2025\/04\/18\/a-declaracao-de-ana-thais-direcionada-a-alan-patrick-do-internacional\/\" \/>\n<meta property=\"og:site_name\" content=\"G\u00e1vea News\" \/>\n<meta property=\"article:publisher\" content=\"https:\/\/facebook.com\/gaveaNews\/\" \/>\n<meta property=\"article:published_time\" content=\"2025-04-18T23:55:00+00:00\" \/>\n<meta property=\"og:image\" content=\"https:\/\/www.gaveanews.com\/wp-content\/uploads\/Ana-Thais-Matos-jornalista-do-Sportv.webp\" \/>\n\t<meta property=\"og:image:width\" content=\"1366\" \/>\n\t<meta property=\"og:image:height\" content=\"769\" \/>\n\t<meta property=\"og:image:type\" content=\"image\/jpeg\" \/>\n<meta name=\"author\" content=\"Hudson Pereira\" \/>\n<meta name=\"twitter:card\" content=\"summary_large_image\" \/>\n<meta name=\"twitter:label1\" content=\"Escrito por\" \/>\n\t<meta name=\"twitter:data1\" content=\"Hudson Pereira\" \/>\n\t<meta name=\"twitter:label2\" content=\"Est. tempo de leitura\" \/>\n\t<meta name=\"twitter:data2\" content=\"3 minutos\" \/>\n<script type=\"application\/ld+json\" class=\"yoast-schema-graph\">{\"@context\":\"https:\/\/schema.org\",\"@graph\":[{\"@type\":\"NewsArticle\",\"@id\":\"https:\/\/www.gaveanews.com\/index.php\/2025\/04\/18\/a-declaracao-de-ana-thais-direcionada-a-alan-patrick-do-internacional\/#article\",\"isPartOf\":{\"@id\":\"https:\/\/www.gaveanews.com\/index.php\/2025\/04\/18\/a-declaracao-de-ana-thais-direcionada-a-alan-patrick-do-internacional\/\"},\"author\":{\"name\":\"Hudson Pereira\",\"@id\":\"https:\/\/www.gaveanews.com\/#\/schema\/person\/bd08f00534b403119b92741a6d469ef0\"},\"headline\":\"A declara\u00e7\u00e3o de Ana Tha\u00eds direcionada a Alan Patrick, do Internacional\",\"datePublished\":\"2025-04-18T23:55:00+00:00\",\"mainEntityOfPage\":{\"@id\":\"https:\/\/www.gaveanews.com\/index.php\/2025\/04\/18\/a-declaracao-de-ana-thais-direcionada-a-alan-patrick-do-internacional\/\"},\"wordCount\":518,\"commentCount\":0,\"image\":{\"@id\":\"https:\/\/www.gaveanews.com\/index.php\/2025\/04\/18\/a-declaracao-de-ana-thais-direcionada-a-alan-patrick-do-internacional\/#primaryimage\"},\"thumbnailUrl\":\"https:\/\/www.gaveanews.com\/wp-content\/uploads\/Ana-Thais-Matos-jornalista-do-Sportv.webp\",\"articleSection\":[\"Internacional\"],\"inLanguage\":\"pt-BR\",\"potentialAction\":[{\"@type\":\"CommentAction\",\"name\":\"Comment\",\"target\":[\"https:\/\/www.gaveanews.com\/index.php\/2025\/04\/18\/a-declaracao-de-ana-thais-direcionada-a-alan-patrick-do-internacional\/#respond\"]}],\"copyrightYear\":\"2025\",\"copyrightHolder\":{\"@id\":\"https:\/\/www.gaveanews.com\/#organization\"}},{\"@type\":\"WebPage\",\"@id\":\"https:\/\/www.gaveanews.com\/index.php\/2025\/04\/18\/a-declaracao-de-ana-thais-direcionada-a-alan-patrick-do-internacional\/\",\"url\":\"https:\/\/www.gaveanews.com\/index.php\/2025\/04\/18\/a-declaracao-de-ana-thais-direcionada-a-alan-patrick-do-internacional\/\",\"name\":\"A declara\u00e7\u00e3o de Ana Tha\u00eds direcionada a Alan Patrick, do Internacional\",\"isPartOf\":{\"@id\":\"https:\/\/www.gaveanews.com\/#website\"},\"primaryImageOfPage\":{\"@id\":\"https:\/\/www.gaveanews.com\/index.php\/2025\/04\/18\/a-declaracao-de-ana-thais-direcionada-a-alan-patrick-do-internacional\/#primaryimage\"},\"image\":{\"@id\":\"https:\/\/www.gaveanews.com\/index.php\/2025\/04\/18\/a-declaracao-de-ana-thais-direcionada-a-alan-patrick-do-internacional\/#primaryimage\"},\"thumbnailUrl\":\"https:\/\/www.gaveanews.com\/wp-content\/uploads\/Ana-Thais-Matos-jornalista-do-Sportv.webp\",\"datePublished\":\"2025-04-18T23:55:00+00:00\",\"author\":{\"@id\":\"https:\/\/www.gaveanews.com\/#\/schema\/person\/bd08f00534b403119b92741a6d469ef0\"},\"breadcrumb\":{\"@id\":\"https:\/\/www.gaveanews.com\/index.php\/2025\/04\/18\/a-declaracao-de-ana-thais-direcionada-a-alan-patrick-do-internacional\/#breadcrumb\"},\"inLanguage\":\"pt-BR\",\"potentialAction\":[{\"@type\":\"ReadAction\",\"target\":[\"https:\/\/www.gaveanews.com\/index.php\/2025\/04\/18\/a-declaracao-de-ana-thais-direcionada-a-alan-patrick-do-internacional\/\"]}]},{\"@type\":\"ImageObject\",\"inLanguage\":\"pt-BR\",\"@id\":\"https:\/\/www.gaveanews.com\/index.php\/2025\/04\/18\/a-declaracao-de-ana-thais-direcionada-a-alan-patrick-do-internacional\/#primaryimage\",\"url\":\"https:\/\/www.gaveanews.com\/wp-content\/uploads\/Ana-Thais-Matos-jornalista-do-Sportv.webp\",\"contentUrl\":\"https:\/\/www.gaveanews.com\/wp-content\/uploads\/Ana-Thais-Matos-jornalista-do-Sportv.webp\",\"width\":1366,\"height\":769,\"caption\":\"Ana Thais Mattos, jornalista do Sportv (Foto: Reprodu\u00e7\u00e3o)\"},{\"@type\":\"BreadcrumbList\",\"@id\":\"https:\/\/www.gaveanews.com\/index.php\/2025\/04\/18\/a-declaracao-de-ana-thais-direcionada-a-alan-patrick-do-internacional\/#breadcrumb\",\"itemListElement\":[{\"@type\":\"ListItem\",\"position\":1,\"name\":\"Home\",\"item\":\"https:\/\/www.gaveanews.com\/\"},{\"@type\":\"ListItem\",\"position\":2,\"name\":\"A declara\u00e7\u00e3o de Ana Tha\u00eds direcionada a Alan Patrick, do Internacional\"}]},{\"@type\":\"WebSite\",\"@id\":\"https:\/\/www.gaveanews.com\/#website\",\"url\":\"https:\/\/www.gaveanews.com\/\",\"name\":\"G\u00e1vea News\",\"description\":\"Veja todas as not\u00edcias sobre o Flamengo: Contrata\u00e7\u00f5es, categorias de base, resultados das partidas, tabela de classifica\u00e7\u00e3o, pr\u00f3ximos jogos!\",\"potentialAction\":[{\"@type\":\"SearchAction\",\"target\":{\"@type\":\"EntryPoint\",\"urlTemplate\":\"https:\/\/www.gaveanews.com\/?s={search_term_string}\"},\"query-input\":{\"@type\":\"PropertyValueSpecification\",\"valueRequired\":true,\"valueName\":\"search_term_string\"}}],\"inLanguage\":\"pt-BR\"},{\"@type\":\"Person\",\"@id\":\"https:\/\/www.gaveanews.com\/#\/schema\/person\/bd08f00534b403119b92741a6d469ef0\",\"name\":\"Hudson Pereira\",\"image\":{\"@type\":\"ImageObject\",\"inLanguage\":\"pt-BR\",\"@id\":\"https:\/\/www.gaveanews.com\/#\/schema\/person\/image\/\",\"url\":\"https:\/\/secure.gravatar.com\/avatar\/ecc491b489e454e510efffc9b23c1052ce5fb4f2e05555768ba65819cd55f03e?s=96&d=mm&r=g\",\"contentUrl\":\"https:\/\/secure.gravatar.com\/avatar\/ecc491b489e454e510efffc9b23c1052ce5fb4f2e05555768ba65819cd55f03e?s=96&d=mm&r=g\",\"caption\":\"Hudson Pereira\"}}]}<\/script>\n<!-- \/ Yoast SEO Premium plugin. -->","yoast_head_json":{"title":"A declara\u00e7\u00e3o de Ana Tha\u00eds direcionada a Alan Patrick, do Internacional","robots":{"index":"index","follow":"follow","max-snippet":"max-snippet:-1","max-image-preview":"max-image-preview:large","max-video-preview":"max-video-preview:-1"},"canonical":"https:\/\/www.gaveanews.com\/index.php\/2025\/04\/18\/a-declaracao-de-ana-thais-direcionada-a-alan-patrick-do-internacional\/","og_locale":"pt_BR","og_type":"article","og_title":"A declara\u00e7\u00e3o de Ana Tha\u00eds direcionada a Alan Patrick, do Internacional","og_description":"Alan Patrick atualmente se destaca como o principal camisa 10 do Internacional, liderando a equipe com atua\u00e7\u00f5es decisivas, marcadas por gols e assist\u00eancias importantes. Seu desempenho consistente o coloca em evid\u00eancia no cen\u00e1rio nacional. Diante da aparente car\u00eancia de articuladores com seu perfil no futebol brasileiro, o capit\u00e3o colorado tem recebido frequentes elogios por suas [&hellip;]","og_url":"https:\/\/www.gaveanews.com\/index.php\/2025\/04\/18\/a-declaracao-de-ana-thais-direcionada-a-alan-patrick-do-internacional\/","og_site_name":"G\u00e1vea News","article_publisher":"https:\/\/facebook.com\/gaveaNews\/","article_published_time":"2025-04-18T23:55:00+00:00","og_image":[{"width":1366,"height":769,"url":"https:\/\/www.gaveanews.com\/wp-content\/uploads\/Ana-Thais-Matos-jornalista-do-Sportv.webp","type":"image\/jpeg"}],"author":"Hudson Pereira","twitter_card":"summary_large_image","twitter_misc":{"Escrito por":"Hudson Pereira","Est. tempo de leitura":"3 minutos"},"schema":{"@context":"https:\/\/schema.org","@graph":[{"@type":"NewsArticle","@id":"https:\/\/www.gaveanews.com\/index.php\/2025\/04\/18\/a-declaracao-de-ana-thais-direcionada-a-alan-patrick-do-internacional\/#article","isPartOf":{"@id":"https:\/\/www.gaveanews.com\/index.php\/2025\/04\/18\/a-declaracao-de-ana-thais-direcionada-a-alan-patrick-do-internacional\/"},"author":{"name":"Hudson Pereira","@id":"https:\/\/www.gaveanews.com\/#\/schema\/person\/bd08f00534b403119b92741a6d469ef0"},"headline":"A declara\u00e7\u00e3o de Ana Tha\u00eds direcionada a Alan Patrick, do Internacional","datePublished":"2025-04-18T23:55:00+00:00","mainEntityOfPage":{"@id":"https:\/\/www.gaveanews.com\/index.php\/2025\/04\/18\/a-declaracao-de-ana-thais-direcionada-a-alan-patrick-do-internacional\/"},"wordCount":518,"commentCount":0,"image":{"@id":"https:\/\/www.gaveanews.com\/index.php\/2025\/04\/18\/a-declaracao-de-ana-thais-direcionada-a-alan-patrick-do-internacional\/#primaryimage"},"thumbnailUrl":"https:\/\/www.gaveanews.com\/wp-content\/uploads\/Ana-Thais-Matos-jornalista-do-Sportv.webp","articleSection":["Internacional"],"inLanguage":"pt-BR","potentialAction":[{"@type":"CommentAction","name":"Comment","target":["https:\/\/www.gaveanews.com\/index.php\/2025\/04\/18\/a-declaracao-de-ana-thais-direcionada-a-alan-patrick-do-internacional\/#respond"]}],"copyrightYear":"2025","copyrightHolder":{"@id":"https:\/\/www.gaveanews.com\/#organization"}},{"@type":"WebPage","@id":"https:\/\/www.gaveanews.com\/index.php\/2025\/04\/18\/a-declaracao-de-ana-thais-direcionada-a-alan-patrick-do-internacional\/","url":"https:\/\/www.gaveanews.com\/index.php\/2025\/04\/18\/a-declaracao-de-ana-thais-direcionada-a-alan-patrick-do-internacional\/","name":"A declara\u00e7\u00e3o de Ana Tha\u00eds direcionada a Alan Patrick, do Internacional","isPartOf":{"@id":"https:\/\/www.gaveanews.com\/#website"},"primaryImageOfPage":{"@id":"https:\/\/www.gaveanews.com\/index.php\/2025\/04\/18\/a-declaracao-de-ana-thais-direcionada-a-alan-patrick-do-internacional\/#primaryimage"},"image":{"@id":"https:\/\/www.gaveanews.com\/index.php\/2025\/04\/18\/a-declaracao-de-ana-thais-direcionada-a-alan-patrick-do-internacional\/#primaryimage"},"thumbnailUrl":"https:\/\/www.gaveanews.com\/wp-content\/uploads\/Ana-Thais-Matos-jornalista-do-Sportv.webp","datePublished":"2025-04-18T23:55:00+00:00","author":{"@id":"https:\/\/www.gaveanews.com\/#\/schema\/person\/bd08f00534b403119b92741a6d469ef0"},"breadcrumb":{"@id":"https:\/\/www.gaveanews.com\/index.php\/2025\/04\/18\/a-declaracao-de-ana-thais-direcionada-a-alan-patrick-do-internacional\/#breadcrumb"},"inLanguage":"pt-BR","potentialAction":[{"@type":"ReadAction","target":["https:\/\/www.gaveanews.com\/index.php\/2025\/04\/18\/a-declaracao-de-ana-thais-direcionada-a-alan-patrick-do-internacional\/"]}]},{"@type":"ImageObject","inLanguage":"pt-BR","@id":"https:\/\/www.gaveanews.com\/index.php\/2025\/04\/18\/a-declaracao-de-ana-thais-direcionada-a-alan-patrick-do-internacional\/#primaryimage","url":"https:\/\/www.gaveanews.com\/wp-content\/uploads\/Ana-Thais-Matos-jornalista-do-Sportv.webp","contentUrl":"https:\/\/www.gaveanews.com\/wp-content\/uploads\/Ana-Thais-Matos-jornalista-do-Sportv.webp","width":1366,"height":769,"caption":"Ana Thais Mattos, jornalista do Sportv (Foto: Reprodu\u00e7\u00e3o)"},{"@type":"BreadcrumbList","@id":"https:\/\/www.gaveanews.com\/index.php\/2025\/04\/18\/a-declaracao-de-ana-thais-direcionada-a-alan-patrick-do-internacional\/#breadcrumb","itemListElement":[{"@type":"ListItem","position":1,"name":"Home","item":"https:\/\/www.gaveanews.com\/"},{"@type":"ListItem","position":2,"name":"A declara\u00e7\u00e3o de Ana Tha\u00eds direcionada a Alan Patrick, do Internacional"}]},{"@type":"WebSite","@id":"https:\/\/www.gaveanews.com\/#website","url":"https:\/\/www.gaveanews.com\/","name":"G\u00e1vea News","description":"Veja todas as not\u00edcias sobre o Flamengo: Contrata\u00e7\u00f5es, categorias de base, resultados das partidas, tabela de classifica\u00e7\u00e3o, pr\u00f3ximos jogos!","potentialAction":[{"@type":"SearchAction","target":{"@type":"EntryPoint","urlTemplate":"https:\/\/www.gaveanews.com\/?s={search_term_string}"},"query-input":{"@type":"PropertyValueSpecification","valueRequired":true,"valueName":"search_term_string"}}],"inLanguage":"pt-BR"},{"@type":"Person","@id":"https:\/\/www.gaveanews.com\/#\/schema\/person\/bd08f00534b403119b92741a6d469ef0","name":"Hudson Pereira","image":{"@type":"ImageObject","inLanguage":"pt-BR","@id":"https:\/\/www.gaveanews.com\/#\/schema\/person\/image\/","url":"https:\/\/secure.gravatar.com\/avatar\/ecc491b489e454e510efffc9b23c1052ce5fb4f2e05555768ba65819cd55f03e?s=96&d=mm&r=g","contentUrl":"https:\/\/secure.gravatar.com\/avatar\/ecc491b489e454e510efffc9b23c1052ce5fb4f2e05555768ba65819cd55f03e?s=96&d=mm&r=g","caption":"Hudson Pereira"}}]}},"_links":{"self":[{"href":"https:\/\/www.gaveanews.com\/index.php\/wp-json\/wp\/v2\/posts\/255223","targetHints":{"allow":["GET"]}}],"collection":[{"href":"https:\/\/www.gaveanews.com\/index.php\/wp-json\/wp\/v2\/posts"}],"about":[{"href":"https:\/\/www.gaveanews.com\/index.php\/wp-json\/wp\/v2\/types\/post"}],"author":[{"embeddable":true,"href":"https:\/\/www.gaveanews.com\/index.php\/wp-json\/wp\/v2\/users\/28"}],"replies":[{"embeddable":true,"href":"https:\/\/www.gaveanews.com\/index.php\/wp-json\/wp\/v2\/comments?post=255223"}],"version-history":[{"count":1,"href":"https:\/\/www.gaveanews.com\/index.php\/wp-json\/wp\/v2\/posts\/255223\/revisions"}],"predecessor-version":[{"id":255226,"href":"https:\/\/www.gaveanews.com\/index.php\/wp-json\/wp\/v2\/posts\/255223\/revisions\/255226"}],"wp:featuredmedia":[{"embeddable":true,"href":"https:\/\/www.gaveanews.com\/index.php\/wp-json\/wp\/v2\/media\/55460"}],"wp:attachment":[{"href":"https:\/\/www.gaveanews.com\/index.php\/wp-json\/wp\/v2\/media?parent=255223"}],"wp:term":[{"taxonomy":"category","embeddable":true,"href":"https:\/\/www.gaveanews.com\/index.php\/wp-json\/wp\/v2\/categories?post=255223"},{"taxonomy":"post_tag","embeddable":true,"href":"https:\/\/www.gaveanews.com\/index.php\/wp-json\/wp\/v2\/tags?post=255223"}],"curies":[{"name":"wp","href":"https:\/\/api.w.org\/{rel}","templated":true}]}}