{"id":255230,"date":"2025-04-18T22:20:00","date_gmt":"2025-04-19T01:20:00","guid":{"rendered":"https:\/\/www.gaveanews.com\/?p=255230"},"modified":"2025-04-18T18:23:18","modified_gmt":"2025-04-18T21:23:18","slug":"a-declaracao-de-andre-hernan-direcionada-a-giay-do-palmeiras","status":"publish","type":"post","link":"https:\/\/www.gaveanews.com\/index.php\/2025\/04\/18\/a-declaracao-de-andre-hernan-direcionada-a-giay-do-palmeiras\/","title":{"rendered":"A declara\u00e7\u00e3o de Andr\u00e9 Hernan direcionada a Giay, do Palmeiras"},"content":{"rendered":"\n<p>O Palmeiras viajou a Porto Alegre nesta \u00faltima quarta-feira, 16 de abril de 2025, e conquistou uma vit\u00f3ria sobre o Internacional. A equipe paulista superou o time ga\u00facho por 1 a 0 no est\u00e1dio Beira-Rio, em partida referente \u00e0 quarta rodada do Brasileir\u00e3o Betano.<\/p>\n\n\n\n<p>O atacante Facundo Torres definiu o placar para o Verd\u00e3o, pois marcou o \u00fanico gol aos 17 minutos da segunda etapa do confronto.<\/p>\n\n\n\n<p>Com este resultado fora de casa, o Palmeiras alcan\u00e7ou 10 pontos na tabela, isolando-se assim na lideran\u00e7a provis\u00f3ria da competi\u00e7\u00e3o nacional.<\/p>\n\n\n\n<p>Ademais, o triunfo na capital ga\u00facha imp\u00f4s a primeira derrota ao Internacional na temporada de 2025, dado que o time colorado era o \u00fanico invicto na S\u00e9rie A at\u00e9 ent\u00e3o.<\/p>\n\n\n\n<h2 class=\"wp-block-heading\" id=\"h-atuacao-de-destaque-de-giay-marca-vitoria-alviverde\">Atua\u00e7\u00e3o de destaque de Giay marca vit\u00f3ria alviverde<\/h2>\n\n\n\n<p>Durante os 90 minutos, o lateral Giay destacou-se entre os jogadores comandados por Abel Ferreira. O t\u00e9cnico portugu\u00eas escalou o camisa 4 como titular na vaga de Bruno Fuchs, e o argentino correspondeu com sua melhor exibi\u00e7\u00e3o desde sua chegada ao clube em 2024.<\/p>\n\n\n\n<p>Defensivamente, Giay demonstrou precis\u00e3o nos desarmes contra Bernabei, um dos alas esquerdos mais eficazes do campeonato. Consequentemente, o jogador palmeirense venceu as disputas em seu setor de atua\u00e7\u00e3o.<\/p>\n\n\n\n<p>Contudo, o lateral n\u00e3o se limitou \u00e0 defesa, visto que tamb\u00e9m avan\u00e7ou consistentemente para apoiar o ataque pelo lado direito. Frequentemente, ele municiou os companheiros Felipe Anderson e Est\u00eav\u00e3o com passes e cruzamentos.<\/p>\n\n\n\n<p>O desempenho de Giay rendeu elogios vindos do t\u00e9cnico Abel Ferreira e do banco de reservas em Porto Alegre. O rep\u00f3rter de campo Andr\u00e9 Hernan, do Amazon Prime Video, transmitiu essa informa\u00e7\u00e3o durante a partida: \u201cR\u00f4mulo (Mendon\u00e7a, narrador do jogo na Amazon), Giay bastante elogiado aqui no banco, o banco todo aplaudindo o lateral-direito do Palmeiras, que tem sido impec\u00e1vel\u201d.<\/p>\n\n\n\n<figure class=\"wp-block-image size-large\"><img loading=\"lazy\" decoding=\"async\" width=\"819\" height=\"1024\" src=\"http:\/\/www.gaveanews.com\/wp-content\/uploads\/Andre-Hernan-posa-para-foto-com-o-microfone-da-Prime-Video-Sport-Brasil-no-estadio-do-Maracana-819x1024.webp\" alt=\"\" class=\"wp-image-118152\" srcset=\"https:\/\/www.gaveanews.com\/wp-content\/uploads\/Andre-Hernan-posa-para-foto-com-o-microfone-da-Prime-Video-Sport-Brasil-no-estadio-do-Maracana-819x1024.webp 819w, https:\/\/www.gaveanews.com\/wp-content\/uploads\/Andre-Hernan-posa-para-foto-com-o-microfone-da-Prime-Video-Sport-Brasil-no-estadio-do-Maracana-240x300.webp 240w, https:\/\/www.gaveanews.com\/wp-content\/uploads\/Andre-Hernan-posa-para-foto-com-o-microfone-da-Prime-Video-Sport-Brasil-no-estadio-do-Maracana-768x960.webp 768w, https:\/\/www.gaveanews.com\/wp-content\/uploads\/Andre-Hernan-posa-para-foto-com-o-microfone-da-Prime-Video-Sport-Brasil-no-estadio-do-Maracana-336x420.webp 336w, https:\/\/www.gaveanews.com\/wp-content\/uploads\/Andre-Hernan-posa-para-foto-com-o-microfone-da-Prime-Video-Sport-Brasil-no-estadio-do-Maracana-672x840.webp 672w, https:\/\/www.gaveanews.com\/wp-content\/uploads\/Andre-Hernan-posa-para-foto-com-o-microfone-da-Prime-Video-Sport-Brasil-no-estadio-do-Maracana-640x800.webp 640w, https:\/\/www.gaveanews.com\/wp-content\/uploads\/Andre-Hernan-posa-para-foto-com-o-microfone-da-Prime-Video-Sport-Brasil-no-estadio-do-Maracana-681x851.webp 681w, https:\/\/www.gaveanews.com\/wp-content\/uploads\/Andre-Hernan-posa-para-foto-com-o-microfone-da-Prime-Video-Sport-Brasil-no-estadio-do-Maracana-100x125.webp 100w, https:\/\/www.gaveanews.com\/wp-content\/uploads\/Andre-Hernan-posa-para-foto-com-o-microfone-da-Prime-Video-Sport-Brasil-no-estadio-do-Maracana.webp 1080w\" sizes=\"auto, (max-width: 819px) 100vw, 819px\" \/><figcaption class=\"wp-element-caption\">Andr\u00e9 Hernan posa para foto com o microfone da Prime Video Sport Brasil no est\u00e1dio do Maracan\u00e3 (Foto: Reprodu\u00e7\u00e3o\/Instagram)<\/figcaption><\/figure>\n\n\n\n<h2 class=\"wp-block-heading\" id=\"h-oportunidade-crescente-para-o-lateral-argentino\">Oportunidade crescente para o lateral argentino<\/h2>\n\n\n\n<p>Habitualmente, Giay figura como a terceira op\u00e7\u00e3o para a lateral direita alviverde, posicionado atr\u00e1s de Marcos Rocha e Mayke na hierarquia do elenco. No entanto, as les\u00f5es recorrentes dos atletas mais experientes na posi\u00e7\u00e3o parecem abrir caminho para o argentino ganhar mais minutos e espa\u00e7o no time principal.<\/p>\n\n\n\n<p>O Palmeiras agora prepara-se para o pr\u00f3ximo desafio no Brasileir\u00e3o. A equipe enfrentar\u00e1 o Fortaleza na Arena Castel\u00e3o, na capital cearense, no domingo, 20 de abril de 2025. O jogo est\u00e1 programado para iniciar \u00e0s 18h30, pelo hor\u00e1rio de Bras\u00edlia.<\/p>\n","protected":false},"excerpt":{"rendered":"<p>O Palmeiras viajou a Porto Alegre nesta \u00faltima quarta-feira, 16 de abril de 2025, e conquistou uma vit\u00f3ria sobre o Internacional. A equipe paulista superou o time ga\u00facho por 1 a 0 no est\u00e1dio Beira-Rio, em partida referente \u00e0 quarta rodada do Brasileir\u00e3o Betano. O atacante Facundo Torres definiu o placar para o Verd\u00e3o, pois [&hellip;]<\/p>\n","protected":false},"author":28,"featured_media":150548,"comment_status":"open","ping_status":"closed","sticky":false,"template":"","format":"standard","meta":{"footnotes":""},"categories":[150],"tags":[],"class_list":["post-255230","post","type-post","status-publish","format-standard","has-post-thumbnail","hentry","category-palmeiras"],"yoast_head":"<!-- This site is optimized with the Yoast SEO Premium plugin v24.2 (Yoast SEO v26.9) - https:\/\/yoast.com\/product\/yoast-seo-premium-wordpress\/ -->\n<title>A declara\u00e7\u00e3o de Andr\u00e9 Hernan direcionada a Giay, do Palmeiras<\/title>\n<meta name=\"robots\" content=\"index, follow, max-snippet:-1, max-image-preview:large, max-video-preview:-1\" \/>\n<link rel=\"canonical\" href=\"https:\/\/www.gaveanews.com\/index.php\/2025\/04\/18\/a-declaracao-de-andre-hernan-direcionada-a-giay-do-palmeiras\/\" \/>\n<meta property=\"og:locale\" content=\"pt_BR\" \/>\n<meta property=\"og:type\" content=\"article\" \/>\n<meta property=\"og:title\" content=\"A declara\u00e7\u00e3o de Andr\u00e9 Hernan direcionada a Giay, do Palmeiras\" \/>\n<meta property=\"og:description\" content=\"O Palmeiras viajou a Porto Alegre nesta \u00faltima quarta-feira, 16 de abril de 2025, e conquistou uma vit\u00f3ria sobre o Internacional. A equipe paulista superou o time ga\u00facho por 1 a 0 no est\u00e1dio Beira-Rio, em partida referente \u00e0 quarta rodada do Brasileir\u00e3o Betano. O atacante Facundo Torres definiu o placar para o Verd\u00e3o, pois [&hellip;]\" \/>\n<meta property=\"og:url\" content=\"https:\/\/www.gaveanews.com\/index.php\/2025\/04\/18\/a-declaracao-de-andre-hernan-direcionada-a-giay-do-palmeiras\/\" \/>\n<meta property=\"og:site_name\" content=\"G\u00e1vea News\" \/>\n<meta property=\"article:publisher\" content=\"https:\/\/facebook.com\/gaveaNews\/\" \/>\n<meta property=\"article:published_time\" content=\"2025-04-19T01:20:00+00:00\" \/>\n<meta property=\"og:image\" content=\"https:\/\/www.gaveanews.com\/wp-content\/uploads\/Augustin-Giay-durante-treino-do-Palmeiras.webp\" \/>\n\t<meta property=\"og:image:width\" content=\"1500\" \/>\n\t<meta property=\"og:image:height\" content=\"1500\" \/>\n\t<meta property=\"og:image:type\" content=\"image\/webp\" \/>\n<meta name=\"author\" content=\"Hudson Pereira\" \/>\n<meta name=\"twitter:card\" content=\"summary_large_image\" \/>\n<meta name=\"twitter:label1\" content=\"Escrito por\" \/>\n\t<meta name=\"twitter:data1\" content=\"Hudson Pereira\" \/>\n\t<meta name=\"twitter:label2\" content=\"Est. tempo de leitura\" \/>\n\t<meta name=\"twitter:data2\" content=\"3 minutos\" \/>\n<script type=\"application\/ld+json\" class=\"yoast-schema-graph\">{\"@context\":\"https:\/\/schema.org\",\"@graph\":[{\"@type\":\"NewsArticle\",\"@id\":\"https:\/\/www.gaveanews.com\/index.php\/2025\/04\/18\/a-declaracao-de-andre-hernan-direcionada-a-giay-do-palmeiras\/#article\",\"isPartOf\":{\"@id\":\"https:\/\/www.gaveanews.com\/index.php\/2025\/04\/18\/a-declaracao-de-andre-hernan-direcionada-a-giay-do-palmeiras\/\"},\"author\":{\"name\":\"Hudson Pereira\",\"@id\":\"https:\/\/www.gaveanews.com\/#\/schema\/person\/bd08f00534b403119b92741a6d469ef0\"},\"headline\":\"A declara\u00e7\u00e3o de Andr\u00e9 Hernan direcionada a Giay, do Palmeiras\",\"datePublished\":\"2025-04-19T01:20:00+00:00\",\"mainEntityOfPage\":{\"@id\":\"https:\/\/www.gaveanews.com\/index.php\/2025\/04\/18\/a-declaracao-de-andre-hernan-direcionada-a-giay-do-palmeiras\/\"},\"wordCount\":445,\"commentCount\":0,\"image\":{\"@id\":\"https:\/\/www.gaveanews.com\/index.php\/2025\/04\/18\/a-declaracao-de-andre-hernan-direcionada-a-giay-do-palmeiras\/#primaryimage\"},\"thumbnailUrl\":\"https:\/\/www.gaveanews.com\/wp-content\/uploads\/Augustin-Giay-durante-treino-do-Palmeiras.webp\",\"articleSection\":[\"Palmeiras\"],\"inLanguage\":\"pt-BR\",\"potentialAction\":[{\"@type\":\"CommentAction\",\"name\":\"Comment\",\"target\":[\"https:\/\/www.gaveanews.com\/index.php\/2025\/04\/18\/a-declaracao-de-andre-hernan-direcionada-a-giay-do-palmeiras\/#respond\"]}],\"copyrightYear\":\"2025\",\"copyrightHolder\":{\"@id\":\"https:\/\/www.gaveanews.com\/#organization\"}},{\"@type\":\"WebPage\",\"@id\":\"https:\/\/www.gaveanews.com\/index.php\/2025\/04\/18\/a-declaracao-de-andre-hernan-direcionada-a-giay-do-palmeiras\/\",\"url\":\"https:\/\/www.gaveanews.com\/index.php\/2025\/04\/18\/a-declaracao-de-andre-hernan-direcionada-a-giay-do-palmeiras\/\",\"name\":\"A declara\u00e7\u00e3o de Andr\u00e9 Hernan direcionada a Giay, do Palmeiras\",\"isPartOf\":{\"@id\":\"https:\/\/www.gaveanews.com\/#website\"},\"primaryImageOfPage\":{\"@id\":\"https:\/\/www.gaveanews.com\/index.php\/2025\/04\/18\/a-declaracao-de-andre-hernan-direcionada-a-giay-do-palmeiras\/#primaryimage\"},\"image\":{\"@id\":\"https:\/\/www.gaveanews.com\/index.php\/2025\/04\/18\/a-declaracao-de-andre-hernan-direcionada-a-giay-do-palmeiras\/#primaryimage\"},\"thumbnailUrl\":\"https:\/\/www.gaveanews.com\/wp-content\/uploads\/Augustin-Giay-durante-treino-do-Palmeiras.webp\",\"datePublished\":\"2025-04-19T01:20:00+00:00\",\"author\":{\"@id\":\"https:\/\/www.gaveanews.com\/#\/schema\/person\/bd08f00534b403119b92741a6d469ef0\"},\"breadcrumb\":{\"@id\":\"https:\/\/www.gaveanews.com\/index.php\/2025\/04\/18\/a-declaracao-de-andre-hernan-direcionada-a-giay-do-palmeiras\/#breadcrumb\"},\"inLanguage\":\"pt-BR\",\"potentialAction\":[{\"@type\":\"ReadAction\",\"target\":[\"https:\/\/www.gaveanews.com\/index.php\/2025\/04\/18\/a-declaracao-de-andre-hernan-direcionada-a-giay-do-palmeiras\/\"]}]},{\"@type\":\"ImageObject\",\"inLanguage\":\"pt-BR\",\"@id\":\"https:\/\/www.gaveanews.com\/index.php\/2025\/04\/18\/a-declaracao-de-andre-hernan-direcionada-a-giay-do-palmeiras\/#primaryimage\",\"url\":\"https:\/\/www.gaveanews.com\/wp-content\/uploads\/Augustin-Giay-durante-treino-do-Palmeiras.webp\",\"contentUrl\":\"https:\/\/www.gaveanews.com\/wp-content\/uploads\/Augustin-Giay-durante-treino-do-Palmeiras.webp\",\"width\":1500,\"height\":1500,\"caption\":\"Augustin Giay durante treino do Palmeiras (Foto: Reprodu\u00e7\u00e3o\/Palmeiras)\"},{\"@type\":\"BreadcrumbList\",\"@id\":\"https:\/\/www.gaveanews.com\/index.php\/2025\/04\/18\/a-declaracao-de-andre-hernan-direcionada-a-giay-do-palmeiras\/#breadcrumb\",\"itemListElement\":[{\"@type\":\"ListItem\",\"position\":1,\"name\":\"Home\",\"item\":\"https:\/\/www.gaveanews.com\/\"},{\"@type\":\"ListItem\",\"position\":2,\"name\":\"A declara\u00e7\u00e3o de Andr\u00e9 Hernan direcionada a Giay, do Palmeiras\"}]},{\"@type\":\"WebSite\",\"@id\":\"https:\/\/www.gaveanews.com\/#website\",\"url\":\"https:\/\/www.gaveanews.com\/\",\"name\":\"G\u00e1vea News\",\"description\":\"Veja todas as not\u00edcias sobre o Flamengo: Contrata\u00e7\u00f5es, categorias de base, resultados das partidas, tabela de classifica\u00e7\u00e3o, pr\u00f3ximos jogos!\",\"potentialAction\":[{\"@type\":\"SearchAction\",\"target\":{\"@type\":\"EntryPoint\",\"urlTemplate\":\"https:\/\/www.gaveanews.com\/?s={search_term_string}\"},\"query-input\":{\"@type\":\"PropertyValueSpecification\",\"valueRequired\":true,\"valueName\":\"search_term_string\"}}],\"inLanguage\":\"pt-BR\"},{\"@type\":\"Person\",\"@id\":\"https:\/\/www.gaveanews.com\/#\/schema\/person\/bd08f00534b403119b92741a6d469ef0\",\"name\":\"Hudson Pereira\",\"image\":{\"@type\":\"ImageObject\",\"inLanguage\":\"pt-BR\",\"@id\":\"https:\/\/www.gaveanews.com\/#\/schema\/person\/image\/\",\"url\":\"https:\/\/secure.gravatar.com\/avatar\/ecc491b489e454e510efffc9b23c1052ce5fb4f2e05555768ba65819cd55f03e?s=96&d=mm&r=g\",\"contentUrl\":\"https:\/\/secure.gravatar.com\/avatar\/ecc491b489e454e510efffc9b23c1052ce5fb4f2e05555768ba65819cd55f03e?s=96&d=mm&r=g\",\"caption\":\"Hudson Pereira\"}}]}<\/script>\n<!-- \/ Yoast SEO Premium plugin. -->","yoast_head_json":{"title":"A declara\u00e7\u00e3o de Andr\u00e9 Hernan direcionada a Giay, do Palmeiras","robots":{"index":"index","follow":"follow","max-snippet":"max-snippet:-1","max-image-preview":"max-image-preview:large","max-video-preview":"max-video-preview:-1"},"canonical":"https:\/\/www.gaveanews.com\/index.php\/2025\/04\/18\/a-declaracao-de-andre-hernan-direcionada-a-giay-do-palmeiras\/","og_locale":"pt_BR","og_type":"article","og_title":"A declara\u00e7\u00e3o de Andr\u00e9 Hernan direcionada a Giay, do Palmeiras","og_description":"O Palmeiras viajou a Porto Alegre nesta \u00faltima quarta-feira, 16 de abril de 2025, e conquistou uma vit\u00f3ria sobre o Internacional. A equipe paulista superou o time ga\u00facho por 1 a 0 no est\u00e1dio Beira-Rio, em partida referente \u00e0 quarta rodada do Brasileir\u00e3o Betano. O atacante Facundo Torres definiu o placar para o Verd\u00e3o, pois [&hellip;]","og_url":"https:\/\/www.gaveanews.com\/index.php\/2025\/04\/18\/a-declaracao-de-andre-hernan-direcionada-a-giay-do-palmeiras\/","og_site_name":"G\u00e1vea News","article_publisher":"https:\/\/facebook.com\/gaveaNews\/","article_published_time":"2025-04-19T01:20:00+00:00","og_image":[{"width":1500,"height":1500,"url":"https:\/\/www.gaveanews.com\/wp-content\/uploads\/Augustin-Giay-durante-treino-do-Palmeiras.webp","type":"image\/webp"}],"author":"Hudson Pereira","twitter_card":"summary_large_image","twitter_misc":{"Escrito por":"Hudson Pereira","Est. tempo de leitura":"3 minutos"},"schema":{"@context":"https:\/\/schema.org","@graph":[{"@type":"NewsArticle","@id":"https:\/\/www.gaveanews.com\/index.php\/2025\/04\/18\/a-declaracao-de-andre-hernan-direcionada-a-giay-do-palmeiras\/#article","isPartOf":{"@id":"https:\/\/www.gaveanews.com\/index.php\/2025\/04\/18\/a-declaracao-de-andre-hernan-direcionada-a-giay-do-palmeiras\/"},"author":{"name":"Hudson Pereira","@id":"https:\/\/www.gaveanews.com\/#\/schema\/person\/bd08f00534b403119b92741a6d469ef0"},"headline":"A declara\u00e7\u00e3o de Andr\u00e9 Hernan direcionada a Giay, do Palmeiras","datePublished":"2025-04-19T01:20:00+00:00","mainEntityOfPage":{"@id":"https:\/\/www.gaveanews.com\/index.php\/2025\/04\/18\/a-declaracao-de-andre-hernan-direcionada-a-giay-do-palmeiras\/"},"wordCount":445,"commentCount":0,"image":{"@id":"https:\/\/www.gaveanews.com\/index.php\/2025\/04\/18\/a-declaracao-de-andre-hernan-direcionada-a-giay-do-palmeiras\/#primaryimage"},"thumbnailUrl":"https:\/\/www.gaveanews.com\/wp-content\/uploads\/Augustin-Giay-durante-treino-do-Palmeiras.webp","articleSection":["Palmeiras"],"inLanguage":"pt-BR","potentialAction":[{"@type":"CommentAction","name":"Comment","target":["https:\/\/www.gaveanews.com\/index.php\/2025\/04\/18\/a-declaracao-de-andre-hernan-direcionada-a-giay-do-palmeiras\/#respond"]}],"copyrightYear":"2025","copyrightHolder":{"@id":"https:\/\/www.gaveanews.com\/#organization"}},{"@type":"WebPage","@id":"https:\/\/www.gaveanews.com\/index.php\/2025\/04\/18\/a-declaracao-de-andre-hernan-direcionada-a-giay-do-palmeiras\/","url":"https:\/\/www.gaveanews.com\/index.php\/2025\/04\/18\/a-declaracao-de-andre-hernan-direcionada-a-giay-do-palmeiras\/","name":"A declara\u00e7\u00e3o de Andr\u00e9 Hernan direcionada a Giay, do Palmeiras","isPartOf":{"@id":"https:\/\/www.gaveanews.com\/#website"},"primaryImageOfPage":{"@id":"https:\/\/www.gaveanews.com\/index.php\/2025\/04\/18\/a-declaracao-de-andre-hernan-direcionada-a-giay-do-palmeiras\/#primaryimage"},"image":{"@id":"https:\/\/www.gaveanews.com\/index.php\/2025\/04\/18\/a-declaracao-de-andre-hernan-direcionada-a-giay-do-palmeiras\/#primaryimage"},"thumbnailUrl":"https:\/\/www.gaveanews.com\/wp-content\/uploads\/Augustin-Giay-durante-treino-do-Palmeiras.webp","datePublished":"2025-04-19T01:20:00+00:00","author":{"@id":"https:\/\/www.gaveanews.com\/#\/schema\/person\/bd08f00534b403119b92741a6d469ef0"},"breadcrumb":{"@id":"https:\/\/www.gaveanews.com\/index.php\/2025\/04\/18\/a-declaracao-de-andre-hernan-direcionada-a-giay-do-palmeiras\/#breadcrumb"},"inLanguage":"pt-BR","potentialAction":[{"@type":"ReadAction","target":["https:\/\/www.gaveanews.com\/index.php\/2025\/04\/18\/a-declaracao-de-andre-hernan-direcionada-a-giay-do-palmeiras\/"]}]},{"@type":"ImageObject","inLanguage":"pt-BR","@id":"https:\/\/www.gaveanews.com\/index.php\/2025\/04\/18\/a-declaracao-de-andre-hernan-direcionada-a-giay-do-palmeiras\/#primaryimage","url":"https:\/\/www.gaveanews.com\/wp-content\/uploads\/Augustin-Giay-durante-treino-do-Palmeiras.webp","contentUrl":"https:\/\/www.gaveanews.com\/wp-content\/uploads\/Augustin-Giay-durante-treino-do-Palmeiras.webp","width":1500,"height":1500,"caption":"Augustin Giay durante treino do Palmeiras (Foto: Reprodu\u00e7\u00e3o\/Palmeiras)"},{"@type":"BreadcrumbList","@id":"https:\/\/www.gaveanews.com\/index.php\/2025\/04\/18\/a-declaracao-de-andre-hernan-direcionada-a-giay-do-palmeiras\/#breadcrumb","itemListElement":[{"@type":"ListItem","position":1,"name":"Home","item":"https:\/\/www.gaveanews.com\/"},{"@type":"ListItem","position":2,"name":"A declara\u00e7\u00e3o de Andr\u00e9 Hernan direcionada a Giay, do Palmeiras"}]},{"@type":"WebSite","@id":"https:\/\/www.gaveanews.com\/#website","url":"https:\/\/www.gaveanews.com\/","name":"G\u00e1vea News","description":"Veja todas as not\u00edcias sobre o Flamengo: Contrata\u00e7\u00f5es, categorias de base, resultados das partidas, tabela de classifica\u00e7\u00e3o, pr\u00f3ximos jogos!","potentialAction":[{"@type":"SearchAction","target":{"@type":"EntryPoint","urlTemplate":"https:\/\/www.gaveanews.com\/?s={search_term_string}"},"query-input":{"@type":"PropertyValueSpecification","valueRequired":true,"valueName":"search_term_string"}}],"inLanguage":"pt-BR"},{"@type":"Person","@id":"https:\/\/www.gaveanews.com\/#\/schema\/person\/bd08f00534b403119b92741a6d469ef0","name":"Hudson Pereira","image":{"@type":"ImageObject","inLanguage":"pt-BR","@id":"https:\/\/www.gaveanews.com\/#\/schema\/person\/image\/","url":"https:\/\/secure.gravatar.com\/avatar\/ecc491b489e454e510efffc9b23c1052ce5fb4f2e05555768ba65819cd55f03e?s=96&d=mm&r=g","contentUrl":"https:\/\/secure.gravatar.com\/avatar\/ecc491b489e454e510efffc9b23c1052ce5fb4f2e05555768ba65819cd55f03e?s=96&d=mm&r=g","caption":"Hudson Pereira"}}]}},"_links":{"self":[{"href":"https:\/\/www.gaveanews.com\/index.php\/wp-json\/wp\/v2\/posts\/255230","targetHints":{"allow":["GET"]}}],"collection":[{"href":"https:\/\/www.gaveanews.com\/index.php\/wp-json\/wp\/v2\/posts"}],"about":[{"href":"https:\/\/www.gaveanews.com\/index.php\/wp-json\/wp\/v2\/types\/post"}],"author":[{"embeddable":true,"href":"https:\/\/www.gaveanews.com\/index.php\/wp-json\/wp\/v2\/users\/28"}],"replies":[{"embeddable":true,"href":"https:\/\/www.gaveanews.com\/index.php\/wp-json\/wp\/v2\/comments?post=255230"}],"version-history":[{"count":1,"href":"https:\/\/www.gaveanews.com\/index.php\/wp-json\/wp\/v2\/posts\/255230\/revisions"}],"predecessor-version":[{"id":255235,"href":"https:\/\/www.gaveanews.com\/index.php\/wp-json\/wp\/v2\/posts\/255230\/revisions\/255235"}],"wp:featuredmedia":[{"embeddable":true,"href":"https:\/\/www.gaveanews.com\/index.php\/wp-json\/wp\/v2\/media\/150548"}],"wp:attachment":[{"href":"https:\/\/www.gaveanews.com\/index.php\/wp-json\/wp\/v2\/media?parent=255230"}],"wp:term":[{"taxonomy":"category","embeddable":true,"href":"https:\/\/www.gaveanews.com\/index.php\/wp-json\/wp\/v2\/categories?post=255230"},{"taxonomy":"post_tag","embeddable":true,"href":"https:\/\/www.gaveanews.com\/index.php\/wp-json\/wp\/v2\/tags?post=255230"}],"curies":[{"name":"wp","href":"https:\/\/api.w.org\/{rel}","templated":true}]}}