{"id":255231,"date":"2025-04-18T22:25:00","date_gmt":"2025-04-19T01:25:00","guid":{"rendered":"https:\/\/www.gaveanews.com\/?p=255231"},"modified":"2025-04-18T18:23:39","modified_gmt":"2025-04-18T21:23:39","slug":"pivo-de-discussao-com-luis-zubeldia-faz-desabafo-nas-redes-sociais","status":"publish","type":"post","link":"https:\/\/www.gaveanews.com\/index.php\/2025\/04\/18\/pivo-de-discussao-com-luis-zubeldia-faz-desabafo-nas-redes-sociais\/","title":{"rendered":"Piv\u00f4 de discuss\u00e3o com Luis Zubeld\u00eda faz desabafo nas redes sociais"},"content":{"rendered":"\n<p>Luiz Zubeld\u00eda se envolveu em uma confus\u00e3o com Gabriel S\u00e1 durante a entrevista coletiva depois do empate entre S\u00e3o Paulo e Botafogo. O treinador se incomodou com uma pergunta sobre a confus\u00e3o entre jogadores tricolores. Depois da repercuss\u00e3o das imagens, o jornalista usou as redes sociais para contar a vers\u00e3o dele.<\/p>\n\n\n\n<p>Em v\u00eddeo captado pelas imagens da TNT Sports, \u00e9 poss\u00edvel ver o treinador do S\u00e3o Paulo gesticulando e discutindo com o jornalista sentado em uma das cadeiras da sala de imprensa do Nilton Santos. Gabriel S\u00e1 afirmou que Zubeld\u00eda se incomodou com o questionamento sobre a confus\u00e3o entre Andr\u00e9 Silva, Luciano e Alan Franco ap\u00f3s o jogo e ainda no gramado.<\/p>\n\n\n\n<p>Gabriel S\u00e1 disse em uma publica\u00e7\u00e3o no X, antigo Twitter, que Zubeld\u00eda perguntou se ele torcia para o Palmeiras ou Corinthians, por conta do teor do levantamento.<\/p>\n\n\n\n<p>\u201cA postura do Zubeldia durante a minha pergunta n\u00e3o \u00e9 o que me deixa chateado com o epis\u00f3dio. Fiz (ou tentei fazer, j\u00e1 que fui interrompido) a pergunta que achava pertinente, e ele pode n\u00e3o querer responder. Sem crise. O p\u00f3s entrevista que foi fora do tom. N\u00e3o quis responder e quis dar um recado na resposta da pergunta? Ok, direito dele. O p\u00f3s-coletiva foi esse aqui, captado pelas c\u00e2meras da TNT Sports. Creio que o \u00e1udio come\u00e7a em poucos, mas ele me pergunta se sou torcedor do Palmeiras ou do Corinthians. Primeiro que ele sabe bem a resposta. E segundo que isso n\u00e3o deve ser motivo pra nortear as perguntas\u201d, escreveu.<\/p>\n\n\n\n<blockquote class=\"twitter-tweet\"><p lang=\"pt\" dir=\"ltr\">A postura do Zubeldia durante a minha pergunta n\u00e3o \u00e9 o que me deixa chateado com o epis\u00f3dio. Fiz (ou tentei fazer, j\u00e1 que fui interrompido) a pergunta que achava pertinente, e ele pode n\u00e3o querer responder. Sem crise. O p\u00f3s entrevista que foi fora do tom. N\u00e3o quis responder e\u2026 <a href=\"https:\/\/t.co\/Tn9bfnK4QZ\">pic.twitter.com\/Tn9bfnK4QZ<\/a><\/p>&mdash; Gabriel S\u00e1 (@OGabrielSa) <a href=\"https:\/\/twitter.com\/OGabrielSa\/status\/1912681866148102643?ref_src=twsrc%5Etfw\">April 17, 2025<\/a><\/blockquote> <script async src=\"https:\/\/platform.twitter.com\/widgets.js\" charset=\"utf-8\"><\/script>\n\n\n\n<p>Depois da repercuss\u00e3o da discuss\u00e3o, o jornalista revelou que algumas pessoas foram nas redes sociais dele o ofender e amea\u00e7ar.<\/p>\n\n\n\n<p>\u201cA voc\u00ea que tirou um tempo da sua ocupad\u00edssima vida pra me mandar direct no Instagram ou por aqui mesmo me xingando ou me amea\u00e7ando de algo, desejo luz e sucesso, seja l\u00e1 como voc\u00ea defina isso na sua vida\u201d, revelou.<\/p>\n\n\n\n<p>Por fim, Gabriel S\u00e1 afirmou que seguir\u00e1 trabalhando como sempre fez e essa situa\u00e7\u00e3o n\u00e3o vai o abalar.<\/p>\n\n\n\n<p>\u201cQuem tirou um tempo pra mandar uma mensagem positiva, ou at\u00e9 uma cr\u00edtica construtiva sobre o meu trabalho, agrade\u00e7o de cora\u00e7\u00e3o e desejo que continuem espalhando coisas boas.&nbsp; Tenho 19 anos, desde os 15 trabalho no setorismo. Me ache um m* ou n\u00e3o, \u00e9 o que eu gosto de fazer e seguirei fazendo. J\u00e1 fiz pra 10 pessoas no meu Instagram, hoje fa\u00e7o pra um alcance maior nas redes do arqtricolor . Vou errar bastante e acertar pra caralho ainda por aqui. O que importa \u00e9 tocar o barco. Seguimos\u201d, finalizou.<\/p>\n\n\n\n<blockquote class=\"twitter-tweet\"><p lang=\"pt\" dir=\"ltr\">No mais, adianto que esse ser\u00e1 meu \u00fanico posicionamento a respeito do epis\u00f3dio de hoje. Que o foco siga sendo a cobertura do SPFC, amanh\u00e3 de volta a capital paulista e seguimos atualizando as quest\u00f5es pertinentes.<br><br>A voc\u00ea que tirou um tempo da sua ocupad\u00edssima vida pra me mandar\u2026 <a href=\"https:\/\/t.co\/FeRQFlrYEP\">https:\/\/t.co\/FeRQFlrYEP<\/a><\/p>&mdash; Gabriel S\u00e1 (@OGabrielSa) <a href=\"https:\/\/twitter.com\/OGabrielSa\/status\/1912692046311145940?ref_src=twsrc%5Etfw\">April 17, 2025<\/a><\/blockquote> <script async src=\"https:\/\/platform.twitter.com\/widgets.js\" charset=\"utf-8\"><\/script>\n","protected":false},"excerpt":{"rendered":"<p>Luiz Zubeld\u00eda se envolveu em uma confus\u00e3o com Gabriel S\u00e1 durante a entrevista coletiva depois do empate entre S\u00e3o Paulo e Botafogo. O treinador se incomodou com uma pergunta sobre a confus\u00e3o entre jogadores tricolores. Depois da repercuss\u00e3o das imagens, o jornalista usou as redes sociais para contar a vers\u00e3o dele. Em v\u00eddeo captado pelas [&hellip;]<\/p>\n","protected":false},"author":29,"featured_media":155699,"comment_status":"open","ping_status":"closed","sticky":false,"template":"","format":"standard","meta":{"footnotes":""},"categories":[151],"tags":[],"class_list":["post-255231","post","type-post","status-publish","format-standard","has-post-thumbnail","hentry","category-sao-paulo"],"yoast_head":"<!-- This site is optimized with the Yoast SEO Premium plugin v24.2 (Yoast SEO v26.9) - https:\/\/yoast.com\/product\/yoast-seo-premium-wordpress\/ -->\n<title>Piv\u00f4 de discuss\u00e3o com Luis Zubeld\u00eda faz desabafo nas redes sociais<\/title>\n<meta name=\"robots\" content=\"index, follow, max-snippet:-1, max-image-preview:large, max-video-preview:-1\" \/>\n<link rel=\"canonical\" href=\"https:\/\/www.gaveanews.com\/index.php\/2025\/04\/18\/pivo-de-discussao-com-luis-zubeldia-faz-desabafo-nas-redes-sociais\/\" \/>\n<meta property=\"og:locale\" content=\"pt_BR\" \/>\n<meta property=\"og:type\" content=\"article\" \/>\n<meta property=\"og:title\" content=\"Piv\u00f4 de discuss\u00e3o com Luis Zubeld\u00eda faz desabafo nas redes sociais\" \/>\n<meta property=\"og:description\" content=\"Luiz Zubeld\u00eda se envolveu em uma confus\u00e3o com Gabriel S\u00e1 durante a entrevista coletiva depois do empate entre S\u00e3o Paulo e Botafogo. O treinador se incomodou com uma pergunta sobre a confus\u00e3o entre jogadores tricolores. Depois da repercuss\u00e3o das imagens, o jornalista usou as redes sociais para contar a vers\u00e3o dele. Em v\u00eddeo captado pelas [&hellip;]\" \/>\n<meta property=\"og:url\" content=\"https:\/\/www.gaveanews.com\/index.php\/2025\/04\/18\/pivo-de-discussao-com-luis-zubeldia-faz-desabafo-nas-redes-sociais\/\" \/>\n<meta property=\"og:site_name\" content=\"G\u00e1vea News\" \/>\n<meta property=\"article:publisher\" content=\"https:\/\/facebook.com\/gaveaNews\/\" \/>\n<meta property=\"article:published_time\" content=\"2025-04-19T01:25:00+00:00\" \/>\n<meta property=\"og:image\" content=\"https:\/\/www.gaveanews.com\/wp-content\/uploads\/Luis-Francisco-Zubeldia-treinador-do-Sao-Paulo-durante-partida-da-Copa-do-Brasil-2024.webp\" \/>\n\t<meta property=\"og:image:width\" content=\"1333\" \/>\n\t<meta property=\"og:image:height\" content=\"889\" \/>\n\t<meta property=\"og:image:type\" content=\"image\/webp\" \/>\n<meta name=\"author\" content=\"Marco Menezes\" \/>\n<meta name=\"twitter:card\" content=\"summary_large_image\" \/>\n<meta name=\"twitter:label1\" content=\"Escrito por\" \/>\n\t<meta name=\"twitter:data1\" content=\"Marco Menezes\" \/>\n\t<meta name=\"twitter:label2\" content=\"Est. tempo de leitura\" \/>\n\t<meta name=\"twitter:data2\" content=\"3 minutos\" \/>\n<script type=\"application\/ld+json\" class=\"yoast-schema-graph\">{\"@context\":\"https:\/\/schema.org\",\"@graph\":[{\"@type\":\"NewsArticle\",\"@id\":\"https:\/\/www.gaveanews.com\/index.php\/2025\/04\/18\/pivo-de-discussao-com-luis-zubeldia-faz-desabafo-nas-redes-sociais\/#article\",\"isPartOf\":{\"@id\":\"https:\/\/www.gaveanews.com\/index.php\/2025\/04\/18\/pivo-de-discussao-com-luis-zubeldia-faz-desabafo-nas-redes-sociais\/\"},\"author\":{\"name\":\"Marco Menezes\",\"@id\":\"https:\/\/www.gaveanews.com\/#\/schema\/person\/a9f62fe75380c6bada1b2fc49bc23d69\"},\"headline\":\"Piv\u00f4 de discuss\u00e3o com Luis Zubeld\u00eda faz desabafo nas redes sociais\",\"datePublished\":\"2025-04-19T01:25:00+00:00\",\"mainEntityOfPage\":{\"@id\":\"https:\/\/www.gaveanews.com\/index.php\/2025\/04\/18\/pivo-de-discussao-com-luis-zubeldia-faz-desabafo-nas-redes-sociais\/\"},\"wordCount\":589,\"commentCount\":0,\"image\":{\"@id\":\"https:\/\/www.gaveanews.com\/index.php\/2025\/04\/18\/pivo-de-discussao-com-luis-zubeldia-faz-desabafo-nas-redes-sociais\/#primaryimage\"},\"thumbnailUrl\":\"https:\/\/www.gaveanews.com\/wp-content\/uploads\/Luis-Francisco-Zubeldia-treinador-do-Sao-Paulo-durante-partida-da-Copa-do-Brasil-2024.webp\",\"articleSection\":[\"S\u00e3o Paulo\"],\"inLanguage\":\"pt-BR\",\"potentialAction\":[{\"@type\":\"CommentAction\",\"name\":\"Comment\",\"target\":[\"https:\/\/www.gaveanews.com\/index.php\/2025\/04\/18\/pivo-de-discussao-com-luis-zubeldia-faz-desabafo-nas-redes-sociais\/#respond\"]}],\"copyrightYear\":\"2025\",\"copyrightHolder\":{\"@id\":\"https:\/\/www.gaveanews.com\/#organization\"}},{\"@type\":\"WebPage\",\"@id\":\"https:\/\/www.gaveanews.com\/index.php\/2025\/04\/18\/pivo-de-discussao-com-luis-zubeldia-faz-desabafo-nas-redes-sociais\/\",\"url\":\"https:\/\/www.gaveanews.com\/index.php\/2025\/04\/18\/pivo-de-discussao-com-luis-zubeldia-faz-desabafo-nas-redes-sociais\/\",\"name\":\"Piv\u00f4 de discuss\u00e3o com Luis Zubeld\u00eda faz desabafo nas redes sociais\",\"isPartOf\":{\"@id\":\"https:\/\/www.gaveanews.com\/#website\"},\"primaryImageOfPage\":{\"@id\":\"https:\/\/www.gaveanews.com\/index.php\/2025\/04\/18\/pivo-de-discussao-com-luis-zubeldia-faz-desabafo-nas-redes-sociais\/#primaryimage\"},\"image\":{\"@id\":\"https:\/\/www.gaveanews.com\/index.php\/2025\/04\/18\/pivo-de-discussao-com-luis-zubeldia-faz-desabafo-nas-redes-sociais\/#primaryimage\"},\"thumbnailUrl\":\"https:\/\/www.gaveanews.com\/wp-content\/uploads\/Luis-Francisco-Zubeldia-treinador-do-Sao-Paulo-durante-partida-da-Copa-do-Brasil-2024.webp\",\"datePublished\":\"2025-04-19T01:25:00+00:00\",\"author\":{\"@id\":\"https:\/\/www.gaveanews.com\/#\/schema\/person\/a9f62fe75380c6bada1b2fc49bc23d69\"},\"breadcrumb\":{\"@id\":\"https:\/\/www.gaveanews.com\/index.php\/2025\/04\/18\/pivo-de-discussao-com-luis-zubeldia-faz-desabafo-nas-redes-sociais\/#breadcrumb\"},\"inLanguage\":\"pt-BR\",\"potentialAction\":[{\"@type\":\"ReadAction\",\"target\":[\"https:\/\/www.gaveanews.com\/index.php\/2025\/04\/18\/pivo-de-discussao-com-luis-zubeldia-faz-desabafo-nas-redes-sociais\/\"]}]},{\"@type\":\"ImageObject\",\"inLanguage\":\"pt-BR\",\"@id\":\"https:\/\/www.gaveanews.com\/index.php\/2025\/04\/18\/pivo-de-discussao-com-luis-zubeldia-faz-desabafo-nas-redes-sociais\/#primaryimage\",\"url\":\"https:\/\/www.gaveanews.com\/wp-content\/uploads\/Luis-Francisco-Zubeldia-treinador-do-Sao-Paulo-durante-partida-da-Copa-do-Brasil-2024.webp\",\"contentUrl\":\"https:\/\/www.gaveanews.com\/wp-content\/uploads\/Luis-Francisco-Zubeldia-treinador-do-Sao-Paulo-durante-partida-da-Copa-do-Brasil-2024.webp\",\"width\":1333,\"height\":889,\"caption\":\"Luis Francisco Zubeld\u00eda, treinador do S\u00e3o Paulo durante partida da Copa do Brasil 2024 (Foto: Rubens Chiri e Paulo Pinto\/S\u00e3o Paulo)\"},{\"@type\":\"BreadcrumbList\",\"@id\":\"https:\/\/www.gaveanews.com\/index.php\/2025\/04\/18\/pivo-de-discussao-com-luis-zubeldia-faz-desabafo-nas-redes-sociais\/#breadcrumb\",\"itemListElement\":[{\"@type\":\"ListItem\",\"position\":1,\"name\":\"Home\",\"item\":\"https:\/\/www.gaveanews.com\/\"},{\"@type\":\"ListItem\",\"position\":2,\"name\":\"Piv\u00f4 de discuss\u00e3o com Luis Zubeld\u00eda faz desabafo nas redes sociais\"}]},{\"@type\":\"WebSite\",\"@id\":\"https:\/\/www.gaveanews.com\/#website\",\"url\":\"https:\/\/www.gaveanews.com\/\",\"name\":\"G\u00e1vea News\",\"description\":\"Veja todas as not\u00edcias sobre o Flamengo: Contrata\u00e7\u00f5es, categorias de base, resultados das partidas, tabela de classifica\u00e7\u00e3o, pr\u00f3ximos jogos!\",\"potentialAction\":[{\"@type\":\"SearchAction\",\"target\":{\"@type\":\"EntryPoint\",\"urlTemplate\":\"https:\/\/www.gaveanews.com\/?s={search_term_string}\"},\"query-input\":{\"@type\":\"PropertyValueSpecification\",\"valueRequired\":true,\"valueName\":\"search_term_string\"}}],\"inLanguage\":\"pt-BR\"},{\"@type\":\"Person\",\"@id\":\"https:\/\/www.gaveanews.com\/#\/schema\/person\/a9f62fe75380c6bada1b2fc49bc23d69\",\"name\":\"Marco Menezes\",\"image\":{\"@type\":\"ImageObject\",\"inLanguage\":\"pt-BR\",\"@id\":\"https:\/\/www.gaveanews.com\/#\/schema\/person\/image\/\",\"url\":\"https:\/\/secure.gravatar.com\/avatar\/a1d148ae17fc8bfc5dbccffd07979e8bd2c9ba494221779de86ec2c7907b71ec?s=96&d=mm&r=g\",\"contentUrl\":\"https:\/\/secure.gravatar.com\/avatar\/a1d148ae17fc8bfc5dbccffd07979e8bd2c9ba494221779de86ec2c7907b71ec?s=96&d=mm&r=g\",\"caption\":\"Marco Menezes\"}}]}<\/script>\n<!-- \/ Yoast SEO Premium plugin. -->","yoast_head_json":{"title":"Piv\u00f4 de discuss\u00e3o com Luis Zubeld\u00eda faz desabafo nas redes sociais","robots":{"index":"index","follow":"follow","max-snippet":"max-snippet:-1","max-image-preview":"max-image-preview:large","max-video-preview":"max-video-preview:-1"},"canonical":"https:\/\/www.gaveanews.com\/index.php\/2025\/04\/18\/pivo-de-discussao-com-luis-zubeldia-faz-desabafo-nas-redes-sociais\/","og_locale":"pt_BR","og_type":"article","og_title":"Piv\u00f4 de discuss\u00e3o com Luis Zubeld\u00eda faz desabafo nas redes sociais","og_description":"Luiz Zubeld\u00eda se envolveu em uma confus\u00e3o com Gabriel S\u00e1 durante a entrevista coletiva depois do empate entre S\u00e3o Paulo e Botafogo. O treinador se incomodou com uma pergunta sobre a confus\u00e3o entre jogadores tricolores. Depois da repercuss\u00e3o das imagens, o jornalista usou as redes sociais para contar a vers\u00e3o dele. Em v\u00eddeo captado pelas [&hellip;]","og_url":"https:\/\/www.gaveanews.com\/index.php\/2025\/04\/18\/pivo-de-discussao-com-luis-zubeldia-faz-desabafo-nas-redes-sociais\/","og_site_name":"G\u00e1vea News","article_publisher":"https:\/\/facebook.com\/gaveaNews\/","article_published_time":"2025-04-19T01:25:00+00:00","og_image":[{"width":1333,"height":889,"url":"https:\/\/www.gaveanews.com\/wp-content\/uploads\/Luis-Francisco-Zubeldia-treinador-do-Sao-Paulo-durante-partida-da-Copa-do-Brasil-2024.webp","type":"image\/webp"}],"author":"Marco Menezes","twitter_card":"summary_large_image","twitter_misc":{"Escrito por":"Marco Menezes","Est. tempo de leitura":"3 minutos"},"schema":{"@context":"https:\/\/schema.org","@graph":[{"@type":"NewsArticle","@id":"https:\/\/www.gaveanews.com\/index.php\/2025\/04\/18\/pivo-de-discussao-com-luis-zubeldia-faz-desabafo-nas-redes-sociais\/#article","isPartOf":{"@id":"https:\/\/www.gaveanews.com\/index.php\/2025\/04\/18\/pivo-de-discussao-com-luis-zubeldia-faz-desabafo-nas-redes-sociais\/"},"author":{"name":"Marco Menezes","@id":"https:\/\/www.gaveanews.com\/#\/schema\/person\/a9f62fe75380c6bada1b2fc49bc23d69"},"headline":"Piv\u00f4 de discuss\u00e3o com Luis Zubeld\u00eda faz desabafo nas redes sociais","datePublished":"2025-04-19T01:25:00+00:00","mainEntityOfPage":{"@id":"https:\/\/www.gaveanews.com\/index.php\/2025\/04\/18\/pivo-de-discussao-com-luis-zubeldia-faz-desabafo-nas-redes-sociais\/"},"wordCount":589,"commentCount":0,"image":{"@id":"https:\/\/www.gaveanews.com\/index.php\/2025\/04\/18\/pivo-de-discussao-com-luis-zubeldia-faz-desabafo-nas-redes-sociais\/#primaryimage"},"thumbnailUrl":"https:\/\/www.gaveanews.com\/wp-content\/uploads\/Luis-Francisco-Zubeldia-treinador-do-Sao-Paulo-durante-partida-da-Copa-do-Brasil-2024.webp","articleSection":["S\u00e3o Paulo"],"inLanguage":"pt-BR","potentialAction":[{"@type":"CommentAction","name":"Comment","target":["https:\/\/www.gaveanews.com\/index.php\/2025\/04\/18\/pivo-de-discussao-com-luis-zubeldia-faz-desabafo-nas-redes-sociais\/#respond"]}],"copyrightYear":"2025","copyrightHolder":{"@id":"https:\/\/www.gaveanews.com\/#organization"}},{"@type":"WebPage","@id":"https:\/\/www.gaveanews.com\/index.php\/2025\/04\/18\/pivo-de-discussao-com-luis-zubeldia-faz-desabafo-nas-redes-sociais\/","url":"https:\/\/www.gaveanews.com\/index.php\/2025\/04\/18\/pivo-de-discussao-com-luis-zubeldia-faz-desabafo-nas-redes-sociais\/","name":"Piv\u00f4 de discuss\u00e3o com Luis Zubeld\u00eda faz desabafo nas redes sociais","isPartOf":{"@id":"https:\/\/www.gaveanews.com\/#website"},"primaryImageOfPage":{"@id":"https:\/\/www.gaveanews.com\/index.php\/2025\/04\/18\/pivo-de-discussao-com-luis-zubeldia-faz-desabafo-nas-redes-sociais\/#primaryimage"},"image":{"@id":"https:\/\/www.gaveanews.com\/index.php\/2025\/04\/18\/pivo-de-discussao-com-luis-zubeldia-faz-desabafo-nas-redes-sociais\/#primaryimage"},"thumbnailUrl":"https:\/\/www.gaveanews.com\/wp-content\/uploads\/Luis-Francisco-Zubeldia-treinador-do-Sao-Paulo-durante-partida-da-Copa-do-Brasil-2024.webp","datePublished":"2025-04-19T01:25:00+00:00","author":{"@id":"https:\/\/www.gaveanews.com\/#\/schema\/person\/a9f62fe75380c6bada1b2fc49bc23d69"},"breadcrumb":{"@id":"https:\/\/www.gaveanews.com\/index.php\/2025\/04\/18\/pivo-de-discussao-com-luis-zubeldia-faz-desabafo-nas-redes-sociais\/#breadcrumb"},"inLanguage":"pt-BR","potentialAction":[{"@type":"ReadAction","target":["https:\/\/www.gaveanews.com\/index.php\/2025\/04\/18\/pivo-de-discussao-com-luis-zubeldia-faz-desabafo-nas-redes-sociais\/"]}]},{"@type":"ImageObject","inLanguage":"pt-BR","@id":"https:\/\/www.gaveanews.com\/index.php\/2025\/04\/18\/pivo-de-discussao-com-luis-zubeldia-faz-desabafo-nas-redes-sociais\/#primaryimage","url":"https:\/\/www.gaveanews.com\/wp-content\/uploads\/Luis-Francisco-Zubeldia-treinador-do-Sao-Paulo-durante-partida-da-Copa-do-Brasil-2024.webp","contentUrl":"https:\/\/www.gaveanews.com\/wp-content\/uploads\/Luis-Francisco-Zubeldia-treinador-do-Sao-Paulo-durante-partida-da-Copa-do-Brasil-2024.webp","width":1333,"height":889,"caption":"Luis Francisco Zubeld\u00eda, treinador do S\u00e3o Paulo durante partida da Copa do Brasil 2024 (Foto: Rubens Chiri e Paulo Pinto\/S\u00e3o Paulo)"},{"@type":"BreadcrumbList","@id":"https:\/\/www.gaveanews.com\/index.php\/2025\/04\/18\/pivo-de-discussao-com-luis-zubeldia-faz-desabafo-nas-redes-sociais\/#breadcrumb","itemListElement":[{"@type":"ListItem","position":1,"name":"Home","item":"https:\/\/www.gaveanews.com\/"},{"@type":"ListItem","position":2,"name":"Piv\u00f4 de discuss\u00e3o com Luis Zubeld\u00eda faz desabafo nas redes sociais"}]},{"@type":"WebSite","@id":"https:\/\/www.gaveanews.com\/#website","url":"https:\/\/www.gaveanews.com\/","name":"G\u00e1vea News","description":"Veja todas as not\u00edcias sobre o Flamengo: Contrata\u00e7\u00f5es, categorias de base, resultados das partidas, tabela de classifica\u00e7\u00e3o, pr\u00f3ximos jogos!","potentialAction":[{"@type":"SearchAction","target":{"@type":"EntryPoint","urlTemplate":"https:\/\/www.gaveanews.com\/?s={search_term_string}"},"query-input":{"@type":"PropertyValueSpecification","valueRequired":true,"valueName":"search_term_string"}}],"inLanguage":"pt-BR"},{"@type":"Person","@id":"https:\/\/www.gaveanews.com\/#\/schema\/person\/a9f62fe75380c6bada1b2fc49bc23d69","name":"Marco Menezes","image":{"@type":"ImageObject","inLanguage":"pt-BR","@id":"https:\/\/www.gaveanews.com\/#\/schema\/person\/image\/","url":"https:\/\/secure.gravatar.com\/avatar\/a1d148ae17fc8bfc5dbccffd07979e8bd2c9ba494221779de86ec2c7907b71ec?s=96&d=mm&r=g","contentUrl":"https:\/\/secure.gravatar.com\/avatar\/a1d148ae17fc8bfc5dbccffd07979e8bd2c9ba494221779de86ec2c7907b71ec?s=96&d=mm&r=g","caption":"Marco Menezes"}}]}},"_links":{"self":[{"href":"https:\/\/www.gaveanews.com\/index.php\/wp-json\/wp\/v2\/posts\/255231","targetHints":{"allow":["GET"]}}],"collection":[{"href":"https:\/\/www.gaveanews.com\/index.php\/wp-json\/wp\/v2\/posts"}],"about":[{"href":"https:\/\/www.gaveanews.com\/index.php\/wp-json\/wp\/v2\/types\/post"}],"author":[{"embeddable":true,"href":"https:\/\/www.gaveanews.com\/index.php\/wp-json\/wp\/v2\/users\/29"}],"replies":[{"embeddable":true,"href":"https:\/\/www.gaveanews.com\/index.php\/wp-json\/wp\/v2\/comments?post=255231"}],"version-history":[{"count":1,"href":"https:\/\/www.gaveanews.com\/index.php\/wp-json\/wp\/v2\/posts\/255231\/revisions"}],"predecessor-version":[{"id":255232,"href":"https:\/\/www.gaveanews.com\/index.php\/wp-json\/wp\/v2\/posts\/255231\/revisions\/255232"}],"wp:featuredmedia":[{"embeddable":true,"href":"https:\/\/www.gaveanews.com\/index.php\/wp-json\/wp\/v2\/media\/155699"}],"wp:attachment":[{"href":"https:\/\/www.gaveanews.com\/index.php\/wp-json\/wp\/v2\/media?parent=255231"}],"wp:term":[{"taxonomy":"category","embeddable":true,"href":"https:\/\/www.gaveanews.com\/index.php\/wp-json\/wp\/v2\/categories?post=255231"},{"taxonomy":"post_tag","embeddable":true,"href":"https:\/\/www.gaveanews.com\/index.php\/wp-json\/wp\/v2\/tags?post=255231"}],"curies":[{"name":"wp","href":"https:\/\/api.w.org\/{rel}","templated":true}]}}