{"id":255236,"date":"2025-04-18T21:30:00","date_gmt":"2025-04-19T00:30:00","guid":{"rendered":"https:\/\/www.gaveanews.com\/?p=255236"},"modified":"2025-04-18T17:56:53","modified_gmt":"2025-04-18T20:56:53","slug":"arnaldo-ribeiro-crava-futuro-do-flamengo-e-palmeiras-no-brasileirao","status":"publish","type":"post","link":"https:\/\/www.gaveanews.com\/index.php\/2025\/04\/18\/arnaldo-ribeiro-crava-futuro-do-flamengo-e-palmeiras-no-brasileirao\/","title":{"rendered":"Arnaldo Ribeiro crava futuro do Flamengo e Palmeiras no Brasileir\u00e3o"},"content":{"rendered":"\n<p>Com vit\u00f3rias recentes na \u00faltima rodada, Flamengo e Palmeiras se consolidam na lideran\u00e7a do Campeonato Brasileiro. Consequentemente, a performance de ambos os clubes refor\u00e7a a an\u00e1lise de que devem protagonizar novamente as principais disputas no futebol nacional em 2025.<\/p>\n\n\n\n<p>Ap\u00f3s os triunfos, o jornalista Arnaldo Ribeiro comentou o momento das equipes. Primeiramente, ele observou a situa\u00e7\u00e3o do Flamengo, identificando quest\u00f5es extracampo que contrastam com o desempenho dentro das quatro linhas.<\/p>\n\n\n\n<p>Ribeiro apontou a baixa presen\u00e7a de p\u00fablico no Maracan\u00e3 como um dos pontos de aten\u00e7\u00e3o atuais para o clube carioca. Al\u00e9m disso, ele mencionou a situa\u00e7\u00e3o contratual ou de condi\u00e7\u00e3o f\u00edsica envolvendo o atacante Bruno Henrique como outro fator relevante no contexto rubro-negro.<\/p>\n\n\n\n<p>&#8220;A gente est\u00e1 vendo o Maracan\u00e3 vazio, esse \u00e9 o problema atual, al\u00e9m da quest\u00e3o do Bruno Henrique&#8221;, declarou Arnaldo. Ele complementou sua observa\u00e7\u00e3o sobre a audi\u00eancia: &#8220;Trinta mil pessoas, o p\u00fablico para o Maracan\u00e3 \u00e9 rid\u00edculo. Todo mundo protestando contra o ingresso caro&#8221;.<\/p>\n\n\n\n<p>Apesar desses desafios externos, o jornalista enfatizou a capacidade do time de super\u00e1-los em campo. &#8220;Mesmo assim, o time deitou e rolou&#8221;, afirmou, indicando que a performance na \u00faltima partida n\u00e3o sofreu abalos significativos por conta desses fatores.<\/p>\n\n\n\n<h2 class=\"wp-block-heading\" id=\"h-projecoes-para-o-cenario-nacional\">Proje\u00e7\u00f5es para o cen\u00e1rio nacional<\/h2>\n\n\n\n<p>Olhando para os aspectos positivos, Arnaldo Ribeiro destacou a recupera\u00e7\u00e3o de atletas importantes no elenco flamenguista. Especificamente, ele citou o retorno progressivo do atacante Pedro, o qual fortalece o setor ofensivo da equipe.<\/p>\n\n\n\n<p>Diante desse cen\u00e1rio, que combina a recupera\u00e7\u00e3o de jogadores-chave com o futebol apresentado, o comentarista avalia ser dif\u00edcil que o favoritismo no Brasileir\u00e3o escape da dupla. &#8220;Acho que a quest\u00e3o agora, com a volta do Pedro aos poucos, com a recupera\u00e7\u00e3o dos principais jogadores, \u00e9 dif\u00edcil imaginar que a coisa saia de Palmeiras e Flamengo em rela\u00e7\u00e3o ao brasileiro&#8221;, definiu Ribeiro.<\/p>\n\n\n\n<h2 class=\"wp-block-heading\" id=\"h-expectativas-para-o-mundial-de-clubes\">Expectativas para o Mundial de Clubes<\/h2>\n\n\n\n<p>A an\u00e1lise de Arnaldo Ribeiro tamb\u00e9m contemplou o panorama internacional, com foco no Mundial de Clubes. Nesse sentido, ele projeta que Flamengo e Palmeiras s\u00e3o os representantes brasileiros com maior potencial para alcan\u00e7ar resultados expressivos na competi\u00e7\u00e3o. Botafogo e Fluminense tamb\u00e9m representar\u00e3o o Brasil no torneio.<\/p>\n\n\n\n<p>&#8220;S\u00e3o dois times que podem&#8230; S\u00e3o os brasileiros que podem, no Mundial, fazer alguma coisa interessante. Diferente. Pelos jogadores que t\u00eam. Simples assim&#8221;, avaliou o comentarista, atribuindo o diferencial \u00e0 qualidade t\u00e9cnica dos respectivos elencos.<\/p>\n\n\n\n<p>O Flamengo far\u00e1 sua estreia no Mundial contra o Esp\u00e9rance (TUN), em um grupo que tamb\u00e9m conta com Chelsea (ING) e o classificado do duelo entre Am\u00e9rica (MEX) e LAFC (EUA). Por sua vez, o Palmeiras iniciar\u00e1 sua campanha enfrentando o Porto (POR), tendo ainda Inter Miami (EUA) e Al Ahly (EGI) como advers\u00e1rios na fase de grupos.<\/p>\n","protected":false},"excerpt":{"rendered":"<p>Com vit\u00f3rias recentes na \u00faltima rodada, Flamengo e Palmeiras se consolidam na lideran\u00e7a do Campeonato Brasileiro. Consequentemente, a performance de ambos os clubes refor\u00e7a a an\u00e1lise de que devem protagonizar novamente as principais disputas no futebol nacional em 2025. Ap\u00f3s os triunfos, o jornalista Arnaldo Ribeiro comentou o momento das equipes. Primeiramente, ele observou a [&hellip;]<\/p>\n","protected":false},"author":28,"featured_media":129130,"comment_status":"open","ping_status":"closed","sticky":false,"template":"","format":"standard","meta":{"footnotes":""},"categories":[1,150],"tags":[],"class_list":["post-255236","post","type-post","status-publish","format-standard","has-post-thumbnail","hentry","category-flamengo","category-palmeiras"],"yoast_head":"<!-- This site is optimized with the Yoast SEO Premium plugin v24.2 (Yoast SEO v26.9) - https:\/\/yoast.com\/product\/yoast-seo-premium-wordpress\/ -->\n<title>Arnaldo Ribeiro crava futuro do Flamengo e Palmeiras no Brasileir\u00e3o<\/title>\n<meta name=\"robots\" content=\"index, follow, max-snippet:-1, max-image-preview:large, max-video-preview:-1\" \/>\n<link rel=\"canonical\" href=\"https:\/\/www.gaveanews.com\/index.php\/2025\/04\/18\/arnaldo-ribeiro-crava-futuro-do-flamengo-e-palmeiras-no-brasileirao\/\" \/>\n<meta property=\"og:locale\" content=\"pt_BR\" \/>\n<meta property=\"og:type\" content=\"article\" \/>\n<meta property=\"og:title\" content=\"Arnaldo Ribeiro crava futuro do Flamengo e Palmeiras no Brasileir\u00e3o\" \/>\n<meta property=\"og:description\" content=\"Com vit\u00f3rias recentes na \u00faltima rodada, Flamengo e Palmeiras se consolidam na lideran\u00e7a do Campeonato Brasileiro. Consequentemente, a performance de ambos os clubes refor\u00e7a a an\u00e1lise de que devem protagonizar novamente as principais disputas no futebol nacional em 2025. Ap\u00f3s os triunfos, o jornalista Arnaldo Ribeiro comentou o momento das equipes. Primeiramente, ele observou a [&hellip;]\" \/>\n<meta property=\"og:url\" content=\"https:\/\/www.gaveanews.com\/index.php\/2025\/04\/18\/arnaldo-ribeiro-crava-futuro-do-flamengo-e-palmeiras-no-brasileirao\/\" \/>\n<meta property=\"og:site_name\" content=\"G\u00e1vea News\" \/>\n<meta property=\"article:publisher\" content=\"https:\/\/facebook.com\/gaveaNews\/\" \/>\n<meta property=\"article:published_time\" content=\"2025-04-19T00:30:00+00:00\" \/>\n<meta property=\"og:image\" content=\"https:\/\/www.gaveanews.com\/wp-content\/uploads\/Arnaldo-Ribeiro.webp\" \/>\n\t<meta property=\"og:image:width\" content=\"960\" \/>\n\t<meta property=\"og:image:height\" content=\"640\" \/>\n\t<meta property=\"og:image:type\" content=\"image\/webp\" \/>\n<meta name=\"author\" content=\"Hudson Pereira\" \/>\n<meta name=\"twitter:card\" content=\"summary_large_image\" \/>\n<meta name=\"twitter:label1\" content=\"Escrito por\" \/>\n\t<meta name=\"twitter:data1\" content=\"Hudson Pereira\" \/>\n\t<meta name=\"twitter:label2\" content=\"Est. tempo de leitura\" \/>\n\t<meta name=\"twitter:data2\" content=\"3 minutos\" \/>\n<script type=\"application\/ld+json\" class=\"yoast-schema-graph\">{\"@context\":\"https:\/\/schema.org\",\"@graph\":[{\"@type\":\"NewsArticle\",\"@id\":\"https:\/\/www.gaveanews.com\/index.php\/2025\/04\/18\/arnaldo-ribeiro-crava-futuro-do-flamengo-e-palmeiras-no-brasileirao\/#article\",\"isPartOf\":{\"@id\":\"https:\/\/www.gaveanews.com\/index.php\/2025\/04\/18\/arnaldo-ribeiro-crava-futuro-do-flamengo-e-palmeiras-no-brasileirao\/\"},\"author\":{\"name\":\"Hudson Pereira\",\"@id\":\"https:\/\/www.gaveanews.com\/#\/schema\/person\/bd08f00534b403119b92741a6d469ef0\"},\"headline\":\"Arnaldo Ribeiro crava futuro do Flamengo e Palmeiras no Brasileir\u00e3o\",\"datePublished\":\"2025-04-19T00:30:00+00:00\",\"mainEntityOfPage\":{\"@id\":\"https:\/\/www.gaveanews.com\/index.php\/2025\/04\/18\/arnaldo-ribeiro-crava-futuro-do-flamengo-e-palmeiras-no-brasileirao\/\"},\"wordCount\":493,\"commentCount\":0,\"image\":{\"@id\":\"https:\/\/www.gaveanews.com\/index.php\/2025\/04\/18\/arnaldo-ribeiro-crava-futuro-do-flamengo-e-palmeiras-no-brasileirao\/#primaryimage\"},\"thumbnailUrl\":\"https:\/\/www.gaveanews.com\/wp-content\/uploads\/Arnaldo-Ribeiro.webp\",\"articleSection\":[\"Flamengo\",\"Palmeiras\"],\"inLanguage\":\"pt-BR\",\"potentialAction\":[{\"@type\":\"CommentAction\",\"name\":\"Comment\",\"target\":[\"https:\/\/www.gaveanews.com\/index.php\/2025\/04\/18\/arnaldo-ribeiro-crava-futuro-do-flamengo-e-palmeiras-no-brasileirao\/#respond\"]}],\"copyrightYear\":\"2025\",\"copyrightHolder\":{\"@id\":\"https:\/\/www.gaveanews.com\/#organization\"}},{\"@type\":\"WebPage\",\"@id\":\"https:\/\/www.gaveanews.com\/index.php\/2025\/04\/18\/arnaldo-ribeiro-crava-futuro-do-flamengo-e-palmeiras-no-brasileirao\/\",\"url\":\"https:\/\/www.gaveanews.com\/index.php\/2025\/04\/18\/arnaldo-ribeiro-crava-futuro-do-flamengo-e-palmeiras-no-brasileirao\/\",\"name\":\"Arnaldo Ribeiro crava futuro do Flamengo e Palmeiras no Brasileir\u00e3o\",\"isPartOf\":{\"@id\":\"https:\/\/www.gaveanews.com\/#website\"},\"primaryImageOfPage\":{\"@id\":\"https:\/\/www.gaveanews.com\/index.php\/2025\/04\/18\/arnaldo-ribeiro-crava-futuro-do-flamengo-e-palmeiras-no-brasileirao\/#primaryimage\"},\"image\":{\"@id\":\"https:\/\/www.gaveanews.com\/index.php\/2025\/04\/18\/arnaldo-ribeiro-crava-futuro-do-flamengo-e-palmeiras-no-brasileirao\/#primaryimage\"},\"thumbnailUrl\":\"https:\/\/www.gaveanews.com\/wp-content\/uploads\/Arnaldo-Ribeiro.webp\",\"datePublished\":\"2025-04-19T00:30:00+00:00\",\"author\":{\"@id\":\"https:\/\/www.gaveanews.com\/#\/schema\/person\/bd08f00534b403119b92741a6d469ef0\"},\"breadcrumb\":{\"@id\":\"https:\/\/www.gaveanews.com\/index.php\/2025\/04\/18\/arnaldo-ribeiro-crava-futuro-do-flamengo-e-palmeiras-no-brasileirao\/#breadcrumb\"},\"inLanguage\":\"pt-BR\",\"potentialAction\":[{\"@type\":\"ReadAction\",\"target\":[\"https:\/\/www.gaveanews.com\/index.php\/2025\/04\/18\/arnaldo-ribeiro-crava-futuro-do-flamengo-e-palmeiras-no-brasileirao\/\"]}]},{\"@type\":\"ImageObject\",\"inLanguage\":\"pt-BR\",\"@id\":\"https:\/\/www.gaveanews.com\/index.php\/2025\/04\/18\/arnaldo-ribeiro-crava-futuro-do-flamengo-e-palmeiras-no-brasileirao\/#primaryimage\",\"url\":\"https:\/\/www.gaveanews.com\/wp-content\/uploads\/Arnaldo-Ribeiro.webp\",\"contentUrl\":\"https:\/\/www.gaveanews.com\/wp-content\/uploads\/Arnaldo-Ribeiro.webp\",\"width\":960,\"height\":640,\"caption\":\"Arnaldo Ribeiro no programa Sele\u00e7\u00e3o Sportv - Foto: reprodu\u00e7\u00e3o\"},{\"@type\":\"BreadcrumbList\",\"@id\":\"https:\/\/www.gaveanews.com\/index.php\/2025\/04\/18\/arnaldo-ribeiro-crava-futuro-do-flamengo-e-palmeiras-no-brasileirao\/#breadcrumb\",\"itemListElement\":[{\"@type\":\"ListItem\",\"position\":1,\"name\":\"Home\",\"item\":\"https:\/\/www.gaveanews.com\/\"},{\"@type\":\"ListItem\",\"position\":2,\"name\":\"Arnaldo Ribeiro crava futuro do Flamengo e Palmeiras no Brasileir\u00e3o\"}]},{\"@type\":\"WebSite\",\"@id\":\"https:\/\/www.gaveanews.com\/#website\",\"url\":\"https:\/\/www.gaveanews.com\/\",\"name\":\"G\u00e1vea News\",\"description\":\"Veja todas as not\u00edcias sobre o Flamengo: Contrata\u00e7\u00f5es, categorias de base, resultados das partidas, tabela de classifica\u00e7\u00e3o, pr\u00f3ximos jogos!\",\"potentialAction\":[{\"@type\":\"SearchAction\",\"target\":{\"@type\":\"EntryPoint\",\"urlTemplate\":\"https:\/\/www.gaveanews.com\/?s={search_term_string}\"},\"query-input\":{\"@type\":\"PropertyValueSpecification\",\"valueRequired\":true,\"valueName\":\"search_term_string\"}}],\"inLanguage\":\"pt-BR\"},{\"@type\":\"Person\",\"@id\":\"https:\/\/www.gaveanews.com\/#\/schema\/person\/bd08f00534b403119b92741a6d469ef0\",\"name\":\"Hudson Pereira\",\"image\":{\"@type\":\"ImageObject\",\"inLanguage\":\"pt-BR\",\"@id\":\"https:\/\/www.gaveanews.com\/#\/schema\/person\/image\/\",\"url\":\"https:\/\/secure.gravatar.com\/avatar\/ecc491b489e454e510efffc9b23c1052ce5fb4f2e05555768ba65819cd55f03e?s=96&d=mm&r=g\",\"contentUrl\":\"https:\/\/secure.gravatar.com\/avatar\/ecc491b489e454e510efffc9b23c1052ce5fb4f2e05555768ba65819cd55f03e?s=96&d=mm&r=g\",\"caption\":\"Hudson Pereira\"}}]}<\/script>\n<!-- \/ Yoast SEO Premium plugin. -->","yoast_head_json":{"title":"Arnaldo Ribeiro crava futuro do Flamengo e Palmeiras no Brasileir\u00e3o","robots":{"index":"index","follow":"follow","max-snippet":"max-snippet:-1","max-image-preview":"max-image-preview:large","max-video-preview":"max-video-preview:-1"},"canonical":"https:\/\/www.gaveanews.com\/index.php\/2025\/04\/18\/arnaldo-ribeiro-crava-futuro-do-flamengo-e-palmeiras-no-brasileirao\/","og_locale":"pt_BR","og_type":"article","og_title":"Arnaldo Ribeiro crava futuro do Flamengo e Palmeiras no Brasileir\u00e3o","og_description":"Com vit\u00f3rias recentes na \u00faltima rodada, Flamengo e Palmeiras se consolidam na lideran\u00e7a do Campeonato Brasileiro. Consequentemente, a performance de ambos os clubes refor\u00e7a a an\u00e1lise de que devem protagonizar novamente as principais disputas no futebol nacional em 2025. Ap\u00f3s os triunfos, o jornalista Arnaldo Ribeiro comentou o momento das equipes. Primeiramente, ele observou a [&hellip;]","og_url":"https:\/\/www.gaveanews.com\/index.php\/2025\/04\/18\/arnaldo-ribeiro-crava-futuro-do-flamengo-e-palmeiras-no-brasileirao\/","og_site_name":"G\u00e1vea News","article_publisher":"https:\/\/facebook.com\/gaveaNews\/","article_published_time":"2025-04-19T00:30:00+00:00","og_image":[{"width":960,"height":640,"url":"https:\/\/www.gaveanews.com\/wp-content\/uploads\/Arnaldo-Ribeiro.webp","type":"image\/webp"}],"author":"Hudson Pereira","twitter_card":"summary_large_image","twitter_misc":{"Escrito por":"Hudson Pereira","Est. tempo de leitura":"3 minutos"},"schema":{"@context":"https:\/\/schema.org","@graph":[{"@type":"NewsArticle","@id":"https:\/\/www.gaveanews.com\/index.php\/2025\/04\/18\/arnaldo-ribeiro-crava-futuro-do-flamengo-e-palmeiras-no-brasileirao\/#article","isPartOf":{"@id":"https:\/\/www.gaveanews.com\/index.php\/2025\/04\/18\/arnaldo-ribeiro-crava-futuro-do-flamengo-e-palmeiras-no-brasileirao\/"},"author":{"name":"Hudson Pereira","@id":"https:\/\/www.gaveanews.com\/#\/schema\/person\/bd08f00534b403119b92741a6d469ef0"},"headline":"Arnaldo Ribeiro crava futuro do Flamengo e Palmeiras no Brasileir\u00e3o","datePublished":"2025-04-19T00:30:00+00:00","mainEntityOfPage":{"@id":"https:\/\/www.gaveanews.com\/index.php\/2025\/04\/18\/arnaldo-ribeiro-crava-futuro-do-flamengo-e-palmeiras-no-brasileirao\/"},"wordCount":493,"commentCount":0,"image":{"@id":"https:\/\/www.gaveanews.com\/index.php\/2025\/04\/18\/arnaldo-ribeiro-crava-futuro-do-flamengo-e-palmeiras-no-brasileirao\/#primaryimage"},"thumbnailUrl":"https:\/\/www.gaveanews.com\/wp-content\/uploads\/Arnaldo-Ribeiro.webp","articleSection":["Flamengo","Palmeiras"],"inLanguage":"pt-BR","potentialAction":[{"@type":"CommentAction","name":"Comment","target":["https:\/\/www.gaveanews.com\/index.php\/2025\/04\/18\/arnaldo-ribeiro-crava-futuro-do-flamengo-e-palmeiras-no-brasileirao\/#respond"]}],"copyrightYear":"2025","copyrightHolder":{"@id":"https:\/\/www.gaveanews.com\/#organization"}},{"@type":"WebPage","@id":"https:\/\/www.gaveanews.com\/index.php\/2025\/04\/18\/arnaldo-ribeiro-crava-futuro-do-flamengo-e-palmeiras-no-brasileirao\/","url":"https:\/\/www.gaveanews.com\/index.php\/2025\/04\/18\/arnaldo-ribeiro-crava-futuro-do-flamengo-e-palmeiras-no-brasileirao\/","name":"Arnaldo Ribeiro crava futuro do Flamengo e Palmeiras no Brasileir\u00e3o","isPartOf":{"@id":"https:\/\/www.gaveanews.com\/#website"},"primaryImageOfPage":{"@id":"https:\/\/www.gaveanews.com\/index.php\/2025\/04\/18\/arnaldo-ribeiro-crava-futuro-do-flamengo-e-palmeiras-no-brasileirao\/#primaryimage"},"image":{"@id":"https:\/\/www.gaveanews.com\/index.php\/2025\/04\/18\/arnaldo-ribeiro-crava-futuro-do-flamengo-e-palmeiras-no-brasileirao\/#primaryimage"},"thumbnailUrl":"https:\/\/www.gaveanews.com\/wp-content\/uploads\/Arnaldo-Ribeiro.webp","datePublished":"2025-04-19T00:30:00+00:00","author":{"@id":"https:\/\/www.gaveanews.com\/#\/schema\/person\/bd08f00534b403119b92741a6d469ef0"},"breadcrumb":{"@id":"https:\/\/www.gaveanews.com\/index.php\/2025\/04\/18\/arnaldo-ribeiro-crava-futuro-do-flamengo-e-palmeiras-no-brasileirao\/#breadcrumb"},"inLanguage":"pt-BR","potentialAction":[{"@type":"ReadAction","target":["https:\/\/www.gaveanews.com\/index.php\/2025\/04\/18\/arnaldo-ribeiro-crava-futuro-do-flamengo-e-palmeiras-no-brasileirao\/"]}]},{"@type":"ImageObject","inLanguage":"pt-BR","@id":"https:\/\/www.gaveanews.com\/index.php\/2025\/04\/18\/arnaldo-ribeiro-crava-futuro-do-flamengo-e-palmeiras-no-brasileirao\/#primaryimage","url":"https:\/\/www.gaveanews.com\/wp-content\/uploads\/Arnaldo-Ribeiro.webp","contentUrl":"https:\/\/www.gaveanews.com\/wp-content\/uploads\/Arnaldo-Ribeiro.webp","width":960,"height":640,"caption":"Arnaldo Ribeiro no programa Sele\u00e7\u00e3o Sportv - Foto: reprodu\u00e7\u00e3o"},{"@type":"BreadcrumbList","@id":"https:\/\/www.gaveanews.com\/index.php\/2025\/04\/18\/arnaldo-ribeiro-crava-futuro-do-flamengo-e-palmeiras-no-brasileirao\/#breadcrumb","itemListElement":[{"@type":"ListItem","position":1,"name":"Home","item":"https:\/\/www.gaveanews.com\/"},{"@type":"ListItem","position":2,"name":"Arnaldo Ribeiro crava futuro do Flamengo e Palmeiras no Brasileir\u00e3o"}]},{"@type":"WebSite","@id":"https:\/\/www.gaveanews.com\/#website","url":"https:\/\/www.gaveanews.com\/","name":"G\u00e1vea News","description":"Veja todas as not\u00edcias sobre o Flamengo: Contrata\u00e7\u00f5es, categorias de base, resultados das partidas, tabela de classifica\u00e7\u00e3o, pr\u00f3ximos jogos!","potentialAction":[{"@type":"SearchAction","target":{"@type":"EntryPoint","urlTemplate":"https:\/\/www.gaveanews.com\/?s={search_term_string}"},"query-input":{"@type":"PropertyValueSpecification","valueRequired":true,"valueName":"search_term_string"}}],"inLanguage":"pt-BR"},{"@type":"Person","@id":"https:\/\/www.gaveanews.com\/#\/schema\/person\/bd08f00534b403119b92741a6d469ef0","name":"Hudson Pereira","image":{"@type":"ImageObject","inLanguage":"pt-BR","@id":"https:\/\/www.gaveanews.com\/#\/schema\/person\/image\/","url":"https:\/\/secure.gravatar.com\/avatar\/ecc491b489e454e510efffc9b23c1052ce5fb4f2e05555768ba65819cd55f03e?s=96&d=mm&r=g","contentUrl":"https:\/\/secure.gravatar.com\/avatar\/ecc491b489e454e510efffc9b23c1052ce5fb4f2e05555768ba65819cd55f03e?s=96&d=mm&r=g","caption":"Hudson Pereira"}}]}},"_links":{"self":[{"href":"https:\/\/www.gaveanews.com\/index.php\/wp-json\/wp\/v2\/posts\/255236","targetHints":{"allow":["GET"]}}],"collection":[{"href":"https:\/\/www.gaveanews.com\/index.php\/wp-json\/wp\/v2\/posts"}],"about":[{"href":"https:\/\/www.gaveanews.com\/index.php\/wp-json\/wp\/v2\/types\/post"}],"author":[{"embeddable":true,"href":"https:\/\/www.gaveanews.com\/index.php\/wp-json\/wp\/v2\/users\/28"}],"replies":[{"embeddable":true,"href":"https:\/\/www.gaveanews.com\/index.php\/wp-json\/wp\/v2\/comments?post=255236"}],"version-history":[{"count":1,"href":"https:\/\/www.gaveanews.com\/index.php\/wp-json\/wp\/v2\/posts\/255236\/revisions"}],"predecessor-version":[{"id":255237,"href":"https:\/\/www.gaveanews.com\/index.php\/wp-json\/wp\/v2\/posts\/255236\/revisions\/255237"}],"wp:featuredmedia":[{"embeddable":true,"href":"https:\/\/www.gaveanews.com\/index.php\/wp-json\/wp\/v2\/media\/129130"}],"wp:attachment":[{"href":"https:\/\/www.gaveanews.com\/index.php\/wp-json\/wp\/v2\/media?parent=255236"}],"wp:term":[{"taxonomy":"category","embeddable":true,"href":"https:\/\/www.gaveanews.com\/index.php\/wp-json\/wp\/v2\/categories?post=255236"},{"taxonomy":"post_tag","embeddable":true,"href":"https:\/\/www.gaveanews.com\/index.php\/wp-json\/wp\/v2\/tags?post=255236"}],"curies":[{"name":"wp","href":"https:\/\/api.w.org\/{rel}","templated":true}]}}