{"id":255241,"date":"2025-04-18T21:25:00","date_gmt":"2025-04-19T00:25:00","guid":{"rendered":"https:\/\/www.gaveanews.com\/?p=255241"},"modified":"2025-04-18T17:55:44","modified_gmt":"2025-04-18T20:55:44","slug":"craque-neto-aponta-novo-tecnico-do-corinthians","status":"publish","type":"post","link":"https:\/\/www.gaveanews.com\/index.php\/2025\/04\/18\/craque-neto-aponta-novo-tecnico-do-corinthians\/","title":{"rendered":"Craque Neto aponta novo t\u00e9cnico do Corinthians"},"content":{"rendered":"\n<p>Ap\u00f3s a sa\u00edda de Ram\u00f3n D\u00edaz do comando t\u00e9cnico do Corinthians, o comentarista Craque Neto abordou as possibilidades para a sucess\u00e3o no cargo. O ex-jogador levantou a hip\u00f3tese de Dorival J\u00fanior, atualmente sem clube, estar em negocia\u00e7\u00f5es avan\u00e7adas com a diretoria alvinegra.<\/p>\n\n\n\n<p>Segundo Neto, essa movimenta\u00e7\u00e3o nos bastidores sugere que um acordo pode estar pr\u00f3ximo. Consequentemente, restariam apenas quest\u00f5es financeiras para selar a contrata\u00e7\u00e3o do novo treinador.<\/p>\n\n\n\n<p>Neto questionou qual seria a alternativa mais simples para a diretoria corintiana neste momento. Ele mencionou a tentativa de trazer Dorival J\u00fanior, lembrando que o t\u00e9cnico j\u00e1 recusou propostas do Corinthians e tamb\u00e9m do Santos em ocasi\u00f5es anteriores.<\/p>\n\n\n\n<p>Ademais, o comentarista refor\u00e7ou sua percep\u00e7\u00e3o sobre a proximidade de um acerto. &#8220;Eu acho que o Dorival J\u00fanior est\u00e1 muito perto de ser o novo treinador do Corinthians&#8221;, declarou Neto, detalhando os passos seguintes. Seria preciso resolver a rescis\u00e3o com a comiss\u00e3o t\u00e9cnica argentina e, posteriormente, formalizar a contrata\u00e7\u00e3o de Dorival, cujos termos financeiros, na vis\u00e3o de Neto, parecem encaminhados.<\/p>\n\n\n\n<figure class=\"wp-block-image size-full is-resized\"><img loading=\"lazy\" decoding=\"async\" width=\"750\" height=\"422\" src=\"http:\/\/www.gaveanews.com\/wp-content\/uploads\/dorival-junior-sao-paulo.webp\" alt=\"\" class=\"wp-image-107204\" style=\"width:840px;height:auto\" srcset=\"https:\/\/www.gaveanews.com\/wp-content\/uploads\/dorival-junior-sao-paulo.webp 750w, https:\/\/www.gaveanews.com\/wp-content\/uploads\/dorival-junior-sao-paulo-300x169.webp 300w, https:\/\/www.gaveanews.com\/wp-content\/uploads\/dorival-junior-sao-paulo-746x420.webp 746w, https:\/\/www.gaveanews.com\/wp-content\/uploads\/dorival-junior-sao-paulo-640x360.webp 640w, https:\/\/www.gaveanews.com\/wp-content\/uploads\/dorival-junior-sao-paulo-681x383.webp 681w, https:\/\/www.gaveanews.com\/wp-content\/uploads\/dorival-junior-sao-paulo-100x56.webp 100w\" sizes=\"auto, (max-width: 750px) 100vw, 750px\" \/><figcaption class=\"wp-element-caption\">Dorival J\u00fanior como t\u00e9cnico do S\u00e3o Paulo (Foto: Rubens Chiri\/saopaulofc.net)<\/figcaption><\/figure>\n\n\n\n<h2 class=\"wp-block-heading\" id=\"h-neto-analisa-futuro-de-tite\">Neto analisa futuro de Tite<\/h2>\n\n\n\n<p>Craque Neto tamb\u00e9m comentou sobre o futuro de Tite, ex-t\u00e9cnico do Corinthians e da sele\u00e7\u00e3o brasileira. O apresentador afirmou possuir informa\u00e7\u00f5es indicando que Tite n\u00e3o pretende assumir outra equipe no Brasil ap\u00f3s sua passagem pelo Flamengo.<\/p>\n\n\n\n<p>Aproveitando o tema, Neto expressou ceticismo quanto \u00e0s ambi\u00e7\u00f5es de Tite em dirigir um clube europeu. Ele considerou essa possibilidade distante da realidade atual do treinador. Neto descreveu Tite como &#8220;o maior treinador da hist\u00f3ria do Corinthians, mas foi o pior da hist\u00f3ria da sele\u00e7\u00e3o&#8221;, e reiterou a suposta prefer\u00eancia de Tite por uma oportunidade na It\u00e1lia, algo que o comentarista tamb\u00e9m v\u00ea como improv\u00e1vel.<\/p>\n\n\n\n<h2 class=\"wp-block-heading\" id=\"h-contexto-da-saida-de-ramon-diaz\">Contexto da sa\u00edda de Ram\u00f3n D\u00edaz<\/h2>\n\n\n\n<p>Abordando a demiss\u00e3o de Ram\u00f3n D\u00edaz, Craque Neto sugeriu que a decis\u00e3o n\u00e3o se baseou unicamente no desempenho irregular do time no in\u00edcio do Brasileir\u00e3o. Embora reconhecesse a instabilidade inicial, ele apontou outros fatores como determinantes.<\/p>\n\n\n\n<p>O comentarista vinculou a sa\u00edda do t\u00e9cnico argentino principalmente \u00e0 elimina\u00e7\u00e3o precoce na Copa Libertadores. Neto foi enf\u00e1tico ao afirmar que a queda na competi\u00e7\u00e3o continental, e n\u00e3o um resultado espec\u00edfico no campeonato nacional, precipitou a mudan\u00e7a no comando.<\/p>\n\n\n\n<p>Ele ponderou sobre a recente conquista do Campeonato Paulista por D\u00edaz, ocorrida poucas semanas antes. Contudo, Neto sugeriu que a press\u00e3o resultante da elimina\u00e7\u00e3o na Libertadores, somada a manifesta\u00e7\u00f5es externas, como um posicionamento da torcida organizada Gavi\u00f5es da Fiel contr\u00e1ria \u00e0 perman\u00eancia da comiss\u00e3o t\u00e9cnica, foram cruciais para o desligamento.<\/p>\n","protected":false},"excerpt":{"rendered":"<p>Ap\u00f3s a sa\u00edda de Ram\u00f3n D\u00edaz do comando t\u00e9cnico do Corinthians, o comentarista Craque Neto abordou as possibilidades para a sucess\u00e3o no cargo. O ex-jogador levantou a hip\u00f3tese de Dorival J\u00fanior, atualmente sem clube, estar em negocia\u00e7\u00f5es avan\u00e7adas com a diretoria alvinegra. Segundo Neto, essa movimenta\u00e7\u00e3o nos bastidores sugere que um acordo pode estar pr\u00f3ximo. [&hellip;]<\/p>\n","protected":false},"author":28,"featured_media":244433,"comment_status":"open","ping_status":"closed","sticky":false,"template":"","format":"standard","meta":{"footnotes":""},"categories":[141],"tags":[],"class_list":["post-255241","post","type-post","status-publish","format-standard","has-post-thumbnail","hentry","category-corinthians"],"yoast_head":"<!-- This site is optimized with the Yoast SEO Premium plugin v24.2 (Yoast SEO v26.9) - https:\/\/yoast.com\/product\/yoast-seo-premium-wordpress\/ -->\n<title>Craque Neto aponta novo t\u00e9cnico do Corinthians<\/title>\n<meta name=\"robots\" content=\"index, follow, max-snippet:-1, max-image-preview:large, max-video-preview:-1\" \/>\n<link rel=\"canonical\" href=\"https:\/\/www.gaveanews.com\/index.php\/2025\/04\/18\/craque-neto-aponta-novo-tecnico-do-corinthians\/\" \/>\n<meta property=\"og:locale\" content=\"pt_BR\" \/>\n<meta property=\"og:type\" content=\"article\" \/>\n<meta property=\"og:title\" content=\"Craque Neto aponta novo t\u00e9cnico do Corinthians\" \/>\n<meta property=\"og:description\" content=\"Ap\u00f3s a sa\u00edda de Ram\u00f3n D\u00edaz do comando t\u00e9cnico do Corinthians, o comentarista Craque Neto abordou as possibilidades para a sucess\u00e3o no cargo. O ex-jogador levantou a hip\u00f3tese de Dorival J\u00fanior, atualmente sem clube, estar em negocia\u00e7\u00f5es avan\u00e7adas com a diretoria alvinegra. Segundo Neto, essa movimenta\u00e7\u00e3o nos bastidores sugere que um acordo pode estar pr\u00f3ximo. [&hellip;]\" \/>\n<meta property=\"og:url\" content=\"https:\/\/www.gaveanews.com\/index.php\/2025\/04\/18\/craque-neto-aponta-novo-tecnico-do-corinthians\/\" \/>\n<meta property=\"og:site_name\" content=\"G\u00e1vea News\" \/>\n<meta property=\"article:publisher\" content=\"https:\/\/facebook.com\/gaveaNews\/\" \/>\n<meta property=\"article:published_time\" content=\"2025-04-19T00:25:00+00:00\" \/>\n<meta property=\"og:image\" content=\"https:\/\/www.gaveanews.com\/wp-content\/uploads\/Craque-Neto-apresentador-da-Band.webp\" \/>\n\t<meta property=\"og:image:width\" content=\"900\" \/>\n\t<meta property=\"og:image:height\" content=\"600\" \/>\n\t<meta property=\"og:image:type\" content=\"image\/jpeg\" \/>\n<meta name=\"author\" content=\"Hudson Pereira\" \/>\n<meta name=\"twitter:card\" content=\"summary_large_image\" \/>\n<meta name=\"twitter:label1\" content=\"Escrito por\" \/>\n\t<meta name=\"twitter:data1\" content=\"Hudson Pereira\" \/>\n\t<meta name=\"twitter:label2\" content=\"Est. tempo de leitura\" \/>\n\t<meta name=\"twitter:data2\" content=\"3 minutos\" \/>\n<script type=\"application\/ld+json\" class=\"yoast-schema-graph\">{\"@context\":\"https:\/\/schema.org\",\"@graph\":[{\"@type\":\"NewsArticle\",\"@id\":\"https:\/\/www.gaveanews.com\/index.php\/2025\/04\/18\/craque-neto-aponta-novo-tecnico-do-corinthians\/#article\",\"isPartOf\":{\"@id\":\"https:\/\/www.gaveanews.com\/index.php\/2025\/04\/18\/craque-neto-aponta-novo-tecnico-do-corinthians\/\"},\"author\":{\"name\":\"Hudson Pereira\",\"@id\":\"https:\/\/www.gaveanews.com\/#\/schema\/person\/bd08f00534b403119b92741a6d469ef0\"},\"headline\":\"Craque Neto aponta novo t\u00e9cnico do Corinthians\",\"datePublished\":\"2025-04-19T00:25:00+00:00\",\"mainEntityOfPage\":{\"@id\":\"https:\/\/www.gaveanews.com\/index.php\/2025\/04\/18\/craque-neto-aponta-novo-tecnico-do-corinthians\/\"},\"wordCount\":490,\"commentCount\":0,\"image\":{\"@id\":\"https:\/\/www.gaveanews.com\/index.php\/2025\/04\/18\/craque-neto-aponta-novo-tecnico-do-corinthians\/#primaryimage\"},\"thumbnailUrl\":\"https:\/\/www.gaveanews.com\/wp-content\/uploads\/Craque-Neto-apresentador-da-Band.webp\",\"articleSection\":[\"Corinthians\"],\"inLanguage\":\"pt-BR\",\"potentialAction\":[{\"@type\":\"CommentAction\",\"name\":\"Comment\",\"target\":[\"https:\/\/www.gaveanews.com\/index.php\/2025\/04\/18\/craque-neto-aponta-novo-tecnico-do-corinthians\/#respond\"]}],\"copyrightYear\":\"2025\",\"copyrightHolder\":{\"@id\":\"https:\/\/www.gaveanews.com\/#organization\"}},{\"@type\":\"WebPage\",\"@id\":\"https:\/\/www.gaveanews.com\/index.php\/2025\/04\/18\/craque-neto-aponta-novo-tecnico-do-corinthians\/\",\"url\":\"https:\/\/www.gaveanews.com\/index.php\/2025\/04\/18\/craque-neto-aponta-novo-tecnico-do-corinthians\/\",\"name\":\"Craque Neto aponta novo t\u00e9cnico do Corinthians\",\"isPartOf\":{\"@id\":\"https:\/\/www.gaveanews.com\/#website\"},\"primaryImageOfPage\":{\"@id\":\"https:\/\/www.gaveanews.com\/index.php\/2025\/04\/18\/craque-neto-aponta-novo-tecnico-do-corinthians\/#primaryimage\"},\"image\":{\"@id\":\"https:\/\/www.gaveanews.com\/index.php\/2025\/04\/18\/craque-neto-aponta-novo-tecnico-do-corinthians\/#primaryimage\"},\"thumbnailUrl\":\"https:\/\/www.gaveanews.com\/wp-content\/uploads\/Craque-Neto-apresentador-da-Band.webp\",\"datePublished\":\"2025-04-19T00:25:00+00:00\",\"author\":{\"@id\":\"https:\/\/www.gaveanews.com\/#\/schema\/person\/bd08f00534b403119b92741a6d469ef0\"},\"breadcrumb\":{\"@id\":\"https:\/\/www.gaveanews.com\/index.php\/2025\/04\/18\/craque-neto-aponta-novo-tecnico-do-corinthians\/#breadcrumb\"},\"inLanguage\":\"pt-BR\",\"potentialAction\":[{\"@type\":\"ReadAction\",\"target\":[\"https:\/\/www.gaveanews.com\/index.php\/2025\/04\/18\/craque-neto-aponta-novo-tecnico-do-corinthians\/\"]}]},{\"@type\":\"ImageObject\",\"inLanguage\":\"pt-BR\",\"@id\":\"https:\/\/www.gaveanews.com\/index.php\/2025\/04\/18\/craque-neto-aponta-novo-tecnico-do-corinthians\/#primaryimage\",\"url\":\"https:\/\/www.gaveanews.com\/wp-content\/uploads\/Craque-Neto-apresentador-da-Band.webp\",\"contentUrl\":\"https:\/\/www.gaveanews.com\/wp-content\/uploads\/Craque-Neto-apresentador-da-Band.webp\",\"width\":900,\"height\":600,\"caption\":\"Craque Neto, apresentador da Band (Foto: Kelly Fuzaro\/Band)\"},{\"@type\":\"BreadcrumbList\",\"@id\":\"https:\/\/www.gaveanews.com\/index.php\/2025\/04\/18\/craque-neto-aponta-novo-tecnico-do-corinthians\/#breadcrumb\",\"itemListElement\":[{\"@type\":\"ListItem\",\"position\":1,\"name\":\"Home\",\"item\":\"https:\/\/www.gaveanews.com\/\"},{\"@type\":\"ListItem\",\"position\":2,\"name\":\"Craque Neto aponta novo t\u00e9cnico do Corinthians\"}]},{\"@type\":\"WebSite\",\"@id\":\"https:\/\/www.gaveanews.com\/#website\",\"url\":\"https:\/\/www.gaveanews.com\/\",\"name\":\"G\u00e1vea News\",\"description\":\"Veja todas as not\u00edcias sobre o Flamengo: Contrata\u00e7\u00f5es, categorias de base, resultados das partidas, tabela de classifica\u00e7\u00e3o, pr\u00f3ximos jogos!\",\"potentialAction\":[{\"@type\":\"SearchAction\",\"target\":{\"@type\":\"EntryPoint\",\"urlTemplate\":\"https:\/\/www.gaveanews.com\/?s={search_term_string}\"},\"query-input\":{\"@type\":\"PropertyValueSpecification\",\"valueRequired\":true,\"valueName\":\"search_term_string\"}}],\"inLanguage\":\"pt-BR\"},{\"@type\":\"Person\",\"@id\":\"https:\/\/www.gaveanews.com\/#\/schema\/person\/bd08f00534b403119b92741a6d469ef0\",\"name\":\"Hudson Pereira\",\"image\":{\"@type\":\"ImageObject\",\"inLanguage\":\"pt-BR\",\"@id\":\"https:\/\/www.gaveanews.com\/#\/schema\/person\/image\/\",\"url\":\"https:\/\/secure.gravatar.com\/avatar\/ecc491b489e454e510efffc9b23c1052ce5fb4f2e05555768ba65819cd55f03e?s=96&d=mm&r=g\",\"contentUrl\":\"https:\/\/secure.gravatar.com\/avatar\/ecc491b489e454e510efffc9b23c1052ce5fb4f2e05555768ba65819cd55f03e?s=96&d=mm&r=g\",\"caption\":\"Hudson Pereira\"}}]}<\/script>\n<!-- \/ Yoast SEO Premium plugin. -->","yoast_head_json":{"title":"Craque Neto aponta novo t\u00e9cnico do Corinthians","robots":{"index":"index","follow":"follow","max-snippet":"max-snippet:-1","max-image-preview":"max-image-preview:large","max-video-preview":"max-video-preview:-1"},"canonical":"https:\/\/www.gaveanews.com\/index.php\/2025\/04\/18\/craque-neto-aponta-novo-tecnico-do-corinthians\/","og_locale":"pt_BR","og_type":"article","og_title":"Craque Neto aponta novo t\u00e9cnico do Corinthians","og_description":"Ap\u00f3s a sa\u00edda de Ram\u00f3n D\u00edaz do comando t\u00e9cnico do Corinthians, o comentarista Craque Neto abordou as possibilidades para a sucess\u00e3o no cargo. O ex-jogador levantou a hip\u00f3tese de Dorival J\u00fanior, atualmente sem clube, estar em negocia\u00e7\u00f5es avan\u00e7adas com a diretoria alvinegra. Segundo Neto, essa movimenta\u00e7\u00e3o nos bastidores sugere que um acordo pode estar pr\u00f3ximo. [&hellip;]","og_url":"https:\/\/www.gaveanews.com\/index.php\/2025\/04\/18\/craque-neto-aponta-novo-tecnico-do-corinthians\/","og_site_name":"G\u00e1vea News","article_publisher":"https:\/\/facebook.com\/gaveaNews\/","article_published_time":"2025-04-19T00:25:00+00:00","og_image":[{"width":900,"height":600,"url":"https:\/\/www.gaveanews.com\/wp-content\/uploads\/Craque-Neto-apresentador-da-Band.webp","type":"image\/jpeg"}],"author":"Hudson Pereira","twitter_card":"summary_large_image","twitter_misc":{"Escrito por":"Hudson Pereira","Est. tempo de leitura":"3 minutos"},"schema":{"@context":"https:\/\/schema.org","@graph":[{"@type":"NewsArticle","@id":"https:\/\/www.gaveanews.com\/index.php\/2025\/04\/18\/craque-neto-aponta-novo-tecnico-do-corinthians\/#article","isPartOf":{"@id":"https:\/\/www.gaveanews.com\/index.php\/2025\/04\/18\/craque-neto-aponta-novo-tecnico-do-corinthians\/"},"author":{"name":"Hudson Pereira","@id":"https:\/\/www.gaveanews.com\/#\/schema\/person\/bd08f00534b403119b92741a6d469ef0"},"headline":"Craque Neto aponta novo t\u00e9cnico do Corinthians","datePublished":"2025-04-19T00:25:00+00:00","mainEntityOfPage":{"@id":"https:\/\/www.gaveanews.com\/index.php\/2025\/04\/18\/craque-neto-aponta-novo-tecnico-do-corinthians\/"},"wordCount":490,"commentCount":0,"image":{"@id":"https:\/\/www.gaveanews.com\/index.php\/2025\/04\/18\/craque-neto-aponta-novo-tecnico-do-corinthians\/#primaryimage"},"thumbnailUrl":"https:\/\/www.gaveanews.com\/wp-content\/uploads\/Craque-Neto-apresentador-da-Band.webp","articleSection":["Corinthians"],"inLanguage":"pt-BR","potentialAction":[{"@type":"CommentAction","name":"Comment","target":["https:\/\/www.gaveanews.com\/index.php\/2025\/04\/18\/craque-neto-aponta-novo-tecnico-do-corinthians\/#respond"]}],"copyrightYear":"2025","copyrightHolder":{"@id":"https:\/\/www.gaveanews.com\/#organization"}},{"@type":"WebPage","@id":"https:\/\/www.gaveanews.com\/index.php\/2025\/04\/18\/craque-neto-aponta-novo-tecnico-do-corinthians\/","url":"https:\/\/www.gaveanews.com\/index.php\/2025\/04\/18\/craque-neto-aponta-novo-tecnico-do-corinthians\/","name":"Craque Neto aponta novo t\u00e9cnico do Corinthians","isPartOf":{"@id":"https:\/\/www.gaveanews.com\/#website"},"primaryImageOfPage":{"@id":"https:\/\/www.gaveanews.com\/index.php\/2025\/04\/18\/craque-neto-aponta-novo-tecnico-do-corinthians\/#primaryimage"},"image":{"@id":"https:\/\/www.gaveanews.com\/index.php\/2025\/04\/18\/craque-neto-aponta-novo-tecnico-do-corinthians\/#primaryimage"},"thumbnailUrl":"https:\/\/www.gaveanews.com\/wp-content\/uploads\/Craque-Neto-apresentador-da-Band.webp","datePublished":"2025-04-19T00:25:00+00:00","author":{"@id":"https:\/\/www.gaveanews.com\/#\/schema\/person\/bd08f00534b403119b92741a6d469ef0"},"breadcrumb":{"@id":"https:\/\/www.gaveanews.com\/index.php\/2025\/04\/18\/craque-neto-aponta-novo-tecnico-do-corinthians\/#breadcrumb"},"inLanguage":"pt-BR","potentialAction":[{"@type":"ReadAction","target":["https:\/\/www.gaveanews.com\/index.php\/2025\/04\/18\/craque-neto-aponta-novo-tecnico-do-corinthians\/"]}]},{"@type":"ImageObject","inLanguage":"pt-BR","@id":"https:\/\/www.gaveanews.com\/index.php\/2025\/04\/18\/craque-neto-aponta-novo-tecnico-do-corinthians\/#primaryimage","url":"https:\/\/www.gaveanews.com\/wp-content\/uploads\/Craque-Neto-apresentador-da-Band.webp","contentUrl":"https:\/\/www.gaveanews.com\/wp-content\/uploads\/Craque-Neto-apresentador-da-Band.webp","width":900,"height":600,"caption":"Craque Neto, apresentador da Band (Foto: Kelly Fuzaro\/Band)"},{"@type":"BreadcrumbList","@id":"https:\/\/www.gaveanews.com\/index.php\/2025\/04\/18\/craque-neto-aponta-novo-tecnico-do-corinthians\/#breadcrumb","itemListElement":[{"@type":"ListItem","position":1,"name":"Home","item":"https:\/\/www.gaveanews.com\/"},{"@type":"ListItem","position":2,"name":"Craque Neto aponta novo t\u00e9cnico do Corinthians"}]},{"@type":"WebSite","@id":"https:\/\/www.gaveanews.com\/#website","url":"https:\/\/www.gaveanews.com\/","name":"G\u00e1vea News","description":"Veja todas as not\u00edcias sobre o Flamengo: Contrata\u00e7\u00f5es, categorias de base, resultados das partidas, tabela de classifica\u00e7\u00e3o, pr\u00f3ximos jogos!","potentialAction":[{"@type":"SearchAction","target":{"@type":"EntryPoint","urlTemplate":"https:\/\/www.gaveanews.com\/?s={search_term_string}"},"query-input":{"@type":"PropertyValueSpecification","valueRequired":true,"valueName":"search_term_string"}}],"inLanguage":"pt-BR"},{"@type":"Person","@id":"https:\/\/www.gaveanews.com\/#\/schema\/person\/bd08f00534b403119b92741a6d469ef0","name":"Hudson Pereira","image":{"@type":"ImageObject","inLanguage":"pt-BR","@id":"https:\/\/www.gaveanews.com\/#\/schema\/person\/image\/","url":"https:\/\/secure.gravatar.com\/avatar\/ecc491b489e454e510efffc9b23c1052ce5fb4f2e05555768ba65819cd55f03e?s=96&d=mm&r=g","contentUrl":"https:\/\/secure.gravatar.com\/avatar\/ecc491b489e454e510efffc9b23c1052ce5fb4f2e05555768ba65819cd55f03e?s=96&d=mm&r=g","caption":"Hudson Pereira"}}]}},"_links":{"self":[{"href":"https:\/\/www.gaveanews.com\/index.php\/wp-json\/wp\/v2\/posts\/255241","targetHints":{"allow":["GET"]}}],"collection":[{"href":"https:\/\/www.gaveanews.com\/index.php\/wp-json\/wp\/v2\/posts"}],"about":[{"href":"https:\/\/www.gaveanews.com\/index.php\/wp-json\/wp\/v2\/types\/post"}],"author":[{"embeddable":true,"href":"https:\/\/www.gaveanews.com\/index.php\/wp-json\/wp\/v2\/users\/28"}],"replies":[{"embeddable":true,"href":"https:\/\/www.gaveanews.com\/index.php\/wp-json\/wp\/v2\/comments?post=255241"}],"version-history":[{"count":1,"href":"https:\/\/www.gaveanews.com\/index.php\/wp-json\/wp\/v2\/posts\/255241\/revisions"}],"predecessor-version":[{"id":255242,"href":"https:\/\/www.gaveanews.com\/index.php\/wp-json\/wp\/v2\/posts\/255241\/revisions\/255242"}],"wp:featuredmedia":[{"embeddable":true,"href":"https:\/\/www.gaveanews.com\/index.php\/wp-json\/wp\/v2\/media\/244433"}],"wp:attachment":[{"href":"https:\/\/www.gaveanews.com\/index.php\/wp-json\/wp\/v2\/media?parent=255241"}],"wp:term":[{"taxonomy":"category","embeddable":true,"href":"https:\/\/www.gaveanews.com\/index.php\/wp-json\/wp\/v2\/categories?post=255241"},{"taxonomy":"post_tag","embeddable":true,"href":"https:\/\/www.gaveanews.com\/index.php\/wp-json\/wp\/v2\/tags?post=255241"}],"curies":[{"name":"wp","href":"https:\/\/api.w.org\/{rel}","templated":true}]}}