{"id":255243,"date":"2025-04-18T21:15:00","date_gmt":"2025-04-19T00:15:00","guid":{"rendered":"https:\/\/www.gaveanews.com\/?p=255243"},"modified":"2025-04-18T17:54:43","modified_gmt":"2025-04-18T20:54:43","slug":"cicinho-aponta-futuro-do-santos-em-2025","status":"publish","type":"post","link":"https:\/\/www.gaveanews.com\/index.php\/2025\/04\/18\/cicinho-aponta-futuro-do-santos-em-2025\/","title":{"rendered":"Cicinho aponta futuro do Santos em 2025"},"content":{"rendered":"\n<p>O ex-jogador Cicinho apresentou uma perspectiva ponderada sobre as reais possibilidades do Santos Futebol Clube para a temporada de 2025. Embora a potencial volta de Neymar alimente o otimismo da torcida, o agora comentarista argumenta que o clube praiano ainda n\u00e3o possui a estrutura necess\u00e1ria para almejar grandes conquistas no pr\u00f3ximo ano.<\/p>\n\n\n\n<p>Participando do programa BandNews na \u00c1rea, na r\u00e1dio BandNews FM, Cicinho buscou moderar as expectativas que, segundo ele, a diretoria santista projeta aos seus torcedores. Ele foi enf\u00e1tico ao declarar sua opini\u00e3o sobre a capacidade competitiva do elenco atual.<\/p>\n\n\n\n<p>De maneira direta, o ex-lateral cravou: \u201cO Santos n\u00e3o tem time para ser campe\u00e3o de nada\u201d. Essa afirma\u00e7\u00e3o contrasta fortemente com o entusiasmo gerado pela especula\u00e7\u00e3o envolvendo o retorno do \u00eddolo Neymar.<\/p>\n\n\n\n<h2 class=\"wp-block-heading\" id=\"h-analise-cautelosa-sobre-o-futuro-santista\">An\u00e1lise cautelosa sobre o futuro santista<\/h2>\n\n\n\n<p>Na vis\u00e3o de Cicinho, o foco priorit\u00e1rio do Santos deveria ser a reestrutura\u00e7\u00e3o interna, principalmente ap\u00f3s a experi\u00eancia de disputar a S\u00e9rie B do Campeonato Brasileiro em 2024. Ele defende uma abordagem mais pragm\u00e1tica por parte da gest\u00e3o.<\/p>\n\n\n\n<p>O comentarista detalhou sua sugest\u00e3o: \u201cPara uma reestrutura\u00e7\u00e3o, coloca o pezinho no ch\u00e3o e fala \u2018n\u00f3s temos o Neymar para trazer p\u00fablico, patroc\u00ednios, para a gente voltar a respirar&#8230; vamos disputar a competi\u00e7\u00e3o para n\u00e3o cair\u2026\u2019\u201d. Assim, ele indica que a presen\u00e7a de Neymar serviria mais como um impulso financeiro e de imagem do que como garantia de sucesso esportivo imediato.<\/p>\n\n\n\n<h2 class=\"wp-block-heading\" id=\"h-criticas-a-busca-por-novo-treinador\">Cr\u00edticas \u00e0 busca por novo treinador<\/h2>\n\n\n\n<p>Cicinho estendeu sua an\u00e1lise cr\u00edtica \u00e0 recente movimenta\u00e7\u00e3o do Santos no mercado de treinadores, ap\u00f3s a sa\u00edda do portugu\u00eas Pedro Caixinha. O clube demonstra ambi\u00e7\u00e3o na busca por um novo comandante, contudo, o ex-jogador considera essa estrat\u00e9gia equivocada no momento atual.<\/p>\n\n\n\n<p>\u201cAgora o Santos vai atr\u00e1s de treinador para ser campe\u00e3o? N\u00e3o vai ser campe\u00e3o!\u201d, insistiu Cicinho, refor\u00e7ando sua convic\u00e7\u00e3o sobre as limita\u00e7\u00f5es da equipe. Ele sugeriu, por outro lado, solu\u00e7\u00f5es internas ou mais realistas: \u201cPega um treinador da base, efetiva o C\u00e9sar Sampaio ent\u00e3o, que \u00e9 vitorioso\u201d.<\/p>\n\n\n\n<p>Ademais, Cicinho descartou nomes de grande peso, como Tite, por considerar que n\u00e3o se encaixam na &#8220;realidade do Santos&#8221; neste per\u00edodo de reconstru\u00e7\u00e3o.<\/p>\n\n\n\n<p>Enquanto as discuss\u00f5es sobre planejamento seguem fora de campo, o time principal do Santos mant\u00e9m o foco nas disputas do Campeonato Brasileiro. A equipe busca consolidar uma boa fase ap\u00f3s conquistar uma vit\u00f3ria significativa sobre o Atl\u00e9tico-MG recentemente.<\/p>\n\n\n\n<p>O pr\u00f3ximo desafio do Peixe ser\u00e1 o cl\u00e1ssico contra o S\u00e3o Paulo. A partida acontece neste domingo, 20 de abril, \u00e0s 16h (hor\u00e1rio de Bras\u00edlia), no est\u00e1dio do Morumbis, v\u00e1lida pela quinta rodada da competi\u00e7\u00e3o nacional.<\/p>\n","protected":false},"excerpt":{"rendered":"<p>O ex-jogador Cicinho apresentou uma perspectiva ponderada sobre as reais possibilidades do Santos Futebol Clube para a temporada de 2025. Embora a potencial volta de Neymar alimente o otimismo da torcida, o agora comentarista argumenta que o clube praiano ainda n\u00e3o possui a estrutura necess\u00e1ria para almejar grandes conquistas no pr\u00f3ximo ano. Participando do programa [&hellip;]<\/p>\n","protected":false},"author":28,"featured_media":215675,"comment_status":"open","ping_status":"closed","sticky":false,"template":"","format":"standard","meta":{"footnotes":""},"categories":[139],"tags":[],"class_list":["post-255243","post","type-post","status-publish","format-standard","has-post-thumbnail","hentry","category-santos"],"yoast_head":"<!-- This site is optimized with the Yoast SEO Premium plugin v24.2 (Yoast SEO v26.9) - https:\/\/yoast.com\/product\/yoast-seo-premium-wordpress\/ -->\n<title>Cicinho aponta futuro do Santos em 2025<\/title>\n<meta name=\"robots\" content=\"index, follow, max-snippet:-1, max-image-preview:large, max-video-preview:-1\" \/>\n<link rel=\"canonical\" href=\"https:\/\/www.gaveanews.com\/index.php\/2025\/04\/18\/cicinho-aponta-futuro-do-santos-em-2025\/\" \/>\n<meta property=\"og:locale\" content=\"pt_BR\" \/>\n<meta property=\"og:type\" content=\"article\" \/>\n<meta property=\"og:title\" content=\"Cicinho aponta futuro do Santos em 2025\" \/>\n<meta property=\"og:description\" content=\"O ex-jogador Cicinho apresentou uma perspectiva ponderada sobre as reais possibilidades do Santos Futebol Clube para a temporada de 2025. Embora a potencial volta de Neymar alimente o otimismo da torcida, o agora comentarista argumenta que o clube praiano ainda n\u00e3o possui a estrutura necess\u00e1ria para almejar grandes conquistas no pr\u00f3ximo ano. Participando do programa [&hellip;]\" \/>\n<meta property=\"og:url\" content=\"https:\/\/www.gaveanews.com\/index.php\/2025\/04\/18\/cicinho-aponta-futuro-do-santos-em-2025\/\" \/>\n<meta property=\"og:site_name\" content=\"G\u00e1vea News\" \/>\n<meta property=\"article:publisher\" content=\"https:\/\/facebook.com\/gaveaNews\/\" \/>\n<meta property=\"article:published_time\" content=\"2025-04-19T00:15:00+00:00\" \/>\n<meta property=\"og:image\" content=\"https:\/\/www.gaveanews.com\/wp-content\/uploads\/20210810-cicinho-arena-sbt.webp\" \/>\n\t<meta property=\"og:image:width\" content=\"941\" \/>\n\t<meta property=\"og:image:height\" content=\"589\" \/>\n\t<meta property=\"og:image:type\" content=\"image\/jpeg\" \/>\n<meta name=\"author\" content=\"Hudson Pereira\" \/>\n<meta name=\"twitter:card\" content=\"summary_large_image\" \/>\n<meta name=\"twitter:label1\" content=\"Escrito por\" \/>\n\t<meta name=\"twitter:data1\" content=\"Hudson Pereira\" \/>\n\t<meta name=\"twitter:label2\" content=\"Est. tempo de leitura\" \/>\n\t<meta name=\"twitter:data2\" content=\"3 minutos\" \/>\n<script type=\"application\/ld+json\" class=\"yoast-schema-graph\">{\"@context\":\"https:\/\/schema.org\",\"@graph\":[{\"@type\":\"NewsArticle\",\"@id\":\"https:\/\/www.gaveanews.com\/index.php\/2025\/04\/18\/cicinho-aponta-futuro-do-santos-em-2025\/#article\",\"isPartOf\":{\"@id\":\"https:\/\/www.gaveanews.com\/index.php\/2025\/04\/18\/cicinho-aponta-futuro-do-santos-em-2025\/\"},\"author\":{\"name\":\"Hudson Pereira\",\"@id\":\"https:\/\/www.gaveanews.com\/#\/schema\/person\/bd08f00534b403119b92741a6d469ef0\"},\"headline\":\"Cicinho aponta futuro do Santos em 2025\",\"datePublished\":\"2025-04-19T00:15:00+00:00\",\"mainEntityOfPage\":{\"@id\":\"https:\/\/www.gaveanews.com\/index.php\/2025\/04\/18\/cicinho-aponta-futuro-do-santos-em-2025\/\"},\"wordCount\":482,\"commentCount\":0,\"image\":{\"@id\":\"https:\/\/www.gaveanews.com\/index.php\/2025\/04\/18\/cicinho-aponta-futuro-do-santos-em-2025\/#primaryimage\"},\"thumbnailUrl\":\"https:\/\/www.gaveanews.com\/wp-content\/uploads\/20210810-cicinho-arena-sbt.webp\",\"articleSection\":[\"Santos\"],\"inLanguage\":\"pt-BR\",\"potentialAction\":[{\"@type\":\"CommentAction\",\"name\":\"Comment\",\"target\":[\"https:\/\/www.gaveanews.com\/index.php\/2025\/04\/18\/cicinho-aponta-futuro-do-santos-em-2025\/#respond\"]}],\"copyrightYear\":\"2025\",\"copyrightHolder\":{\"@id\":\"https:\/\/www.gaveanews.com\/#organization\"}},{\"@type\":\"WebPage\",\"@id\":\"https:\/\/www.gaveanews.com\/index.php\/2025\/04\/18\/cicinho-aponta-futuro-do-santos-em-2025\/\",\"url\":\"https:\/\/www.gaveanews.com\/index.php\/2025\/04\/18\/cicinho-aponta-futuro-do-santos-em-2025\/\",\"name\":\"Cicinho aponta futuro do Santos em 2025\",\"isPartOf\":{\"@id\":\"https:\/\/www.gaveanews.com\/#website\"},\"primaryImageOfPage\":{\"@id\":\"https:\/\/www.gaveanews.com\/index.php\/2025\/04\/18\/cicinho-aponta-futuro-do-santos-em-2025\/#primaryimage\"},\"image\":{\"@id\":\"https:\/\/www.gaveanews.com\/index.php\/2025\/04\/18\/cicinho-aponta-futuro-do-santos-em-2025\/#primaryimage\"},\"thumbnailUrl\":\"https:\/\/www.gaveanews.com\/wp-content\/uploads\/20210810-cicinho-arena-sbt.webp\",\"datePublished\":\"2025-04-19T00:15:00+00:00\",\"author\":{\"@id\":\"https:\/\/www.gaveanews.com\/#\/schema\/person\/bd08f00534b403119b92741a6d469ef0\"},\"breadcrumb\":{\"@id\":\"https:\/\/www.gaveanews.com\/index.php\/2025\/04\/18\/cicinho-aponta-futuro-do-santos-em-2025\/#breadcrumb\"},\"inLanguage\":\"pt-BR\",\"potentialAction\":[{\"@type\":\"ReadAction\",\"target\":[\"https:\/\/www.gaveanews.com\/index.php\/2025\/04\/18\/cicinho-aponta-futuro-do-santos-em-2025\/\"]}]},{\"@type\":\"ImageObject\",\"inLanguage\":\"pt-BR\",\"@id\":\"https:\/\/www.gaveanews.com\/index.php\/2025\/04\/18\/cicinho-aponta-futuro-do-santos-em-2025\/#primaryimage\",\"url\":\"https:\/\/www.gaveanews.com\/wp-content\/uploads\/20210810-cicinho-arena-sbt.webp\",\"contentUrl\":\"https:\/\/www.gaveanews.com\/wp-content\/uploads\/20210810-cicinho-arena-sbt.webp\",\"width\":941,\"height\":589,\"caption\":\"Cicinho, comentarista do SBT (Foto: Reprodu\u00e7\u00e3o)\"},{\"@type\":\"BreadcrumbList\",\"@id\":\"https:\/\/www.gaveanews.com\/index.php\/2025\/04\/18\/cicinho-aponta-futuro-do-santos-em-2025\/#breadcrumb\",\"itemListElement\":[{\"@type\":\"ListItem\",\"position\":1,\"name\":\"Home\",\"item\":\"https:\/\/www.gaveanews.com\/\"},{\"@type\":\"ListItem\",\"position\":2,\"name\":\"Cicinho aponta futuro do Santos em 2025\"}]},{\"@type\":\"WebSite\",\"@id\":\"https:\/\/www.gaveanews.com\/#website\",\"url\":\"https:\/\/www.gaveanews.com\/\",\"name\":\"G\u00e1vea News\",\"description\":\"Veja todas as not\u00edcias sobre o Flamengo: Contrata\u00e7\u00f5es, categorias de base, resultados das partidas, tabela de classifica\u00e7\u00e3o, pr\u00f3ximos jogos!\",\"potentialAction\":[{\"@type\":\"SearchAction\",\"target\":{\"@type\":\"EntryPoint\",\"urlTemplate\":\"https:\/\/www.gaveanews.com\/?s={search_term_string}\"},\"query-input\":{\"@type\":\"PropertyValueSpecification\",\"valueRequired\":true,\"valueName\":\"search_term_string\"}}],\"inLanguage\":\"pt-BR\"},{\"@type\":\"Person\",\"@id\":\"https:\/\/www.gaveanews.com\/#\/schema\/person\/bd08f00534b403119b92741a6d469ef0\",\"name\":\"Hudson Pereira\",\"image\":{\"@type\":\"ImageObject\",\"inLanguage\":\"pt-BR\",\"@id\":\"https:\/\/www.gaveanews.com\/#\/schema\/person\/image\/\",\"url\":\"https:\/\/secure.gravatar.com\/avatar\/ecc491b489e454e510efffc9b23c1052ce5fb4f2e05555768ba65819cd55f03e?s=96&d=mm&r=g\",\"contentUrl\":\"https:\/\/secure.gravatar.com\/avatar\/ecc491b489e454e510efffc9b23c1052ce5fb4f2e05555768ba65819cd55f03e?s=96&d=mm&r=g\",\"caption\":\"Hudson Pereira\"}}]}<\/script>\n<!-- \/ Yoast SEO Premium plugin. -->","yoast_head_json":{"title":"Cicinho aponta futuro do Santos em 2025","robots":{"index":"index","follow":"follow","max-snippet":"max-snippet:-1","max-image-preview":"max-image-preview:large","max-video-preview":"max-video-preview:-1"},"canonical":"https:\/\/www.gaveanews.com\/index.php\/2025\/04\/18\/cicinho-aponta-futuro-do-santos-em-2025\/","og_locale":"pt_BR","og_type":"article","og_title":"Cicinho aponta futuro do Santos em 2025","og_description":"O ex-jogador Cicinho apresentou uma perspectiva ponderada sobre as reais possibilidades do Santos Futebol Clube para a temporada de 2025. Embora a potencial volta de Neymar alimente o otimismo da torcida, o agora comentarista argumenta que o clube praiano ainda n\u00e3o possui a estrutura necess\u00e1ria para almejar grandes conquistas no pr\u00f3ximo ano. Participando do programa [&hellip;]","og_url":"https:\/\/www.gaveanews.com\/index.php\/2025\/04\/18\/cicinho-aponta-futuro-do-santos-em-2025\/","og_site_name":"G\u00e1vea News","article_publisher":"https:\/\/facebook.com\/gaveaNews\/","article_published_time":"2025-04-19T00:15:00+00:00","og_image":[{"width":941,"height":589,"url":"https:\/\/www.gaveanews.com\/wp-content\/uploads\/20210810-cicinho-arena-sbt.webp","type":"image\/jpeg"}],"author":"Hudson Pereira","twitter_card":"summary_large_image","twitter_misc":{"Escrito por":"Hudson Pereira","Est. tempo de leitura":"3 minutos"},"schema":{"@context":"https:\/\/schema.org","@graph":[{"@type":"NewsArticle","@id":"https:\/\/www.gaveanews.com\/index.php\/2025\/04\/18\/cicinho-aponta-futuro-do-santos-em-2025\/#article","isPartOf":{"@id":"https:\/\/www.gaveanews.com\/index.php\/2025\/04\/18\/cicinho-aponta-futuro-do-santos-em-2025\/"},"author":{"name":"Hudson Pereira","@id":"https:\/\/www.gaveanews.com\/#\/schema\/person\/bd08f00534b403119b92741a6d469ef0"},"headline":"Cicinho aponta futuro do Santos em 2025","datePublished":"2025-04-19T00:15:00+00:00","mainEntityOfPage":{"@id":"https:\/\/www.gaveanews.com\/index.php\/2025\/04\/18\/cicinho-aponta-futuro-do-santos-em-2025\/"},"wordCount":482,"commentCount":0,"image":{"@id":"https:\/\/www.gaveanews.com\/index.php\/2025\/04\/18\/cicinho-aponta-futuro-do-santos-em-2025\/#primaryimage"},"thumbnailUrl":"https:\/\/www.gaveanews.com\/wp-content\/uploads\/20210810-cicinho-arena-sbt.webp","articleSection":["Santos"],"inLanguage":"pt-BR","potentialAction":[{"@type":"CommentAction","name":"Comment","target":["https:\/\/www.gaveanews.com\/index.php\/2025\/04\/18\/cicinho-aponta-futuro-do-santos-em-2025\/#respond"]}],"copyrightYear":"2025","copyrightHolder":{"@id":"https:\/\/www.gaveanews.com\/#organization"}},{"@type":"WebPage","@id":"https:\/\/www.gaveanews.com\/index.php\/2025\/04\/18\/cicinho-aponta-futuro-do-santos-em-2025\/","url":"https:\/\/www.gaveanews.com\/index.php\/2025\/04\/18\/cicinho-aponta-futuro-do-santos-em-2025\/","name":"Cicinho aponta futuro do Santos em 2025","isPartOf":{"@id":"https:\/\/www.gaveanews.com\/#website"},"primaryImageOfPage":{"@id":"https:\/\/www.gaveanews.com\/index.php\/2025\/04\/18\/cicinho-aponta-futuro-do-santos-em-2025\/#primaryimage"},"image":{"@id":"https:\/\/www.gaveanews.com\/index.php\/2025\/04\/18\/cicinho-aponta-futuro-do-santos-em-2025\/#primaryimage"},"thumbnailUrl":"https:\/\/www.gaveanews.com\/wp-content\/uploads\/20210810-cicinho-arena-sbt.webp","datePublished":"2025-04-19T00:15:00+00:00","author":{"@id":"https:\/\/www.gaveanews.com\/#\/schema\/person\/bd08f00534b403119b92741a6d469ef0"},"breadcrumb":{"@id":"https:\/\/www.gaveanews.com\/index.php\/2025\/04\/18\/cicinho-aponta-futuro-do-santos-em-2025\/#breadcrumb"},"inLanguage":"pt-BR","potentialAction":[{"@type":"ReadAction","target":["https:\/\/www.gaveanews.com\/index.php\/2025\/04\/18\/cicinho-aponta-futuro-do-santos-em-2025\/"]}]},{"@type":"ImageObject","inLanguage":"pt-BR","@id":"https:\/\/www.gaveanews.com\/index.php\/2025\/04\/18\/cicinho-aponta-futuro-do-santos-em-2025\/#primaryimage","url":"https:\/\/www.gaveanews.com\/wp-content\/uploads\/20210810-cicinho-arena-sbt.webp","contentUrl":"https:\/\/www.gaveanews.com\/wp-content\/uploads\/20210810-cicinho-arena-sbt.webp","width":941,"height":589,"caption":"Cicinho, comentarista do SBT (Foto: Reprodu\u00e7\u00e3o)"},{"@type":"BreadcrumbList","@id":"https:\/\/www.gaveanews.com\/index.php\/2025\/04\/18\/cicinho-aponta-futuro-do-santos-em-2025\/#breadcrumb","itemListElement":[{"@type":"ListItem","position":1,"name":"Home","item":"https:\/\/www.gaveanews.com\/"},{"@type":"ListItem","position":2,"name":"Cicinho aponta futuro do Santos em 2025"}]},{"@type":"WebSite","@id":"https:\/\/www.gaveanews.com\/#website","url":"https:\/\/www.gaveanews.com\/","name":"G\u00e1vea News","description":"Veja todas as not\u00edcias sobre o Flamengo: Contrata\u00e7\u00f5es, categorias de base, resultados das partidas, tabela de classifica\u00e7\u00e3o, pr\u00f3ximos jogos!","potentialAction":[{"@type":"SearchAction","target":{"@type":"EntryPoint","urlTemplate":"https:\/\/www.gaveanews.com\/?s={search_term_string}"},"query-input":{"@type":"PropertyValueSpecification","valueRequired":true,"valueName":"search_term_string"}}],"inLanguage":"pt-BR"},{"@type":"Person","@id":"https:\/\/www.gaveanews.com\/#\/schema\/person\/bd08f00534b403119b92741a6d469ef0","name":"Hudson Pereira","image":{"@type":"ImageObject","inLanguage":"pt-BR","@id":"https:\/\/www.gaveanews.com\/#\/schema\/person\/image\/","url":"https:\/\/secure.gravatar.com\/avatar\/ecc491b489e454e510efffc9b23c1052ce5fb4f2e05555768ba65819cd55f03e?s=96&d=mm&r=g","contentUrl":"https:\/\/secure.gravatar.com\/avatar\/ecc491b489e454e510efffc9b23c1052ce5fb4f2e05555768ba65819cd55f03e?s=96&d=mm&r=g","caption":"Hudson Pereira"}}]}},"_links":{"self":[{"href":"https:\/\/www.gaveanews.com\/index.php\/wp-json\/wp\/v2\/posts\/255243","targetHints":{"allow":["GET"]}}],"collection":[{"href":"https:\/\/www.gaveanews.com\/index.php\/wp-json\/wp\/v2\/posts"}],"about":[{"href":"https:\/\/www.gaveanews.com\/index.php\/wp-json\/wp\/v2\/types\/post"}],"author":[{"embeddable":true,"href":"https:\/\/www.gaveanews.com\/index.php\/wp-json\/wp\/v2\/users\/28"}],"replies":[{"embeddable":true,"href":"https:\/\/www.gaveanews.com\/index.php\/wp-json\/wp\/v2\/comments?post=255243"}],"version-history":[{"count":1,"href":"https:\/\/www.gaveanews.com\/index.php\/wp-json\/wp\/v2\/posts\/255243\/revisions"}],"predecessor-version":[{"id":255244,"href":"https:\/\/www.gaveanews.com\/index.php\/wp-json\/wp\/v2\/posts\/255243\/revisions\/255244"}],"wp:featuredmedia":[{"embeddable":true,"href":"https:\/\/www.gaveanews.com\/index.php\/wp-json\/wp\/v2\/media\/215675"}],"wp:attachment":[{"href":"https:\/\/www.gaveanews.com\/index.php\/wp-json\/wp\/v2\/media?parent=255243"}],"wp:term":[{"taxonomy":"category","embeddable":true,"href":"https:\/\/www.gaveanews.com\/index.php\/wp-json\/wp\/v2\/categories?post=255243"},{"taxonomy":"post_tag","embeddable":true,"href":"https:\/\/www.gaveanews.com\/index.php\/wp-json\/wp\/v2\/tags?post=255243"}],"curies":[{"name":"wp","href":"https:\/\/api.w.org\/{rel}","templated":true}]}}