{"id":255245,"date":"2025-04-18T21:50:00","date_gmt":"2025-04-19T00:50:00","guid":{"rendered":"https:\/\/www.gaveanews.com\/?p=255245"},"modified":"2025-04-18T18:01:24","modified_gmt":"2025-04-18T21:01:24","slug":"renato-paiva-detalha-seu-pensamento-no-botafogo","status":"publish","type":"post","link":"https:\/\/www.gaveanews.com\/index.php\/2025\/04\/18\/renato-paiva-detalha-seu-pensamento-no-botafogo\/","title":{"rendered":"Renato Paiva detalha seu pensamento no Botafogo"},"content":{"rendered":"\n<p>O Botafogo e o S\u00e3o Paulo empataram em 2 a 2 na \u00faltima quarta-feira (16), em confronto v\u00e1lido pelo Brasileir\u00e3o. Embora o resultado n\u00e3o tenha correspondido totalmente \u00e0s expectativas da torcida, ele ocorre em um momento de grande exig\u00eancia f\u00edsica para o time alvinegro. A equipe atravessa uma verdadeira maratona de jogos nas \u00faltimas semanas.<\/p>\n\n\n\n<p>Al\u00e9m de suas obriga\u00e7\u00f5es no Campeonato Brasileiro, o Glorioso tamb\u00e9m compete ou competir\u00e1 na Copa Libertadores e na Copa do Brasil durante esta primeira metade da temporada. Essa sequ\u00eancia intensa de partidas acontece quase sem pausas para descanso.<\/p>\n\n\n\n<p>Essa conjuntura frequentemente leva treinadores a definirem prioridades entre os torneios disputados. Contudo, o t\u00e9cnico Renato Paiva indicou que n\u00e3o pretende seguir esse caminho com o Botafogo neste momento espec\u00edfico.<\/p>\n\n\n\n<h2 class=\"wp-block-heading\" id=\"h-sem-priorizar-competicoes\">Sem priorizar competi\u00e7\u00f5es<\/h2>\n\n\n\n<p>Ap\u00f3s o empate contra o S\u00e3o Paulo, o treinador declarou que o Botafogo &#8220;n\u00e3o ir\u00e1 priorizar nenhuma competi\u00e7\u00e3o&#8221;. A inten\u00e7\u00e3o, segundo ele, \u00e9 escalar a melhor equipe poss\u00edvel a cada jogo.<\/p>\n\n\n\n<p>No entanto, Paiva admitiu que, em determinadas situa\u00e7\u00f5es, precisar\u00e1 administrar o elenco. Ele poder\u00e1 poupar ou substituir atletas titulares, visando a recupera\u00e7\u00e3o para os compromissos futuros e a preven\u00e7\u00e3o de desgaste excessivo.<\/p>\n\n\n\n<p>\u201cComo clube grande, n\u00e3o iremos priorizar nenhuma competi\u00e7\u00e3o. \u00c9 jogo a jogo e olhar para as competi\u00e7\u00f5es com os melhores jogadores&#8221;, explicou o t\u00e9cnico. Ele acrescentou uma ressalva sobre a gest\u00e3o do plantel: &#8220;Agora, muitas vezes a torcida se revolta com as substitui\u00e7\u00f5es porque voc\u00ea tira jogadores titulares, como o Gregore. S\u00e3o jogadores de utiliza\u00e7\u00e3o massiva.&#8221;<\/p>\n\n\n\n<p>Paiva continuou sua explana\u00e7\u00e3o sobre a condi\u00e7\u00e3o f\u00edsica: &#8220;E as pessoas tem de pensar que o jogador n\u00e3o pode estar l\u00e1 s\u00f3 com o nome. \u00c0s vezes, o desgaste \u00e9 tanto que fica s\u00f3 o nome, n\u00e3o o atleta\u201d.<\/p>\n\n\n\n<h2 class=\"wp-block-heading\" id=\"h-desempenho-e-expectativas\">Desempenho e expectativas<\/h2>\n\n\n\n<p>As cr\u00edticas por parte da torcida tamb\u00e9m podem relacionar-se \u00e0 busca da equipe pelo n\u00edvel de futebol que, conforme o contexto original, resultou nas conquistas do Brasileir\u00e3o e da Libertadores em 2024. Diante disso, o comandante botafoguense fez quest\u00e3o de afirmar que n\u00e3o sente qualquer tipo de press\u00e3o adicional para replicar os feitos da temporada passada.<\/p>\n\n\n\n<p>\u201cCom todo respeito aos outros clubes, prefiro pegar um time que vem de ser campe\u00e3o em v\u00e1rias competi\u00e7\u00f5es, e vai continuar lutando. N\u00e3o garantindo que vai ser, do que algu\u00e9m que luta para n\u00e3o ser rebaixado, ou n\u00e3o aspirar por hist\u00f3ria ou elenco&#8221;, comentou Paiva, contrastando os desafios.<\/p>\n\n\n\n<p>Ele concluiu refor\u00e7ando seu comprometimento e perspectiva de longo prazo: &#8220;Eu disse isso logo no in\u00edcio que sabia ao que vinha. \u00c9 a heran\u00e7a e eu aceito isso de corpo e alma. Est\u00e1 no in\u00edcio e as contas se fazem no fim\u201d.<\/p>\n","protected":false},"excerpt":{"rendered":"<p>O Botafogo e o S\u00e3o Paulo empataram em 2 a 2 na \u00faltima quarta-feira (16), em confronto v\u00e1lido pelo Brasileir\u00e3o. Embora o resultado n\u00e3o tenha correspondido totalmente \u00e0s expectativas da torcida, ele ocorre em um momento de grande exig\u00eancia f\u00edsica para o time alvinegro. A equipe atravessa uma verdadeira maratona de jogos nas \u00faltimas semanas. [&hellip;]<\/p>\n","protected":false},"author":28,"featured_media":244411,"comment_status":"open","ping_status":"closed","sticky":false,"template":"","format":"standard","meta":{"footnotes":""},"categories":[138],"tags":[],"class_list":["post-255245","post","type-post","status-publish","format-standard","has-post-thumbnail","hentry","category-botafogo"],"yoast_head":"<!-- This site is optimized with the Yoast SEO Premium plugin v24.2 (Yoast SEO v26.9) - https:\/\/yoast.com\/product\/yoast-seo-premium-wordpress\/ -->\n<title>Renato Paiva detalha seu pensamento no Botafogo<\/title>\n<meta name=\"robots\" content=\"index, follow, max-snippet:-1, max-image-preview:large, max-video-preview:-1\" \/>\n<link rel=\"canonical\" href=\"https:\/\/www.gaveanews.com\/index.php\/2025\/04\/18\/renato-paiva-detalha-seu-pensamento-no-botafogo\/\" \/>\n<meta property=\"og:locale\" content=\"pt_BR\" \/>\n<meta property=\"og:type\" content=\"article\" \/>\n<meta property=\"og:title\" content=\"Renato Paiva detalha seu pensamento no Botafogo\" \/>\n<meta property=\"og:description\" content=\"O Botafogo e o S\u00e3o Paulo empataram em 2 a 2 na \u00faltima quarta-feira (16), em confronto v\u00e1lido pelo Brasileir\u00e3o. Embora o resultado n\u00e3o tenha correspondido totalmente \u00e0s expectativas da torcida, ele ocorre em um momento de grande exig\u00eancia f\u00edsica para o time alvinegro. A equipe atravessa uma verdadeira maratona de jogos nas \u00faltimas semanas. [&hellip;]\" \/>\n<meta property=\"og:url\" content=\"https:\/\/www.gaveanews.com\/index.php\/2025\/04\/18\/renato-paiva-detalha-seu-pensamento-no-botafogo\/\" \/>\n<meta property=\"og:site_name\" content=\"G\u00e1vea News\" \/>\n<meta property=\"article:publisher\" content=\"https:\/\/facebook.com\/gaveaNews\/\" \/>\n<meta property=\"article:published_time\" content=\"2025-04-19T00:50:00+00:00\" \/>\n<meta property=\"og:image\" content=\"https:\/\/www.gaveanews.com\/wp-content\/uploads\/Renato-Paiva-em-acao-pelo-Botafogo-em-2025.webp\" \/>\n\t<meta property=\"og:image:width\" content=\"900\" \/>\n\t<meta property=\"og:image:height\" content=\"600\" \/>\n\t<meta property=\"og:image:type\" content=\"image\/jpeg\" \/>\n<meta name=\"author\" content=\"Hudson Pereira\" \/>\n<meta name=\"twitter:card\" content=\"summary_large_image\" \/>\n<meta name=\"twitter:label1\" content=\"Escrito por\" \/>\n\t<meta name=\"twitter:data1\" content=\"Hudson Pereira\" \/>\n\t<meta name=\"twitter:label2\" content=\"Est. tempo de leitura\" \/>\n\t<meta name=\"twitter:data2\" content=\"3 minutos\" \/>\n<script type=\"application\/ld+json\" class=\"yoast-schema-graph\">{\"@context\":\"https:\/\/schema.org\",\"@graph\":[{\"@type\":\"NewsArticle\",\"@id\":\"https:\/\/www.gaveanews.com\/index.php\/2025\/04\/18\/renato-paiva-detalha-seu-pensamento-no-botafogo\/#article\",\"isPartOf\":{\"@id\":\"https:\/\/www.gaveanews.com\/index.php\/2025\/04\/18\/renato-paiva-detalha-seu-pensamento-no-botafogo\/\"},\"author\":{\"name\":\"Hudson Pereira\",\"@id\":\"https:\/\/www.gaveanews.com\/#\/schema\/person\/bd08f00534b403119b92741a6d469ef0\"},\"headline\":\"Renato Paiva detalha seu pensamento no Botafogo\",\"datePublished\":\"2025-04-19T00:50:00+00:00\",\"mainEntityOfPage\":{\"@id\":\"https:\/\/www.gaveanews.com\/index.php\/2025\/04\/18\/renato-paiva-detalha-seu-pensamento-no-botafogo\/\"},\"wordCount\":486,\"commentCount\":0,\"image\":{\"@id\":\"https:\/\/www.gaveanews.com\/index.php\/2025\/04\/18\/renato-paiva-detalha-seu-pensamento-no-botafogo\/#primaryimage\"},\"thumbnailUrl\":\"https:\/\/www.gaveanews.com\/wp-content\/uploads\/Renato-Paiva-em-acao-pelo-Botafogo-em-2025.webp\",\"articleSection\":[\"Botafogo\"],\"inLanguage\":\"pt-BR\",\"potentialAction\":[{\"@type\":\"CommentAction\",\"name\":\"Comment\",\"target\":[\"https:\/\/www.gaveanews.com\/index.php\/2025\/04\/18\/renato-paiva-detalha-seu-pensamento-no-botafogo\/#respond\"]}],\"copyrightYear\":\"2025\",\"copyrightHolder\":{\"@id\":\"https:\/\/www.gaveanews.com\/#organization\"}},{\"@type\":\"WebPage\",\"@id\":\"https:\/\/www.gaveanews.com\/index.php\/2025\/04\/18\/renato-paiva-detalha-seu-pensamento-no-botafogo\/\",\"url\":\"https:\/\/www.gaveanews.com\/index.php\/2025\/04\/18\/renato-paiva-detalha-seu-pensamento-no-botafogo\/\",\"name\":\"Renato Paiva detalha seu pensamento no Botafogo\",\"isPartOf\":{\"@id\":\"https:\/\/www.gaveanews.com\/#website\"},\"primaryImageOfPage\":{\"@id\":\"https:\/\/www.gaveanews.com\/index.php\/2025\/04\/18\/renato-paiva-detalha-seu-pensamento-no-botafogo\/#primaryimage\"},\"image\":{\"@id\":\"https:\/\/www.gaveanews.com\/index.php\/2025\/04\/18\/renato-paiva-detalha-seu-pensamento-no-botafogo\/#primaryimage\"},\"thumbnailUrl\":\"https:\/\/www.gaveanews.com\/wp-content\/uploads\/Renato-Paiva-em-acao-pelo-Botafogo-em-2025.webp\",\"datePublished\":\"2025-04-19T00:50:00+00:00\",\"author\":{\"@id\":\"https:\/\/www.gaveanews.com\/#\/schema\/person\/bd08f00534b403119b92741a6d469ef0\"},\"breadcrumb\":{\"@id\":\"https:\/\/www.gaveanews.com\/index.php\/2025\/04\/18\/renato-paiva-detalha-seu-pensamento-no-botafogo\/#breadcrumb\"},\"inLanguage\":\"pt-BR\",\"potentialAction\":[{\"@type\":\"ReadAction\",\"target\":[\"https:\/\/www.gaveanews.com\/index.php\/2025\/04\/18\/renato-paiva-detalha-seu-pensamento-no-botafogo\/\"]}]},{\"@type\":\"ImageObject\",\"inLanguage\":\"pt-BR\",\"@id\":\"https:\/\/www.gaveanews.com\/index.php\/2025\/04\/18\/renato-paiva-detalha-seu-pensamento-no-botafogo\/#primaryimage\",\"url\":\"https:\/\/www.gaveanews.com\/wp-content\/uploads\/Renato-Paiva-em-acao-pelo-Botafogo-em-2025.webp\",\"contentUrl\":\"https:\/\/www.gaveanews.com\/wp-content\/uploads\/Renato-Paiva-em-acao-pelo-Botafogo-em-2025.webp\",\"width\":900,\"height\":600,\"caption\":\"Renato Paiva em a\u00e7\u00e3o pelo Botafogo em 2025 (Foto: Vitor Silva\/Botafogo)\"},{\"@type\":\"BreadcrumbList\",\"@id\":\"https:\/\/www.gaveanews.com\/index.php\/2025\/04\/18\/renato-paiva-detalha-seu-pensamento-no-botafogo\/#breadcrumb\",\"itemListElement\":[{\"@type\":\"ListItem\",\"position\":1,\"name\":\"Home\",\"item\":\"https:\/\/www.gaveanews.com\/\"},{\"@type\":\"ListItem\",\"position\":2,\"name\":\"Renato Paiva detalha seu pensamento no Botafogo\"}]},{\"@type\":\"WebSite\",\"@id\":\"https:\/\/www.gaveanews.com\/#website\",\"url\":\"https:\/\/www.gaveanews.com\/\",\"name\":\"G\u00e1vea News\",\"description\":\"Veja todas as not\u00edcias sobre o Flamengo: Contrata\u00e7\u00f5es, categorias de base, resultados das partidas, tabela de classifica\u00e7\u00e3o, pr\u00f3ximos jogos!\",\"potentialAction\":[{\"@type\":\"SearchAction\",\"target\":{\"@type\":\"EntryPoint\",\"urlTemplate\":\"https:\/\/www.gaveanews.com\/?s={search_term_string}\"},\"query-input\":{\"@type\":\"PropertyValueSpecification\",\"valueRequired\":true,\"valueName\":\"search_term_string\"}}],\"inLanguage\":\"pt-BR\"},{\"@type\":\"Person\",\"@id\":\"https:\/\/www.gaveanews.com\/#\/schema\/person\/bd08f00534b403119b92741a6d469ef0\",\"name\":\"Hudson Pereira\",\"image\":{\"@type\":\"ImageObject\",\"inLanguage\":\"pt-BR\",\"@id\":\"https:\/\/www.gaveanews.com\/#\/schema\/person\/image\/\",\"url\":\"https:\/\/secure.gravatar.com\/avatar\/ecc491b489e454e510efffc9b23c1052ce5fb4f2e05555768ba65819cd55f03e?s=96&d=mm&r=g\",\"contentUrl\":\"https:\/\/secure.gravatar.com\/avatar\/ecc491b489e454e510efffc9b23c1052ce5fb4f2e05555768ba65819cd55f03e?s=96&d=mm&r=g\",\"caption\":\"Hudson Pereira\"}}]}<\/script>\n<!-- \/ Yoast SEO Premium plugin. -->","yoast_head_json":{"title":"Renato Paiva detalha seu pensamento no Botafogo","robots":{"index":"index","follow":"follow","max-snippet":"max-snippet:-1","max-image-preview":"max-image-preview:large","max-video-preview":"max-video-preview:-1"},"canonical":"https:\/\/www.gaveanews.com\/index.php\/2025\/04\/18\/renato-paiva-detalha-seu-pensamento-no-botafogo\/","og_locale":"pt_BR","og_type":"article","og_title":"Renato Paiva detalha seu pensamento no Botafogo","og_description":"O Botafogo e o S\u00e3o Paulo empataram em 2 a 2 na \u00faltima quarta-feira (16), em confronto v\u00e1lido pelo Brasileir\u00e3o. Embora o resultado n\u00e3o tenha correspondido totalmente \u00e0s expectativas da torcida, ele ocorre em um momento de grande exig\u00eancia f\u00edsica para o time alvinegro. A equipe atravessa uma verdadeira maratona de jogos nas \u00faltimas semanas. [&hellip;]","og_url":"https:\/\/www.gaveanews.com\/index.php\/2025\/04\/18\/renato-paiva-detalha-seu-pensamento-no-botafogo\/","og_site_name":"G\u00e1vea News","article_publisher":"https:\/\/facebook.com\/gaveaNews\/","article_published_time":"2025-04-19T00:50:00+00:00","og_image":[{"width":900,"height":600,"url":"https:\/\/www.gaveanews.com\/wp-content\/uploads\/Renato-Paiva-em-acao-pelo-Botafogo-em-2025.webp","type":"image\/jpeg"}],"author":"Hudson Pereira","twitter_card":"summary_large_image","twitter_misc":{"Escrito por":"Hudson Pereira","Est. tempo de leitura":"3 minutos"},"schema":{"@context":"https:\/\/schema.org","@graph":[{"@type":"NewsArticle","@id":"https:\/\/www.gaveanews.com\/index.php\/2025\/04\/18\/renato-paiva-detalha-seu-pensamento-no-botafogo\/#article","isPartOf":{"@id":"https:\/\/www.gaveanews.com\/index.php\/2025\/04\/18\/renato-paiva-detalha-seu-pensamento-no-botafogo\/"},"author":{"name":"Hudson Pereira","@id":"https:\/\/www.gaveanews.com\/#\/schema\/person\/bd08f00534b403119b92741a6d469ef0"},"headline":"Renato Paiva detalha seu pensamento no Botafogo","datePublished":"2025-04-19T00:50:00+00:00","mainEntityOfPage":{"@id":"https:\/\/www.gaveanews.com\/index.php\/2025\/04\/18\/renato-paiva-detalha-seu-pensamento-no-botafogo\/"},"wordCount":486,"commentCount":0,"image":{"@id":"https:\/\/www.gaveanews.com\/index.php\/2025\/04\/18\/renato-paiva-detalha-seu-pensamento-no-botafogo\/#primaryimage"},"thumbnailUrl":"https:\/\/www.gaveanews.com\/wp-content\/uploads\/Renato-Paiva-em-acao-pelo-Botafogo-em-2025.webp","articleSection":["Botafogo"],"inLanguage":"pt-BR","potentialAction":[{"@type":"CommentAction","name":"Comment","target":["https:\/\/www.gaveanews.com\/index.php\/2025\/04\/18\/renato-paiva-detalha-seu-pensamento-no-botafogo\/#respond"]}],"copyrightYear":"2025","copyrightHolder":{"@id":"https:\/\/www.gaveanews.com\/#organization"}},{"@type":"WebPage","@id":"https:\/\/www.gaveanews.com\/index.php\/2025\/04\/18\/renato-paiva-detalha-seu-pensamento-no-botafogo\/","url":"https:\/\/www.gaveanews.com\/index.php\/2025\/04\/18\/renato-paiva-detalha-seu-pensamento-no-botafogo\/","name":"Renato Paiva detalha seu pensamento no Botafogo","isPartOf":{"@id":"https:\/\/www.gaveanews.com\/#website"},"primaryImageOfPage":{"@id":"https:\/\/www.gaveanews.com\/index.php\/2025\/04\/18\/renato-paiva-detalha-seu-pensamento-no-botafogo\/#primaryimage"},"image":{"@id":"https:\/\/www.gaveanews.com\/index.php\/2025\/04\/18\/renato-paiva-detalha-seu-pensamento-no-botafogo\/#primaryimage"},"thumbnailUrl":"https:\/\/www.gaveanews.com\/wp-content\/uploads\/Renato-Paiva-em-acao-pelo-Botafogo-em-2025.webp","datePublished":"2025-04-19T00:50:00+00:00","author":{"@id":"https:\/\/www.gaveanews.com\/#\/schema\/person\/bd08f00534b403119b92741a6d469ef0"},"breadcrumb":{"@id":"https:\/\/www.gaveanews.com\/index.php\/2025\/04\/18\/renato-paiva-detalha-seu-pensamento-no-botafogo\/#breadcrumb"},"inLanguage":"pt-BR","potentialAction":[{"@type":"ReadAction","target":["https:\/\/www.gaveanews.com\/index.php\/2025\/04\/18\/renato-paiva-detalha-seu-pensamento-no-botafogo\/"]}]},{"@type":"ImageObject","inLanguage":"pt-BR","@id":"https:\/\/www.gaveanews.com\/index.php\/2025\/04\/18\/renato-paiva-detalha-seu-pensamento-no-botafogo\/#primaryimage","url":"https:\/\/www.gaveanews.com\/wp-content\/uploads\/Renato-Paiva-em-acao-pelo-Botafogo-em-2025.webp","contentUrl":"https:\/\/www.gaveanews.com\/wp-content\/uploads\/Renato-Paiva-em-acao-pelo-Botafogo-em-2025.webp","width":900,"height":600,"caption":"Renato Paiva em a\u00e7\u00e3o pelo Botafogo em 2025 (Foto: Vitor Silva\/Botafogo)"},{"@type":"BreadcrumbList","@id":"https:\/\/www.gaveanews.com\/index.php\/2025\/04\/18\/renato-paiva-detalha-seu-pensamento-no-botafogo\/#breadcrumb","itemListElement":[{"@type":"ListItem","position":1,"name":"Home","item":"https:\/\/www.gaveanews.com\/"},{"@type":"ListItem","position":2,"name":"Renato Paiva detalha seu pensamento no Botafogo"}]},{"@type":"WebSite","@id":"https:\/\/www.gaveanews.com\/#website","url":"https:\/\/www.gaveanews.com\/","name":"G\u00e1vea News","description":"Veja todas as not\u00edcias sobre o Flamengo: Contrata\u00e7\u00f5es, categorias de base, resultados das partidas, tabela de classifica\u00e7\u00e3o, pr\u00f3ximos jogos!","potentialAction":[{"@type":"SearchAction","target":{"@type":"EntryPoint","urlTemplate":"https:\/\/www.gaveanews.com\/?s={search_term_string}"},"query-input":{"@type":"PropertyValueSpecification","valueRequired":true,"valueName":"search_term_string"}}],"inLanguage":"pt-BR"},{"@type":"Person","@id":"https:\/\/www.gaveanews.com\/#\/schema\/person\/bd08f00534b403119b92741a6d469ef0","name":"Hudson Pereira","image":{"@type":"ImageObject","inLanguage":"pt-BR","@id":"https:\/\/www.gaveanews.com\/#\/schema\/person\/image\/","url":"https:\/\/secure.gravatar.com\/avatar\/ecc491b489e454e510efffc9b23c1052ce5fb4f2e05555768ba65819cd55f03e?s=96&d=mm&r=g","contentUrl":"https:\/\/secure.gravatar.com\/avatar\/ecc491b489e454e510efffc9b23c1052ce5fb4f2e05555768ba65819cd55f03e?s=96&d=mm&r=g","caption":"Hudson Pereira"}}]}},"_links":{"self":[{"href":"https:\/\/www.gaveanews.com\/index.php\/wp-json\/wp\/v2\/posts\/255245","targetHints":{"allow":["GET"]}}],"collection":[{"href":"https:\/\/www.gaveanews.com\/index.php\/wp-json\/wp\/v2\/posts"}],"about":[{"href":"https:\/\/www.gaveanews.com\/index.php\/wp-json\/wp\/v2\/types\/post"}],"author":[{"embeddable":true,"href":"https:\/\/www.gaveanews.com\/index.php\/wp-json\/wp\/v2\/users\/28"}],"replies":[{"embeddable":true,"href":"https:\/\/www.gaveanews.com\/index.php\/wp-json\/wp\/v2\/comments?post=255245"}],"version-history":[{"count":1,"href":"https:\/\/www.gaveanews.com\/index.php\/wp-json\/wp\/v2\/posts\/255245\/revisions"}],"predecessor-version":[{"id":255246,"href":"https:\/\/www.gaveanews.com\/index.php\/wp-json\/wp\/v2\/posts\/255245\/revisions\/255246"}],"wp:featuredmedia":[{"embeddable":true,"href":"https:\/\/www.gaveanews.com\/index.php\/wp-json\/wp\/v2\/media\/244411"}],"wp:attachment":[{"href":"https:\/\/www.gaveanews.com\/index.php\/wp-json\/wp\/v2\/media?parent=255245"}],"wp:term":[{"taxonomy":"category","embeddable":true,"href":"https:\/\/www.gaveanews.com\/index.php\/wp-json\/wp\/v2\/categories?post=255245"},{"taxonomy":"post_tag","embeddable":true,"href":"https:\/\/www.gaveanews.com\/index.php\/wp-json\/wp\/v2\/tags?post=255245"}],"curies":[{"name":"wp","href":"https:\/\/api.w.org\/{rel}","templated":true}]}}