{"id":255247,"date":"2025-04-18T21:35:00","date_gmt":"2025-04-19T00:35:00","guid":{"rendered":"https:\/\/www.gaveanews.com\/?p=255247"},"modified":"2025-04-18T17:56:23","modified_gmt":"2025-04-18T20:56:23","slug":"a-declaracao-de-denilson-direcionada-a-richard-rios-do-palmeiras-2","status":"publish","type":"post","link":"https:\/\/www.gaveanews.com\/index.php\/2025\/04\/18\/a-declaracao-de-denilson-direcionada-a-richard-rios-do-palmeiras-2\/","title":{"rendered":"A declara\u00e7\u00e3o de Den\u00edlson direcionada a Richard R\u00edos, do Palmeiras"},"content":{"rendered":"\n<p>O comentarista Den\u00edlson destacou recentemente a qualidade do meio-campista Richard R\u00edos, que se firmou como uma pe\u00e7a importante na estrutura t\u00e1tica do Palmeiras sob o comando de Abel Ferreira. O jogador colombiano tem demonstrado um desempenho not\u00e1vel em campo.<\/p>\n\n\n\n<p>Den\u00edlson, inclusive, comentou com bom humor sobre a performance do atleta ap\u00f3s um epis\u00f3dio espec\u00edfico. \u201cT\u00e1 jogando muito. Ele resolveu jogar mais depois do pedido de sil\u00eancio para o torcedor\u201d, brincou o ex-jogador durante sua an\u00e1lise.<\/p>\n\n\n\n<p>O contratado da Globo prosseguiu, contextualizando a situa\u00e7\u00e3o. \u201cEle sabe que a torcida pega no p\u00e9 mesmo, foi um gesto no calor da partida, logo depois se desculpou\u201d, explicou Den\u00edlson, reconhecendo a press\u00e3o inerente ao futebol e a r\u00e1pida retrata\u00e7\u00e3o do jogador.<\/p>\n\n\n\n<p>Ademais, o comentarista enfatizou o papel de destaque de R\u00edos na equipe alviverde atualmente. &#8220;Vem sendo um dos grandes protagonistas do Palmeiras. Existe uma competi\u00e7\u00e3o muito saud\u00e1vel internamente, o Richard R\u00edos \u00e9 um jogador muito importante no sistema do Abel\u201d, completou Den\u00edlson, destacando a concorr\u00eancia positiva no elenco.<\/p>\n\n\n\n<figure class=\"wp-block-image size-full is-resized\"><img loading=\"lazy\" decoding=\"async\" width=\"729\" height=\"400\" src=\"http:\/\/www.gaveanews.com\/wp-content\/uploads\/denilson-ex-jogador.webp\" alt=\"\" class=\"wp-image-142066\" style=\"width:840px;height:auto\" srcset=\"https:\/\/www.gaveanews.com\/wp-content\/uploads\/denilson-ex-jogador.webp 729w, https:\/\/www.gaveanews.com\/wp-content\/uploads\/denilson-ex-jogador-300x165.webp 300w, https:\/\/www.gaveanews.com\/wp-content\/uploads\/denilson-ex-jogador-640x350.webp 640w, https:\/\/www.gaveanews.com\/wp-content\/uploads\/denilson-ex-jogador-681x374.webp 681w, https:\/\/www.gaveanews.com\/wp-content\/uploads\/denilson-ex-jogador-100x55.webp 100w\" sizes=\"auto, (max-width: 729px) 100vw, 729px\" \/><figcaption class=\"wp-element-caption\">Den\u00edlson em participa\u00e7\u00e3o no programa Jogo Aberto (Foto: Reprodu\u00e7\u00e3o\/Band)<\/figcaption><\/figure>\n\n\n\n<h2 class=\"wp-block-heading\" id=\"h-consistencia-e-estabilidade-do-verdao\">Consist\u00eancia e estabilidade do Verd\u00e3o<\/h2>\n\n\n\n<p>O epis\u00f3dio da pol\u00eamica ocorreu durante um jogo da Copa Libertadores da Am\u00e9rica contra o Cerro Porte\u00f1o, no Allianz Parque, quando R\u00edos fez um sinal pedindo sil\u00eancio aos torcedores. Contudo, o atleta pediu desculpas publicamente logo em seguida, e a quest\u00e3o foi resolvida internamente.<\/p>\n\n\n\n<p>Paralelamente, o Palmeiras, que divide a lideran\u00e7a do Brasileir\u00e3o com o Flamengo, consolida sua posi\u00e7\u00e3o como um forte candidato ao t\u00edtulo novamente este ano. Den\u00edlson atribui essa for\u00e7a \u00e0 continuidade do trabalho de Abel Ferreira e \u00e0 estabilidade que o treinador portugu\u00eas proporciona ao clube. Essa capacidade de gerenciar momentos de press\u00e3o permite que o time mantenha a competitividade.<\/p>\n\n\n\n<h2 class=\"wp-block-heading\" id=\"h-contribuicao-decisiva-de-rios\">Contribui\u00e7\u00e3o decisiva de R\u00edos<\/h2>\n\n\n\n<p>A import\u00e2ncia de Richard R\u00edos ficou evidente na partida contra o Internacional, disputada no Beira-Rio. Em um jogo considerado complicado, o colombiano teve participa\u00e7\u00e3o crucial para a vit\u00f3ria do Palmeiras fora de casa.<\/p>\n\n\n\n<p>J\u00e1 na segunda etapa do confronto, R\u00edos recebeu um lan\u00e7amento, superou o lateral-esquerdo Bernabei na disputa pela bola e, posteriormente, forneceu a assist\u00eancia para o gol marcado pelo uruguaio Facundo Torres, selando o resultado positivo para o Verd\u00e3o.<\/p>\n\n\n\n<p>Dessa forma, o jogador de 24 anos se estabelece como pe\u00e7a fundamental no meio-campo palmeirense. Embora clubes europeus tenham demonstrado interesse anteriormente, Richard R\u00edos renovou seu contrato com o Palmeiras at\u00e9 dezembro de 2028, permanecendo assim no elenco.<\/p>\n\n\n\n<p>Por fim, ap\u00f3s a vit\u00f3ria significativa no sul do pa\u00eds, o Palmeiras se prepara para outro desafio importante. A equipe enfrentar\u00e1 o Fortaleza, comandado por Juan Pablo Vojvoda, no domingo (20), \u00e0s 18h30 (hor\u00e1rio de Bras\u00edlia), em partida fora de casa.<\/p>\n","protected":false},"excerpt":{"rendered":"<p>O comentarista Den\u00edlson destacou recentemente a qualidade do meio-campista Richard R\u00edos, que se firmou como uma pe\u00e7a importante na estrutura t\u00e1tica do Palmeiras sob o comando de Abel Ferreira. O jogador colombiano tem demonstrado um desempenho not\u00e1vel em campo. Den\u00edlson, inclusive, comentou com bom humor sobre a performance do atleta ap\u00f3s um epis\u00f3dio espec\u00edfico. \u201cT\u00e1 [&hellip;]<\/p>\n","protected":false},"author":28,"featured_media":99564,"comment_status":"open","ping_status":"closed","sticky":false,"template":"","format":"standard","meta":{"footnotes":""},"categories":[150],"tags":[],"class_list":["post-255247","post","type-post","status-publish","format-standard","has-post-thumbnail","hentry","category-palmeiras"],"yoast_head":"<!-- This site is optimized with the Yoast SEO Premium plugin v24.2 (Yoast SEO v26.9) - https:\/\/yoast.com\/product\/yoast-seo-premium-wordpress\/ -->\n<title>A declara\u00e7\u00e3o de Den\u00edlson direcionada a Richard R\u00edos, do Palmeiras<\/title>\n<meta name=\"robots\" content=\"index, follow, max-snippet:-1, max-image-preview:large, max-video-preview:-1\" \/>\n<link rel=\"canonical\" href=\"https:\/\/www.gaveanews.com\/index.php\/2025\/04\/18\/a-declaracao-de-denilson-direcionada-a-richard-rios-do-palmeiras-2\/\" \/>\n<meta property=\"og:locale\" content=\"pt_BR\" \/>\n<meta property=\"og:type\" content=\"article\" \/>\n<meta property=\"og:title\" content=\"A declara\u00e7\u00e3o de Den\u00edlson direcionada a Richard R\u00edos, do Palmeiras\" \/>\n<meta property=\"og:description\" content=\"O comentarista Den\u00edlson destacou recentemente a qualidade do meio-campista Richard R\u00edos, que se firmou como uma pe\u00e7a importante na estrutura t\u00e1tica do Palmeiras sob o comando de Abel Ferreira. O jogador colombiano tem demonstrado um desempenho not\u00e1vel em campo. Den\u00edlson, inclusive, comentou com bom humor sobre a performance do atleta ap\u00f3s um epis\u00f3dio espec\u00edfico. \u201cT\u00e1 [&hellip;]\" \/>\n<meta property=\"og:url\" content=\"https:\/\/www.gaveanews.com\/index.php\/2025\/04\/18\/a-declaracao-de-denilson-direcionada-a-richard-rios-do-palmeiras-2\/\" \/>\n<meta property=\"og:site_name\" content=\"G\u00e1vea News\" \/>\n<meta property=\"article:publisher\" content=\"https:\/\/facebook.com\/gaveaNews\/\" \/>\n<meta property=\"article:published_time\" content=\"2025-04-19T00:35:00+00:00\" \/>\n<meta property=\"og:image\" content=\"https:\/\/www.gaveanews.com\/wp-content\/uploads\/richard-rios-palmeiras-flamengo.webp\" \/>\n\t<meta property=\"og:image:width\" content=\"785\" \/>\n\t<meta property=\"og:image:height\" content=\"475\" \/>\n\t<meta property=\"og:image:type\" content=\"image\/jpeg\" \/>\n<meta name=\"author\" content=\"Hudson Pereira\" \/>\n<meta name=\"twitter:card\" content=\"summary_large_image\" \/>\n<meta name=\"twitter:label1\" content=\"Escrito por\" \/>\n\t<meta name=\"twitter:data1\" content=\"Hudson Pereira\" \/>\n\t<meta name=\"twitter:label2\" content=\"Est. tempo de leitura\" \/>\n\t<meta name=\"twitter:data2\" content=\"3 minutos\" \/>\n<script type=\"application\/ld+json\" class=\"yoast-schema-graph\">{\"@context\":\"https:\/\/schema.org\",\"@graph\":[{\"@type\":\"NewsArticle\",\"@id\":\"https:\/\/www.gaveanews.com\/index.php\/2025\/04\/18\/a-declaracao-de-denilson-direcionada-a-richard-rios-do-palmeiras-2\/#article\",\"isPartOf\":{\"@id\":\"https:\/\/www.gaveanews.com\/index.php\/2025\/04\/18\/a-declaracao-de-denilson-direcionada-a-richard-rios-do-palmeiras-2\/\"},\"author\":{\"name\":\"Hudson Pereira\",\"@id\":\"https:\/\/www.gaveanews.com\/#\/schema\/person\/bd08f00534b403119b92741a6d469ef0\"},\"headline\":\"A declara\u00e7\u00e3o de Den\u00edlson direcionada a Richard R\u00edos, do Palmeiras\",\"datePublished\":\"2025-04-19T00:35:00+00:00\",\"mainEntityOfPage\":{\"@id\":\"https:\/\/www.gaveanews.com\/index.php\/2025\/04\/18\/a-declaracao-de-denilson-direcionada-a-richard-rios-do-palmeiras-2\/\"},\"wordCount\":503,\"commentCount\":0,\"image\":{\"@id\":\"https:\/\/www.gaveanews.com\/index.php\/2025\/04\/18\/a-declaracao-de-denilson-direcionada-a-richard-rios-do-palmeiras-2\/#primaryimage\"},\"thumbnailUrl\":\"https:\/\/www.gaveanews.com\/wp-content\/uploads\/richard-rios-palmeiras-flamengo.webp\",\"articleSection\":[\"Palmeiras\"],\"inLanguage\":\"pt-BR\",\"potentialAction\":[{\"@type\":\"CommentAction\",\"name\":\"Comment\",\"target\":[\"https:\/\/www.gaveanews.com\/index.php\/2025\/04\/18\/a-declaracao-de-denilson-direcionada-a-richard-rios-do-palmeiras-2\/#respond\"]}],\"copyrightYear\":\"2025\",\"copyrightHolder\":{\"@id\":\"https:\/\/www.gaveanews.com\/#organization\"}},{\"@type\":\"WebPage\",\"@id\":\"https:\/\/www.gaveanews.com\/index.php\/2025\/04\/18\/a-declaracao-de-denilson-direcionada-a-richard-rios-do-palmeiras-2\/\",\"url\":\"https:\/\/www.gaveanews.com\/index.php\/2025\/04\/18\/a-declaracao-de-denilson-direcionada-a-richard-rios-do-palmeiras-2\/\",\"name\":\"A declara\u00e7\u00e3o de Den\u00edlson direcionada a Richard R\u00edos, do Palmeiras\",\"isPartOf\":{\"@id\":\"https:\/\/www.gaveanews.com\/#website\"},\"primaryImageOfPage\":{\"@id\":\"https:\/\/www.gaveanews.com\/index.php\/2025\/04\/18\/a-declaracao-de-denilson-direcionada-a-richard-rios-do-palmeiras-2\/#primaryimage\"},\"image\":{\"@id\":\"https:\/\/www.gaveanews.com\/index.php\/2025\/04\/18\/a-declaracao-de-denilson-direcionada-a-richard-rios-do-palmeiras-2\/#primaryimage\"},\"thumbnailUrl\":\"https:\/\/www.gaveanews.com\/wp-content\/uploads\/richard-rios-palmeiras-flamengo.webp\",\"datePublished\":\"2025-04-19T00:35:00+00:00\",\"author\":{\"@id\":\"https:\/\/www.gaveanews.com\/#\/schema\/person\/bd08f00534b403119b92741a6d469ef0\"},\"breadcrumb\":{\"@id\":\"https:\/\/www.gaveanews.com\/index.php\/2025\/04\/18\/a-declaracao-de-denilson-direcionada-a-richard-rios-do-palmeiras-2\/#breadcrumb\"},\"inLanguage\":\"pt-BR\",\"potentialAction\":[{\"@type\":\"ReadAction\",\"target\":[\"https:\/\/www.gaveanews.com\/index.php\/2025\/04\/18\/a-declaracao-de-denilson-direcionada-a-richard-rios-do-palmeiras-2\/\"]}]},{\"@type\":\"ImageObject\",\"inLanguage\":\"pt-BR\",\"@id\":\"https:\/\/www.gaveanews.com\/index.php\/2025\/04\/18\/a-declaracao-de-denilson-direcionada-a-richard-rios-do-palmeiras-2\/#primaryimage\",\"url\":\"https:\/\/www.gaveanews.com\/wp-content\/uploads\/richard-rios-palmeiras-flamengo.webp\",\"contentUrl\":\"https:\/\/www.gaveanews.com\/wp-content\/uploads\/richard-rios-palmeiras-flamengo.webp\",\"width\":785,\"height\":475,\"caption\":\"Richard R\u00edos em a\u00e7\u00e3o pelo Palmeiras (Foto: Cesar Greco\/Palmeiras)\"},{\"@type\":\"BreadcrumbList\",\"@id\":\"https:\/\/www.gaveanews.com\/index.php\/2025\/04\/18\/a-declaracao-de-denilson-direcionada-a-richard-rios-do-palmeiras-2\/#breadcrumb\",\"itemListElement\":[{\"@type\":\"ListItem\",\"position\":1,\"name\":\"Home\",\"item\":\"https:\/\/www.gaveanews.com\/\"},{\"@type\":\"ListItem\",\"position\":2,\"name\":\"A declara\u00e7\u00e3o de Den\u00edlson direcionada a Richard R\u00edos, do Palmeiras\"}]},{\"@type\":\"WebSite\",\"@id\":\"https:\/\/www.gaveanews.com\/#website\",\"url\":\"https:\/\/www.gaveanews.com\/\",\"name\":\"G\u00e1vea News\",\"description\":\"Veja todas as not\u00edcias sobre o Flamengo: Contrata\u00e7\u00f5es, categorias de base, resultados das partidas, tabela de classifica\u00e7\u00e3o, pr\u00f3ximos jogos!\",\"potentialAction\":[{\"@type\":\"SearchAction\",\"target\":{\"@type\":\"EntryPoint\",\"urlTemplate\":\"https:\/\/www.gaveanews.com\/?s={search_term_string}\"},\"query-input\":{\"@type\":\"PropertyValueSpecification\",\"valueRequired\":true,\"valueName\":\"search_term_string\"}}],\"inLanguage\":\"pt-BR\"},{\"@type\":\"Person\",\"@id\":\"https:\/\/www.gaveanews.com\/#\/schema\/person\/bd08f00534b403119b92741a6d469ef0\",\"name\":\"Hudson Pereira\",\"image\":{\"@type\":\"ImageObject\",\"inLanguage\":\"pt-BR\",\"@id\":\"https:\/\/www.gaveanews.com\/#\/schema\/person\/image\/\",\"url\":\"https:\/\/secure.gravatar.com\/avatar\/ecc491b489e454e510efffc9b23c1052ce5fb4f2e05555768ba65819cd55f03e?s=96&d=mm&r=g\",\"contentUrl\":\"https:\/\/secure.gravatar.com\/avatar\/ecc491b489e454e510efffc9b23c1052ce5fb4f2e05555768ba65819cd55f03e?s=96&d=mm&r=g\",\"caption\":\"Hudson Pereira\"}}]}<\/script>\n<!-- \/ Yoast SEO Premium plugin. -->","yoast_head_json":{"title":"A declara\u00e7\u00e3o de Den\u00edlson direcionada a Richard R\u00edos, do Palmeiras","robots":{"index":"index","follow":"follow","max-snippet":"max-snippet:-1","max-image-preview":"max-image-preview:large","max-video-preview":"max-video-preview:-1"},"canonical":"https:\/\/www.gaveanews.com\/index.php\/2025\/04\/18\/a-declaracao-de-denilson-direcionada-a-richard-rios-do-palmeiras-2\/","og_locale":"pt_BR","og_type":"article","og_title":"A declara\u00e7\u00e3o de Den\u00edlson direcionada a Richard R\u00edos, do Palmeiras","og_description":"O comentarista Den\u00edlson destacou recentemente a qualidade do meio-campista Richard R\u00edos, que se firmou como uma pe\u00e7a importante na estrutura t\u00e1tica do Palmeiras sob o comando de Abel Ferreira. O jogador colombiano tem demonstrado um desempenho not\u00e1vel em campo. Den\u00edlson, inclusive, comentou com bom humor sobre a performance do atleta ap\u00f3s um epis\u00f3dio espec\u00edfico. \u201cT\u00e1 [&hellip;]","og_url":"https:\/\/www.gaveanews.com\/index.php\/2025\/04\/18\/a-declaracao-de-denilson-direcionada-a-richard-rios-do-palmeiras-2\/","og_site_name":"G\u00e1vea News","article_publisher":"https:\/\/facebook.com\/gaveaNews\/","article_published_time":"2025-04-19T00:35:00+00:00","og_image":[{"width":785,"height":475,"url":"https:\/\/www.gaveanews.com\/wp-content\/uploads\/richard-rios-palmeiras-flamengo.webp","type":"image\/jpeg"}],"author":"Hudson Pereira","twitter_card":"summary_large_image","twitter_misc":{"Escrito por":"Hudson Pereira","Est. tempo de leitura":"3 minutos"},"schema":{"@context":"https:\/\/schema.org","@graph":[{"@type":"NewsArticle","@id":"https:\/\/www.gaveanews.com\/index.php\/2025\/04\/18\/a-declaracao-de-denilson-direcionada-a-richard-rios-do-palmeiras-2\/#article","isPartOf":{"@id":"https:\/\/www.gaveanews.com\/index.php\/2025\/04\/18\/a-declaracao-de-denilson-direcionada-a-richard-rios-do-palmeiras-2\/"},"author":{"name":"Hudson Pereira","@id":"https:\/\/www.gaveanews.com\/#\/schema\/person\/bd08f00534b403119b92741a6d469ef0"},"headline":"A declara\u00e7\u00e3o de Den\u00edlson direcionada a Richard R\u00edos, do Palmeiras","datePublished":"2025-04-19T00:35:00+00:00","mainEntityOfPage":{"@id":"https:\/\/www.gaveanews.com\/index.php\/2025\/04\/18\/a-declaracao-de-denilson-direcionada-a-richard-rios-do-palmeiras-2\/"},"wordCount":503,"commentCount":0,"image":{"@id":"https:\/\/www.gaveanews.com\/index.php\/2025\/04\/18\/a-declaracao-de-denilson-direcionada-a-richard-rios-do-palmeiras-2\/#primaryimage"},"thumbnailUrl":"https:\/\/www.gaveanews.com\/wp-content\/uploads\/richard-rios-palmeiras-flamengo.webp","articleSection":["Palmeiras"],"inLanguage":"pt-BR","potentialAction":[{"@type":"CommentAction","name":"Comment","target":["https:\/\/www.gaveanews.com\/index.php\/2025\/04\/18\/a-declaracao-de-denilson-direcionada-a-richard-rios-do-palmeiras-2\/#respond"]}],"copyrightYear":"2025","copyrightHolder":{"@id":"https:\/\/www.gaveanews.com\/#organization"}},{"@type":"WebPage","@id":"https:\/\/www.gaveanews.com\/index.php\/2025\/04\/18\/a-declaracao-de-denilson-direcionada-a-richard-rios-do-palmeiras-2\/","url":"https:\/\/www.gaveanews.com\/index.php\/2025\/04\/18\/a-declaracao-de-denilson-direcionada-a-richard-rios-do-palmeiras-2\/","name":"A declara\u00e7\u00e3o de Den\u00edlson direcionada a Richard R\u00edos, do Palmeiras","isPartOf":{"@id":"https:\/\/www.gaveanews.com\/#website"},"primaryImageOfPage":{"@id":"https:\/\/www.gaveanews.com\/index.php\/2025\/04\/18\/a-declaracao-de-denilson-direcionada-a-richard-rios-do-palmeiras-2\/#primaryimage"},"image":{"@id":"https:\/\/www.gaveanews.com\/index.php\/2025\/04\/18\/a-declaracao-de-denilson-direcionada-a-richard-rios-do-palmeiras-2\/#primaryimage"},"thumbnailUrl":"https:\/\/www.gaveanews.com\/wp-content\/uploads\/richard-rios-palmeiras-flamengo.webp","datePublished":"2025-04-19T00:35:00+00:00","author":{"@id":"https:\/\/www.gaveanews.com\/#\/schema\/person\/bd08f00534b403119b92741a6d469ef0"},"breadcrumb":{"@id":"https:\/\/www.gaveanews.com\/index.php\/2025\/04\/18\/a-declaracao-de-denilson-direcionada-a-richard-rios-do-palmeiras-2\/#breadcrumb"},"inLanguage":"pt-BR","potentialAction":[{"@type":"ReadAction","target":["https:\/\/www.gaveanews.com\/index.php\/2025\/04\/18\/a-declaracao-de-denilson-direcionada-a-richard-rios-do-palmeiras-2\/"]}]},{"@type":"ImageObject","inLanguage":"pt-BR","@id":"https:\/\/www.gaveanews.com\/index.php\/2025\/04\/18\/a-declaracao-de-denilson-direcionada-a-richard-rios-do-palmeiras-2\/#primaryimage","url":"https:\/\/www.gaveanews.com\/wp-content\/uploads\/richard-rios-palmeiras-flamengo.webp","contentUrl":"https:\/\/www.gaveanews.com\/wp-content\/uploads\/richard-rios-palmeiras-flamengo.webp","width":785,"height":475,"caption":"Richard R\u00edos em a\u00e7\u00e3o pelo Palmeiras (Foto: Cesar Greco\/Palmeiras)"},{"@type":"BreadcrumbList","@id":"https:\/\/www.gaveanews.com\/index.php\/2025\/04\/18\/a-declaracao-de-denilson-direcionada-a-richard-rios-do-palmeiras-2\/#breadcrumb","itemListElement":[{"@type":"ListItem","position":1,"name":"Home","item":"https:\/\/www.gaveanews.com\/"},{"@type":"ListItem","position":2,"name":"A declara\u00e7\u00e3o de Den\u00edlson direcionada a Richard R\u00edos, do Palmeiras"}]},{"@type":"WebSite","@id":"https:\/\/www.gaveanews.com\/#website","url":"https:\/\/www.gaveanews.com\/","name":"G\u00e1vea News","description":"Veja todas as not\u00edcias sobre o Flamengo: Contrata\u00e7\u00f5es, categorias de base, resultados das partidas, tabela de classifica\u00e7\u00e3o, pr\u00f3ximos jogos!","potentialAction":[{"@type":"SearchAction","target":{"@type":"EntryPoint","urlTemplate":"https:\/\/www.gaveanews.com\/?s={search_term_string}"},"query-input":{"@type":"PropertyValueSpecification","valueRequired":true,"valueName":"search_term_string"}}],"inLanguage":"pt-BR"},{"@type":"Person","@id":"https:\/\/www.gaveanews.com\/#\/schema\/person\/bd08f00534b403119b92741a6d469ef0","name":"Hudson Pereira","image":{"@type":"ImageObject","inLanguage":"pt-BR","@id":"https:\/\/www.gaveanews.com\/#\/schema\/person\/image\/","url":"https:\/\/secure.gravatar.com\/avatar\/ecc491b489e454e510efffc9b23c1052ce5fb4f2e05555768ba65819cd55f03e?s=96&d=mm&r=g","contentUrl":"https:\/\/secure.gravatar.com\/avatar\/ecc491b489e454e510efffc9b23c1052ce5fb4f2e05555768ba65819cd55f03e?s=96&d=mm&r=g","caption":"Hudson Pereira"}}]}},"_links":{"self":[{"href":"https:\/\/www.gaveanews.com\/index.php\/wp-json\/wp\/v2\/posts\/255247","targetHints":{"allow":["GET"]}}],"collection":[{"href":"https:\/\/www.gaveanews.com\/index.php\/wp-json\/wp\/v2\/posts"}],"about":[{"href":"https:\/\/www.gaveanews.com\/index.php\/wp-json\/wp\/v2\/types\/post"}],"author":[{"embeddable":true,"href":"https:\/\/www.gaveanews.com\/index.php\/wp-json\/wp\/v2\/users\/28"}],"replies":[{"embeddable":true,"href":"https:\/\/www.gaveanews.com\/index.php\/wp-json\/wp\/v2\/comments?post=255247"}],"version-history":[{"count":1,"href":"https:\/\/www.gaveanews.com\/index.php\/wp-json\/wp\/v2\/posts\/255247\/revisions"}],"predecessor-version":[{"id":255248,"href":"https:\/\/www.gaveanews.com\/index.php\/wp-json\/wp\/v2\/posts\/255247\/revisions\/255248"}],"wp:featuredmedia":[{"embeddable":true,"href":"https:\/\/www.gaveanews.com\/index.php\/wp-json\/wp\/v2\/media\/99564"}],"wp:attachment":[{"href":"https:\/\/www.gaveanews.com\/index.php\/wp-json\/wp\/v2\/media?parent=255247"}],"wp:term":[{"taxonomy":"category","embeddable":true,"href":"https:\/\/www.gaveanews.com\/index.php\/wp-json\/wp\/v2\/categories?post=255247"},{"taxonomy":"post_tag","embeddable":true,"href":"https:\/\/www.gaveanews.com\/index.php\/wp-json\/wp\/v2\/tags?post=255247"}],"curies":[{"name":"wp","href":"https:\/\/api.w.org\/{rel}","templated":true}]}}