{"id":255249,"date":"2025-04-18T21:40:00","date_gmt":"2025-04-19T00:40:00","guid":{"rendered":"https:\/\/www.gaveanews.com\/?p=255249"},"modified":"2025-04-18T17:58:49","modified_gmt":"2025-04-18T20:58:49","slug":"ana-thais-critica-e-manda-recado-para-fabinho-soldado-no-corinthians","status":"publish","type":"post","link":"https:\/\/www.gaveanews.com\/index.php\/2025\/04\/18\/ana-thais-critica-e-manda-recado-para-fabinho-soldado-no-corinthians\/","title":{"rendered":"Ana Tha\u00eds critica e manda recado para Fabinho Soldado no Corinthians"},"content":{"rendered":"\n<p>O Corinthians anunciou oficialmente a sa\u00edda do t\u00e9cnico Ram\u00f3n D\u00edaz do comando da equipe na tarde desta \u00faltima quinta-feira (17). <\/p>\n\n\n\n<p>O treinador argentino permaneceu no cargo por aproximadamente oito meses, portanto, sua passagem pelo clube chega ao fim neste momento. Durante seu per\u00edodo no comando, D\u00edaz acumulou um registro de 31 vit\u00f3rias, al\u00e9m de 16 empates e 13 derrotas.<\/p>\n\n\n\n<p>A decis\u00e3o da diretoria ocorreu ap\u00f3s a derrota da equipe para o Fluminense em casa, v\u00e1lida pela quarta rodada do Brasileir\u00e3o. Consequentemente, esse resultado intensificou as cr\u00edticas sobre o trabalho do t\u00e9cnico, visto que o Tim\u00e3o ocupa agora a 13\u00aa posi\u00e7\u00e3o na tabela, somando apenas quatro pontos.<\/p>\n\n\n\n<h2 class=\"wp-block-heading\" id=\"h-diretoria-busca-novo-comandante\">Diretoria busca novo comandante<\/h2>\n\n\n\n<p>Diante desse cen\u00e1rio, a comentarista Ana Tha\u00eds Matos, pertencente ao Grupo Globo, expressou sua opini\u00e3o sobre a busca do clube por um substituto. Ela destacou a necessidade de a diretoria, particularmente o executivo de futebol Fabinho Soldado, realizar uma escolha criteriosa para o pr\u00f3ximo comandante alvinegro.<\/p>\n\n\n\n<p>Conforme publicou em suas redes sociais, Ana Tha\u00eds Matos declarou: \u201cAgora a diretoria, principalmente o Fabinho Soldado, precisam saber um pouquinho mais do universo do Corinthians para contratar comiss\u00e3o t\u00e9cnica. N\u00e3o \u00e9 porque ele viu de perto num time que vai servir em outro. E \u00e9 a\u00ed que mora outro perigo pro Corinthians\u201c.<\/p>\n\n\n\n<figure class=\"wp-block-image size-full\"><img loading=\"lazy\" decoding=\"async\" width=\"1024\" height=\"682\" src=\"http:\/\/www.gaveanews.com\/wp-content\/uploads\/Fabinho-Soldado-durante-coletiva-do-Corinthians.webp\" alt=\"\" class=\"wp-image-207952\" srcset=\"https:\/\/www.gaveanews.com\/wp-content\/uploads\/Fabinho-Soldado-durante-coletiva-do-Corinthians.webp 1024w, https:\/\/www.gaveanews.com\/wp-content\/uploads\/Fabinho-Soldado-durante-coletiva-do-Corinthians-300x200.webp 300w, https:\/\/www.gaveanews.com\/wp-content\/uploads\/Fabinho-Soldado-durante-coletiva-do-Corinthians-768x512.webp 768w, https:\/\/www.gaveanews.com\/wp-content\/uploads\/Fabinho-Soldado-durante-coletiva-do-Corinthians-631x420.webp 631w, https:\/\/www.gaveanews.com\/wp-content\/uploads\/Fabinho-Soldado-durante-coletiva-do-Corinthians-640x426.webp 640w, https:\/\/www.gaveanews.com\/wp-content\/uploads\/Fabinho-Soldado-durante-coletiva-do-Corinthians-681x454.webp 681w, https:\/\/www.gaveanews.com\/wp-content\/uploads\/Fabinho-Soldado-durante-coletiva-do-Corinthians-1022x682.webp 1022w, https:\/\/www.gaveanews.com\/wp-content\/uploads\/Fabinho-Soldado-durante-coletiva-do-Corinthians-100x67.webp 100w\" sizes=\"auto, (max-width: 1024px) 100vw, 1024px\" \/><figcaption class=\"wp-element-caption\">Fabinho Soldado durante coletiva do Corinthians (Foto: Rodrigo Coca\/Ag\u00eancia Corinthians)<\/figcaption><\/figure>\n\n\n\n<h2 class=\"wp-block-heading\" id=\"h-dorival-junior-surge-como-favorito\">Dorival J\u00fanior surge como favorito<\/h2>\n\n\n\n<p>De acordo com informa\u00e7\u00f5es publicadas pelo portal UOL Esporte, o nome de Dorival J\u00fanior desponta como o principal candidato para suceder Ram\u00f3n D\u00edaz no Corinthians.<\/p>\n\n\n\n<p>Embora inicialmente n\u00e3o parecesse inclinado a aceitar um novo trabalho t\u00e3o cedo, espera-se que Dorival seja confirmado como o novo treinador do time do Parque S\u00e3o Jorge nas pr\u00f3ximas horas.<\/p>\n\n\n\n<p>O t\u00e9cnico aceitou o novo desafio mesmo ap\u00f3s sua recente sa\u00edda do comando da Sele\u00e7\u00e3o Brasileira. Ademais, fontes internas do Corinthians indicam que a diretoria j\u00e1 via Dorival J\u00fanior com bons olhos h\u00e1 bastante tempo, o que refor\u00e7a sua candidatura ao posto.<\/p>\n","protected":false},"excerpt":{"rendered":"<p>O Corinthians anunciou oficialmente a sa\u00edda do t\u00e9cnico Ram\u00f3n D\u00edaz do comando da equipe na tarde desta \u00faltima quinta-feira (17). O treinador argentino permaneceu no cargo por aproximadamente oito meses, portanto, sua passagem pelo clube chega ao fim neste momento. Durante seu per\u00edodo no comando, D\u00edaz acumulou um registro de 31 vit\u00f3rias, al\u00e9m de 16 [&hellip;]<\/p>\n","protected":false},"author":28,"featured_media":55460,"comment_status":"open","ping_status":"closed","sticky":false,"template":"","format":"standard","meta":{"footnotes":""},"categories":[141],"tags":[],"class_list":["post-255249","post","type-post","status-publish","format-standard","has-post-thumbnail","hentry","category-corinthians"],"yoast_head":"<!-- This site is optimized with the Yoast SEO Premium plugin v24.2 (Yoast SEO v26.9) - https:\/\/yoast.com\/product\/yoast-seo-premium-wordpress\/ -->\n<title>Ana Tha\u00eds critica e manda recado para Fabinho Soldado no Corinthians<\/title>\n<meta name=\"robots\" content=\"index, follow, max-snippet:-1, max-image-preview:large, max-video-preview:-1\" \/>\n<link rel=\"canonical\" href=\"https:\/\/www.gaveanews.com\/index.php\/2025\/04\/18\/ana-thais-critica-e-manda-recado-para-fabinho-soldado-no-corinthians\/\" \/>\n<meta property=\"og:locale\" content=\"pt_BR\" \/>\n<meta property=\"og:type\" content=\"article\" \/>\n<meta property=\"og:title\" content=\"Ana Tha\u00eds critica e manda recado para Fabinho Soldado no Corinthians\" \/>\n<meta property=\"og:description\" content=\"O Corinthians anunciou oficialmente a sa\u00edda do t\u00e9cnico Ram\u00f3n D\u00edaz do comando da equipe na tarde desta \u00faltima quinta-feira (17). O treinador argentino permaneceu no cargo por aproximadamente oito meses, portanto, sua passagem pelo clube chega ao fim neste momento. Durante seu per\u00edodo no comando, D\u00edaz acumulou um registro de 31 vit\u00f3rias, al\u00e9m de 16 [&hellip;]\" \/>\n<meta property=\"og:url\" content=\"https:\/\/www.gaveanews.com\/index.php\/2025\/04\/18\/ana-thais-critica-e-manda-recado-para-fabinho-soldado-no-corinthians\/\" \/>\n<meta property=\"og:site_name\" content=\"G\u00e1vea News\" \/>\n<meta property=\"article:publisher\" content=\"https:\/\/facebook.com\/gaveaNews\/\" \/>\n<meta property=\"article:published_time\" content=\"2025-04-19T00:40:00+00:00\" \/>\n<meta property=\"og:image\" content=\"https:\/\/www.gaveanews.com\/wp-content\/uploads\/Ana-Thais-Matos-jornalista-do-Sportv.webp\" \/>\n\t<meta property=\"og:image:width\" content=\"1366\" \/>\n\t<meta property=\"og:image:height\" content=\"769\" \/>\n\t<meta property=\"og:image:type\" content=\"image\/jpeg\" \/>\n<meta name=\"author\" content=\"Hudson Pereira\" \/>\n<meta name=\"twitter:card\" content=\"summary_large_image\" \/>\n<meta name=\"twitter:label1\" content=\"Escrito por\" \/>\n\t<meta name=\"twitter:data1\" content=\"Hudson Pereira\" \/>\n\t<meta name=\"twitter:label2\" content=\"Est. tempo de leitura\" \/>\n\t<meta name=\"twitter:data2\" content=\"3 minutos\" \/>\n<script type=\"application\/ld+json\" class=\"yoast-schema-graph\">{\"@context\":\"https:\/\/schema.org\",\"@graph\":[{\"@type\":\"NewsArticle\",\"@id\":\"https:\/\/www.gaveanews.com\/index.php\/2025\/04\/18\/ana-thais-critica-e-manda-recado-para-fabinho-soldado-no-corinthians\/#article\",\"isPartOf\":{\"@id\":\"https:\/\/www.gaveanews.com\/index.php\/2025\/04\/18\/ana-thais-critica-e-manda-recado-para-fabinho-soldado-no-corinthians\/\"},\"author\":{\"name\":\"Hudson Pereira\",\"@id\":\"https:\/\/www.gaveanews.com\/#\/schema\/person\/bd08f00534b403119b92741a6d469ef0\"},\"headline\":\"Ana Tha\u00eds critica e manda recado para Fabinho Soldado no Corinthians\",\"datePublished\":\"2025-04-19T00:40:00+00:00\",\"mainEntityOfPage\":{\"@id\":\"https:\/\/www.gaveanews.com\/index.php\/2025\/04\/18\/ana-thais-critica-e-manda-recado-para-fabinho-soldado-no-corinthians\/\"},\"wordCount\":367,\"commentCount\":0,\"image\":{\"@id\":\"https:\/\/www.gaveanews.com\/index.php\/2025\/04\/18\/ana-thais-critica-e-manda-recado-para-fabinho-soldado-no-corinthians\/#primaryimage\"},\"thumbnailUrl\":\"https:\/\/www.gaveanews.com\/wp-content\/uploads\/Ana-Thais-Matos-jornalista-do-Sportv.webp\",\"articleSection\":[\"Corinthians\"],\"inLanguage\":\"pt-BR\",\"potentialAction\":[{\"@type\":\"CommentAction\",\"name\":\"Comment\",\"target\":[\"https:\/\/www.gaveanews.com\/index.php\/2025\/04\/18\/ana-thais-critica-e-manda-recado-para-fabinho-soldado-no-corinthians\/#respond\"]}],\"copyrightYear\":\"2025\",\"copyrightHolder\":{\"@id\":\"https:\/\/www.gaveanews.com\/#organization\"}},{\"@type\":\"WebPage\",\"@id\":\"https:\/\/www.gaveanews.com\/index.php\/2025\/04\/18\/ana-thais-critica-e-manda-recado-para-fabinho-soldado-no-corinthians\/\",\"url\":\"https:\/\/www.gaveanews.com\/index.php\/2025\/04\/18\/ana-thais-critica-e-manda-recado-para-fabinho-soldado-no-corinthians\/\",\"name\":\"Ana Tha\u00eds critica e manda recado para Fabinho Soldado no Corinthians\",\"isPartOf\":{\"@id\":\"https:\/\/www.gaveanews.com\/#website\"},\"primaryImageOfPage\":{\"@id\":\"https:\/\/www.gaveanews.com\/index.php\/2025\/04\/18\/ana-thais-critica-e-manda-recado-para-fabinho-soldado-no-corinthians\/#primaryimage\"},\"image\":{\"@id\":\"https:\/\/www.gaveanews.com\/index.php\/2025\/04\/18\/ana-thais-critica-e-manda-recado-para-fabinho-soldado-no-corinthians\/#primaryimage\"},\"thumbnailUrl\":\"https:\/\/www.gaveanews.com\/wp-content\/uploads\/Ana-Thais-Matos-jornalista-do-Sportv.webp\",\"datePublished\":\"2025-04-19T00:40:00+00:00\",\"author\":{\"@id\":\"https:\/\/www.gaveanews.com\/#\/schema\/person\/bd08f00534b403119b92741a6d469ef0\"},\"breadcrumb\":{\"@id\":\"https:\/\/www.gaveanews.com\/index.php\/2025\/04\/18\/ana-thais-critica-e-manda-recado-para-fabinho-soldado-no-corinthians\/#breadcrumb\"},\"inLanguage\":\"pt-BR\",\"potentialAction\":[{\"@type\":\"ReadAction\",\"target\":[\"https:\/\/www.gaveanews.com\/index.php\/2025\/04\/18\/ana-thais-critica-e-manda-recado-para-fabinho-soldado-no-corinthians\/\"]}]},{\"@type\":\"ImageObject\",\"inLanguage\":\"pt-BR\",\"@id\":\"https:\/\/www.gaveanews.com\/index.php\/2025\/04\/18\/ana-thais-critica-e-manda-recado-para-fabinho-soldado-no-corinthians\/#primaryimage\",\"url\":\"https:\/\/www.gaveanews.com\/wp-content\/uploads\/Ana-Thais-Matos-jornalista-do-Sportv.webp\",\"contentUrl\":\"https:\/\/www.gaveanews.com\/wp-content\/uploads\/Ana-Thais-Matos-jornalista-do-Sportv.webp\",\"width\":1366,\"height\":769,\"caption\":\"Ana Thais Mattos, jornalista do Sportv (Foto: Reprodu\u00e7\u00e3o)\"},{\"@type\":\"BreadcrumbList\",\"@id\":\"https:\/\/www.gaveanews.com\/index.php\/2025\/04\/18\/ana-thais-critica-e-manda-recado-para-fabinho-soldado-no-corinthians\/#breadcrumb\",\"itemListElement\":[{\"@type\":\"ListItem\",\"position\":1,\"name\":\"Home\",\"item\":\"https:\/\/www.gaveanews.com\/\"},{\"@type\":\"ListItem\",\"position\":2,\"name\":\"Ana Tha\u00eds critica e manda recado para Fabinho Soldado no Corinthians\"}]},{\"@type\":\"WebSite\",\"@id\":\"https:\/\/www.gaveanews.com\/#website\",\"url\":\"https:\/\/www.gaveanews.com\/\",\"name\":\"G\u00e1vea News\",\"description\":\"Veja todas as not\u00edcias sobre o Flamengo: Contrata\u00e7\u00f5es, categorias de base, resultados das partidas, tabela de classifica\u00e7\u00e3o, pr\u00f3ximos jogos!\",\"potentialAction\":[{\"@type\":\"SearchAction\",\"target\":{\"@type\":\"EntryPoint\",\"urlTemplate\":\"https:\/\/www.gaveanews.com\/?s={search_term_string}\"},\"query-input\":{\"@type\":\"PropertyValueSpecification\",\"valueRequired\":true,\"valueName\":\"search_term_string\"}}],\"inLanguage\":\"pt-BR\"},{\"@type\":\"Person\",\"@id\":\"https:\/\/www.gaveanews.com\/#\/schema\/person\/bd08f00534b403119b92741a6d469ef0\",\"name\":\"Hudson Pereira\",\"image\":{\"@type\":\"ImageObject\",\"inLanguage\":\"pt-BR\",\"@id\":\"https:\/\/www.gaveanews.com\/#\/schema\/person\/image\/\",\"url\":\"https:\/\/secure.gravatar.com\/avatar\/ecc491b489e454e510efffc9b23c1052ce5fb4f2e05555768ba65819cd55f03e?s=96&d=mm&r=g\",\"contentUrl\":\"https:\/\/secure.gravatar.com\/avatar\/ecc491b489e454e510efffc9b23c1052ce5fb4f2e05555768ba65819cd55f03e?s=96&d=mm&r=g\",\"caption\":\"Hudson Pereira\"}}]}<\/script>\n<!-- \/ Yoast SEO Premium plugin. -->","yoast_head_json":{"title":"Ana Tha\u00eds critica e manda recado para Fabinho Soldado no Corinthians","robots":{"index":"index","follow":"follow","max-snippet":"max-snippet:-1","max-image-preview":"max-image-preview:large","max-video-preview":"max-video-preview:-1"},"canonical":"https:\/\/www.gaveanews.com\/index.php\/2025\/04\/18\/ana-thais-critica-e-manda-recado-para-fabinho-soldado-no-corinthians\/","og_locale":"pt_BR","og_type":"article","og_title":"Ana Tha\u00eds critica e manda recado para Fabinho Soldado no Corinthians","og_description":"O Corinthians anunciou oficialmente a sa\u00edda do t\u00e9cnico Ram\u00f3n D\u00edaz do comando da equipe na tarde desta \u00faltima quinta-feira (17). O treinador argentino permaneceu no cargo por aproximadamente oito meses, portanto, sua passagem pelo clube chega ao fim neste momento. Durante seu per\u00edodo no comando, D\u00edaz acumulou um registro de 31 vit\u00f3rias, al\u00e9m de 16 [&hellip;]","og_url":"https:\/\/www.gaveanews.com\/index.php\/2025\/04\/18\/ana-thais-critica-e-manda-recado-para-fabinho-soldado-no-corinthians\/","og_site_name":"G\u00e1vea News","article_publisher":"https:\/\/facebook.com\/gaveaNews\/","article_published_time":"2025-04-19T00:40:00+00:00","og_image":[{"width":1366,"height":769,"url":"https:\/\/www.gaveanews.com\/wp-content\/uploads\/Ana-Thais-Matos-jornalista-do-Sportv.webp","type":"image\/jpeg"}],"author":"Hudson Pereira","twitter_card":"summary_large_image","twitter_misc":{"Escrito por":"Hudson Pereira","Est. tempo de leitura":"3 minutos"},"schema":{"@context":"https:\/\/schema.org","@graph":[{"@type":"NewsArticle","@id":"https:\/\/www.gaveanews.com\/index.php\/2025\/04\/18\/ana-thais-critica-e-manda-recado-para-fabinho-soldado-no-corinthians\/#article","isPartOf":{"@id":"https:\/\/www.gaveanews.com\/index.php\/2025\/04\/18\/ana-thais-critica-e-manda-recado-para-fabinho-soldado-no-corinthians\/"},"author":{"name":"Hudson Pereira","@id":"https:\/\/www.gaveanews.com\/#\/schema\/person\/bd08f00534b403119b92741a6d469ef0"},"headline":"Ana Tha\u00eds critica e manda recado para Fabinho Soldado no Corinthians","datePublished":"2025-04-19T00:40:00+00:00","mainEntityOfPage":{"@id":"https:\/\/www.gaveanews.com\/index.php\/2025\/04\/18\/ana-thais-critica-e-manda-recado-para-fabinho-soldado-no-corinthians\/"},"wordCount":367,"commentCount":0,"image":{"@id":"https:\/\/www.gaveanews.com\/index.php\/2025\/04\/18\/ana-thais-critica-e-manda-recado-para-fabinho-soldado-no-corinthians\/#primaryimage"},"thumbnailUrl":"https:\/\/www.gaveanews.com\/wp-content\/uploads\/Ana-Thais-Matos-jornalista-do-Sportv.webp","articleSection":["Corinthians"],"inLanguage":"pt-BR","potentialAction":[{"@type":"CommentAction","name":"Comment","target":["https:\/\/www.gaveanews.com\/index.php\/2025\/04\/18\/ana-thais-critica-e-manda-recado-para-fabinho-soldado-no-corinthians\/#respond"]}],"copyrightYear":"2025","copyrightHolder":{"@id":"https:\/\/www.gaveanews.com\/#organization"}},{"@type":"WebPage","@id":"https:\/\/www.gaveanews.com\/index.php\/2025\/04\/18\/ana-thais-critica-e-manda-recado-para-fabinho-soldado-no-corinthians\/","url":"https:\/\/www.gaveanews.com\/index.php\/2025\/04\/18\/ana-thais-critica-e-manda-recado-para-fabinho-soldado-no-corinthians\/","name":"Ana Tha\u00eds critica e manda recado para Fabinho Soldado no Corinthians","isPartOf":{"@id":"https:\/\/www.gaveanews.com\/#website"},"primaryImageOfPage":{"@id":"https:\/\/www.gaveanews.com\/index.php\/2025\/04\/18\/ana-thais-critica-e-manda-recado-para-fabinho-soldado-no-corinthians\/#primaryimage"},"image":{"@id":"https:\/\/www.gaveanews.com\/index.php\/2025\/04\/18\/ana-thais-critica-e-manda-recado-para-fabinho-soldado-no-corinthians\/#primaryimage"},"thumbnailUrl":"https:\/\/www.gaveanews.com\/wp-content\/uploads\/Ana-Thais-Matos-jornalista-do-Sportv.webp","datePublished":"2025-04-19T00:40:00+00:00","author":{"@id":"https:\/\/www.gaveanews.com\/#\/schema\/person\/bd08f00534b403119b92741a6d469ef0"},"breadcrumb":{"@id":"https:\/\/www.gaveanews.com\/index.php\/2025\/04\/18\/ana-thais-critica-e-manda-recado-para-fabinho-soldado-no-corinthians\/#breadcrumb"},"inLanguage":"pt-BR","potentialAction":[{"@type":"ReadAction","target":["https:\/\/www.gaveanews.com\/index.php\/2025\/04\/18\/ana-thais-critica-e-manda-recado-para-fabinho-soldado-no-corinthians\/"]}]},{"@type":"ImageObject","inLanguage":"pt-BR","@id":"https:\/\/www.gaveanews.com\/index.php\/2025\/04\/18\/ana-thais-critica-e-manda-recado-para-fabinho-soldado-no-corinthians\/#primaryimage","url":"https:\/\/www.gaveanews.com\/wp-content\/uploads\/Ana-Thais-Matos-jornalista-do-Sportv.webp","contentUrl":"https:\/\/www.gaveanews.com\/wp-content\/uploads\/Ana-Thais-Matos-jornalista-do-Sportv.webp","width":1366,"height":769,"caption":"Ana Thais Mattos, jornalista do Sportv (Foto: Reprodu\u00e7\u00e3o)"},{"@type":"BreadcrumbList","@id":"https:\/\/www.gaveanews.com\/index.php\/2025\/04\/18\/ana-thais-critica-e-manda-recado-para-fabinho-soldado-no-corinthians\/#breadcrumb","itemListElement":[{"@type":"ListItem","position":1,"name":"Home","item":"https:\/\/www.gaveanews.com\/"},{"@type":"ListItem","position":2,"name":"Ana Tha\u00eds critica e manda recado para Fabinho Soldado no Corinthians"}]},{"@type":"WebSite","@id":"https:\/\/www.gaveanews.com\/#website","url":"https:\/\/www.gaveanews.com\/","name":"G\u00e1vea News","description":"Veja todas as not\u00edcias sobre o Flamengo: Contrata\u00e7\u00f5es, categorias de base, resultados das partidas, tabela de classifica\u00e7\u00e3o, pr\u00f3ximos jogos!","potentialAction":[{"@type":"SearchAction","target":{"@type":"EntryPoint","urlTemplate":"https:\/\/www.gaveanews.com\/?s={search_term_string}"},"query-input":{"@type":"PropertyValueSpecification","valueRequired":true,"valueName":"search_term_string"}}],"inLanguage":"pt-BR"},{"@type":"Person","@id":"https:\/\/www.gaveanews.com\/#\/schema\/person\/bd08f00534b403119b92741a6d469ef0","name":"Hudson Pereira","image":{"@type":"ImageObject","inLanguage":"pt-BR","@id":"https:\/\/www.gaveanews.com\/#\/schema\/person\/image\/","url":"https:\/\/secure.gravatar.com\/avatar\/ecc491b489e454e510efffc9b23c1052ce5fb4f2e05555768ba65819cd55f03e?s=96&d=mm&r=g","contentUrl":"https:\/\/secure.gravatar.com\/avatar\/ecc491b489e454e510efffc9b23c1052ce5fb4f2e05555768ba65819cd55f03e?s=96&d=mm&r=g","caption":"Hudson Pereira"}}]}},"_links":{"self":[{"href":"https:\/\/www.gaveanews.com\/index.php\/wp-json\/wp\/v2\/posts\/255249","targetHints":{"allow":["GET"]}}],"collection":[{"href":"https:\/\/www.gaveanews.com\/index.php\/wp-json\/wp\/v2\/posts"}],"about":[{"href":"https:\/\/www.gaveanews.com\/index.php\/wp-json\/wp\/v2\/types\/post"}],"author":[{"embeddable":true,"href":"https:\/\/www.gaveanews.com\/index.php\/wp-json\/wp\/v2\/users\/28"}],"replies":[{"embeddable":true,"href":"https:\/\/www.gaveanews.com\/index.php\/wp-json\/wp\/v2\/comments?post=255249"}],"version-history":[{"count":1,"href":"https:\/\/www.gaveanews.com\/index.php\/wp-json\/wp\/v2\/posts\/255249\/revisions"}],"predecessor-version":[{"id":255250,"href":"https:\/\/www.gaveanews.com\/index.php\/wp-json\/wp\/v2\/posts\/255249\/revisions\/255250"}],"wp:featuredmedia":[{"embeddable":true,"href":"https:\/\/www.gaveanews.com\/index.php\/wp-json\/wp\/v2\/media\/55460"}],"wp:attachment":[{"href":"https:\/\/www.gaveanews.com\/index.php\/wp-json\/wp\/v2\/media?parent=255249"}],"wp:term":[{"taxonomy":"category","embeddable":true,"href":"https:\/\/www.gaveanews.com\/index.php\/wp-json\/wp\/v2\/categories?post=255249"},{"taxonomy":"post_tag","embeddable":true,"href":"https:\/\/www.gaveanews.com\/index.php\/wp-json\/wp\/v2\/tags?post=255249"}],"curies":[{"name":"wp","href":"https:\/\/api.w.org\/{rel}","templated":true}]}}