{"id":255251,"date":"2025-04-18T08:30:00","date_gmt":"2025-04-18T11:30:00","guid":{"rendered":"https:\/\/www.gaveanews.com\/?p=255251"},"modified":"2025-04-18T08:25:13","modified_gmt":"2025-04-18T11:25:13","slug":"felipe-melo-lanca-livro-sobre-carreira","status":"publish","type":"post","link":"https:\/\/www.gaveanews.com\/index.php\/2025\/04\/18\/felipe-melo-lanca-livro-sobre-carreira\/","title":{"rendered":"Felipe Melo lan\u00e7a livro sobre carreira"},"content":{"rendered":"\n<p>O ex-jogador Felipe Melo, atualmente comentarista esportivo e em processo de forma\u00e7\u00e3o para se tornar treinador, celebrou sua trajet\u00f3ria no futebol com o lan\u00e7amento simult\u00e2neo de um livro e uma exposi\u00e7\u00e3o. O evento ocorreu nessa quinta-feira (17), em Volta Redonda, cidade onde o ex-volante nasceu e passou boa parte da inf\u00e2ncia.<\/p>\n\n\n\n<p>A celebra\u00e7\u00e3o foi marcada pela apresenta\u00e7\u00e3o da exposi\u00e7\u00e3o &#8220;Sonhar, Profetizar e Realizar&#8221;, acompanhada da divulga\u00e7\u00e3o do livro autobiogr\u00e1fico intitulado <em>&#8220;O que me fez tricampe\u00e3o&#8221;<\/em>. Ambos os projetos destacam os momentos mais emblem\u00e1ticos da carreira do jogador, especialmente os t\u00edtulos conquistados na Conmebol Libertadores por Palmeiras (2020 e 2021) e Fluminense (2023).<\/p>\n\n\n\n<p>Durante a cerim\u00f4nia, que reuniu familiares, convidados e autoridades locais, duas camisas autografadas por Felipe Melo foram leiloadas. O valor arrecadado, juntamente com parte da receita da venda dos livros, ser\u00e1 destinado ao Hospital M\u00e1rio Kroeff, institui\u00e7\u00e3o de refer\u00eancia no tratamento oncol\u00f3gico, situada no Rio de Janeiro. A noite tamb\u00e9m contou com a exibi\u00e7\u00e3o de um document\u00e1rio que percorre a trajet\u00f3ria do atleta, al\u00e9m da exposi\u00e7\u00e3o de r\u00e9plicas de trof\u00e9us e camisas utilizadas ao longo de sua carreira.<\/p>\n\n\n\n<h2 class=\"wp-block-heading\" id=\"h-carreira-marcada-por-conquistas-e-lideranca\">Carreira marcada por conquistas e lideran\u00e7a<\/h2>\n\n\n\n<p>Felipe Melo, que completou 41 anos, iniciou sua carreira profissional em 2001, foi revelado pelas categorias de base do Flamengo. Atuou ainda por Cruzeiro, Gr\u00eamio, Mallorca, Racing Santander, Almer\u00eda, Fiorentina, Juventus, Galatasaray, Inter de Mil\u00e3o, Palmeiras e Fluminense. Tamb\u00e9m teve passagem marcante pela Sele\u00e7\u00e3o Brasileira, com participa\u00e7\u00e3o na Copa do Mundo de 2010, disputada na \u00c1frica do Sul.<\/p>\n\n\n\n<p>Conforme destacado nas mostras e no livro, sua passagem pelo Fluminense, entre 2022 e 2024, rendeu 108 partidas, com 68 vit\u00f3rias, 16 empates e 24 derrotas \u2014 desempenho que lhe garantiu um aproveitamento de 67,9%. Nesse per\u00edodo, marcou tr\u00eas gols e conquistou os t\u00edtulos do Campeonato Carioca em 2022 e 2023, da Libertadores em 2023 e da Recopa Sul-Americana em 2024.<\/p>\n\n\n\n<p>Ali\u00e1s, Felipe Melo fez quest\u00e3o de relembrar o papel decisivo da fam\u00edlia em sua trajet\u00f3ria. \u201cQuero agradecer primeiro a Deus. Eu era apenas um sonhador, com dois her\u00f3is na minha vida: meu pai e minha m\u00e3e. Gra\u00e7as a eles eu me tornei atleta profissional\u201d, afirmou emocionado.<\/p>\n\n\n\n<h2 class=\"wp-block-heading\" id=\"h-transicao-para-a-beira-do-campo\">Transi\u00e7\u00e3o para a beira do campo<\/h2>\n\n\n\n<p>Apesar da aposentadoria recente, o ex-volante j\u00e1 vislumbra novos passos dentro do futebol. Atualmente, Felipe atua como comentarista no canal SporTV e tamb\u00e9m se dedica aos estudos para se tornar t\u00e9cnico profissional. Ele finaliza os cursos exigidos pela CBF, a fim de iniciar em breve sua caminhada \u00e0 beira do gramado.<\/p>\n\n\n\n<p><\/p>\n","protected":false},"excerpt":{"rendered":"<p>O ex-jogador Felipe Melo, atualmente comentarista esportivo e em processo de forma\u00e7\u00e3o para se tornar treinador, celebrou sua trajet\u00f3ria no futebol com o lan\u00e7amento simult\u00e2neo de um livro e uma exposi\u00e7\u00e3o. O evento ocorreu nessa quinta-feira (17), em Volta Redonda, cidade onde o ex-volante nasceu e passou boa parte da inf\u00e2ncia. A celebra\u00e7\u00e3o foi marcada [&hellip;]<\/p>\n","protected":false},"author":30,"featured_media":105430,"comment_status":"open","ping_status":"closed","sticky":false,"template":"","format":"standard","meta":{"footnotes":""},"categories":[81,145,150],"tags":[],"class_list":["post-255251","post","type-post","status-publish","format-standard","has-post-thumbnail","hentry","category-celebridades","category-fluminense","category-palmeiras"],"yoast_head":"<!-- This site is optimized with the Yoast SEO Premium plugin v24.2 (Yoast SEO v26.9) - https:\/\/yoast.com\/product\/yoast-seo-premium-wordpress\/ -->\n<title>Felipe Melo lan\u00e7a livro sobre carreira<\/title>\n<meta name=\"robots\" content=\"index, follow, max-snippet:-1, max-image-preview:large, max-video-preview:-1\" \/>\n<link rel=\"canonical\" href=\"https:\/\/www.gaveanews.com\/index.php\/2025\/04\/18\/felipe-melo-lanca-livro-sobre-carreira\/\" \/>\n<meta property=\"og:locale\" content=\"pt_BR\" \/>\n<meta property=\"og:type\" content=\"article\" \/>\n<meta property=\"og:title\" content=\"Felipe Melo lan\u00e7a livro sobre carreira\" \/>\n<meta property=\"og:description\" content=\"O ex-jogador Felipe Melo, atualmente comentarista esportivo e em processo de forma\u00e7\u00e3o para se tornar treinador, celebrou sua trajet\u00f3ria no futebol com o lan\u00e7amento simult\u00e2neo de um livro e uma exposi\u00e7\u00e3o. O evento ocorreu nessa quinta-feira (17), em Volta Redonda, cidade onde o ex-volante nasceu e passou boa parte da inf\u00e2ncia. A celebra\u00e7\u00e3o foi marcada [&hellip;]\" \/>\n<meta property=\"og:url\" content=\"https:\/\/www.gaveanews.com\/index.php\/2025\/04\/18\/felipe-melo-lanca-livro-sobre-carreira\/\" \/>\n<meta property=\"og:site_name\" content=\"G\u00e1vea News\" \/>\n<meta property=\"article:publisher\" content=\"https:\/\/facebook.com\/gaveaNews\/\" \/>\n<meta property=\"article:published_time\" content=\"2025-04-18T11:30:00+00:00\" \/>\n<meta property=\"og:image\" content=\"https:\/\/www.gaveanews.com\/wp-content\/uploads\/felipe-melo-fluminense.webp\" \/>\n\t<meta property=\"og:image:width\" content=\"640\" \/>\n\t<meta property=\"og:image:height\" content=\"400\" \/>\n\t<meta property=\"og:image:type\" content=\"image\/webp\" \/>\n<meta name=\"author\" content=\"Ana Teixeira\" \/>\n<meta name=\"twitter:card\" content=\"summary_large_image\" \/>\n<meta name=\"twitter:label1\" content=\"Escrito por\" \/>\n\t<meta name=\"twitter:data1\" content=\"Ana Teixeira\" \/>\n\t<meta name=\"twitter:label2\" content=\"Est. tempo de leitura\" \/>\n\t<meta name=\"twitter:data2\" content=\"3 minutos\" \/>\n<script type=\"application\/ld+json\" class=\"yoast-schema-graph\">{\"@context\":\"https:\/\/schema.org\",\"@graph\":[{\"@type\":\"NewsArticle\",\"@id\":\"https:\/\/www.gaveanews.com\/index.php\/2025\/04\/18\/felipe-melo-lanca-livro-sobre-carreira\/#article\",\"isPartOf\":{\"@id\":\"https:\/\/www.gaveanews.com\/index.php\/2025\/04\/18\/felipe-melo-lanca-livro-sobre-carreira\/\"},\"author\":{\"name\":\"Ana Teixeira\",\"@id\":\"https:\/\/www.gaveanews.com\/#\/schema\/person\/3b19f7288b0ce20372991275e4f2e6c2\"},\"headline\":\"Felipe Melo lan\u00e7a livro sobre carreira\",\"datePublished\":\"2025-04-18T11:30:00+00:00\",\"mainEntityOfPage\":{\"@id\":\"https:\/\/www.gaveanews.com\/index.php\/2025\/04\/18\/felipe-melo-lanca-livro-sobre-carreira\/\"},\"wordCount\":443,\"commentCount\":0,\"image\":{\"@id\":\"https:\/\/www.gaveanews.com\/index.php\/2025\/04\/18\/felipe-melo-lanca-livro-sobre-carreira\/#primaryimage\"},\"thumbnailUrl\":\"https:\/\/www.gaveanews.com\/wp-content\/uploads\/felipe-melo-fluminense.webp\",\"articleSection\":[\"Celebridades\",\"Fluminense\",\"Palmeiras\"],\"inLanguage\":\"pt-BR\",\"potentialAction\":[{\"@type\":\"CommentAction\",\"name\":\"Comment\",\"target\":[\"https:\/\/www.gaveanews.com\/index.php\/2025\/04\/18\/felipe-melo-lanca-livro-sobre-carreira\/#respond\"]}],\"copyrightYear\":\"2025\",\"copyrightHolder\":{\"@id\":\"https:\/\/www.gaveanews.com\/#organization\"}},{\"@type\":\"WebPage\",\"@id\":\"https:\/\/www.gaveanews.com\/index.php\/2025\/04\/18\/felipe-melo-lanca-livro-sobre-carreira\/\",\"url\":\"https:\/\/www.gaveanews.com\/index.php\/2025\/04\/18\/felipe-melo-lanca-livro-sobre-carreira\/\",\"name\":\"Felipe Melo lan\u00e7a livro sobre carreira\",\"isPartOf\":{\"@id\":\"https:\/\/www.gaveanews.com\/#website\"},\"primaryImageOfPage\":{\"@id\":\"https:\/\/www.gaveanews.com\/index.php\/2025\/04\/18\/felipe-melo-lanca-livro-sobre-carreira\/#primaryimage\"},\"image\":{\"@id\":\"https:\/\/www.gaveanews.com\/index.php\/2025\/04\/18\/felipe-melo-lanca-livro-sobre-carreira\/#primaryimage\"},\"thumbnailUrl\":\"https:\/\/www.gaveanews.com\/wp-content\/uploads\/felipe-melo-fluminense.webp\",\"datePublished\":\"2025-04-18T11:30:00+00:00\",\"author\":{\"@id\":\"https:\/\/www.gaveanews.com\/#\/schema\/person\/3b19f7288b0ce20372991275e4f2e6c2\"},\"breadcrumb\":{\"@id\":\"https:\/\/www.gaveanews.com\/index.php\/2025\/04\/18\/felipe-melo-lanca-livro-sobre-carreira\/#breadcrumb\"},\"inLanguage\":\"pt-BR\",\"potentialAction\":[{\"@type\":\"ReadAction\",\"target\":[\"https:\/\/www.gaveanews.com\/index.php\/2025\/04\/18\/felipe-melo-lanca-livro-sobre-carreira\/\"]}]},{\"@type\":\"ImageObject\",\"inLanguage\":\"pt-BR\",\"@id\":\"https:\/\/www.gaveanews.com\/index.php\/2025\/04\/18\/felipe-melo-lanca-livro-sobre-carreira\/#primaryimage\",\"url\":\"https:\/\/www.gaveanews.com\/wp-content\/uploads\/felipe-melo-fluminense.webp\",\"contentUrl\":\"https:\/\/www.gaveanews.com\/wp-content\/uploads\/felipe-melo-fluminense.webp\",\"width\":640,\"height\":400,\"caption\":\"Felipe Melo em a\u00e7\u00e3o pelo Fluminense (Foto: Marcelo Gon\u00e7alves\/Fluminense)\"},{\"@type\":\"BreadcrumbList\",\"@id\":\"https:\/\/www.gaveanews.com\/index.php\/2025\/04\/18\/felipe-melo-lanca-livro-sobre-carreira\/#breadcrumb\",\"itemListElement\":[{\"@type\":\"ListItem\",\"position\":1,\"name\":\"Home\",\"item\":\"https:\/\/www.gaveanews.com\/\"},{\"@type\":\"ListItem\",\"position\":2,\"name\":\"Felipe Melo lan\u00e7a livro sobre carreira\"}]},{\"@type\":\"WebSite\",\"@id\":\"https:\/\/www.gaveanews.com\/#website\",\"url\":\"https:\/\/www.gaveanews.com\/\",\"name\":\"G\u00e1vea News\",\"description\":\"Veja todas as not\u00edcias sobre o Flamengo: Contrata\u00e7\u00f5es, categorias de base, resultados das partidas, tabela de classifica\u00e7\u00e3o, pr\u00f3ximos jogos!\",\"potentialAction\":[{\"@type\":\"SearchAction\",\"target\":{\"@type\":\"EntryPoint\",\"urlTemplate\":\"https:\/\/www.gaveanews.com\/?s={search_term_string}\"},\"query-input\":{\"@type\":\"PropertyValueSpecification\",\"valueRequired\":true,\"valueName\":\"search_term_string\"}}],\"inLanguage\":\"pt-BR\"},{\"@type\":\"Person\",\"@id\":\"https:\/\/www.gaveanews.com\/#\/schema\/person\/3b19f7288b0ce20372991275e4f2e6c2\",\"name\":\"Ana Teixeira\",\"image\":{\"@type\":\"ImageObject\",\"inLanguage\":\"pt-BR\",\"@id\":\"https:\/\/www.gaveanews.com\/#\/schema\/person\/image\/\",\"url\":\"https:\/\/secure.gravatar.com\/avatar\/0a73f5a5258f3fed37fc2fa641892f3f7a4748456d4d4792f9bc550e6c19e06c?s=96&d=mm&r=g\",\"contentUrl\":\"https:\/\/secure.gravatar.com\/avatar\/0a73f5a5258f3fed37fc2fa641892f3f7a4748456d4d4792f9bc550e6c19e06c?s=96&d=mm&r=g\",\"caption\":\"Ana Teixeira\"}}]}<\/script>\n<!-- \/ Yoast SEO Premium plugin. -->","yoast_head_json":{"title":"Felipe Melo lan\u00e7a livro sobre carreira","robots":{"index":"index","follow":"follow","max-snippet":"max-snippet:-1","max-image-preview":"max-image-preview:large","max-video-preview":"max-video-preview:-1"},"canonical":"https:\/\/www.gaveanews.com\/index.php\/2025\/04\/18\/felipe-melo-lanca-livro-sobre-carreira\/","og_locale":"pt_BR","og_type":"article","og_title":"Felipe Melo lan\u00e7a livro sobre carreira","og_description":"O ex-jogador Felipe Melo, atualmente comentarista esportivo e em processo de forma\u00e7\u00e3o para se tornar treinador, celebrou sua trajet\u00f3ria no futebol com o lan\u00e7amento simult\u00e2neo de um livro e uma exposi\u00e7\u00e3o. O evento ocorreu nessa quinta-feira (17), em Volta Redonda, cidade onde o ex-volante nasceu e passou boa parte da inf\u00e2ncia. A celebra\u00e7\u00e3o foi marcada [&hellip;]","og_url":"https:\/\/www.gaveanews.com\/index.php\/2025\/04\/18\/felipe-melo-lanca-livro-sobre-carreira\/","og_site_name":"G\u00e1vea News","article_publisher":"https:\/\/facebook.com\/gaveaNews\/","article_published_time":"2025-04-18T11:30:00+00:00","og_image":[{"width":640,"height":400,"url":"https:\/\/www.gaveanews.com\/wp-content\/uploads\/felipe-melo-fluminense.webp","type":"image\/webp"}],"author":"Ana Teixeira","twitter_card":"summary_large_image","twitter_misc":{"Escrito por":"Ana Teixeira","Est. tempo de leitura":"3 minutos"},"schema":{"@context":"https:\/\/schema.org","@graph":[{"@type":"NewsArticle","@id":"https:\/\/www.gaveanews.com\/index.php\/2025\/04\/18\/felipe-melo-lanca-livro-sobre-carreira\/#article","isPartOf":{"@id":"https:\/\/www.gaveanews.com\/index.php\/2025\/04\/18\/felipe-melo-lanca-livro-sobre-carreira\/"},"author":{"name":"Ana Teixeira","@id":"https:\/\/www.gaveanews.com\/#\/schema\/person\/3b19f7288b0ce20372991275e4f2e6c2"},"headline":"Felipe Melo lan\u00e7a livro sobre carreira","datePublished":"2025-04-18T11:30:00+00:00","mainEntityOfPage":{"@id":"https:\/\/www.gaveanews.com\/index.php\/2025\/04\/18\/felipe-melo-lanca-livro-sobre-carreira\/"},"wordCount":443,"commentCount":0,"image":{"@id":"https:\/\/www.gaveanews.com\/index.php\/2025\/04\/18\/felipe-melo-lanca-livro-sobre-carreira\/#primaryimage"},"thumbnailUrl":"https:\/\/www.gaveanews.com\/wp-content\/uploads\/felipe-melo-fluminense.webp","articleSection":["Celebridades","Fluminense","Palmeiras"],"inLanguage":"pt-BR","potentialAction":[{"@type":"CommentAction","name":"Comment","target":["https:\/\/www.gaveanews.com\/index.php\/2025\/04\/18\/felipe-melo-lanca-livro-sobre-carreira\/#respond"]}],"copyrightYear":"2025","copyrightHolder":{"@id":"https:\/\/www.gaveanews.com\/#organization"}},{"@type":"WebPage","@id":"https:\/\/www.gaveanews.com\/index.php\/2025\/04\/18\/felipe-melo-lanca-livro-sobre-carreira\/","url":"https:\/\/www.gaveanews.com\/index.php\/2025\/04\/18\/felipe-melo-lanca-livro-sobre-carreira\/","name":"Felipe Melo lan\u00e7a livro sobre carreira","isPartOf":{"@id":"https:\/\/www.gaveanews.com\/#website"},"primaryImageOfPage":{"@id":"https:\/\/www.gaveanews.com\/index.php\/2025\/04\/18\/felipe-melo-lanca-livro-sobre-carreira\/#primaryimage"},"image":{"@id":"https:\/\/www.gaveanews.com\/index.php\/2025\/04\/18\/felipe-melo-lanca-livro-sobre-carreira\/#primaryimage"},"thumbnailUrl":"https:\/\/www.gaveanews.com\/wp-content\/uploads\/felipe-melo-fluminense.webp","datePublished":"2025-04-18T11:30:00+00:00","author":{"@id":"https:\/\/www.gaveanews.com\/#\/schema\/person\/3b19f7288b0ce20372991275e4f2e6c2"},"breadcrumb":{"@id":"https:\/\/www.gaveanews.com\/index.php\/2025\/04\/18\/felipe-melo-lanca-livro-sobre-carreira\/#breadcrumb"},"inLanguage":"pt-BR","potentialAction":[{"@type":"ReadAction","target":["https:\/\/www.gaveanews.com\/index.php\/2025\/04\/18\/felipe-melo-lanca-livro-sobre-carreira\/"]}]},{"@type":"ImageObject","inLanguage":"pt-BR","@id":"https:\/\/www.gaveanews.com\/index.php\/2025\/04\/18\/felipe-melo-lanca-livro-sobre-carreira\/#primaryimage","url":"https:\/\/www.gaveanews.com\/wp-content\/uploads\/felipe-melo-fluminense.webp","contentUrl":"https:\/\/www.gaveanews.com\/wp-content\/uploads\/felipe-melo-fluminense.webp","width":640,"height":400,"caption":"Felipe Melo em a\u00e7\u00e3o pelo Fluminense (Foto: Marcelo Gon\u00e7alves\/Fluminense)"},{"@type":"BreadcrumbList","@id":"https:\/\/www.gaveanews.com\/index.php\/2025\/04\/18\/felipe-melo-lanca-livro-sobre-carreira\/#breadcrumb","itemListElement":[{"@type":"ListItem","position":1,"name":"Home","item":"https:\/\/www.gaveanews.com\/"},{"@type":"ListItem","position":2,"name":"Felipe Melo lan\u00e7a livro sobre carreira"}]},{"@type":"WebSite","@id":"https:\/\/www.gaveanews.com\/#website","url":"https:\/\/www.gaveanews.com\/","name":"G\u00e1vea News","description":"Veja todas as not\u00edcias sobre o Flamengo: Contrata\u00e7\u00f5es, categorias de base, resultados das partidas, tabela de classifica\u00e7\u00e3o, pr\u00f3ximos jogos!","potentialAction":[{"@type":"SearchAction","target":{"@type":"EntryPoint","urlTemplate":"https:\/\/www.gaveanews.com\/?s={search_term_string}"},"query-input":{"@type":"PropertyValueSpecification","valueRequired":true,"valueName":"search_term_string"}}],"inLanguage":"pt-BR"},{"@type":"Person","@id":"https:\/\/www.gaveanews.com\/#\/schema\/person\/3b19f7288b0ce20372991275e4f2e6c2","name":"Ana Teixeira","image":{"@type":"ImageObject","inLanguage":"pt-BR","@id":"https:\/\/www.gaveanews.com\/#\/schema\/person\/image\/","url":"https:\/\/secure.gravatar.com\/avatar\/0a73f5a5258f3fed37fc2fa641892f3f7a4748456d4d4792f9bc550e6c19e06c?s=96&d=mm&r=g","contentUrl":"https:\/\/secure.gravatar.com\/avatar\/0a73f5a5258f3fed37fc2fa641892f3f7a4748456d4d4792f9bc550e6c19e06c?s=96&d=mm&r=g","caption":"Ana Teixeira"}}]}},"_links":{"self":[{"href":"https:\/\/www.gaveanews.com\/index.php\/wp-json\/wp\/v2\/posts\/255251","targetHints":{"allow":["GET"]}}],"collection":[{"href":"https:\/\/www.gaveanews.com\/index.php\/wp-json\/wp\/v2\/posts"}],"about":[{"href":"https:\/\/www.gaveanews.com\/index.php\/wp-json\/wp\/v2\/types\/post"}],"author":[{"embeddable":true,"href":"https:\/\/www.gaveanews.com\/index.php\/wp-json\/wp\/v2\/users\/30"}],"replies":[{"embeddable":true,"href":"https:\/\/www.gaveanews.com\/index.php\/wp-json\/wp\/v2\/comments?post=255251"}],"version-history":[{"count":1,"href":"https:\/\/www.gaveanews.com\/index.php\/wp-json\/wp\/v2\/posts\/255251\/revisions"}],"predecessor-version":[{"id":255257,"href":"https:\/\/www.gaveanews.com\/index.php\/wp-json\/wp\/v2\/posts\/255251\/revisions\/255257"}],"wp:featuredmedia":[{"embeddable":true,"href":"https:\/\/www.gaveanews.com\/index.php\/wp-json\/wp\/v2\/media\/105430"}],"wp:attachment":[{"href":"https:\/\/www.gaveanews.com\/index.php\/wp-json\/wp\/v2\/media?parent=255251"}],"wp:term":[{"taxonomy":"category","embeddable":true,"href":"https:\/\/www.gaveanews.com\/index.php\/wp-json\/wp\/v2\/categories?post=255251"},{"taxonomy":"post_tag","embeddable":true,"href":"https:\/\/www.gaveanews.com\/index.php\/wp-json\/wp\/v2\/tags?post=255251"}],"curies":[{"name":"wp","href":"https:\/\/api.w.org\/{rel}","templated":true}]}}