{"id":255261,"date":"2025-04-18T08:45:00","date_gmt":"2025-04-18T11:45:00","guid":{"rendered":"https:\/\/www.gaveanews.com\/?p=255261"},"modified":"2025-04-18T08:41:36","modified_gmt":"2025-04-18T11:41:36","slug":"a-declaracao-de-juca-kfouri-sobre-a-vitoria-do-cruzeiro","status":"publish","type":"post","link":"https:\/\/www.gaveanews.com\/index.php\/2025\/04\/18\/a-declaracao-de-juca-kfouri-sobre-a-vitoria-do-cruzeiro\/","title":{"rendered":"A declara\u00e7\u00e3o de Juca Kfouri sobre a vit\u00f3ria do Cruzeiro"},"content":{"rendered":"\n<p>A vit\u00f3ria do Cruzeiro por 3 a 0 sobre o Bahia, no Mineir\u00e3o, n\u00e3o passou despercebida pela m\u00eddia esportiva. A atua\u00e7\u00e3o amplamente dominante da equipe celeste rendeu uma an\u00e1lise entusiasmada do jornalista Juca Kfouri, que classificou a exibi\u00e7\u00e3o como uma daquelas noites inesquec\u00edveis que remetem aos tempos mais gloriosos da hist\u00f3ria do clube. <\/p>\n\n\n\n<p>Segundo Juca Kfouri, o advers\u00e1rio parecia acuado diante do ambiente e da tradi\u00e7\u00e3o cruzeirense. \u201cO Bahia parecia um time pequeno assustado com o tamanho do Mineir\u00e3o\u201d, escreveu o colunista. Conforme destacou, o primeiro tempo foi amplamente controlado pelos donos da casa, tamanha foi a superioridade celeste que o pr\u00f3prio jornalista afirmou ter esquecido o nome do goleiro do Cruzeiro.<\/p>\n\n\n\n<p>Ainda que o primeiro tempo tenha terminado com apenas um gol \u2014 marcado por Lucas Romero em finaliza\u00e7\u00e3o de fora da \u00e1rea aos 52 minutos \u2014, o dom\u00ednio mineiro foi evidente. O segundo tempo consolidou essa superioridade. Kaio Jorge, principal destaque da noite, marcou duas vezes e comandou as a\u00e7\u00f5es ofensivas. \u201cFeito uma flecha\u201d, como definiu Juca, o atacante ampliou aos 19 minutos e, depois, aos 30, finalizou com categoria da entrada da \u00e1rea.<\/p>\n\n\n\n<p>O jornalista destacou tamb\u00e9m a coragem de Leonardo Jardim em priorizar o desempenho coletivo em detrimento da fama de alguns atletas do elenco. O treinador deixou no banco Dudu, Gabigol e William e, segundo Juca, \u201co Cruzeiro fez sua melhor apresenta\u00e7\u00e3o de 2025 e mostrou estar no caminho certo ao escalar o que tem de melhor, e n\u00e3o o que tem de mais famoso\u201d.<\/p>\n\n\n\n<h2 class=\"wp-block-heading\" id=\"h-escolhas-ousadas-e-engrenagem-coletiva\">Escolhas &#8220;ousadas&#8221; e engrenagem coletiva<\/h2>\n\n\n\n<p>Leonardo Jardim manteve a base do time que empatou contra o S\u00e3o Paulo na rodada anterior e colheu frutos imediatos. Sem os medalh\u00f5es no time titular, o Cruzeiro encontrou o equil\u00edbrio que tanto buscava. O trio Lucas Romero, Lucas Silva e Christian ofereceu a consist\u00eancia defensiva e o dinamismo no meio-campo, impedindo que o advers\u00e1rio criasse com liberdade.<\/p>\n\n\n\n<p>Christian, ali\u00e1s, foi mencionado como um dos grandes nomes da noite. Apesar de ter ficado de fora at\u00e9 da lista de relacionados recentemente, foi fundamental na marca\u00e7\u00e3o e ainda deu assist\u00eancia para um dos gols. Conforme o ge, ele \u201cdeu agressividade \u00e0 marca\u00e7\u00e3o, ajudando a proteger o centro e o lado direito\u201d.<\/p>\n\n\n\n<p>Kaio Jorge tamb\u00e9m ganhou destaque na an\u00e1lise t\u00e9cnica. Suas duas finaliza\u00e7\u00f5es certeiras n\u00e3o foram os \u00fanicos motivos para os elogios. Ele participou ativamente da recupera\u00e7\u00e3o de bolas, ganhou disputas no alto e imp\u00f4s intensidade que Gabigol, atualmente, n\u00e3o consegue entregar. \u201cDeu argumentos t\u00e9cnicos para ser o escolhido por Leonardo Jardim\u201d, disse.<\/p>\n\n\n\n<p>A vit\u00f3ria contra o Bahia interrompeu uma sequ\u00eancia de 14 jogos consecutivos sofrendo gols e igualou o placar mais el\u00e1stico do Cruzeiro em 2025. Conforme o texto, o treinador portugu\u00eas agora enfrenta o desafio de manter o equil\u00edbrio entre a rota\u00e7\u00e3o do elenco e a consolida\u00e7\u00e3o da equipe base. \u201cO Cruzeiro ainda precisa de uma amostra bem maior para ser considerado um time confi\u00e1vel\u201d, pontua o artigo, que tamb\u00e9m reconhece os \u201cind\u00edcios firmes de crescimento\u201d.<\/p>\n\n\n\n<p><\/p>\n","protected":false},"excerpt":{"rendered":"<p>A vit\u00f3ria do Cruzeiro por 3 a 0 sobre o Bahia, no Mineir\u00e3o, n\u00e3o passou despercebida pela m\u00eddia esportiva. A atua\u00e7\u00e3o amplamente dominante da equipe celeste rendeu uma an\u00e1lise entusiasmada do jornalista Juca Kfouri, que classificou a exibi\u00e7\u00e3o como uma daquelas noites inesquec\u00edveis que remetem aos tempos mais gloriosos da hist\u00f3ria do clube. Segundo Juca [&hellip;]<\/p>\n","protected":false},"author":30,"featured_media":175601,"comment_status":"open","ping_status":"closed","sticky":false,"template":"","format":"standard","meta":{"footnotes":""},"categories":[133,143],"tags":[],"class_list":["post-255261","post","type-post","status-publish","format-standard","has-post-thumbnail","hentry","category-brasileirao","category-cruzeiro"],"yoast_head":"<!-- This site is optimized with the Yoast SEO Premium plugin v24.2 (Yoast SEO v26.9) - https:\/\/yoast.com\/product\/yoast-seo-premium-wordpress\/ -->\n<title>A declara\u00e7\u00e3o de Juca Kfouri sobre a vit\u00f3ria do Cruzeiro<\/title>\n<meta name=\"robots\" content=\"index, follow, max-snippet:-1, max-image-preview:large, max-video-preview:-1\" \/>\n<link rel=\"canonical\" href=\"https:\/\/www.gaveanews.com\/index.php\/2025\/04\/18\/a-declaracao-de-juca-kfouri-sobre-a-vitoria-do-cruzeiro\/\" \/>\n<meta property=\"og:locale\" content=\"pt_BR\" \/>\n<meta property=\"og:type\" content=\"article\" \/>\n<meta property=\"og:title\" content=\"A declara\u00e7\u00e3o de Juca Kfouri sobre a vit\u00f3ria do Cruzeiro\" \/>\n<meta property=\"og:description\" content=\"A vit\u00f3ria do Cruzeiro por 3 a 0 sobre o Bahia, no Mineir\u00e3o, n\u00e3o passou despercebida pela m\u00eddia esportiva. A atua\u00e7\u00e3o amplamente dominante da equipe celeste rendeu uma an\u00e1lise entusiasmada do jornalista Juca Kfouri, que classificou a exibi\u00e7\u00e3o como uma daquelas noites inesquec\u00edveis que remetem aos tempos mais gloriosos da hist\u00f3ria do clube. Segundo Juca [&hellip;]\" \/>\n<meta property=\"og:url\" content=\"https:\/\/www.gaveanews.com\/index.php\/2025\/04\/18\/a-declaracao-de-juca-kfouri-sobre-a-vitoria-do-cruzeiro\/\" \/>\n<meta property=\"og:site_name\" content=\"G\u00e1vea News\" \/>\n<meta property=\"article:publisher\" content=\"https:\/\/facebook.com\/gaveaNews\/\" \/>\n<meta property=\"article:published_time\" content=\"2025-04-18T11:45:00+00:00\" \/>\n<meta property=\"og:image\" content=\"https:\/\/www.gaveanews.com\/wp-content\/uploads\/Bandeira-do-Cruzeiro.webp\" \/>\n\t<meta property=\"og:image:width\" content=\"1062\" \/>\n\t<meta property=\"og:image:height\" content=\"708\" \/>\n\t<meta property=\"og:image:type\" content=\"image\/webp\" \/>\n<meta name=\"author\" content=\"Ana Teixeira\" \/>\n<meta name=\"twitter:card\" content=\"summary_large_image\" \/>\n<meta name=\"twitter:label1\" content=\"Escrito por\" \/>\n\t<meta name=\"twitter:data1\" content=\"Ana Teixeira\" \/>\n\t<meta name=\"twitter:label2\" content=\"Est. tempo de leitura\" \/>\n\t<meta name=\"twitter:data2\" content=\"3 minutos\" \/>\n<script type=\"application\/ld+json\" class=\"yoast-schema-graph\">{\"@context\":\"https:\/\/schema.org\",\"@graph\":[{\"@type\":\"NewsArticle\",\"@id\":\"https:\/\/www.gaveanews.com\/index.php\/2025\/04\/18\/a-declaracao-de-juca-kfouri-sobre-a-vitoria-do-cruzeiro\/#article\",\"isPartOf\":{\"@id\":\"https:\/\/www.gaveanews.com\/index.php\/2025\/04\/18\/a-declaracao-de-juca-kfouri-sobre-a-vitoria-do-cruzeiro\/\"},\"author\":{\"name\":\"Ana Teixeira\",\"@id\":\"https:\/\/www.gaveanews.com\/#\/schema\/person\/3b19f7288b0ce20372991275e4f2e6c2\"},\"headline\":\"A declara\u00e7\u00e3o de Juca Kfouri sobre a vit\u00f3ria do Cruzeiro\",\"datePublished\":\"2025-04-18T11:45:00+00:00\",\"mainEntityOfPage\":{\"@id\":\"https:\/\/www.gaveanews.com\/index.php\/2025\/04\/18\/a-declaracao-de-juca-kfouri-sobre-a-vitoria-do-cruzeiro\/\"},\"wordCount\":539,\"commentCount\":0,\"image\":{\"@id\":\"https:\/\/www.gaveanews.com\/index.php\/2025\/04\/18\/a-declaracao-de-juca-kfouri-sobre-a-vitoria-do-cruzeiro\/#primaryimage\"},\"thumbnailUrl\":\"https:\/\/www.gaveanews.com\/wp-content\/uploads\/Bandeira-do-Cruzeiro.webp\",\"articleSection\":[\"Brasileir\u00e3o\",\"Cruzeiro\"],\"inLanguage\":\"pt-BR\",\"potentialAction\":[{\"@type\":\"CommentAction\",\"name\":\"Comment\",\"target\":[\"https:\/\/www.gaveanews.com\/index.php\/2025\/04\/18\/a-declaracao-de-juca-kfouri-sobre-a-vitoria-do-cruzeiro\/#respond\"]}],\"copyrightYear\":\"2025\",\"copyrightHolder\":{\"@id\":\"https:\/\/www.gaveanews.com\/#organization\"}},{\"@type\":\"WebPage\",\"@id\":\"https:\/\/www.gaveanews.com\/index.php\/2025\/04\/18\/a-declaracao-de-juca-kfouri-sobre-a-vitoria-do-cruzeiro\/\",\"url\":\"https:\/\/www.gaveanews.com\/index.php\/2025\/04\/18\/a-declaracao-de-juca-kfouri-sobre-a-vitoria-do-cruzeiro\/\",\"name\":\"A declara\u00e7\u00e3o de Juca Kfouri sobre a vit\u00f3ria do Cruzeiro\",\"isPartOf\":{\"@id\":\"https:\/\/www.gaveanews.com\/#website\"},\"primaryImageOfPage\":{\"@id\":\"https:\/\/www.gaveanews.com\/index.php\/2025\/04\/18\/a-declaracao-de-juca-kfouri-sobre-a-vitoria-do-cruzeiro\/#primaryimage\"},\"image\":{\"@id\":\"https:\/\/www.gaveanews.com\/index.php\/2025\/04\/18\/a-declaracao-de-juca-kfouri-sobre-a-vitoria-do-cruzeiro\/#primaryimage\"},\"thumbnailUrl\":\"https:\/\/www.gaveanews.com\/wp-content\/uploads\/Bandeira-do-Cruzeiro.webp\",\"datePublished\":\"2025-04-18T11:45:00+00:00\",\"author\":{\"@id\":\"https:\/\/www.gaveanews.com\/#\/schema\/person\/3b19f7288b0ce20372991275e4f2e6c2\"},\"breadcrumb\":{\"@id\":\"https:\/\/www.gaveanews.com\/index.php\/2025\/04\/18\/a-declaracao-de-juca-kfouri-sobre-a-vitoria-do-cruzeiro\/#breadcrumb\"},\"inLanguage\":\"pt-BR\",\"potentialAction\":[{\"@type\":\"ReadAction\",\"target\":[\"https:\/\/www.gaveanews.com\/index.php\/2025\/04\/18\/a-declaracao-de-juca-kfouri-sobre-a-vitoria-do-cruzeiro\/\"]}]},{\"@type\":\"ImageObject\",\"inLanguage\":\"pt-BR\",\"@id\":\"https:\/\/www.gaveanews.com\/index.php\/2025\/04\/18\/a-declaracao-de-juca-kfouri-sobre-a-vitoria-do-cruzeiro\/#primaryimage\",\"url\":\"https:\/\/www.gaveanews.com\/wp-content\/uploads\/Bandeira-do-Cruzeiro.webp\",\"contentUrl\":\"https:\/\/www.gaveanews.com\/wp-content\/uploads\/Bandeira-do-Cruzeiro.webp\",\"width\":1062,\"height\":708,\"caption\":\"Bandeira do Cruzeiro (Foto: Reprodu\u00e7\u00e3o\/Cruzeiro)\"},{\"@type\":\"BreadcrumbList\",\"@id\":\"https:\/\/www.gaveanews.com\/index.php\/2025\/04\/18\/a-declaracao-de-juca-kfouri-sobre-a-vitoria-do-cruzeiro\/#breadcrumb\",\"itemListElement\":[{\"@type\":\"ListItem\",\"position\":1,\"name\":\"Home\",\"item\":\"https:\/\/www.gaveanews.com\/\"},{\"@type\":\"ListItem\",\"position\":2,\"name\":\"A declara\u00e7\u00e3o de Juca Kfouri sobre a vit\u00f3ria do Cruzeiro\"}]},{\"@type\":\"WebSite\",\"@id\":\"https:\/\/www.gaveanews.com\/#website\",\"url\":\"https:\/\/www.gaveanews.com\/\",\"name\":\"G\u00e1vea News\",\"description\":\"Veja todas as not\u00edcias sobre o Flamengo: Contrata\u00e7\u00f5es, categorias de base, resultados das partidas, tabela de classifica\u00e7\u00e3o, pr\u00f3ximos jogos!\",\"potentialAction\":[{\"@type\":\"SearchAction\",\"target\":{\"@type\":\"EntryPoint\",\"urlTemplate\":\"https:\/\/www.gaveanews.com\/?s={search_term_string}\"},\"query-input\":{\"@type\":\"PropertyValueSpecification\",\"valueRequired\":true,\"valueName\":\"search_term_string\"}}],\"inLanguage\":\"pt-BR\"},{\"@type\":\"Person\",\"@id\":\"https:\/\/www.gaveanews.com\/#\/schema\/person\/3b19f7288b0ce20372991275e4f2e6c2\",\"name\":\"Ana Teixeira\",\"image\":{\"@type\":\"ImageObject\",\"inLanguage\":\"pt-BR\",\"@id\":\"https:\/\/www.gaveanews.com\/#\/schema\/person\/image\/\",\"url\":\"https:\/\/secure.gravatar.com\/avatar\/0a73f5a5258f3fed37fc2fa641892f3f7a4748456d4d4792f9bc550e6c19e06c?s=96&d=mm&r=g\",\"contentUrl\":\"https:\/\/secure.gravatar.com\/avatar\/0a73f5a5258f3fed37fc2fa641892f3f7a4748456d4d4792f9bc550e6c19e06c?s=96&d=mm&r=g\",\"caption\":\"Ana Teixeira\"}}]}<\/script>\n<!-- \/ Yoast SEO Premium plugin. -->","yoast_head_json":{"title":"A declara\u00e7\u00e3o de Juca Kfouri sobre a vit\u00f3ria do Cruzeiro","robots":{"index":"index","follow":"follow","max-snippet":"max-snippet:-1","max-image-preview":"max-image-preview:large","max-video-preview":"max-video-preview:-1"},"canonical":"https:\/\/www.gaveanews.com\/index.php\/2025\/04\/18\/a-declaracao-de-juca-kfouri-sobre-a-vitoria-do-cruzeiro\/","og_locale":"pt_BR","og_type":"article","og_title":"A declara\u00e7\u00e3o de Juca Kfouri sobre a vit\u00f3ria do Cruzeiro","og_description":"A vit\u00f3ria do Cruzeiro por 3 a 0 sobre o Bahia, no Mineir\u00e3o, n\u00e3o passou despercebida pela m\u00eddia esportiva. A atua\u00e7\u00e3o amplamente dominante da equipe celeste rendeu uma an\u00e1lise entusiasmada do jornalista Juca Kfouri, que classificou a exibi\u00e7\u00e3o como uma daquelas noites inesquec\u00edveis que remetem aos tempos mais gloriosos da hist\u00f3ria do clube. Segundo Juca [&hellip;]","og_url":"https:\/\/www.gaveanews.com\/index.php\/2025\/04\/18\/a-declaracao-de-juca-kfouri-sobre-a-vitoria-do-cruzeiro\/","og_site_name":"G\u00e1vea News","article_publisher":"https:\/\/facebook.com\/gaveaNews\/","article_published_time":"2025-04-18T11:45:00+00:00","og_image":[{"width":1062,"height":708,"url":"https:\/\/www.gaveanews.com\/wp-content\/uploads\/Bandeira-do-Cruzeiro.webp","type":"image\/webp"}],"author":"Ana Teixeira","twitter_card":"summary_large_image","twitter_misc":{"Escrito por":"Ana Teixeira","Est. tempo de leitura":"3 minutos"},"schema":{"@context":"https:\/\/schema.org","@graph":[{"@type":"NewsArticle","@id":"https:\/\/www.gaveanews.com\/index.php\/2025\/04\/18\/a-declaracao-de-juca-kfouri-sobre-a-vitoria-do-cruzeiro\/#article","isPartOf":{"@id":"https:\/\/www.gaveanews.com\/index.php\/2025\/04\/18\/a-declaracao-de-juca-kfouri-sobre-a-vitoria-do-cruzeiro\/"},"author":{"name":"Ana Teixeira","@id":"https:\/\/www.gaveanews.com\/#\/schema\/person\/3b19f7288b0ce20372991275e4f2e6c2"},"headline":"A declara\u00e7\u00e3o de Juca Kfouri sobre a vit\u00f3ria do Cruzeiro","datePublished":"2025-04-18T11:45:00+00:00","mainEntityOfPage":{"@id":"https:\/\/www.gaveanews.com\/index.php\/2025\/04\/18\/a-declaracao-de-juca-kfouri-sobre-a-vitoria-do-cruzeiro\/"},"wordCount":539,"commentCount":0,"image":{"@id":"https:\/\/www.gaveanews.com\/index.php\/2025\/04\/18\/a-declaracao-de-juca-kfouri-sobre-a-vitoria-do-cruzeiro\/#primaryimage"},"thumbnailUrl":"https:\/\/www.gaveanews.com\/wp-content\/uploads\/Bandeira-do-Cruzeiro.webp","articleSection":["Brasileir\u00e3o","Cruzeiro"],"inLanguage":"pt-BR","potentialAction":[{"@type":"CommentAction","name":"Comment","target":["https:\/\/www.gaveanews.com\/index.php\/2025\/04\/18\/a-declaracao-de-juca-kfouri-sobre-a-vitoria-do-cruzeiro\/#respond"]}],"copyrightYear":"2025","copyrightHolder":{"@id":"https:\/\/www.gaveanews.com\/#organization"}},{"@type":"WebPage","@id":"https:\/\/www.gaveanews.com\/index.php\/2025\/04\/18\/a-declaracao-de-juca-kfouri-sobre-a-vitoria-do-cruzeiro\/","url":"https:\/\/www.gaveanews.com\/index.php\/2025\/04\/18\/a-declaracao-de-juca-kfouri-sobre-a-vitoria-do-cruzeiro\/","name":"A declara\u00e7\u00e3o de Juca Kfouri sobre a vit\u00f3ria do Cruzeiro","isPartOf":{"@id":"https:\/\/www.gaveanews.com\/#website"},"primaryImageOfPage":{"@id":"https:\/\/www.gaveanews.com\/index.php\/2025\/04\/18\/a-declaracao-de-juca-kfouri-sobre-a-vitoria-do-cruzeiro\/#primaryimage"},"image":{"@id":"https:\/\/www.gaveanews.com\/index.php\/2025\/04\/18\/a-declaracao-de-juca-kfouri-sobre-a-vitoria-do-cruzeiro\/#primaryimage"},"thumbnailUrl":"https:\/\/www.gaveanews.com\/wp-content\/uploads\/Bandeira-do-Cruzeiro.webp","datePublished":"2025-04-18T11:45:00+00:00","author":{"@id":"https:\/\/www.gaveanews.com\/#\/schema\/person\/3b19f7288b0ce20372991275e4f2e6c2"},"breadcrumb":{"@id":"https:\/\/www.gaveanews.com\/index.php\/2025\/04\/18\/a-declaracao-de-juca-kfouri-sobre-a-vitoria-do-cruzeiro\/#breadcrumb"},"inLanguage":"pt-BR","potentialAction":[{"@type":"ReadAction","target":["https:\/\/www.gaveanews.com\/index.php\/2025\/04\/18\/a-declaracao-de-juca-kfouri-sobre-a-vitoria-do-cruzeiro\/"]}]},{"@type":"ImageObject","inLanguage":"pt-BR","@id":"https:\/\/www.gaveanews.com\/index.php\/2025\/04\/18\/a-declaracao-de-juca-kfouri-sobre-a-vitoria-do-cruzeiro\/#primaryimage","url":"https:\/\/www.gaveanews.com\/wp-content\/uploads\/Bandeira-do-Cruzeiro.webp","contentUrl":"https:\/\/www.gaveanews.com\/wp-content\/uploads\/Bandeira-do-Cruzeiro.webp","width":1062,"height":708,"caption":"Bandeira do Cruzeiro (Foto: Reprodu\u00e7\u00e3o\/Cruzeiro)"},{"@type":"BreadcrumbList","@id":"https:\/\/www.gaveanews.com\/index.php\/2025\/04\/18\/a-declaracao-de-juca-kfouri-sobre-a-vitoria-do-cruzeiro\/#breadcrumb","itemListElement":[{"@type":"ListItem","position":1,"name":"Home","item":"https:\/\/www.gaveanews.com\/"},{"@type":"ListItem","position":2,"name":"A declara\u00e7\u00e3o de Juca Kfouri sobre a vit\u00f3ria do Cruzeiro"}]},{"@type":"WebSite","@id":"https:\/\/www.gaveanews.com\/#website","url":"https:\/\/www.gaveanews.com\/","name":"G\u00e1vea News","description":"Veja todas as not\u00edcias sobre o Flamengo: Contrata\u00e7\u00f5es, categorias de base, resultados das partidas, tabela de classifica\u00e7\u00e3o, pr\u00f3ximos jogos!","potentialAction":[{"@type":"SearchAction","target":{"@type":"EntryPoint","urlTemplate":"https:\/\/www.gaveanews.com\/?s={search_term_string}"},"query-input":{"@type":"PropertyValueSpecification","valueRequired":true,"valueName":"search_term_string"}}],"inLanguage":"pt-BR"},{"@type":"Person","@id":"https:\/\/www.gaveanews.com\/#\/schema\/person\/3b19f7288b0ce20372991275e4f2e6c2","name":"Ana Teixeira","image":{"@type":"ImageObject","inLanguage":"pt-BR","@id":"https:\/\/www.gaveanews.com\/#\/schema\/person\/image\/","url":"https:\/\/secure.gravatar.com\/avatar\/0a73f5a5258f3fed37fc2fa641892f3f7a4748456d4d4792f9bc550e6c19e06c?s=96&d=mm&r=g","contentUrl":"https:\/\/secure.gravatar.com\/avatar\/0a73f5a5258f3fed37fc2fa641892f3f7a4748456d4d4792f9bc550e6c19e06c?s=96&d=mm&r=g","caption":"Ana Teixeira"}}]}},"_links":{"self":[{"href":"https:\/\/www.gaveanews.com\/index.php\/wp-json\/wp\/v2\/posts\/255261","targetHints":{"allow":["GET"]}}],"collection":[{"href":"https:\/\/www.gaveanews.com\/index.php\/wp-json\/wp\/v2\/posts"}],"about":[{"href":"https:\/\/www.gaveanews.com\/index.php\/wp-json\/wp\/v2\/types\/post"}],"author":[{"embeddable":true,"href":"https:\/\/www.gaveanews.com\/index.php\/wp-json\/wp\/v2\/users\/30"}],"replies":[{"embeddable":true,"href":"https:\/\/www.gaveanews.com\/index.php\/wp-json\/wp\/v2\/comments?post=255261"}],"version-history":[{"count":1,"href":"https:\/\/www.gaveanews.com\/index.php\/wp-json\/wp\/v2\/posts\/255261\/revisions"}],"predecessor-version":[{"id":255266,"href":"https:\/\/www.gaveanews.com\/index.php\/wp-json\/wp\/v2\/posts\/255261\/revisions\/255266"}],"wp:featuredmedia":[{"embeddable":true,"href":"https:\/\/www.gaveanews.com\/index.php\/wp-json\/wp\/v2\/media\/175601"}],"wp:attachment":[{"href":"https:\/\/www.gaveanews.com\/index.php\/wp-json\/wp\/v2\/media?parent=255261"}],"wp:term":[{"taxonomy":"category","embeddable":true,"href":"https:\/\/www.gaveanews.com\/index.php\/wp-json\/wp\/v2\/categories?post=255261"},{"taxonomy":"post_tag","embeddable":true,"href":"https:\/\/www.gaveanews.com\/index.php\/wp-json\/wp\/v2\/tags?post=255261"}],"curies":[{"name":"wp","href":"https:\/\/api.w.org\/{rel}","templated":true}]}}