{"id":255334,"date":"2025-04-18T13:25:00","date_gmt":"2025-04-18T16:25:00","guid":{"rendered":"https:\/\/www.gaveanews.com\/?p=255334"},"modified":"2025-04-18T12:40:23","modified_gmt":"2025-04-18T15:40:23","slug":"neymar-pode-disputar-libertadores-2026-pelo-santos","status":"publish","type":"post","link":"https:\/\/www.gaveanews.com\/index.php\/2025\/04\/18\/neymar-pode-disputar-libertadores-2026-pelo-santos\/","title":{"rendered":"Neymar pode disputar Libertadores 2026 pelo Santos\u00a0"},"content":{"rendered":"\n<p>A Vila Belmiro explodiu em festa com a vit\u00f3ria por 2 a 0 sobre o Atl\u00e9tico-MG, mas bastou o apito final para uma nova d\u00favida pairar sobre o torcedor: e Neymar, volta quando?&nbsp;<\/p>\n\n\n\n<p>A les\u00e3o muscular do craque reacendeu debates nos bastidores, mas tamb\u00e9m abriu uma janela de oportunidades para o Santos. A dor pode virar esperan\u00e7a, e o camisa 10 pode estar mais perto de um novo v\u00ednculo com o clube do cora\u00e7\u00e3o.<\/p>\n\n\n\n<h2 class=\"wp-block-heading\" id=\"h-vitoria-sobre-o-galo-marca-virada-de-chave\">Vit\u00f3ria sobre o Galo marca virada de chave<\/h2>\n\n\n\n<p>O triunfo diante do Atl\u00e9tico-MG foi simb\u00f3lico. Al\u00e9m disso, representou a primeira vit\u00f3ria do Peixe no Brasileir\u00e3o Betano 2025 e pode significar uma nova fase para o time. Sob o comando interino de C\u00e9sar Sampaio, o Santos mostrou organiza\u00e7\u00e3o, disciplina e, acima de tudo, competitividade.&nbsp;<\/p>\n\n\n\n<p>Por isso, Sampaio ganhou moral nos bastidores e come\u00e7a a ser cogitado como uma op\u00e7\u00e3o efetiva no cargo.<\/p>\n\n\n\n<h2 class=\"wp-block-heading\" id=\"h-lesao-de-neymar-gera-reviravolta-nos-bastidores\">Les\u00e3o de Neymar gera reviravolta nos bastidores<\/h2>\n\n\n\n<p>Apesar da vit\u00f3ria, a les\u00e3o de Neymar preocupou o torcedor. O craque saiu de campo chorando e deve demorar para voltar aos gramados. Isso porque a recorr\u00eancia dos problemas f\u00edsicos exige cautela.&nbsp;<\/p>\n\n\n\n<p>No entanto, essa aus\u00eancia involunt\u00e1ria pode ter um efeito colateral positivo. Sendo assim, a diretoria v\u00ea uma oportunidade de estender o contrato do atleta, que termina em 30 de junho.<\/p>\n\n\n\n<h2 class=\"wp-block-heading\" id=\"h-renovacao-vira-prioridade-em-silencio\">Renova\u00e7\u00e3o vira prioridade em sil\u00eancio<\/h2>\n\n\n\n<p>O clube avalia que, com Neymar fora do radar do futebol europeu, as negocia\u00e7\u00f5es ganham margem. Vale destacar que havia um temor de perder o camisa 10 ap\u00f3s boas atua\u00e7\u00f5es.&nbsp;<\/p>\n\n\n\n<p>Mas, dessa maneira, o momento atual favorece o Santos. Segundo o jornalista Lucas Musetti: \u201c O clube acredita ter constru\u00eddo com Neymar Pai um terreno firme, cimentado por parcerias m\u00faltiplas e uma rela\u00e7\u00e3o que os dirigentes descrevem como \u2018boa e sincera\u2019\u201d.<\/p>\n\n\n\n<h2 class=\"wp-block-heading\" id=\"h-libertadores-2026-entra-no-radar-do-peixe\">Libertadores 2026 entra no radar do Peixe<\/h2>\n\n\n\n<p>Com isso, o presidente Marcelo Teixeira j\u00e1 articula a perman\u00eancia at\u00e9, pelo menos, a Copa do Mundo de 2026. Cabe ressaltar que o sonho \u00e9 contar com Neymar em uma eventual campanha na Libertadores.&nbsp;<\/p>\n\n\n\n<p>Desse jeito, mesmo longe dos gramados, o craque ainda pode ser protagonista dentro e fora do campo.<\/p>\n","protected":false},"excerpt":{"rendered":"<p>A Vila Belmiro explodiu em festa com a vit\u00f3ria por 2 a 0 sobre o Atl\u00e9tico-MG, mas bastou o apito final para uma nova d\u00favida pairar sobre o torcedor: e Neymar, volta quando?&nbsp; A les\u00e3o muscular do craque reacendeu debates nos bastidores, mas tamb\u00e9m abriu uma janela de oportunidades para o Santos. A dor pode [&hellip;]<\/p>\n","protected":false},"author":25,"featured_media":254859,"comment_status":"open","ping_status":"closed","sticky":false,"template":"","format":"standard","meta":{"footnotes":""},"categories":[139],"tags":[],"class_list":["post-255334","post","type-post","status-publish","format-standard","has-post-thumbnail","hentry","category-santos"],"yoast_head":"<!-- This site is optimized with the Yoast SEO Premium plugin v24.2 (Yoast SEO v26.9) - https:\/\/yoast.com\/product\/yoast-seo-premium-wordpress\/ -->\n<title>Neymar pode disputar Libertadores 2026 pelo Santos\u00a0<\/title>\n<meta name=\"robots\" content=\"index, follow, max-snippet:-1, max-image-preview:large, max-video-preview:-1\" \/>\n<link rel=\"canonical\" href=\"https:\/\/www.gaveanews.com\/index.php\/2025\/04\/18\/neymar-pode-disputar-libertadores-2026-pelo-santos\/\" \/>\n<meta property=\"og:locale\" content=\"pt_BR\" \/>\n<meta property=\"og:type\" content=\"article\" \/>\n<meta property=\"og:title\" content=\"Neymar pode disputar Libertadores 2026 pelo Santos\u00a0\" \/>\n<meta property=\"og:description\" content=\"A Vila Belmiro explodiu em festa com a vit\u00f3ria por 2 a 0 sobre o Atl\u00e9tico-MG, mas bastou o apito final para uma nova d\u00favida pairar sobre o torcedor: e Neymar, volta quando?&nbsp; A les\u00e3o muscular do craque reacendeu debates nos bastidores, mas tamb\u00e9m abriu uma janela de oportunidades para o Santos. A dor pode [&hellip;]\" \/>\n<meta property=\"og:url\" content=\"https:\/\/www.gaveanews.com\/index.php\/2025\/04\/18\/neymar-pode-disputar-libertadores-2026-pelo-santos\/\" \/>\n<meta property=\"og:site_name\" content=\"G\u00e1vea News\" \/>\n<meta property=\"article:publisher\" content=\"https:\/\/facebook.com\/gaveaNews\/\" \/>\n<meta property=\"article:published_time\" content=\"2025-04-18T16:25:00+00:00\" \/>\n<meta property=\"og:image\" content=\"https:\/\/www.gaveanews.com\/wp-content\/uploads\/Neymar-junto-com-a-delegacao-do-Santos-na-Vila-Belmiro.webp\" \/>\n\t<meta property=\"og:image:width\" content=\"1200\" \/>\n\t<meta property=\"og:image:height\" content=\"800\" \/>\n\t<meta property=\"og:image:type\" content=\"image\/png\" \/>\n<meta name=\"author\" content=\"Rafaela Ladeira\" \/>\n<meta name=\"twitter:card\" content=\"summary_large_image\" \/>\n<meta name=\"twitter:label1\" content=\"Escrito por\" \/>\n\t<meta name=\"twitter:data1\" content=\"Rafaela Ladeira\" \/>\n\t<meta name=\"twitter:label2\" content=\"Est. tempo de leitura\" \/>\n\t<meta name=\"twitter:data2\" content=\"3 minutos\" \/>\n<script type=\"application\/ld+json\" class=\"yoast-schema-graph\">{\"@context\":\"https:\/\/schema.org\",\"@graph\":[{\"@type\":\"NewsArticle\",\"@id\":\"https:\/\/www.gaveanews.com\/index.php\/2025\/04\/18\/neymar-pode-disputar-libertadores-2026-pelo-santos\/#article\",\"isPartOf\":{\"@id\":\"https:\/\/www.gaveanews.com\/index.php\/2025\/04\/18\/neymar-pode-disputar-libertadores-2026-pelo-santos\/\"},\"author\":{\"name\":\"Rafaela Ladeira\",\"@id\":\"https:\/\/www.gaveanews.com\/#\/schema\/person\/0eb3e3fe1754f0205218538adbe8f5ed\"},\"headline\":\"Neymar pode disputar Libertadores 2026 pelo Santos\u00a0\",\"datePublished\":\"2025-04-18T16:25:00+00:00\",\"mainEntityOfPage\":{\"@id\":\"https:\/\/www.gaveanews.com\/index.php\/2025\/04\/18\/neymar-pode-disputar-libertadores-2026-pelo-santos\/\"},\"wordCount\":383,\"commentCount\":0,\"image\":{\"@id\":\"https:\/\/www.gaveanews.com\/index.php\/2025\/04\/18\/neymar-pode-disputar-libertadores-2026-pelo-santos\/#primaryimage\"},\"thumbnailUrl\":\"https:\/\/www.gaveanews.com\/wp-content\/uploads\/Neymar-junto-com-a-delegacao-do-Santos-na-Vila-Belmiro.webp\",\"articleSection\":[\"Santos\"],\"inLanguage\":\"pt-BR\",\"potentialAction\":[{\"@type\":\"CommentAction\",\"name\":\"Comment\",\"target\":[\"https:\/\/www.gaveanews.com\/index.php\/2025\/04\/18\/neymar-pode-disputar-libertadores-2026-pelo-santos\/#respond\"]}],\"copyrightYear\":\"2025\",\"copyrightHolder\":{\"@id\":\"https:\/\/www.gaveanews.com\/#organization\"}},{\"@type\":\"WebPage\",\"@id\":\"https:\/\/www.gaveanews.com\/index.php\/2025\/04\/18\/neymar-pode-disputar-libertadores-2026-pelo-santos\/\",\"url\":\"https:\/\/www.gaveanews.com\/index.php\/2025\/04\/18\/neymar-pode-disputar-libertadores-2026-pelo-santos\/\",\"name\":\"Neymar pode disputar Libertadores 2026 pelo Santos\u00a0\",\"isPartOf\":{\"@id\":\"https:\/\/www.gaveanews.com\/#website\"},\"primaryImageOfPage\":{\"@id\":\"https:\/\/www.gaveanews.com\/index.php\/2025\/04\/18\/neymar-pode-disputar-libertadores-2026-pelo-santos\/#primaryimage\"},\"image\":{\"@id\":\"https:\/\/www.gaveanews.com\/index.php\/2025\/04\/18\/neymar-pode-disputar-libertadores-2026-pelo-santos\/#primaryimage\"},\"thumbnailUrl\":\"https:\/\/www.gaveanews.com\/wp-content\/uploads\/Neymar-junto-com-a-delegacao-do-Santos-na-Vila-Belmiro.webp\",\"datePublished\":\"2025-04-18T16:25:00+00:00\",\"author\":{\"@id\":\"https:\/\/www.gaveanews.com\/#\/schema\/person\/0eb3e3fe1754f0205218538adbe8f5ed\"},\"breadcrumb\":{\"@id\":\"https:\/\/www.gaveanews.com\/index.php\/2025\/04\/18\/neymar-pode-disputar-libertadores-2026-pelo-santos\/#breadcrumb\"},\"inLanguage\":\"pt-BR\",\"potentialAction\":[{\"@type\":\"ReadAction\",\"target\":[\"https:\/\/www.gaveanews.com\/index.php\/2025\/04\/18\/neymar-pode-disputar-libertadores-2026-pelo-santos\/\"]}]},{\"@type\":\"ImageObject\",\"inLanguage\":\"pt-BR\",\"@id\":\"https:\/\/www.gaveanews.com\/index.php\/2025\/04\/18\/neymar-pode-disputar-libertadores-2026-pelo-santos\/#primaryimage\",\"url\":\"https:\/\/www.gaveanews.com\/wp-content\/uploads\/Neymar-junto-com-a-delegacao-do-Santos-na-Vila-Belmiro.webp\",\"contentUrl\":\"https:\/\/www.gaveanews.com\/wp-content\/uploads\/Neymar-junto-com-a-delegacao-do-Santos-na-Vila-Belmiro.webp\",\"width\":1200,\"height\":800,\"caption\":\"Neymar chegando com a delega\u00e7\u00e3o do Santos na Vila Belmiro - Fotos: Raul Baretta\/ Santos FC.\"},{\"@type\":\"BreadcrumbList\",\"@id\":\"https:\/\/www.gaveanews.com\/index.php\/2025\/04\/18\/neymar-pode-disputar-libertadores-2026-pelo-santos\/#breadcrumb\",\"itemListElement\":[{\"@type\":\"ListItem\",\"position\":1,\"name\":\"Home\",\"item\":\"https:\/\/www.gaveanews.com\/\"},{\"@type\":\"ListItem\",\"position\":2,\"name\":\"Neymar pode disputar Libertadores 2026 pelo Santos\u00a0\"}]},{\"@type\":\"WebSite\",\"@id\":\"https:\/\/www.gaveanews.com\/#website\",\"url\":\"https:\/\/www.gaveanews.com\/\",\"name\":\"G\u00e1vea News\",\"description\":\"Veja todas as not\u00edcias sobre o Flamengo: Contrata\u00e7\u00f5es, categorias de base, resultados das partidas, tabela de classifica\u00e7\u00e3o, pr\u00f3ximos jogos!\",\"potentialAction\":[{\"@type\":\"SearchAction\",\"target\":{\"@type\":\"EntryPoint\",\"urlTemplate\":\"https:\/\/www.gaveanews.com\/?s={search_term_string}\"},\"query-input\":{\"@type\":\"PropertyValueSpecification\",\"valueRequired\":true,\"valueName\":\"search_term_string\"}}],\"inLanguage\":\"pt-BR\"},{\"@type\":\"Person\",\"@id\":\"https:\/\/www.gaveanews.com\/#\/schema\/person\/0eb3e3fe1754f0205218538adbe8f5ed\",\"name\":\"Rafaela Ladeira\",\"image\":{\"@type\":\"ImageObject\",\"inLanguage\":\"pt-BR\",\"@id\":\"https:\/\/www.gaveanews.com\/#\/schema\/person\/image\/\",\"url\":\"https:\/\/secure.gravatar.com\/avatar\/c31f513acffd85eacab5730cbdfdbbf59f21ba5aeada8cd890acea879fbb2455?s=96&d=mm&r=g\",\"contentUrl\":\"https:\/\/secure.gravatar.com\/avatar\/c31f513acffd85eacab5730cbdfdbbf59f21ba5aeada8cd890acea879fbb2455?s=96&d=mm&r=g\",\"caption\":\"Rafaela Ladeira\"}}]}<\/script>\n<!-- \/ Yoast SEO Premium plugin. -->","yoast_head_json":{"title":"Neymar pode disputar Libertadores 2026 pelo Santos\u00a0","robots":{"index":"index","follow":"follow","max-snippet":"max-snippet:-1","max-image-preview":"max-image-preview:large","max-video-preview":"max-video-preview:-1"},"canonical":"https:\/\/www.gaveanews.com\/index.php\/2025\/04\/18\/neymar-pode-disputar-libertadores-2026-pelo-santos\/","og_locale":"pt_BR","og_type":"article","og_title":"Neymar pode disputar Libertadores 2026 pelo Santos\u00a0","og_description":"A Vila Belmiro explodiu em festa com a vit\u00f3ria por 2 a 0 sobre o Atl\u00e9tico-MG, mas bastou o apito final para uma nova d\u00favida pairar sobre o torcedor: e Neymar, volta quando?&nbsp; A les\u00e3o muscular do craque reacendeu debates nos bastidores, mas tamb\u00e9m abriu uma janela de oportunidades para o Santos. A dor pode [&hellip;]","og_url":"https:\/\/www.gaveanews.com\/index.php\/2025\/04\/18\/neymar-pode-disputar-libertadores-2026-pelo-santos\/","og_site_name":"G\u00e1vea News","article_publisher":"https:\/\/facebook.com\/gaveaNews\/","article_published_time":"2025-04-18T16:25:00+00:00","og_image":[{"width":1200,"height":800,"url":"https:\/\/www.gaveanews.com\/wp-content\/uploads\/Neymar-junto-com-a-delegacao-do-Santos-na-Vila-Belmiro.webp","type":"image\/png"}],"author":"Rafaela Ladeira","twitter_card":"summary_large_image","twitter_misc":{"Escrito por":"Rafaela Ladeira","Est. tempo de leitura":"3 minutos"},"schema":{"@context":"https:\/\/schema.org","@graph":[{"@type":"NewsArticle","@id":"https:\/\/www.gaveanews.com\/index.php\/2025\/04\/18\/neymar-pode-disputar-libertadores-2026-pelo-santos\/#article","isPartOf":{"@id":"https:\/\/www.gaveanews.com\/index.php\/2025\/04\/18\/neymar-pode-disputar-libertadores-2026-pelo-santos\/"},"author":{"name":"Rafaela Ladeira","@id":"https:\/\/www.gaveanews.com\/#\/schema\/person\/0eb3e3fe1754f0205218538adbe8f5ed"},"headline":"Neymar pode disputar Libertadores 2026 pelo Santos\u00a0","datePublished":"2025-04-18T16:25:00+00:00","mainEntityOfPage":{"@id":"https:\/\/www.gaveanews.com\/index.php\/2025\/04\/18\/neymar-pode-disputar-libertadores-2026-pelo-santos\/"},"wordCount":383,"commentCount":0,"image":{"@id":"https:\/\/www.gaveanews.com\/index.php\/2025\/04\/18\/neymar-pode-disputar-libertadores-2026-pelo-santos\/#primaryimage"},"thumbnailUrl":"https:\/\/www.gaveanews.com\/wp-content\/uploads\/Neymar-junto-com-a-delegacao-do-Santos-na-Vila-Belmiro.webp","articleSection":["Santos"],"inLanguage":"pt-BR","potentialAction":[{"@type":"CommentAction","name":"Comment","target":["https:\/\/www.gaveanews.com\/index.php\/2025\/04\/18\/neymar-pode-disputar-libertadores-2026-pelo-santos\/#respond"]}],"copyrightYear":"2025","copyrightHolder":{"@id":"https:\/\/www.gaveanews.com\/#organization"}},{"@type":"WebPage","@id":"https:\/\/www.gaveanews.com\/index.php\/2025\/04\/18\/neymar-pode-disputar-libertadores-2026-pelo-santos\/","url":"https:\/\/www.gaveanews.com\/index.php\/2025\/04\/18\/neymar-pode-disputar-libertadores-2026-pelo-santos\/","name":"Neymar pode disputar Libertadores 2026 pelo Santos\u00a0","isPartOf":{"@id":"https:\/\/www.gaveanews.com\/#website"},"primaryImageOfPage":{"@id":"https:\/\/www.gaveanews.com\/index.php\/2025\/04\/18\/neymar-pode-disputar-libertadores-2026-pelo-santos\/#primaryimage"},"image":{"@id":"https:\/\/www.gaveanews.com\/index.php\/2025\/04\/18\/neymar-pode-disputar-libertadores-2026-pelo-santos\/#primaryimage"},"thumbnailUrl":"https:\/\/www.gaveanews.com\/wp-content\/uploads\/Neymar-junto-com-a-delegacao-do-Santos-na-Vila-Belmiro.webp","datePublished":"2025-04-18T16:25:00+00:00","author":{"@id":"https:\/\/www.gaveanews.com\/#\/schema\/person\/0eb3e3fe1754f0205218538adbe8f5ed"},"breadcrumb":{"@id":"https:\/\/www.gaveanews.com\/index.php\/2025\/04\/18\/neymar-pode-disputar-libertadores-2026-pelo-santos\/#breadcrumb"},"inLanguage":"pt-BR","potentialAction":[{"@type":"ReadAction","target":["https:\/\/www.gaveanews.com\/index.php\/2025\/04\/18\/neymar-pode-disputar-libertadores-2026-pelo-santos\/"]}]},{"@type":"ImageObject","inLanguage":"pt-BR","@id":"https:\/\/www.gaveanews.com\/index.php\/2025\/04\/18\/neymar-pode-disputar-libertadores-2026-pelo-santos\/#primaryimage","url":"https:\/\/www.gaveanews.com\/wp-content\/uploads\/Neymar-junto-com-a-delegacao-do-Santos-na-Vila-Belmiro.webp","contentUrl":"https:\/\/www.gaveanews.com\/wp-content\/uploads\/Neymar-junto-com-a-delegacao-do-Santos-na-Vila-Belmiro.webp","width":1200,"height":800,"caption":"Neymar chegando com a delega\u00e7\u00e3o do Santos na Vila Belmiro - Fotos: Raul Baretta\/ Santos FC."},{"@type":"BreadcrumbList","@id":"https:\/\/www.gaveanews.com\/index.php\/2025\/04\/18\/neymar-pode-disputar-libertadores-2026-pelo-santos\/#breadcrumb","itemListElement":[{"@type":"ListItem","position":1,"name":"Home","item":"https:\/\/www.gaveanews.com\/"},{"@type":"ListItem","position":2,"name":"Neymar pode disputar Libertadores 2026 pelo Santos\u00a0"}]},{"@type":"WebSite","@id":"https:\/\/www.gaveanews.com\/#website","url":"https:\/\/www.gaveanews.com\/","name":"G\u00e1vea News","description":"Veja todas as not\u00edcias sobre o Flamengo: Contrata\u00e7\u00f5es, categorias de base, resultados das partidas, tabela de classifica\u00e7\u00e3o, pr\u00f3ximos jogos!","potentialAction":[{"@type":"SearchAction","target":{"@type":"EntryPoint","urlTemplate":"https:\/\/www.gaveanews.com\/?s={search_term_string}"},"query-input":{"@type":"PropertyValueSpecification","valueRequired":true,"valueName":"search_term_string"}}],"inLanguage":"pt-BR"},{"@type":"Person","@id":"https:\/\/www.gaveanews.com\/#\/schema\/person\/0eb3e3fe1754f0205218538adbe8f5ed","name":"Rafaela Ladeira","image":{"@type":"ImageObject","inLanguage":"pt-BR","@id":"https:\/\/www.gaveanews.com\/#\/schema\/person\/image\/","url":"https:\/\/secure.gravatar.com\/avatar\/c31f513acffd85eacab5730cbdfdbbf59f21ba5aeada8cd890acea879fbb2455?s=96&d=mm&r=g","contentUrl":"https:\/\/secure.gravatar.com\/avatar\/c31f513acffd85eacab5730cbdfdbbf59f21ba5aeada8cd890acea879fbb2455?s=96&d=mm&r=g","caption":"Rafaela Ladeira"}}]}},"_links":{"self":[{"href":"https:\/\/www.gaveanews.com\/index.php\/wp-json\/wp\/v2\/posts\/255334","targetHints":{"allow":["GET"]}}],"collection":[{"href":"https:\/\/www.gaveanews.com\/index.php\/wp-json\/wp\/v2\/posts"}],"about":[{"href":"https:\/\/www.gaveanews.com\/index.php\/wp-json\/wp\/v2\/types\/post"}],"author":[{"embeddable":true,"href":"https:\/\/www.gaveanews.com\/index.php\/wp-json\/wp\/v2\/users\/25"}],"replies":[{"embeddable":true,"href":"https:\/\/www.gaveanews.com\/index.php\/wp-json\/wp\/v2\/comments?post=255334"}],"version-history":[{"count":1,"href":"https:\/\/www.gaveanews.com\/index.php\/wp-json\/wp\/v2\/posts\/255334\/revisions"}],"predecessor-version":[{"id":255335,"href":"https:\/\/www.gaveanews.com\/index.php\/wp-json\/wp\/v2\/posts\/255334\/revisions\/255335"}],"wp:featuredmedia":[{"embeddable":true,"href":"https:\/\/www.gaveanews.com\/index.php\/wp-json\/wp\/v2\/media\/254859"}],"wp:attachment":[{"href":"https:\/\/www.gaveanews.com\/index.php\/wp-json\/wp\/v2\/media?parent=255334"}],"wp:term":[{"taxonomy":"category","embeddable":true,"href":"https:\/\/www.gaveanews.com\/index.php\/wp-json\/wp\/v2\/categories?post=255334"},{"taxonomy":"post_tag","embeddable":true,"href":"https:\/\/www.gaveanews.com\/index.php\/wp-json\/wp\/v2\/tags?post=255334"}],"curies":[{"name":"wp","href":"https:\/\/api.w.org\/{rel}","templated":true}]}}