{"id":255336,"date":"2025-04-18T13:50:05","date_gmt":"2025-04-18T16:50:05","guid":{"rendered":"https:\/\/www.gaveanews.com\/?p=255336"},"modified":"2025-04-18T13:50:09","modified_gmt":"2025-04-18T16:50:09","slug":"posicionamento-do-stjd-sobre-caso-de-bruno-henrique","status":"publish","type":"post","link":"https:\/\/www.gaveanews.com\/index.php\/2025\/04\/18\/posicionamento-do-stjd-sobre-caso-de-bruno-henrique\/","title":{"rendered":"Posicionamento do STJD sobre caso de Bruno Henrique"},"content":{"rendered":"\n<p>O atacante Bruno Henrique, do Flamengo, est\u00e1 no centro de uma investiga\u00e7\u00e3o que apura seu suposto envolvimento em um caso de manipula\u00e7\u00e3o de resultado no Campeonato Brasileiro de 2023. Apesar das acusa\u00e7\u00f5es que pairam sobre o jogador, o Superior Tribunal de Justi\u00e7a Desportiva (STJD) n\u00e3o planeja aplicar uma suspens\u00e3o preventiva antes da realiza\u00e7\u00e3o do julgamento.<\/p>\n\n\n\n<h3 class=\"wp-block-heading\" id=\"h-situacao-atual-e-postura-do-stjd\">Situa\u00e7\u00e3o atual e postura do STJD<\/h3>\n\n\n\n<p>Conforme informa\u00e7\u00f5es colhidas junto a integrantes do tribunal, a suspens\u00e3o preventiva de Bruno Henrique \u00e9 considerada improv\u00e1vel neste momento. O presidente do STJD, Luiz Ot\u00e1vio Ver\u00edssimo Teixeira, declarou que tal medida s\u00f3 \u00e9 tomada em situa\u00e7\u00f5es que representam um risco iminente de repeti\u00e7\u00e3o de condutas il\u00edcitas. &#8220;A natureza do provimento cautelar visa afastar uma situa\u00e7\u00e3o atual, um risco de recorr\u00eancia&#8221;, explicou o dirigente em entrevista \u00e0 ESPN.<\/p>\n\n\n\n<p>Ali\u00e1s, a atual c\u00fapula do tribunal demonstra entendimento distinto daquele adotado em casos anteriores, como o da opera\u00e7\u00e3o &#8220;Penalidade M\u00e1xima&#8221;, quando outros jogadores foram suspensos provisoriamente. A nova orienta\u00e7\u00e3o \u00e9 de que decis\u00f5es cautelares n\u00e3o devem ser influenciadas por press\u00e3o midi\u00e1tica, e sim aplicadas estritamente quando houver justificativa legal robusta.<\/p>\n\n\n\n<h3 class=\"wp-block-heading\" id=\"h-acusacao-e-investigacao\">Acusa\u00e7\u00e3o e investiga\u00e7\u00e3o<\/h3>\n\n\n\n<p>A investiga\u00e7\u00e3o contra o camisa 27 do Flamengo teve in\u00edcio ap\u00f3s a 31\u00aa rodada do Brasileir\u00e3o de 2023, quando Bruno Henrique recebeu um cart\u00e3o vermelho em circunst\u00e2ncias incomuns na partida contra o Santos. O epis\u00f3dio gerou um volume anormal de apostas, sobretudo em rela\u00e7\u00e3o \u00e0 possibilidade do jogador ser advertido.<\/p>\n\n\n\n<p>De acordo com as apura\u00e7\u00f5es da Pol\u00edcia Federal, a suspeita \u00e9 de que o jogador tenha for\u00e7ado o recebimento de um cart\u00e3o amarelo \u2014 que, posteriormente, resultou em expuls\u00e3o \u2014 a fim de beneficiar apostadores, incluindo familiares. Prints de conversas entre o atleta e seu irm\u00e3o vieram \u00e0 tona, refor\u00e7ando a linha investigativa. A PF j\u00e1 indiciou Bruno Henrique e outras nove pessoas, mas o STJD ainda aguarda o compartilhamento oficial dos dados para abertura formal do processo.<\/p>\n\n\n\n<h3 class=\"wp-block-heading\" id=\"h-possiveis-sancoes-e-implicacoes\">Poss\u00edveis san\u00e7\u00f5es e implica\u00e7\u00f5es<\/h3>\n\n\n\n<p>A acusa\u00e7\u00e3o contra o jogador deve se basear no artigo 243 do C\u00f3digo Brasileiro de Justi\u00e7a Desportiva, que trata da manipula\u00e7\u00e3o de resultado. Esse dispositivo prev\u00ea penas que variam entre 180 e 720 dias de suspens\u00e3o, dependendo da exist\u00eancia ou n\u00e3o de ganho econ\u00f4mico direto por parte do acusado. Atualmente, os ind\u00edcios apontam que apenas os familiares do atleta possam ter se beneficiado financeiramente, o que pode influenciar na dosimetria da eventual puni\u00e7\u00e3o.<\/p>\n\n\n\n<p>Enquanto n\u00e3o for julgado, punido ou suspenso, Bruno Henrique segue \u00e0 disposi\u00e7\u00e3o do Flamengo. Portanto, o atacante deve entrar em campo neste s\u00e1bado (19), \u00e0s 18h30 (hor\u00e1rio de Bras\u00edlia), no cl\u00e1ssico contra o Vasco, no Maracan\u00e3, pela quinta rodada do Campeonato Brasileiro.<\/p>\n\n\n\n<h3 class=\"wp-block-heading\" id=\"h-consideracoes-finais\">Considera\u00e7\u00f5es finais<\/h3>\n\n\n\n<p>O caso continua em an\u00e1lise pelo STJD, mas, at\u00e9 o momento, n\u00e3o h\u00e1 elementos suficientes que justifiquem o afastamento cautelar do jogador. Eventualmente, novos fatos poder\u00e3o alterar esse cen\u00e1rio, mas, conforme as avalia\u00e7\u00f5es preliminares, o tribunal parece inclinado a seguir o rito regular, aguardando o avan\u00e7o do processo e a reuni\u00e3o completa das provas para deliberar sobre puni\u00e7\u00f5es mais severas.<\/p>\n","protected":false},"excerpt":{"rendered":"<p>O atacante Bruno Henrique, do Flamengo, est\u00e1 no centro de uma investiga\u00e7\u00e3o que apura seu suposto envolvimento em um caso de manipula\u00e7\u00e3o de resultado no Campeonato Brasileiro de 2023. Apesar das acusa\u00e7\u00f5es que pairam sobre o jogador, o Superior Tribunal de Justi\u00e7a Desportiva (STJD) n\u00e3o planeja aplicar uma suspens\u00e3o preventiva antes da realiza\u00e7\u00e3o do julgamento. [&hellip;]<\/p>\n","protected":false},"author":30,"featured_media":255011,"comment_status":"open","ping_status":"closed","sticky":false,"template":"","format":"standard","meta":{"footnotes":""},"categories":[1],"tags":[],"class_list":["post-255336","post","type-post","status-publish","format-standard","has-post-thumbnail","hentry","category-flamengo"],"yoast_head":"<!-- This site is optimized with the Yoast SEO Premium plugin v24.2 (Yoast SEO v26.9) - https:\/\/yoast.com\/product\/yoast-seo-premium-wordpress\/ -->\n<title>Posicionamento do STJD sobre caso de Bruno Henrique<\/title>\n<meta name=\"robots\" content=\"index, follow, max-snippet:-1, max-image-preview:large, max-video-preview:-1\" \/>\n<link rel=\"canonical\" href=\"https:\/\/www.gaveanews.com\/index.php\/2025\/04\/18\/posicionamento-do-stjd-sobre-caso-de-bruno-henrique\/\" \/>\n<meta property=\"og:locale\" content=\"pt_BR\" \/>\n<meta property=\"og:type\" content=\"article\" \/>\n<meta property=\"og:title\" content=\"Posicionamento do STJD sobre caso de Bruno Henrique\" \/>\n<meta property=\"og:description\" content=\"O atacante Bruno Henrique, do Flamengo, est\u00e1 no centro de uma investiga\u00e7\u00e3o que apura seu suposto envolvimento em um caso de manipula\u00e7\u00e3o de resultado no Campeonato Brasileiro de 2023. Apesar das acusa\u00e7\u00f5es que pairam sobre o jogador, o Superior Tribunal de Justi\u00e7a Desportiva (STJD) n\u00e3o planeja aplicar uma suspens\u00e3o preventiva antes da realiza\u00e7\u00e3o do julgamento. [&hellip;]\" \/>\n<meta property=\"og:url\" content=\"https:\/\/www.gaveanews.com\/index.php\/2025\/04\/18\/posicionamento-do-stjd-sobre-caso-de-bruno-henrique\/\" \/>\n<meta property=\"og:site_name\" content=\"G\u00e1vea News\" \/>\n<meta property=\"article:publisher\" content=\"https:\/\/facebook.com\/gaveaNews\/\" \/>\n<meta property=\"article:published_time\" content=\"2025-04-18T16:50:05+00:00\" \/>\n<meta property=\"article:modified_time\" content=\"2025-04-18T16:50:09+00:00\" \/>\n<meta property=\"og:image\" content=\"http:\/\/www.gaveanews.com\/wp-content\/uploads\/Bruno-Henrique-em-embarque-do-Flamengo.webp\" \/>\n\t<meta property=\"og:image:width\" content=\"1200\" \/>\n\t<meta property=\"og:image:height\" content=\"800\" \/>\n\t<meta property=\"og:image:type\" content=\"image\/png\" \/>\n<meta name=\"author\" content=\"Ana Teixeira\" \/>\n<meta name=\"twitter:card\" content=\"summary_large_image\" \/>\n<meta name=\"twitter:label1\" content=\"Escrito por\" \/>\n\t<meta name=\"twitter:data1\" content=\"Ana Teixeira\" \/>\n\t<meta name=\"twitter:label2\" content=\"Est. tempo de leitura\" \/>\n\t<meta name=\"twitter:data2\" content=\"3 minutos\" \/>\n<script type=\"application\/ld+json\" class=\"yoast-schema-graph\">{\"@context\":\"https:\/\/schema.org\",\"@graph\":[{\"@type\":\"NewsArticle\",\"@id\":\"https:\/\/www.gaveanews.com\/index.php\/2025\/04\/18\/posicionamento-do-stjd-sobre-caso-de-bruno-henrique\/#article\",\"isPartOf\":{\"@id\":\"https:\/\/www.gaveanews.com\/index.php\/2025\/04\/18\/posicionamento-do-stjd-sobre-caso-de-bruno-henrique\/\"},\"author\":{\"name\":\"Ana Teixeira\",\"@id\":\"https:\/\/www.gaveanews.com\/#\/schema\/person\/3b19f7288b0ce20372991275e4f2e6c2\"},\"headline\":\"Posicionamento do STJD sobre caso de Bruno Henrique\",\"datePublished\":\"2025-04-18T16:50:05+00:00\",\"dateModified\":\"2025-04-18T16:50:09+00:00\",\"mainEntityOfPage\":{\"@id\":\"https:\/\/www.gaveanews.com\/index.php\/2025\/04\/18\/posicionamento-do-stjd-sobre-caso-de-bruno-henrique\/\"},\"wordCount\":552,\"commentCount\":0,\"image\":{\"@id\":\"https:\/\/www.gaveanews.com\/index.php\/2025\/04\/18\/posicionamento-do-stjd-sobre-caso-de-bruno-henrique\/#primaryimage\"},\"thumbnailUrl\":\"https:\/\/www.gaveanews.com\/wp-content\/uploads\/Bruno-Henrique-em-embarque-do-Flamengo.webp\",\"articleSection\":[\"Flamengo\"],\"inLanguage\":\"pt-BR\",\"potentialAction\":[{\"@type\":\"CommentAction\",\"name\":\"Comment\",\"target\":[\"https:\/\/www.gaveanews.com\/index.php\/2025\/04\/18\/posicionamento-do-stjd-sobre-caso-de-bruno-henrique\/#respond\"]}],\"copyrightYear\":\"2025\",\"copyrightHolder\":{\"@id\":\"https:\/\/www.gaveanews.com\/#organization\"}},{\"@type\":\"WebPage\",\"@id\":\"https:\/\/www.gaveanews.com\/index.php\/2025\/04\/18\/posicionamento-do-stjd-sobre-caso-de-bruno-henrique\/\",\"url\":\"https:\/\/www.gaveanews.com\/index.php\/2025\/04\/18\/posicionamento-do-stjd-sobre-caso-de-bruno-henrique\/\",\"name\":\"Posicionamento do STJD sobre caso de Bruno Henrique\",\"isPartOf\":{\"@id\":\"https:\/\/www.gaveanews.com\/#website\"},\"primaryImageOfPage\":{\"@id\":\"https:\/\/www.gaveanews.com\/index.php\/2025\/04\/18\/posicionamento-do-stjd-sobre-caso-de-bruno-henrique\/#primaryimage\"},\"image\":{\"@id\":\"https:\/\/www.gaveanews.com\/index.php\/2025\/04\/18\/posicionamento-do-stjd-sobre-caso-de-bruno-henrique\/#primaryimage\"},\"thumbnailUrl\":\"https:\/\/www.gaveanews.com\/wp-content\/uploads\/Bruno-Henrique-em-embarque-do-Flamengo.webp\",\"datePublished\":\"2025-04-18T16:50:05+00:00\",\"dateModified\":\"2025-04-18T16:50:09+00:00\",\"author\":{\"@id\":\"https:\/\/www.gaveanews.com\/#\/schema\/person\/3b19f7288b0ce20372991275e4f2e6c2\"},\"breadcrumb\":{\"@id\":\"https:\/\/www.gaveanews.com\/index.php\/2025\/04\/18\/posicionamento-do-stjd-sobre-caso-de-bruno-henrique\/#breadcrumb\"},\"inLanguage\":\"pt-BR\",\"potentialAction\":[{\"@type\":\"ReadAction\",\"target\":[\"https:\/\/www.gaveanews.com\/index.php\/2025\/04\/18\/posicionamento-do-stjd-sobre-caso-de-bruno-henrique\/\"]}]},{\"@type\":\"ImageObject\",\"inLanguage\":\"pt-BR\",\"@id\":\"https:\/\/www.gaveanews.com\/index.php\/2025\/04\/18\/posicionamento-do-stjd-sobre-caso-de-bruno-henrique\/#primaryimage\",\"url\":\"https:\/\/www.gaveanews.com\/wp-content\/uploads\/Bruno-Henrique-em-embarque-do-Flamengo.webp\",\"contentUrl\":\"https:\/\/www.gaveanews.com\/wp-content\/uploads\/Bruno-Henrique-em-embarque-do-Flamengo.webp\",\"width\":1200,\"height\":800,\"caption\":\"Bruno Henrique em embarque do Flamengo - Foto: Adriano Fontes\/Flamengo\"},{\"@type\":\"BreadcrumbList\",\"@id\":\"https:\/\/www.gaveanews.com\/index.php\/2025\/04\/18\/posicionamento-do-stjd-sobre-caso-de-bruno-henrique\/#breadcrumb\",\"itemListElement\":[{\"@type\":\"ListItem\",\"position\":1,\"name\":\"Home\",\"item\":\"https:\/\/www.gaveanews.com\/\"},{\"@type\":\"ListItem\",\"position\":2,\"name\":\"Posicionamento do STJD sobre caso de Bruno Henrique\"}]},{\"@type\":\"WebSite\",\"@id\":\"https:\/\/www.gaveanews.com\/#website\",\"url\":\"https:\/\/www.gaveanews.com\/\",\"name\":\"G\u00e1vea News\",\"description\":\"Veja todas as not\u00edcias sobre o Flamengo: Contrata\u00e7\u00f5es, categorias de base, resultados das partidas, tabela de classifica\u00e7\u00e3o, pr\u00f3ximos jogos!\",\"potentialAction\":[{\"@type\":\"SearchAction\",\"target\":{\"@type\":\"EntryPoint\",\"urlTemplate\":\"https:\/\/www.gaveanews.com\/?s={search_term_string}\"},\"query-input\":{\"@type\":\"PropertyValueSpecification\",\"valueRequired\":true,\"valueName\":\"search_term_string\"}}],\"inLanguage\":\"pt-BR\"},{\"@type\":\"Person\",\"@id\":\"https:\/\/www.gaveanews.com\/#\/schema\/person\/3b19f7288b0ce20372991275e4f2e6c2\",\"name\":\"Ana Teixeira\",\"image\":{\"@type\":\"ImageObject\",\"inLanguage\":\"pt-BR\",\"@id\":\"https:\/\/www.gaveanews.com\/#\/schema\/person\/image\/\",\"url\":\"https:\/\/secure.gravatar.com\/avatar\/0a73f5a5258f3fed37fc2fa641892f3f7a4748456d4d4792f9bc550e6c19e06c?s=96&d=mm&r=g\",\"contentUrl\":\"https:\/\/secure.gravatar.com\/avatar\/0a73f5a5258f3fed37fc2fa641892f3f7a4748456d4d4792f9bc550e6c19e06c?s=96&d=mm&r=g\",\"caption\":\"Ana Teixeira\"}}]}<\/script>\n<!-- \/ Yoast SEO Premium plugin. -->","yoast_head_json":{"title":"Posicionamento do STJD sobre caso de Bruno Henrique","robots":{"index":"index","follow":"follow","max-snippet":"max-snippet:-1","max-image-preview":"max-image-preview:large","max-video-preview":"max-video-preview:-1"},"canonical":"https:\/\/www.gaveanews.com\/index.php\/2025\/04\/18\/posicionamento-do-stjd-sobre-caso-de-bruno-henrique\/","og_locale":"pt_BR","og_type":"article","og_title":"Posicionamento do STJD sobre caso de Bruno Henrique","og_description":"O atacante Bruno Henrique, do Flamengo, est\u00e1 no centro de uma investiga\u00e7\u00e3o que apura seu suposto envolvimento em um caso de manipula\u00e7\u00e3o de resultado no Campeonato Brasileiro de 2023. Apesar das acusa\u00e7\u00f5es que pairam sobre o jogador, o Superior Tribunal de Justi\u00e7a Desportiva (STJD) n\u00e3o planeja aplicar uma suspens\u00e3o preventiva antes da realiza\u00e7\u00e3o do julgamento. [&hellip;]","og_url":"https:\/\/www.gaveanews.com\/index.php\/2025\/04\/18\/posicionamento-do-stjd-sobre-caso-de-bruno-henrique\/","og_site_name":"G\u00e1vea News","article_publisher":"https:\/\/facebook.com\/gaveaNews\/","article_published_time":"2025-04-18T16:50:05+00:00","article_modified_time":"2025-04-18T16:50:09+00:00","og_image":[{"width":1200,"height":800,"url":"http:\/\/www.gaveanews.com\/wp-content\/uploads\/Bruno-Henrique-em-embarque-do-Flamengo.webp","type":"image\/png"}],"author":"Ana Teixeira","twitter_card":"summary_large_image","twitter_misc":{"Escrito por":"Ana Teixeira","Est. tempo de leitura":"3 minutos"},"schema":{"@context":"https:\/\/schema.org","@graph":[{"@type":"NewsArticle","@id":"https:\/\/www.gaveanews.com\/index.php\/2025\/04\/18\/posicionamento-do-stjd-sobre-caso-de-bruno-henrique\/#article","isPartOf":{"@id":"https:\/\/www.gaveanews.com\/index.php\/2025\/04\/18\/posicionamento-do-stjd-sobre-caso-de-bruno-henrique\/"},"author":{"name":"Ana Teixeira","@id":"https:\/\/www.gaveanews.com\/#\/schema\/person\/3b19f7288b0ce20372991275e4f2e6c2"},"headline":"Posicionamento do STJD sobre caso de Bruno Henrique","datePublished":"2025-04-18T16:50:05+00:00","dateModified":"2025-04-18T16:50:09+00:00","mainEntityOfPage":{"@id":"https:\/\/www.gaveanews.com\/index.php\/2025\/04\/18\/posicionamento-do-stjd-sobre-caso-de-bruno-henrique\/"},"wordCount":552,"commentCount":0,"image":{"@id":"https:\/\/www.gaveanews.com\/index.php\/2025\/04\/18\/posicionamento-do-stjd-sobre-caso-de-bruno-henrique\/#primaryimage"},"thumbnailUrl":"https:\/\/www.gaveanews.com\/wp-content\/uploads\/Bruno-Henrique-em-embarque-do-Flamengo.webp","articleSection":["Flamengo"],"inLanguage":"pt-BR","potentialAction":[{"@type":"CommentAction","name":"Comment","target":["https:\/\/www.gaveanews.com\/index.php\/2025\/04\/18\/posicionamento-do-stjd-sobre-caso-de-bruno-henrique\/#respond"]}],"copyrightYear":"2025","copyrightHolder":{"@id":"https:\/\/www.gaveanews.com\/#organization"}},{"@type":"WebPage","@id":"https:\/\/www.gaveanews.com\/index.php\/2025\/04\/18\/posicionamento-do-stjd-sobre-caso-de-bruno-henrique\/","url":"https:\/\/www.gaveanews.com\/index.php\/2025\/04\/18\/posicionamento-do-stjd-sobre-caso-de-bruno-henrique\/","name":"Posicionamento do STJD sobre caso de Bruno Henrique","isPartOf":{"@id":"https:\/\/www.gaveanews.com\/#website"},"primaryImageOfPage":{"@id":"https:\/\/www.gaveanews.com\/index.php\/2025\/04\/18\/posicionamento-do-stjd-sobre-caso-de-bruno-henrique\/#primaryimage"},"image":{"@id":"https:\/\/www.gaveanews.com\/index.php\/2025\/04\/18\/posicionamento-do-stjd-sobre-caso-de-bruno-henrique\/#primaryimage"},"thumbnailUrl":"https:\/\/www.gaveanews.com\/wp-content\/uploads\/Bruno-Henrique-em-embarque-do-Flamengo.webp","datePublished":"2025-04-18T16:50:05+00:00","dateModified":"2025-04-18T16:50:09+00:00","author":{"@id":"https:\/\/www.gaveanews.com\/#\/schema\/person\/3b19f7288b0ce20372991275e4f2e6c2"},"breadcrumb":{"@id":"https:\/\/www.gaveanews.com\/index.php\/2025\/04\/18\/posicionamento-do-stjd-sobre-caso-de-bruno-henrique\/#breadcrumb"},"inLanguage":"pt-BR","potentialAction":[{"@type":"ReadAction","target":["https:\/\/www.gaveanews.com\/index.php\/2025\/04\/18\/posicionamento-do-stjd-sobre-caso-de-bruno-henrique\/"]}]},{"@type":"ImageObject","inLanguage":"pt-BR","@id":"https:\/\/www.gaveanews.com\/index.php\/2025\/04\/18\/posicionamento-do-stjd-sobre-caso-de-bruno-henrique\/#primaryimage","url":"https:\/\/www.gaveanews.com\/wp-content\/uploads\/Bruno-Henrique-em-embarque-do-Flamengo.webp","contentUrl":"https:\/\/www.gaveanews.com\/wp-content\/uploads\/Bruno-Henrique-em-embarque-do-Flamengo.webp","width":1200,"height":800,"caption":"Bruno Henrique em embarque do Flamengo - Foto: Adriano Fontes\/Flamengo"},{"@type":"BreadcrumbList","@id":"https:\/\/www.gaveanews.com\/index.php\/2025\/04\/18\/posicionamento-do-stjd-sobre-caso-de-bruno-henrique\/#breadcrumb","itemListElement":[{"@type":"ListItem","position":1,"name":"Home","item":"https:\/\/www.gaveanews.com\/"},{"@type":"ListItem","position":2,"name":"Posicionamento do STJD sobre caso de Bruno Henrique"}]},{"@type":"WebSite","@id":"https:\/\/www.gaveanews.com\/#website","url":"https:\/\/www.gaveanews.com\/","name":"G\u00e1vea News","description":"Veja todas as not\u00edcias sobre o Flamengo: Contrata\u00e7\u00f5es, categorias de base, resultados das partidas, tabela de classifica\u00e7\u00e3o, pr\u00f3ximos jogos!","potentialAction":[{"@type":"SearchAction","target":{"@type":"EntryPoint","urlTemplate":"https:\/\/www.gaveanews.com\/?s={search_term_string}"},"query-input":{"@type":"PropertyValueSpecification","valueRequired":true,"valueName":"search_term_string"}}],"inLanguage":"pt-BR"},{"@type":"Person","@id":"https:\/\/www.gaveanews.com\/#\/schema\/person\/3b19f7288b0ce20372991275e4f2e6c2","name":"Ana Teixeira","image":{"@type":"ImageObject","inLanguage":"pt-BR","@id":"https:\/\/www.gaveanews.com\/#\/schema\/person\/image\/","url":"https:\/\/secure.gravatar.com\/avatar\/0a73f5a5258f3fed37fc2fa641892f3f7a4748456d4d4792f9bc550e6c19e06c?s=96&d=mm&r=g","contentUrl":"https:\/\/secure.gravatar.com\/avatar\/0a73f5a5258f3fed37fc2fa641892f3f7a4748456d4d4792f9bc550e6c19e06c?s=96&d=mm&r=g","caption":"Ana Teixeira"}}]}},"_links":{"self":[{"href":"https:\/\/www.gaveanews.com\/index.php\/wp-json\/wp\/v2\/posts\/255336","targetHints":{"allow":["GET"]}}],"collection":[{"href":"https:\/\/www.gaveanews.com\/index.php\/wp-json\/wp\/v2\/posts"}],"about":[{"href":"https:\/\/www.gaveanews.com\/index.php\/wp-json\/wp\/v2\/types\/post"}],"author":[{"embeddable":true,"href":"https:\/\/www.gaveanews.com\/index.php\/wp-json\/wp\/v2\/users\/30"}],"replies":[{"embeddable":true,"href":"https:\/\/www.gaveanews.com\/index.php\/wp-json\/wp\/v2\/comments?post=255336"}],"version-history":[{"count":1,"href":"https:\/\/www.gaveanews.com\/index.php\/wp-json\/wp\/v2\/posts\/255336\/revisions"}],"predecessor-version":[{"id":255339,"href":"https:\/\/www.gaveanews.com\/index.php\/wp-json\/wp\/v2\/posts\/255336\/revisions\/255339"}],"wp:featuredmedia":[{"embeddable":true,"href":"https:\/\/www.gaveanews.com\/index.php\/wp-json\/wp\/v2\/media\/255011"}],"wp:attachment":[{"href":"https:\/\/www.gaveanews.com\/index.php\/wp-json\/wp\/v2\/media?parent=255336"}],"wp:term":[{"taxonomy":"category","embeddable":true,"href":"https:\/\/www.gaveanews.com\/index.php\/wp-json\/wp\/v2\/categories?post=255336"},{"taxonomy":"post_tag","embeddable":true,"href":"https:\/\/www.gaveanews.com\/index.php\/wp-json\/wp\/v2\/tags?post=255336"}],"curies":[{"name":"wp","href":"https:\/\/api.w.org\/{rel}","templated":true}]}}