{"id":255337,"date":"2025-04-18T13:55:00","date_gmt":"2025-04-18T16:55:00","guid":{"rendered":"https:\/\/www.gaveanews.com\/?p=255337"},"modified":"2025-04-18T13:53:41","modified_gmt":"2025-04-18T16:53:41","slug":"guardiola-lamenta-por-confrontos-da-champions-league","status":"publish","type":"post","link":"https:\/\/www.gaveanews.com\/index.php\/2025\/04\/18\/guardiola-lamenta-por-confrontos-da-champions-league\/","title":{"rendered":"Guardiola lamenta por confrontos da Champions League"},"content":{"rendered":"\n<p>A atual temporada tem sido at\u00edpica para o Manchester City. Ap\u00f3s quatro t\u00edtulos consecutivos da Premier League, a equipe comandada por Pep Guardiola enfrenta um cen\u00e1rio menos confort\u00e1vel na reta final da atual edi\u00e7\u00e3o da competi\u00e7\u00e3o. Fora das fases finais da Liga dos Campe\u00f5es, o treinador espanhol admitiu o impacto emocional dessa aus\u00eancia, mas transformou a frustra\u00e7\u00e3o em combust\u00edvel para os desafios que ainda restam no calend\u00e1rio.<\/p>\n\n\n\n<p>Durante a semana, Guardiola revelou que acompanhou atentamente os jogos das quartas de final da Liga dos Campe\u00f5es. O t\u00e9cnico destacou as partidas entre Paris Saint-Germain e Aston Villa, al\u00e9m do confronto entre Borussia Dortmund e Barcelona. <\/p>\n\n\n\n<p>\u201cForam jogos muito bons. Aproveitei assisti-los e, claro, senti falta de estar l\u00e1\u201d, declarou. Conforme o treinador, os confrontos serviram como fonte de motiva\u00e7\u00e3o para buscar a classifica\u00e7\u00e3o \u00e0 pr\u00f3xima edi\u00e7\u00e3o do torneio continental.<\/p>\n\n\n\n<h2 class=\"wp-block-heading\" id=\"h-situacao-na-premier-league-e-motivacao-renovada\">Situa\u00e7\u00e3o na Premier League e motiva\u00e7\u00e3o renovada<\/h2>\n\n\n\n<p>Atualmente, o City disputa ponto a ponto uma vaga entre os cinco primeiros colocados da Premier League \u2014 o que garante presen\u00e7a na Liga dos Campe\u00f5es de 2025\/26. O duelo contra o Everton, marcado para s\u00e1bado (19), \u00e0s 11h (de Bras\u00edlia), em Goodison Park, ser\u00e1 decisivo. O est\u00e1dio, ali\u00e1s, receber\u00e1 o time de Pep pela cent\u00e9sima vez antes da mudan\u00e7a definitiva dos Toffees para um novo endere\u00e7o na zona portu\u00e1ria de Liverpool.<\/p>\n\n\n\n<p>\u201c\u00c9 uma motiva\u00e7\u00e3o. N\u00e3o \u00e9 ruim lutar para se classificar para a Liga dos Campe\u00f5es\u201d, afirmou Guardiola. O treinador tamb\u00e9m destacou que, apesar das dificuldades, a equipe conseguiu reagir nos \u00faltimos meses. \u201cAs pessoas dizem que estamos em quarto agora, mas poder\u00edamos estar em 11\u00ba, 12\u00ba ou at\u00e9 14\u00ba. Fizemos algumas coisas boas nos \u00faltimos quatro ou cinco meses\u201d, analisou.<\/p>\n\n\n\n<p>Ali\u00e1s, Guardiola n\u00e3o minimizou os problemas enfrentados ao longo da temporada. \u201cEsta temporada n\u00e3o estamos no nosso melhor n\u00edvel, mas estamos nos saindo bem. Est\u00e1 em nossas m\u00e3os\u201d, declarou. Ainda segundo ele, os jogos restantes, especialmente contra rivais diretos como o Aston Villa, ser\u00e3o determinantes para o desfecho do planejamento do clube.<\/p>\n\n\n\n<h2 class=\"wp-block-heading\" id=\"h-elenco-afetado-por-lesoes-e-desfalques-importantes\">Elenco afetado por les\u00f5es e desfalques importantes<\/h2>\n\n\n\n<p>Al\u00e9m do desempenho irregular, a equipe teve que lidar com aus\u00eancias significativas por les\u00e3o. Segundo o pr\u00f3prio Guardiola, Ederson e Haaland seguem fora, sem previs\u00e3o de retorno. \u201cEderson n\u00e3o est\u00e1 pronto para amanh\u00e3. Haaland tamb\u00e9m n\u00e3o, nem para as partidas seguintes\u201d, confirmou o t\u00e9cnico. Por outro lado, h\u00e1 sinais positivos quanto a outros nomes importantes. <\/p>\n\n\n\n<p>\u201cFoden treinou na quinta-feira e far\u00e1 sua segunda sess\u00e3o hoje. Akanji tamb\u00e9m treinou conosco algumas vezes e est\u00e1 indo bem\u201d, explicou.<\/p>\n\n\n\n<p>Essas incertezas f\u00edsicas imp\u00f5em um desafio adicional para a montagem do time em uma semana crucial, que tamb\u00e9m inclui uma semifinal da FA Cup contra o Nottingham Forest, em Wembley.<\/p>\n\n\n\n<h2 class=\"wp-block-heading\" id=\"h-reconhecimento-dos-adversarios-e-autocritica\">Reconhecimento dos advers\u00e1rios e autocr\u00edtica<\/h2>\n\n\n\n<p>Apesar do lamento pela elimina\u00e7\u00e3o precoce na Liga dos Campe\u00f5es diante do Real Madrid, Guardiola demonstrou serenidade ao reconhecer os m\u00e9ritos de outras equipes. \u201cNo esporte, \u00e0s vezes voc\u00ea n\u00e3o joga bem e n\u00e3o merece estar l\u00e1. H\u00e1 times que fizeram melhor que n\u00f3s\u201d, refletiu. Ainda assim, ele reiterou a expectativa de retornar ao cen\u00e1rio de protagonismo europeu. \u201cEspero que na pr\u00f3xima temporada possamos estar l\u00e1 com os grandes clubes da Europa e desafi\u00e1-los melhor do que fizemos nesta temporada.\u201d<\/p>\n\n\n\n<p>Em tom realista, mas esperan\u00e7oso, Guardiola encerrou sua fala destacando o esp\u00edrito competitivo que ainda move o City. \u201cN\u00e3o me queixo muito do que a vida me d\u00e1, nos bons e maus momentos. A motiva\u00e7\u00e3o continua a mesma\u201d, concluiu.<\/p>\n","protected":false},"excerpt":{"rendered":"<p>A atual temporada tem sido at\u00edpica para o Manchester City. Ap\u00f3s quatro t\u00edtulos consecutivos da Premier League, a equipe comandada por Pep Guardiola enfrenta um cen\u00e1rio menos confort\u00e1vel na reta final da atual edi\u00e7\u00e3o da competi\u00e7\u00e3o. Fora das fases finais da Liga dos Campe\u00f5es, o treinador espanhol admitiu o impacto emocional dessa aus\u00eancia, mas transformou [&hellip;]<\/p>\n","protected":false},"author":30,"featured_media":110298,"comment_status":"open","ping_status":"closed","sticky":false,"template":"","format":"standard","meta":{"footnotes":""},"categories":[78,84],"tags":[],"class_list":["post-255337","post","type-post","status-publish","format-standard","has-post-thumbnail","hentry","category-futebol-internacional","category-manchester-city"],"yoast_head":"<!-- This site is optimized with the Yoast SEO Premium plugin v24.2 (Yoast SEO v26.9) - https:\/\/yoast.com\/product\/yoast-seo-premium-wordpress\/ -->\n<title>Guardiola lamenta por confrontos da Champions League<\/title>\n<meta name=\"robots\" content=\"index, follow, max-snippet:-1, max-image-preview:large, max-video-preview:-1\" \/>\n<link rel=\"canonical\" href=\"https:\/\/www.gaveanews.com\/index.php\/2025\/04\/18\/guardiola-lamenta-por-confrontos-da-champions-league\/\" \/>\n<meta property=\"og:locale\" content=\"pt_BR\" \/>\n<meta property=\"og:type\" content=\"article\" \/>\n<meta property=\"og:title\" content=\"Guardiola lamenta por confrontos da Champions League\" \/>\n<meta property=\"og:description\" content=\"A atual temporada tem sido at\u00edpica para o Manchester City. Ap\u00f3s quatro t\u00edtulos consecutivos da Premier League, a equipe comandada por Pep Guardiola enfrenta um cen\u00e1rio menos confort\u00e1vel na reta final da atual edi\u00e7\u00e3o da competi\u00e7\u00e3o. Fora das fases finais da Liga dos Campe\u00f5es, o treinador espanhol admitiu o impacto emocional dessa aus\u00eancia, mas transformou [&hellip;]\" \/>\n<meta property=\"og:url\" content=\"https:\/\/www.gaveanews.com\/index.php\/2025\/04\/18\/guardiola-lamenta-por-confrontos-da-champions-league\/\" \/>\n<meta property=\"og:site_name\" content=\"G\u00e1vea News\" \/>\n<meta property=\"article:publisher\" content=\"https:\/\/facebook.com\/gaveaNews\/\" \/>\n<meta property=\"article:published_time\" content=\"2025-04-18T16:55:00+00:00\" \/>\n<meta property=\"og:image\" content=\"https:\/\/www.gaveanews.com\/wp-content\/uploads\/Guardiola-durante-um-jogo-do-Manchester-City.webp\" \/>\n\t<meta property=\"og:image:width\" content=\"1080\" \/>\n\t<meta property=\"og:image:height\" content=\"744\" \/>\n\t<meta property=\"og:image:type\" content=\"image\/jpeg\" \/>\n<meta name=\"author\" content=\"Ana Teixeira\" \/>\n<meta name=\"twitter:card\" content=\"summary_large_image\" \/>\n<meta name=\"twitter:label1\" content=\"Escrito por\" \/>\n\t<meta name=\"twitter:data1\" content=\"Ana Teixeira\" \/>\n\t<meta name=\"twitter:label2\" content=\"Est. tempo de leitura\" \/>\n\t<meta name=\"twitter:data2\" content=\"4 minutos\" \/>\n<script type=\"application\/ld+json\" class=\"yoast-schema-graph\">{\"@context\":\"https:\/\/schema.org\",\"@graph\":[{\"@type\":\"NewsArticle\",\"@id\":\"https:\/\/www.gaveanews.com\/index.php\/2025\/04\/18\/guardiola-lamenta-por-confrontos-da-champions-league\/#article\",\"isPartOf\":{\"@id\":\"https:\/\/www.gaveanews.com\/index.php\/2025\/04\/18\/guardiola-lamenta-por-confrontos-da-champions-league\/\"},\"author\":{\"name\":\"Ana Teixeira\",\"@id\":\"https:\/\/www.gaveanews.com\/#\/schema\/person\/3b19f7288b0ce20372991275e4f2e6c2\"},\"headline\":\"Guardiola lamenta por confrontos da Champions League\",\"datePublished\":\"2025-04-18T16:55:00+00:00\",\"mainEntityOfPage\":{\"@id\":\"https:\/\/www.gaveanews.com\/index.php\/2025\/04\/18\/guardiola-lamenta-por-confrontos-da-champions-league\/\"},\"wordCount\":636,\"commentCount\":0,\"image\":{\"@id\":\"https:\/\/www.gaveanews.com\/index.php\/2025\/04\/18\/guardiola-lamenta-por-confrontos-da-champions-league\/#primaryimage\"},\"thumbnailUrl\":\"https:\/\/www.gaveanews.com\/wp-content\/uploads\/Guardiola-durante-um-jogo-do-Manchester-City.webp\",\"articleSection\":[\"Futebol Internacional\",\"Manchester City\"],\"inLanguage\":\"pt-BR\",\"potentialAction\":[{\"@type\":\"CommentAction\",\"name\":\"Comment\",\"target\":[\"https:\/\/www.gaveanews.com\/index.php\/2025\/04\/18\/guardiola-lamenta-por-confrontos-da-champions-league\/#respond\"]}],\"copyrightYear\":\"2025\",\"copyrightHolder\":{\"@id\":\"https:\/\/www.gaveanews.com\/#organization\"}},{\"@type\":\"WebPage\",\"@id\":\"https:\/\/www.gaveanews.com\/index.php\/2025\/04\/18\/guardiola-lamenta-por-confrontos-da-champions-league\/\",\"url\":\"https:\/\/www.gaveanews.com\/index.php\/2025\/04\/18\/guardiola-lamenta-por-confrontos-da-champions-league\/\",\"name\":\"Guardiola lamenta por confrontos da Champions League\",\"isPartOf\":{\"@id\":\"https:\/\/www.gaveanews.com\/#website\"},\"primaryImageOfPage\":{\"@id\":\"https:\/\/www.gaveanews.com\/index.php\/2025\/04\/18\/guardiola-lamenta-por-confrontos-da-champions-league\/#primaryimage\"},\"image\":{\"@id\":\"https:\/\/www.gaveanews.com\/index.php\/2025\/04\/18\/guardiola-lamenta-por-confrontos-da-champions-league\/#primaryimage\"},\"thumbnailUrl\":\"https:\/\/www.gaveanews.com\/wp-content\/uploads\/Guardiola-durante-um-jogo-do-Manchester-City.webp\",\"datePublished\":\"2025-04-18T16:55:00+00:00\",\"author\":{\"@id\":\"https:\/\/www.gaveanews.com\/#\/schema\/person\/3b19f7288b0ce20372991275e4f2e6c2\"},\"breadcrumb\":{\"@id\":\"https:\/\/www.gaveanews.com\/index.php\/2025\/04\/18\/guardiola-lamenta-por-confrontos-da-champions-league\/#breadcrumb\"},\"inLanguage\":\"pt-BR\",\"potentialAction\":[{\"@type\":\"ReadAction\",\"target\":[\"https:\/\/www.gaveanews.com\/index.php\/2025\/04\/18\/guardiola-lamenta-por-confrontos-da-champions-league\/\"]}]},{\"@type\":\"ImageObject\",\"inLanguage\":\"pt-BR\",\"@id\":\"https:\/\/www.gaveanews.com\/index.php\/2025\/04\/18\/guardiola-lamenta-por-confrontos-da-champions-league\/#primaryimage\",\"url\":\"https:\/\/www.gaveanews.com\/wp-content\/uploads\/Guardiola-durante-um-jogo-do-Manchester-City.webp\",\"contentUrl\":\"https:\/\/www.gaveanews.com\/wp-content\/uploads\/Guardiola-durante-um-jogo-do-Manchester-City.webp\",\"width\":1080,\"height\":744,\"caption\":\"Guardiola durante um jogo do Manchester City (Foto: Reprodu\u00e7\u00e3o\/Instagram)\"},{\"@type\":\"BreadcrumbList\",\"@id\":\"https:\/\/www.gaveanews.com\/index.php\/2025\/04\/18\/guardiola-lamenta-por-confrontos-da-champions-league\/#breadcrumb\",\"itemListElement\":[{\"@type\":\"ListItem\",\"position\":1,\"name\":\"Home\",\"item\":\"https:\/\/www.gaveanews.com\/\"},{\"@type\":\"ListItem\",\"position\":2,\"name\":\"Guardiola lamenta por confrontos da Champions League\"}]},{\"@type\":\"WebSite\",\"@id\":\"https:\/\/www.gaveanews.com\/#website\",\"url\":\"https:\/\/www.gaveanews.com\/\",\"name\":\"G\u00e1vea News\",\"description\":\"Veja todas as not\u00edcias sobre o Flamengo: Contrata\u00e7\u00f5es, categorias de base, resultados das partidas, tabela de classifica\u00e7\u00e3o, pr\u00f3ximos jogos!\",\"potentialAction\":[{\"@type\":\"SearchAction\",\"target\":{\"@type\":\"EntryPoint\",\"urlTemplate\":\"https:\/\/www.gaveanews.com\/?s={search_term_string}\"},\"query-input\":{\"@type\":\"PropertyValueSpecification\",\"valueRequired\":true,\"valueName\":\"search_term_string\"}}],\"inLanguage\":\"pt-BR\"},{\"@type\":\"Person\",\"@id\":\"https:\/\/www.gaveanews.com\/#\/schema\/person\/3b19f7288b0ce20372991275e4f2e6c2\",\"name\":\"Ana Teixeira\",\"image\":{\"@type\":\"ImageObject\",\"inLanguage\":\"pt-BR\",\"@id\":\"https:\/\/www.gaveanews.com\/#\/schema\/person\/image\/\",\"url\":\"https:\/\/secure.gravatar.com\/avatar\/0a73f5a5258f3fed37fc2fa641892f3f7a4748456d4d4792f9bc550e6c19e06c?s=96&d=mm&r=g\",\"contentUrl\":\"https:\/\/secure.gravatar.com\/avatar\/0a73f5a5258f3fed37fc2fa641892f3f7a4748456d4d4792f9bc550e6c19e06c?s=96&d=mm&r=g\",\"caption\":\"Ana Teixeira\"}}]}<\/script>\n<!-- \/ Yoast SEO Premium plugin. -->","yoast_head_json":{"title":"Guardiola lamenta por confrontos da Champions League","robots":{"index":"index","follow":"follow","max-snippet":"max-snippet:-1","max-image-preview":"max-image-preview:large","max-video-preview":"max-video-preview:-1"},"canonical":"https:\/\/www.gaveanews.com\/index.php\/2025\/04\/18\/guardiola-lamenta-por-confrontos-da-champions-league\/","og_locale":"pt_BR","og_type":"article","og_title":"Guardiola lamenta por confrontos da Champions League","og_description":"A atual temporada tem sido at\u00edpica para o Manchester City. Ap\u00f3s quatro t\u00edtulos consecutivos da Premier League, a equipe comandada por Pep Guardiola enfrenta um cen\u00e1rio menos confort\u00e1vel na reta final da atual edi\u00e7\u00e3o da competi\u00e7\u00e3o. Fora das fases finais da Liga dos Campe\u00f5es, o treinador espanhol admitiu o impacto emocional dessa aus\u00eancia, mas transformou [&hellip;]","og_url":"https:\/\/www.gaveanews.com\/index.php\/2025\/04\/18\/guardiola-lamenta-por-confrontos-da-champions-league\/","og_site_name":"G\u00e1vea News","article_publisher":"https:\/\/facebook.com\/gaveaNews\/","article_published_time":"2025-04-18T16:55:00+00:00","og_image":[{"width":1080,"height":744,"url":"https:\/\/www.gaveanews.com\/wp-content\/uploads\/Guardiola-durante-um-jogo-do-Manchester-City.webp","type":"image\/jpeg"}],"author":"Ana Teixeira","twitter_card":"summary_large_image","twitter_misc":{"Escrito por":"Ana Teixeira","Est. tempo de leitura":"4 minutos"},"schema":{"@context":"https:\/\/schema.org","@graph":[{"@type":"NewsArticle","@id":"https:\/\/www.gaveanews.com\/index.php\/2025\/04\/18\/guardiola-lamenta-por-confrontos-da-champions-league\/#article","isPartOf":{"@id":"https:\/\/www.gaveanews.com\/index.php\/2025\/04\/18\/guardiola-lamenta-por-confrontos-da-champions-league\/"},"author":{"name":"Ana Teixeira","@id":"https:\/\/www.gaveanews.com\/#\/schema\/person\/3b19f7288b0ce20372991275e4f2e6c2"},"headline":"Guardiola lamenta por confrontos da Champions League","datePublished":"2025-04-18T16:55:00+00:00","mainEntityOfPage":{"@id":"https:\/\/www.gaveanews.com\/index.php\/2025\/04\/18\/guardiola-lamenta-por-confrontos-da-champions-league\/"},"wordCount":636,"commentCount":0,"image":{"@id":"https:\/\/www.gaveanews.com\/index.php\/2025\/04\/18\/guardiola-lamenta-por-confrontos-da-champions-league\/#primaryimage"},"thumbnailUrl":"https:\/\/www.gaveanews.com\/wp-content\/uploads\/Guardiola-durante-um-jogo-do-Manchester-City.webp","articleSection":["Futebol Internacional","Manchester City"],"inLanguage":"pt-BR","potentialAction":[{"@type":"CommentAction","name":"Comment","target":["https:\/\/www.gaveanews.com\/index.php\/2025\/04\/18\/guardiola-lamenta-por-confrontos-da-champions-league\/#respond"]}],"copyrightYear":"2025","copyrightHolder":{"@id":"https:\/\/www.gaveanews.com\/#organization"}},{"@type":"WebPage","@id":"https:\/\/www.gaveanews.com\/index.php\/2025\/04\/18\/guardiola-lamenta-por-confrontos-da-champions-league\/","url":"https:\/\/www.gaveanews.com\/index.php\/2025\/04\/18\/guardiola-lamenta-por-confrontos-da-champions-league\/","name":"Guardiola lamenta por confrontos da Champions League","isPartOf":{"@id":"https:\/\/www.gaveanews.com\/#website"},"primaryImageOfPage":{"@id":"https:\/\/www.gaveanews.com\/index.php\/2025\/04\/18\/guardiola-lamenta-por-confrontos-da-champions-league\/#primaryimage"},"image":{"@id":"https:\/\/www.gaveanews.com\/index.php\/2025\/04\/18\/guardiola-lamenta-por-confrontos-da-champions-league\/#primaryimage"},"thumbnailUrl":"https:\/\/www.gaveanews.com\/wp-content\/uploads\/Guardiola-durante-um-jogo-do-Manchester-City.webp","datePublished":"2025-04-18T16:55:00+00:00","author":{"@id":"https:\/\/www.gaveanews.com\/#\/schema\/person\/3b19f7288b0ce20372991275e4f2e6c2"},"breadcrumb":{"@id":"https:\/\/www.gaveanews.com\/index.php\/2025\/04\/18\/guardiola-lamenta-por-confrontos-da-champions-league\/#breadcrumb"},"inLanguage":"pt-BR","potentialAction":[{"@type":"ReadAction","target":["https:\/\/www.gaveanews.com\/index.php\/2025\/04\/18\/guardiola-lamenta-por-confrontos-da-champions-league\/"]}]},{"@type":"ImageObject","inLanguage":"pt-BR","@id":"https:\/\/www.gaveanews.com\/index.php\/2025\/04\/18\/guardiola-lamenta-por-confrontos-da-champions-league\/#primaryimage","url":"https:\/\/www.gaveanews.com\/wp-content\/uploads\/Guardiola-durante-um-jogo-do-Manchester-City.webp","contentUrl":"https:\/\/www.gaveanews.com\/wp-content\/uploads\/Guardiola-durante-um-jogo-do-Manchester-City.webp","width":1080,"height":744,"caption":"Guardiola durante um jogo do Manchester City (Foto: Reprodu\u00e7\u00e3o\/Instagram)"},{"@type":"BreadcrumbList","@id":"https:\/\/www.gaveanews.com\/index.php\/2025\/04\/18\/guardiola-lamenta-por-confrontos-da-champions-league\/#breadcrumb","itemListElement":[{"@type":"ListItem","position":1,"name":"Home","item":"https:\/\/www.gaveanews.com\/"},{"@type":"ListItem","position":2,"name":"Guardiola lamenta por confrontos da Champions League"}]},{"@type":"WebSite","@id":"https:\/\/www.gaveanews.com\/#website","url":"https:\/\/www.gaveanews.com\/","name":"G\u00e1vea News","description":"Veja todas as not\u00edcias sobre o Flamengo: Contrata\u00e7\u00f5es, categorias de base, resultados das partidas, tabela de classifica\u00e7\u00e3o, pr\u00f3ximos jogos!","potentialAction":[{"@type":"SearchAction","target":{"@type":"EntryPoint","urlTemplate":"https:\/\/www.gaveanews.com\/?s={search_term_string}"},"query-input":{"@type":"PropertyValueSpecification","valueRequired":true,"valueName":"search_term_string"}}],"inLanguage":"pt-BR"},{"@type":"Person","@id":"https:\/\/www.gaveanews.com\/#\/schema\/person\/3b19f7288b0ce20372991275e4f2e6c2","name":"Ana Teixeira","image":{"@type":"ImageObject","inLanguage":"pt-BR","@id":"https:\/\/www.gaveanews.com\/#\/schema\/person\/image\/","url":"https:\/\/secure.gravatar.com\/avatar\/0a73f5a5258f3fed37fc2fa641892f3f7a4748456d4d4792f9bc550e6c19e06c?s=96&d=mm&r=g","contentUrl":"https:\/\/secure.gravatar.com\/avatar\/0a73f5a5258f3fed37fc2fa641892f3f7a4748456d4d4792f9bc550e6c19e06c?s=96&d=mm&r=g","caption":"Ana Teixeira"}}]}},"_links":{"self":[{"href":"https:\/\/www.gaveanews.com\/index.php\/wp-json\/wp\/v2\/posts\/255337","targetHints":{"allow":["GET"]}}],"collection":[{"href":"https:\/\/www.gaveanews.com\/index.php\/wp-json\/wp\/v2\/posts"}],"about":[{"href":"https:\/\/www.gaveanews.com\/index.php\/wp-json\/wp\/v2\/types\/post"}],"author":[{"embeddable":true,"href":"https:\/\/www.gaveanews.com\/index.php\/wp-json\/wp\/v2\/users\/30"}],"replies":[{"embeddable":true,"href":"https:\/\/www.gaveanews.com\/index.php\/wp-json\/wp\/v2\/comments?post=255337"}],"version-history":[{"count":1,"href":"https:\/\/www.gaveanews.com\/index.php\/wp-json\/wp\/v2\/posts\/255337\/revisions"}],"predecessor-version":[{"id":255340,"href":"https:\/\/www.gaveanews.com\/index.php\/wp-json\/wp\/v2\/posts\/255337\/revisions\/255340"}],"wp:featuredmedia":[{"embeddable":true,"href":"https:\/\/www.gaveanews.com\/index.php\/wp-json\/wp\/v2\/media\/110298"}],"wp:attachment":[{"href":"https:\/\/www.gaveanews.com\/index.php\/wp-json\/wp\/v2\/media?parent=255337"}],"wp:term":[{"taxonomy":"category","embeddable":true,"href":"https:\/\/www.gaveanews.com\/index.php\/wp-json\/wp\/v2\/categories?post=255337"},{"taxonomy":"post_tag","embeddable":true,"href":"https:\/\/www.gaveanews.com\/index.php\/wp-json\/wp\/v2\/tags?post=255337"}],"curies":[{"name":"wp","href":"https:\/\/api.w.org\/{rel}","templated":true}]}}