{"id":255394,"date":"2025-04-18T15:50:00","date_gmt":"2025-04-18T18:50:00","guid":{"rendered":"https:\/\/www.gaveanews.com\/?p=255394"},"modified":"2025-04-18T15:36:46","modified_gmt":"2025-04-18T18:36:46","slug":"ex-real-madrid-cita-importancia-de-vitoria-do-rodri-no-bola-de-ouro","status":"publish","type":"post","link":"https:\/\/www.gaveanews.com\/index.php\/2025\/04\/18\/ex-real-madrid-cita-importancia-de-vitoria-do-rodri-no-bola-de-ouro\/","title":{"rendered":"Ex-Real Madrid cita import\u00e2ncia de vit\u00f3ria do Rodri no Bola de Ouro"},"content":{"rendered":"\n<p>A recente vit\u00f3ria de Rodri na disputa pela Bola de Ouro de 2024 foi motivo de comemora\u00e7\u00e3o especial para Claude Makelele, ex-jogador do Real Madrid e um dos nomes mais influentes da hist\u00f3ria recente do futebol europeu na posi\u00e7\u00e3o de volante. O franc\u00eas, que brilhou nas d\u00e9cadas passadas defendendo gigantes como Real Madrid e Chelsea, celebrou o reconhecimento tardio da import\u00e2ncia do meio-campista defensivo no futebol moderno.<\/p>\n\n\n\n<p>&#8220;Finalmente reconheceram. Mesmo n\u00e3o sendo na minha gera\u00e7\u00e3o, mas finalmente reconheceram que essa posi\u00e7\u00e3o \u00e9 muito importante no futebol&#8221;, declarou Makelele em entrevista concedida nesta sexta-feira (18). <\/p>\n\n\n\n<p>O espanhol Rodri desbancou o favorito Vinicius Junior, do Real Madrid, na premia\u00e7\u00e3o realizada no fim do ano passado. Apesar das justificativas pela escolha se basearem em sua performance de alto n\u00edvel durante a campanha europeia, a honraria rendeu pol\u00eamicas profundas no meio esportivo. <\/p>\n\n\n\n<p>Makelele destacou que, por muito tempo, o protagonismo de atletas como ele foi relegado a segundo plano. &#8220;N\u00e3o s\u00f3 o centroavante, n\u00e3o s\u00f3 o atacante de lado de campo, n\u00e3o s\u00f3 o camisa 10&#8230; Essa posi\u00e7\u00e3o \u00e9 uma posi\u00e7\u00e3o-chave&#8221;, afirmou o ex-jogador. <\/p>\n\n\n\n<p>Durante a entrevista, o franc\u00eas tamb\u00e9m relembrou seus pr\u00f3prios momentos de gl\u00f3ria, principalmente a conquista da liga inglesa com o Chelsea na temporada 2004\/2005. &#8220;Foi a primeira Premier League. Foi o primeiro trof\u00e9u que a gente ganhou. Foi dif\u00edcil porque o Manchester United tinha um grande time, assim como o Tottenham. Todo jogo naquele campeonato era muito dif\u00edcil&#8221;, comentou.<\/p>\n\n\n\n<p>Segundo Makelele, o t\u00edtulo marcou uma virada na confian\u00e7a do elenco dos Blues. &#8220;A gente quase n\u00e3o parava para dormir em casa. Chegava, dormia e j\u00e1 tinha que ir para outro jogo. N\u00f3s fomos entendendo o nosso potencial, seguimos em frente nos jogos e nos treinos e no final acreditamos que poder\u00edamos conquistar&#8221;, lembrou.<\/p>\n\n\n\n<p>Embora tenha se aposentado dos gramados h\u00e1 mais de uma d\u00e9cada, Makelele ainda \u00e9 refer\u00eancia entre os profissionais da posi\u00e7\u00e3o. Parte do reconhecimento vem do estilo de marca\u00e7\u00e3o intensa, leitura de jogo e capacidade de organizar a sa\u00edda de bola. Inclusive, a posi\u00e7\u00e3o chegou a ser informalmente apelidada de &#8220;Makelele role&#8221; durante seus anos no futebol ingl\u00eas.<\/p>\n\n\n\n<p><\/p>\n\n\n\n<p><\/p>\n","protected":false},"excerpt":{"rendered":"<p>A recente vit\u00f3ria de Rodri na disputa pela Bola de Ouro de 2024 foi motivo de comemora\u00e7\u00e3o especial para Claude Makelele, ex-jogador do Real Madrid e um dos nomes mais influentes da hist\u00f3ria recente do futebol europeu na posi\u00e7\u00e3o de volante. O franc\u00eas, que brilhou nas d\u00e9cadas passadas defendendo gigantes como Real Madrid e Chelsea, [&hellip;]<\/p>\n","protected":false},"author":30,"featured_media":255397,"comment_status":"open","ping_status":"closed","sticky":false,"template":"","format":"standard","meta":{"footnotes":""},"categories":[78,84],"tags":[],"class_list":["post-255394","post","type-post","status-publish","format-standard","has-post-thumbnail","hentry","category-futebol-internacional","category-manchester-city"],"yoast_head":"<!-- This site is optimized with the Yoast SEO Premium plugin v24.2 (Yoast SEO v26.9) - https:\/\/yoast.com\/product\/yoast-seo-premium-wordpress\/ -->\n<title>Ex-Real Madrid cita import\u00e2ncia de vit\u00f3ria do Rodri no Bola de Ouro<\/title>\n<meta name=\"robots\" content=\"index, follow, max-snippet:-1, max-image-preview:large, max-video-preview:-1\" \/>\n<link rel=\"canonical\" href=\"https:\/\/www.gaveanews.com\/index.php\/2025\/04\/18\/ex-real-madrid-cita-importancia-de-vitoria-do-rodri-no-bola-de-ouro\/\" \/>\n<meta property=\"og:locale\" content=\"pt_BR\" \/>\n<meta property=\"og:type\" content=\"article\" \/>\n<meta property=\"og:title\" content=\"Ex-Real Madrid cita import\u00e2ncia de vit\u00f3ria do Rodri no Bola de Ouro\" \/>\n<meta property=\"og:description\" content=\"A recente vit\u00f3ria de Rodri na disputa pela Bola de Ouro de 2024 foi motivo de comemora\u00e7\u00e3o especial para Claude Makelele, ex-jogador do Real Madrid e um dos nomes mais influentes da hist\u00f3ria recente do futebol europeu na posi\u00e7\u00e3o de volante. O franc\u00eas, que brilhou nas d\u00e9cadas passadas defendendo gigantes como Real Madrid e Chelsea, [&hellip;]\" \/>\n<meta property=\"og:url\" content=\"https:\/\/www.gaveanews.com\/index.php\/2025\/04\/18\/ex-real-madrid-cita-importancia-de-vitoria-do-rodri-no-bola-de-ouro\/\" \/>\n<meta property=\"og:site_name\" content=\"G\u00e1vea News\" \/>\n<meta property=\"article:publisher\" content=\"https:\/\/facebook.com\/gaveaNews\/\" \/>\n<meta property=\"article:published_time\" content=\"2025-04-18T18:50:00+00:00\" \/>\n<meta property=\"og:image\" content=\"https:\/\/www.gaveanews.com\/wp-content\/uploads\/Rodri-do-Manchester-City-com-o-premio-de-melhor-do-mundo.webp\" \/>\n\t<meta property=\"og:image:width\" content=\"1200\" \/>\n\t<meta property=\"og:image:height\" content=\"800\" \/>\n\t<meta property=\"og:image:type\" content=\"image\/png\" \/>\n<meta name=\"author\" content=\"Ana Teixeira\" \/>\n<meta name=\"twitter:card\" content=\"summary_large_image\" \/>\n<meta name=\"twitter:label1\" content=\"Escrito por\" \/>\n\t<meta name=\"twitter:data1\" content=\"Ana Teixeira\" \/>\n\t<meta name=\"twitter:label2\" content=\"Est. tempo de leitura\" \/>\n\t<meta name=\"twitter:data2\" content=\"3 minutos\" \/>\n<script type=\"application\/ld+json\" class=\"yoast-schema-graph\">{\"@context\":\"https:\/\/schema.org\",\"@graph\":[{\"@type\":\"NewsArticle\",\"@id\":\"https:\/\/www.gaveanews.com\/index.php\/2025\/04\/18\/ex-real-madrid-cita-importancia-de-vitoria-do-rodri-no-bola-de-ouro\/#article\",\"isPartOf\":{\"@id\":\"https:\/\/www.gaveanews.com\/index.php\/2025\/04\/18\/ex-real-madrid-cita-importancia-de-vitoria-do-rodri-no-bola-de-ouro\/\"},\"author\":{\"name\":\"Ana Teixeira\",\"@id\":\"https:\/\/www.gaveanews.com\/#\/schema\/person\/3b19f7288b0ce20372991275e4f2e6c2\"},\"headline\":\"Ex-Real Madrid cita import\u00e2ncia de vit\u00f3ria do Rodri no Bola de Ouro\",\"datePublished\":\"2025-04-18T18:50:00+00:00\",\"mainEntityOfPage\":{\"@id\":\"https:\/\/www.gaveanews.com\/index.php\/2025\/04\/18\/ex-real-madrid-cita-importancia-de-vitoria-do-rodri-no-bola-de-ouro\/\"},\"wordCount\":394,\"commentCount\":0,\"image\":{\"@id\":\"https:\/\/www.gaveanews.com\/index.php\/2025\/04\/18\/ex-real-madrid-cita-importancia-de-vitoria-do-rodri-no-bola-de-ouro\/#primaryimage\"},\"thumbnailUrl\":\"https:\/\/www.gaveanews.com\/wp-content\/uploads\/Rodri-do-Manchester-City-com-o-premio-de-melhor-do-mundo.webp\",\"articleSection\":[\"Futebol Internacional\",\"Manchester City\"],\"inLanguage\":\"pt-BR\",\"potentialAction\":[{\"@type\":\"CommentAction\",\"name\":\"Comment\",\"target\":[\"https:\/\/www.gaveanews.com\/index.php\/2025\/04\/18\/ex-real-madrid-cita-importancia-de-vitoria-do-rodri-no-bola-de-ouro\/#respond\"]}],\"copyrightYear\":\"2025\",\"copyrightHolder\":{\"@id\":\"https:\/\/www.gaveanews.com\/#organization\"}},{\"@type\":\"WebPage\",\"@id\":\"https:\/\/www.gaveanews.com\/index.php\/2025\/04\/18\/ex-real-madrid-cita-importancia-de-vitoria-do-rodri-no-bola-de-ouro\/\",\"url\":\"https:\/\/www.gaveanews.com\/index.php\/2025\/04\/18\/ex-real-madrid-cita-importancia-de-vitoria-do-rodri-no-bola-de-ouro\/\",\"name\":\"Ex-Real Madrid cita import\u00e2ncia de vit\u00f3ria do Rodri no Bola de Ouro\",\"isPartOf\":{\"@id\":\"https:\/\/www.gaveanews.com\/#website\"},\"primaryImageOfPage\":{\"@id\":\"https:\/\/www.gaveanews.com\/index.php\/2025\/04\/18\/ex-real-madrid-cita-importancia-de-vitoria-do-rodri-no-bola-de-ouro\/#primaryimage\"},\"image\":{\"@id\":\"https:\/\/www.gaveanews.com\/index.php\/2025\/04\/18\/ex-real-madrid-cita-importancia-de-vitoria-do-rodri-no-bola-de-ouro\/#primaryimage\"},\"thumbnailUrl\":\"https:\/\/www.gaveanews.com\/wp-content\/uploads\/Rodri-do-Manchester-City-com-o-premio-de-melhor-do-mundo.webp\",\"datePublished\":\"2025-04-18T18:50:00+00:00\",\"author\":{\"@id\":\"https:\/\/www.gaveanews.com\/#\/schema\/person\/3b19f7288b0ce20372991275e4f2e6c2\"},\"breadcrumb\":{\"@id\":\"https:\/\/www.gaveanews.com\/index.php\/2025\/04\/18\/ex-real-madrid-cita-importancia-de-vitoria-do-rodri-no-bola-de-ouro\/#breadcrumb\"},\"inLanguage\":\"pt-BR\",\"potentialAction\":[{\"@type\":\"ReadAction\",\"target\":[\"https:\/\/www.gaveanews.com\/index.php\/2025\/04\/18\/ex-real-madrid-cita-importancia-de-vitoria-do-rodri-no-bola-de-ouro\/\"]}]},{\"@type\":\"ImageObject\",\"inLanguage\":\"pt-BR\",\"@id\":\"https:\/\/www.gaveanews.com\/index.php\/2025\/04\/18\/ex-real-madrid-cita-importancia-de-vitoria-do-rodri-no-bola-de-ouro\/#primaryimage\",\"url\":\"https:\/\/www.gaveanews.com\/wp-content\/uploads\/Rodri-do-Manchester-City-com-o-premio-de-melhor-do-mundo.webp\",\"contentUrl\":\"https:\/\/www.gaveanews.com\/wp-content\/uploads\/Rodri-do-Manchester-City-com-o-premio-de-melhor-do-mundo.webp\",\"width\":1200,\"height\":800,\"caption\":\"Rodri, do Manchester City, com o pr\u00eamio de melhor do mundo - Foto: Divulga\u00e7\u00e3o\/X\/BallonDor\"},{\"@type\":\"BreadcrumbList\",\"@id\":\"https:\/\/www.gaveanews.com\/index.php\/2025\/04\/18\/ex-real-madrid-cita-importancia-de-vitoria-do-rodri-no-bola-de-ouro\/#breadcrumb\",\"itemListElement\":[{\"@type\":\"ListItem\",\"position\":1,\"name\":\"Home\",\"item\":\"https:\/\/www.gaveanews.com\/\"},{\"@type\":\"ListItem\",\"position\":2,\"name\":\"Ex-Real Madrid cita import\u00e2ncia de vit\u00f3ria do Rodri no Bola de Ouro\"}]},{\"@type\":\"WebSite\",\"@id\":\"https:\/\/www.gaveanews.com\/#website\",\"url\":\"https:\/\/www.gaveanews.com\/\",\"name\":\"G\u00e1vea News\",\"description\":\"Veja todas as not\u00edcias sobre o Flamengo: Contrata\u00e7\u00f5es, categorias de base, resultados das partidas, tabela de classifica\u00e7\u00e3o, pr\u00f3ximos jogos!\",\"potentialAction\":[{\"@type\":\"SearchAction\",\"target\":{\"@type\":\"EntryPoint\",\"urlTemplate\":\"https:\/\/www.gaveanews.com\/?s={search_term_string}\"},\"query-input\":{\"@type\":\"PropertyValueSpecification\",\"valueRequired\":true,\"valueName\":\"search_term_string\"}}],\"inLanguage\":\"pt-BR\"},{\"@type\":\"Person\",\"@id\":\"https:\/\/www.gaveanews.com\/#\/schema\/person\/3b19f7288b0ce20372991275e4f2e6c2\",\"name\":\"Ana Teixeira\",\"image\":{\"@type\":\"ImageObject\",\"inLanguage\":\"pt-BR\",\"@id\":\"https:\/\/www.gaveanews.com\/#\/schema\/person\/image\/\",\"url\":\"https:\/\/secure.gravatar.com\/avatar\/0a73f5a5258f3fed37fc2fa641892f3f7a4748456d4d4792f9bc550e6c19e06c?s=96&d=mm&r=g\",\"contentUrl\":\"https:\/\/secure.gravatar.com\/avatar\/0a73f5a5258f3fed37fc2fa641892f3f7a4748456d4d4792f9bc550e6c19e06c?s=96&d=mm&r=g\",\"caption\":\"Ana Teixeira\"}}]}<\/script>\n<!-- \/ Yoast SEO Premium plugin. -->","yoast_head_json":{"title":"Ex-Real Madrid cita import\u00e2ncia de vit\u00f3ria do Rodri no Bola de Ouro","robots":{"index":"index","follow":"follow","max-snippet":"max-snippet:-1","max-image-preview":"max-image-preview:large","max-video-preview":"max-video-preview:-1"},"canonical":"https:\/\/www.gaveanews.com\/index.php\/2025\/04\/18\/ex-real-madrid-cita-importancia-de-vitoria-do-rodri-no-bola-de-ouro\/","og_locale":"pt_BR","og_type":"article","og_title":"Ex-Real Madrid cita import\u00e2ncia de vit\u00f3ria do Rodri no Bola de Ouro","og_description":"A recente vit\u00f3ria de Rodri na disputa pela Bola de Ouro de 2024 foi motivo de comemora\u00e7\u00e3o especial para Claude Makelele, ex-jogador do Real Madrid e um dos nomes mais influentes da hist\u00f3ria recente do futebol europeu na posi\u00e7\u00e3o de volante. O franc\u00eas, que brilhou nas d\u00e9cadas passadas defendendo gigantes como Real Madrid e Chelsea, [&hellip;]","og_url":"https:\/\/www.gaveanews.com\/index.php\/2025\/04\/18\/ex-real-madrid-cita-importancia-de-vitoria-do-rodri-no-bola-de-ouro\/","og_site_name":"G\u00e1vea News","article_publisher":"https:\/\/facebook.com\/gaveaNews\/","article_published_time":"2025-04-18T18:50:00+00:00","og_image":[{"width":1200,"height":800,"url":"https:\/\/www.gaveanews.com\/wp-content\/uploads\/Rodri-do-Manchester-City-com-o-premio-de-melhor-do-mundo.webp","type":"image\/png"}],"author":"Ana Teixeira","twitter_card":"summary_large_image","twitter_misc":{"Escrito por":"Ana Teixeira","Est. tempo de leitura":"3 minutos"},"schema":{"@context":"https:\/\/schema.org","@graph":[{"@type":"NewsArticle","@id":"https:\/\/www.gaveanews.com\/index.php\/2025\/04\/18\/ex-real-madrid-cita-importancia-de-vitoria-do-rodri-no-bola-de-ouro\/#article","isPartOf":{"@id":"https:\/\/www.gaveanews.com\/index.php\/2025\/04\/18\/ex-real-madrid-cita-importancia-de-vitoria-do-rodri-no-bola-de-ouro\/"},"author":{"name":"Ana Teixeira","@id":"https:\/\/www.gaveanews.com\/#\/schema\/person\/3b19f7288b0ce20372991275e4f2e6c2"},"headline":"Ex-Real Madrid cita import\u00e2ncia de vit\u00f3ria do Rodri no Bola de Ouro","datePublished":"2025-04-18T18:50:00+00:00","mainEntityOfPage":{"@id":"https:\/\/www.gaveanews.com\/index.php\/2025\/04\/18\/ex-real-madrid-cita-importancia-de-vitoria-do-rodri-no-bola-de-ouro\/"},"wordCount":394,"commentCount":0,"image":{"@id":"https:\/\/www.gaveanews.com\/index.php\/2025\/04\/18\/ex-real-madrid-cita-importancia-de-vitoria-do-rodri-no-bola-de-ouro\/#primaryimage"},"thumbnailUrl":"https:\/\/www.gaveanews.com\/wp-content\/uploads\/Rodri-do-Manchester-City-com-o-premio-de-melhor-do-mundo.webp","articleSection":["Futebol Internacional","Manchester City"],"inLanguage":"pt-BR","potentialAction":[{"@type":"CommentAction","name":"Comment","target":["https:\/\/www.gaveanews.com\/index.php\/2025\/04\/18\/ex-real-madrid-cita-importancia-de-vitoria-do-rodri-no-bola-de-ouro\/#respond"]}],"copyrightYear":"2025","copyrightHolder":{"@id":"https:\/\/www.gaveanews.com\/#organization"}},{"@type":"WebPage","@id":"https:\/\/www.gaveanews.com\/index.php\/2025\/04\/18\/ex-real-madrid-cita-importancia-de-vitoria-do-rodri-no-bola-de-ouro\/","url":"https:\/\/www.gaveanews.com\/index.php\/2025\/04\/18\/ex-real-madrid-cita-importancia-de-vitoria-do-rodri-no-bola-de-ouro\/","name":"Ex-Real Madrid cita import\u00e2ncia de vit\u00f3ria do Rodri no Bola de Ouro","isPartOf":{"@id":"https:\/\/www.gaveanews.com\/#website"},"primaryImageOfPage":{"@id":"https:\/\/www.gaveanews.com\/index.php\/2025\/04\/18\/ex-real-madrid-cita-importancia-de-vitoria-do-rodri-no-bola-de-ouro\/#primaryimage"},"image":{"@id":"https:\/\/www.gaveanews.com\/index.php\/2025\/04\/18\/ex-real-madrid-cita-importancia-de-vitoria-do-rodri-no-bola-de-ouro\/#primaryimage"},"thumbnailUrl":"https:\/\/www.gaveanews.com\/wp-content\/uploads\/Rodri-do-Manchester-City-com-o-premio-de-melhor-do-mundo.webp","datePublished":"2025-04-18T18:50:00+00:00","author":{"@id":"https:\/\/www.gaveanews.com\/#\/schema\/person\/3b19f7288b0ce20372991275e4f2e6c2"},"breadcrumb":{"@id":"https:\/\/www.gaveanews.com\/index.php\/2025\/04\/18\/ex-real-madrid-cita-importancia-de-vitoria-do-rodri-no-bola-de-ouro\/#breadcrumb"},"inLanguage":"pt-BR","potentialAction":[{"@type":"ReadAction","target":["https:\/\/www.gaveanews.com\/index.php\/2025\/04\/18\/ex-real-madrid-cita-importancia-de-vitoria-do-rodri-no-bola-de-ouro\/"]}]},{"@type":"ImageObject","inLanguage":"pt-BR","@id":"https:\/\/www.gaveanews.com\/index.php\/2025\/04\/18\/ex-real-madrid-cita-importancia-de-vitoria-do-rodri-no-bola-de-ouro\/#primaryimage","url":"https:\/\/www.gaveanews.com\/wp-content\/uploads\/Rodri-do-Manchester-City-com-o-premio-de-melhor-do-mundo.webp","contentUrl":"https:\/\/www.gaveanews.com\/wp-content\/uploads\/Rodri-do-Manchester-City-com-o-premio-de-melhor-do-mundo.webp","width":1200,"height":800,"caption":"Rodri, do Manchester City, com o pr\u00eamio de melhor do mundo - Foto: Divulga\u00e7\u00e3o\/X\/BallonDor"},{"@type":"BreadcrumbList","@id":"https:\/\/www.gaveanews.com\/index.php\/2025\/04\/18\/ex-real-madrid-cita-importancia-de-vitoria-do-rodri-no-bola-de-ouro\/#breadcrumb","itemListElement":[{"@type":"ListItem","position":1,"name":"Home","item":"https:\/\/www.gaveanews.com\/"},{"@type":"ListItem","position":2,"name":"Ex-Real Madrid cita import\u00e2ncia de vit\u00f3ria do Rodri no Bola de Ouro"}]},{"@type":"WebSite","@id":"https:\/\/www.gaveanews.com\/#website","url":"https:\/\/www.gaveanews.com\/","name":"G\u00e1vea News","description":"Veja todas as not\u00edcias sobre o Flamengo: Contrata\u00e7\u00f5es, categorias de base, resultados das partidas, tabela de classifica\u00e7\u00e3o, pr\u00f3ximos jogos!","potentialAction":[{"@type":"SearchAction","target":{"@type":"EntryPoint","urlTemplate":"https:\/\/www.gaveanews.com\/?s={search_term_string}"},"query-input":{"@type":"PropertyValueSpecification","valueRequired":true,"valueName":"search_term_string"}}],"inLanguage":"pt-BR"},{"@type":"Person","@id":"https:\/\/www.gaveanews.com\/#\/schema\/person\/3b19f7288b0ce20372991275e4f2e6c2","name":"Ana Teixeira","image":{"@type":"ImageObject","inLanguage":"pt-BR","@id":"https:\/\/www.gaveanews.com\/#\/schema\/person\/image\/","url":"https:\/\/secure.gravatar.com\/avatar\/0a73f5a5258f3fed37fc2fa641892f3f7a4748456d4d4792f9bc550e6c19e06c?s=96&d=mm&r=g","contentUrl":"https:\/\/secure.gravatar.com\/avatar\/0a73f5a5258f3fed37fc2fa641892f3f7a4748456d4d4792f9bc550e6c19e06c?s=96&d=mm&r=g","caption":"Ana Teixeira"}}]}},"_links":{"self":[{"href":"https:\/\/www.gaveanews.com\/index.php\/wp-json\/wp\/v2\/posts\/255394","targetHints":{"allow":["GET"]}}],"collection":[{"href":"https:\/\/www.gaveanews.com\/index.php\/wp-json\/wp\/v2\/posts"}],"about":[{"href":"https:\/\/www.gaveanews.com\/index.php\/wp-json\/wp\/v2\/types\/post"}],"author":[{"embeddable":true,"href":"https:\/\/www.gaveanews.com\/index.php\/wp-json\/wp\/v2\/users\/30"}],"replies":[{"embeddable":true,"href":"https:\/\/www.gaveanews.com\/index.php\/wp-json\/wp\/v2\/comments?post=255394"}],"version-history":[{"count":1,"href":"https:\/\/www.gaveanews.com\/index.php\/wp-json\/wp\/v2\/posts\/255394\/revisions"}],"predecessor-version":[{"id":255398,"href":"https:\/\/www.gaveanews.com\/index.php\/wp-json\/wp\/v2\/posts\/255394\/revisions\/255398"}],"wp:featuredmedia":[{"embeddable":true,"href":"https:\/\/www.gaveanews.com\/index.php\/wp-json\/wp\/v2\/media\/255397"}],"wp:attachment":[{"href":"https:\/\/www.gaveanews.com\/index.php\/wp-json\/wp\/v2\/media?parent=255394"}],"wp:term":[{"taxonomy":"category","embeddable":true,"href":"https:\/\/www.gaveanews.com\/index.php\/wp-json\/wp\/v2\/categories?post=255394"},{"taxonomy":"post_tag","embeddable":true,"href":"https:\/\/www.gaveanews.com\/index.php\/wp-json\/wp\/v2\/tags?post=255394"}],"curies":[{"name":"wp","href":"https:\/\/api.w.org\/{rel}","templated":true}]}}