{"id":255416,"date":"2025-04-18T16:40:00","date_gmt":"2025-04-18T19:40:00","guid":{"rendered":"https:\/\/www.gaveanews.com\/?p=255416"},"modified":"2025-04-18T16:08:50","modified_gmt":"2025-04-18T19:08:50","slug":"palmeiras-ganha-reforco-para-os-proximos-compromissos","status":"publish","type":"post","link":"https:\/\/www.gaveanews.com\/index.php\/2025\/04\/18\/palmeiras-ganha-reforco-para-os-proximos-compromissos\/","title":{"rendered":"Palmeiras ganha refor\u00e7o para os pr\u00f3ximos compromissos"},"content":{"rendered":"\n<p>Ap\u00f3s dois meses afastado dos gramados, o meia Maur\u00edcio voltou a atuar pelo Palmeiras na vit\u00f3ria por 1 a 0 sobre o Internacional, na \u00faltima quarta-feira (16), no Beira-Rio. O jogador, que iniciou a temporada como principal destaque do elenco alviverde, passou por uma cirurgia no ombro em fevereiro, ap\u00f3s sofrer uma luxa\u00e7\u00e3o.<\/p>\n\n\n\n<p>Maur\u00edcio vinha sendo decisivo at\u00e9 ent\u00e3o, com cinco gols marcados em oito partidas como titular, al\u00e9m de uma assist\u00eancia. Mesmo ausente por dois meses, ele segue entre os artilheiros da equipe em 2025, atr\u00e1s apenas de Est\u00eav\u00e3o, que possui seis gols. O meia retornou aos treinos durante a Data Fifa e foi reintegrado ao elenco aos poucos, recebendo aten\u00e7\u00e3o especial do departamento m\u00e9dico e do corpo t\u00e9cnico do clube.<\/p>\n\n\n\n<p>Ali\u00e1s, o atleta destacou o apoio que recebeu ao longo de todo o processo de recupera\u00e7\u00e3o. \u201cDesde o momento da les\u00e3o, todos do clube me apoiaram muito bem, me deram muito suporte para que essa fase de recupera\u00e7\u00e3o fosse mais tranquila\u201d, afirmou. <\/p>\n\n\n\n<p>Segundo ele, a cirurgia no ombro foi especialmente dif\u00edcil devido \u00e0 dor constante: \u201c\u00c9 o ombro, que \u00e9 um pouco mais complicado do que quando voc\u00ea machuca m\u00fasculo, mas fui muito bem tratado pelos fisioterapeutas, pelo staff, pela minha fam\u00edlia\u201d.<\/p>\n\n\n\n<p>Durante o per\u00edodo de recupera\u00e7\u00e3o, Maur\u00edcio precisou lidar com o desafio emocional de assistir aos jogos sem poder contribuir dentro de campo. \u201cPrefiro estar ali no jogo, no banco ou jogando de titular, do que ficar na TV assistindo. \u00c9 bem complicado, a gente acaba tendo o cora\u00e7\u00e3o batendo mais forte\u201d, desabafou.<\/p>\n\n\n\n<h2 class=\"wp-block-heading\" id=\"h-ajustes-tecnicos\">Ajustes t\u00e9cnicos <\/h2>\n\n\n\n<p>O t\u00e9cnico Abel Ferreira tem promovido ajustes t\u00e1ticos relevantes na equipe durante a aus\u00eancia de Maur\u00edcio. O Palmeiras adotou um esquema com tr\u00eas defensores, com Felipe Anderson atuando como ala pela direita e Est\u00eav\u00e3o desempenhando uma fun\u00e7\u00e3o mais centralizada. <\/p>\n\n\n\n<p>A entrada de Maur\u00edcio nesse novo contexto pode representar um refor\u00e7o significativo, sobretudo por sua versatilidade. O jogador de 23 anos pode atuar como meia ofensivo, ponta em ambos os lados e at\u00e9 como falso 9 \u2014 fun\u00e7\u00e3o que desempenhou com efici\u00eancia no in\u00edcio da temporada.<\/p>\n\n\n\n<p>Anteriormente, o meio-campista foi pe\u00e7a fundamental nas principais atua\u00e7\u00f5es do time no Paulist\u00e3o, especialmente nas partidas contra Guarani (vit\u00f3ria por 4 a 1), Corinthians (empate em 1 a 1) e Inter de Limeira (vit\u00f3ria por 3 a 0). A boa fase do time, ali\u00e1s, \u00e9 vista por ele como um fator motivador. <\/p>\n\n\n\n<p>\u201cA gente volta melhor quando a equipe est\u00e1 desempenhando um bom futebol, est\u00e1 conseguindo ter grandes resultados, grandes jogos, n\u00e3o s\u00f3 o resultado por si s\u00f3, mas tamb\u00e9m tendo boas atua\u00e7\u00f5es\u201d, pontuou.<\/p>\n\n\n\n<p>Maur\u00edcio recebeu sete minutos em campo contra o Internacional e deve ter sua minutagem administrada nos pr\u00f3ximos compromissos, conforme o planejamento do departamento t\u00e9cnico. O Palmeiras volta a campo no domingo (20), quando visita o Fortaleza, na Arena Castel\u00e3o, \u00e0s 18h30, antes de encarar o Bol\u00edvar pela Libertadores.<\/p>\n\n\n\n<p><\/p>\n","protected":false},"excerpt":{"rendered":"<p>Ap\u00f3s dois meses afastado dos gramados, o meia Maur\u00edcio voltou a atuar pelo Palmeiras na vit\u00f3ria por 1 a 0 sobre o Internacional, na \u00faltima quarta-feira (16), no Beira-Rio. O jogador, que iniciou a temporada como principal destaque do elenco alviverde, passou por uma cirurgia no ombro em fevereiro, ap\u00f3s sofrer uma luxa\u00e7\u00e3o. Maur\u00edcio vinha [&hellip;]<\/p>\n","protected":false},"author":30,"featured_media":155182,"comment_status":"open","ping_status":"closed","sticky":false,"template":"","format":"standard","meta":{"footnotes":""},"categories":[133,150],"tags":[],"class_list":["post-255416","post","type-post","status-publish","format-standard","has-post-thumbnail","hentry","category-brasileirao","category-palmeiras"],"yoast_head":"<!-- This site is optimized with the Yoast SEO Premium plugin v24.2 (Yoast SEO v26.9) - https:\/\/yoast.com\/product\/yoast-seo-premium-wordpress\/ -->\n<title>Palmeiras ganha refor\u00e7o para os pr\u00f3ximos compromissos<\/title>\n<meta name=\"robots\" content=\"index, follow, max-snippet:-1, max-image-preview:large, max-video-preview:-1\" \/>\n<link rel=\"canonical\" href=\"https:\/\/www.gaveanews.com\/index.php\/2025\/04\/18\/palmeiras-ganha-reforco-para-os-proximos-compromissos\/\" \/>\n<meta property=\"og:locale\" content=\"pt_BR\" \/>\n<meta property=\"og:type\" content=\"article\" \/>\n<meta property=\"og:title\" content=\"Palmeiras ganha refor\u00e7o para os pr\u00f3ximos compromissos\" \/>\n<meta property=\"og:description\" content=\"Ap\u00f3s dois meses afastado dos gramados, o meia Maur\u00edcio voltou a atuar pelo Palmeiras na vit\u00f3ria por 1 a 0 sobre o Internacional, na \u00faltima quarta-feira (16), no Beira-Rio. O jogador, que iniciou a temporada como principal destaque do elenco alviverde, passou por uma cirurgia no ombro em fevereiro, ap\u00f3s sofrer uma luxa\u00e7\u00e3o. Maur\u00edcio vinha [&hellip;]\" \/>\n<meta property=\"og:url\" content=\"https:\/\/www.gaveanews.com\/index.php\/2025\/04\/18\/palmeiras-ganha-reforco-para-os-proximos-compromissos\/\" \/>\n<meta property=\"og:site_name\" content=\"G\u00e1vea News\" \/>\n<meta property=\"article:publisher\" content=\"https:\/\/facebook.com\/gaveaNews\/\" \/>\n<meta property=\"article:published_time\" content=\"2025-04-18T19:40:00+00:00\" \/>\n<meta property=\"og:image\" content=\"https:\/\/www.gaveanews.com\/wp-content\/uploads\/Allianz-Parque-estadio-do-Palmeiras.webp\" \/>\n\t<meta property=\"og:image:width\" content=\"1023\" \/>\n\t<meta property=\"og:image:height\" content=\"767\" \/>\n\t<meta property=\"og:image:type\" content=\"image\/webp\" \/>\n<meta name=\"author\" content=\"Ana Teixeira\" \/>\n<meta name=\"twitter:card\" content=\"summary_large_image\" \/>\n<meta name=\"twitter:label1\" content=\"Escrito por\" \/>\n\t<meta name=\"twitter:data1\" content=\"Ana Teixeira\" \/>\n\t<meta name=\"twitter:label2\" content=\"Est. tempo de leitura\" \/>\n\t<meta name=\"twitter:data2\" content=\"3 minutos\" \/>\n<script type=\"application\/ld+json\" class=\"yoast-schema-graph\">{\"@context\":\"https:\/\/schema.org\",\"@graph\":[{\"@type\":\"NewsArticle\",\"@id\":\"https:\/\/www.gaveanews.com\/index.php\/2025\/04\/18\/palmeiras-ganha-reforco-para-os-proximos-compromissos\/#article\",\"isPartOf\":{\"@id\":\"https:\/\/www.gaveanews.com\/index.php\/2025\/04\/18\/palmeiras-ganha-reforco-para-os-proximos-compromissos\/\"},\"author\":{\"name\":\"Ana Teixeira\",\"@id\":\"https:\/\/www.gaveanews.com\/#\/schema\/person\/3b19f7288b0ce20372991275e4f2e6c2\"},\"headline\":\"Palmeiras ganha refor\u00e7o para os pr\u00f3ximos compromissos\",\"datePublished\":\"2025-04-18T19:40:00+00:00\",\"mainEntityOfPage\":{\"@id\":\"https:\/\/www.gaveanews.com\/index.php\/2025\/04\/18\/palmeiras-ganha-reforco-para-os-proximos-compromissos\/\"},\"wordCount\":519,\"commentCount\":0,\"image\":{\"@id\":\"https:\/\/www.gaveanews.com\/index.php\/2025\/04\/18\/palmeiras-ganha-reforco-para-os-proximos-compromissos\/#primaryimage\"},\"thumbnailUrl\":\"https:\/\/www.gaveanews.com\/wp-content\/uploads\/Allianz-Parque-estadio-do-Palmeiras.webp\",\"articleSection\":[\"Brasileir\u00e3o\",\"Palmeiras\"],\"inLanguage\":\"pt-BR\",\"potentialAction\":[{\"@type\":\"CommentAction\",\"name\":\"Comment\",\"target\":[\"https:\/\/www.gaveanews.com\/index.php\/2025\/04\/18\/palmeiras-ganha-reforco-para-os-proximos-compromissos\/#respond\"]}],\"copyrightYear\":\"2025\",\"copyrightHolder\":{\"@id\":\"https:\/\/www.gaveanews.com\/#organization\"}},{\"@type\":\"WebPage\",\"@id\":\"https:\/\/www.gaveanews.com\/index.php\/2025\/04\/18\/palmeiras-ganha-reforco-para-os-proximos-compromissos\/\",\"url\":\"https:\/\/www.gaveanews.com\/index.php\/2025\/04\/18\/palmeiras-ganha-reforco-para-os-proximos-compromissos\/\",\"name\":\"Palmeiras ganha refor\u00e7o para os pr\u00f3ximos compromissos\",\"isPartOf\":{\"@id\":\"https:\/\/www.gaveanews.com\/#website\"},\"primaryImageOfPage\":{\"@id\":\"https:\/\/www.gaveanews.com\/index.php\/2025\/04\/18\/palmeiras-ganha-reforco-para-os-proximos-compromissos\/#primaryimage\"},\"image\":{\"@id\":\"https:\/\/www.gaveanews.com\/index.php\/2025\/04\/18\/palmeiras-ganha-reforco-para-os-proximos-compromissos\/#primaryimage\"},\"thumbnailUrl\":\"https:\/\/www.gaveanews.com\/wp-content\/uploads\/Allianz-Parque-estadio-do-Palmeiras.webp\",\"datePublished\":\"2025-04-18T19:40:00+00:00\",\"author\":{\"@id\":\"https:\/\/www.gaveanews.com\/#\/schema\/person\/3b19f7288b0ce20372991275e4f2e6c2\"},\"breadcrumb\":{\"@id\":\"https:\/\/www.gaveanews.com\/index.php\/2025\/04\/18\/palmeiras-ganha-reforco-para-os-proximos-compromissos\/#breadcrumb\"},\"inLanguage\":\"pt-BR\",\"potentialAction\":[{\"@type\":\"ReadAction\",\"target\":[\"https:\/\/www.gaveanews.com\/index.php\/2025\/04\/18\/palmeiras-ganha-reforco-para-os-proximos-compromissos\/\"]}]},{\"@type\":\"ImageObject\",\"inLanguage\":\"pt-BR\",\"@id\":\"https:\/\/www.gaveanews.com\/index.php\/2025\/04\/18\/palmeiras-ganha-reforco-para-os-proximos-compromissos\/#primaryimage\",\"url\":\"https:\/\/www.gaveanews.com\/wp-content\/uploads\/Allianz-Parque-estadio-do-Palmeiras.webp\",\"contentUrl\":\"https:\/\/www.gaveanews.com\/wp-content\/uploads\/Allianz-Parque-estadio-do-Palmeiras.webp\",\"width\":1023,\"height\":767,\"caption\":\"Allianz Parque, est\u00e1dio do Palmeiras (Foto: Reprodu\u00e7\u00e3o\/Palmeiras)\"},{\"@type\":\"BreadcrumbList\",\"@id\":\"https:\/\/www.gaveanews.com\/index.php\/2025\/04\/18\/palmeiras-ganha-reforco-para-os-proximos-compromissos\/#breadcrumb\",\"itemListElement\":[{\"@type\":\"ListItem\",\"position\":1,\"name\":\"Home\",\"item\":\"https:\/\/www.gaveanews.com\/\"},{\"@type\":\"ListItem\",\"position\":2,\"name\":\"Palmeiras ganha refor\u00e7o para os pr\u00f3ximos compromissos\"}]},{\"@type\":\"WebSite\",\"@id\":\"https:\/\/www.gaveanews.com\/#website\",\"url\":\"https:\/\/www.gaveanews.com\/\",\"name\":\"G\u00e1vea News\",\"description\":\"Veja todas as not\u00edcias sobre o Flamengo: Contrata\u00e7\u00f5es, categorias de base, resultados das partidas, tabela de classifica\u00e7\u00e3o, pr\u00f3ximos jogos!\",\"potentialAction\":[{\"@type\":\"SearchAction\",\"target\":{\"@type\":\"EntryPoint\",\"urlTemplate\":\"https:\/\/www.gaveanews.com\/?s={search_term_string}\"},\"query-input\":{\"@type\":\"PropertyValueSpecification\",\"valueRequired\":true,\"valueName\":\"search_term_string\"}}],\"inLanguage\":\"pt-BR\"},{\"@type\":\"Person\",\"@id\":\"https:\/\/www.gaveanews.com\/#\/schema\/person\/3b19f7288b0ce20372991275e4f2e6c2\",\"name\":\"Ana Teixeira\",\"image\":{\"@type\":\"ImageObject\",\"inLanguage\":\"pt-BR\",\"@id\":\"https:\/\/www.gaveanews.com\/#\/schema\/person\/image\/\",\"url\":\"https:\/\/secure.gravatar.com\/avatar\/0a73f5a5258f3fed37fc2fa641892f3f7a4748456d4d4792f9bc550e6c19e06c?s=96&d=mm&r=g\",\"contentUrl\":\"https:\/\/secure.gravatar.com\/avatar\/0a73f5a5258f3fed37fc2fa641892f3f7a4748456d4d4792f9bc550e6c19e06c?s=96&d=mm&r=g\",\"caption\":\"Ana Teixeira\"}}]}<\/script>\n<!-- \/ Yoast SEO Premium plugin. -->","yoast_head_json":{"title":"Palmeiras ganha refor\u00e7o para os pr\u00f3ximos compromissos","robots":{"index":"index","follow":"follow","max-snippet":"max-snippet:-1","max-image-preview":"max-image-preview:large","max-video-preview":"max-video-preview:-1"},"canonical":"https:\/\/www.gaveanews.com\/index.php\/2025\/04\/18\/palmeiras-ganha-reforco-para-os-proximos-compromissos\/","og_locale":"pt_BR","og_type":"article","og_title":"Palmeiras ganha refor\u00e7o para os pr\u00f3ximos compromissos","og_description":"Ap\u00f3s dois meses afastado dos gramados, o meia Maur\u00edcio voltou a atuar pelo Palmeiras na vit\u00f3ria por 1 a 0 sobre o Internacional, na \u00faltima quarta-feira (16), no Beira-Rio. O jogador, que iniciou a temporada como principal destaque do elenco alviverde, passou por uma cirurgia no ombro em fevereiro, ap\u00f3s sofrer uma luxa\u00e7\u00e3o. Maur\u00edcio vinha [&hellip;]","og_url":"https:\/\/www.gaveanews.com\/index.php\/2025\/04\/18\/palmeiras-ganha-reforco-para-os-proximos-compromissos\/","og_site_name":"G\u00e1vea News","article_publisher":"https:\/\/facebook.com\/gaveaNews\/","article_published_time":"2025-04-18T19:40:00+00:00","og_image":[{"width":1023,"height":767,"url":"https:\/\/www.gaveanews.com\/wp-content\/uploads\/Allianz-Parque-estadio-do-Palmeiras.webp","type":"image\/webp"}],"author":"Ana Teixeira","twitter_card":"summary_large_image","twitter_misc":{"Escrito por":"Ana Teixeira","Est. tempo de leitura":"3 minutos"},"schema":{"@context":"https:\/\/schema.org","@graph":[{"@type":"NewsArticle","@id":"https:\/\/www.gaveanews.com\/index.php\/2025\/04\/18\/palmeiras-ganha-reforco-para-os-proximos-compromissos\/#article","isPartOf":{"@id":"https:\/\/www.gaveanews.com\/index.php\/2025\/04\/18\/palmeiras-ganha-reforco-para-os-proximos-compromissos\/"},"author":{"name":"Ana Teixeira","@id":"https:\/\/www.gaveanews.com\/#\/schema\/person\/3b19f7288b0ce20372991275e4f2e6c2"},"headline":"Palmeiras ganha refor\u00e7o para os pr\u00f3ximos compromissos","datePublished":"2025-04-18T19:40:00+00:00","mainEntityOfPage":{"@id":"https:\/\/www.gaveanews.com\/index.php\/2025\/04\/18\/palmeiras-ganha-reforco-para-os-proximos-compromissos\/"},"wordCount":519,"commentCount":0,"image":{"@id":"https:\/\/www.gaveanews.com\/index.php\/2025\/04\/18\/palmeiras-ganha-reforco-para-os-proximos-compromissos\/#primaryimage"},"thumbnailUrl":"https:\/\/www.gaveanews.com\/wp-content\/uploads\/Allianz-Parque-estadio-do-Palmeiras.webp","articleSection":["Brasileir\u00e3o","Palmeiras"],"inLanguage":"pt-BR","potentialAction":[{"@type":"CommentAction","name":"Comment","target":["https:\/\/www.gaveanews.com\/index.php\/2025\/04\/18\/palmeiras-ganha-reforco-para-os-proximos-compromissos\/#respond"]}],"copyrightYear":"2025","copyrightHolder":{"@id":"https:\/\/www.gaveanews.com\/#organization"}},{"@type":"WebPage","@id":"https:\/\/www.gaveanews.com\/index.php\/2025\/04\/18\/palmeiras-ganha-reforco-para-os-proximos-compromissos\/","url":"https:\/\/www.gaveanews.com\/index.php\/2025\/04\/18\/palmeiras-ganha-reforco-para-os-proximos-compromissos\/","name":"Palmeiras ganha refor\u00e7o para os pr\u00f3ximos compromissos","isPartOf":{"@id":"https:\/\/www.gaveanews.com\/#website"},"primaryImageOfPage":{"@id":"https:\/\/www.gaveanews.com\/index.php\/2025\/04\/18\/palmeiras-ganha-reforco-para-os-proximos-compromissos\/#primaryimage"},"image":{"@id":"https:\/\/www.gaveanews.com\/index.php\/2025\/04\/18\/palmeiras-ganha-reforco-para-os-proximos-compromissos\/#primaryimage"},"thumbnailUrl":"https:\/\/www.gaveanews.com\/wp-content\/uploads\/Allianz-Parque-estadio-do-Palmeiras.webp","datePublished":"2025-04-18T19:40:00+00:00","author":{"@id":"https:\/\/www.gaveanews.com\/#\/schema\/person\/3b19f7288b0ce20372991275e4f2e6c2"},"breadcrumb":{"@id":"https:\/\/www.gaveanews.com\/index.php\/2025\/04\/18\/palmeiras-ganha-reforco-para-os-proximos-compromissos\/#breadcrumb"},"inLanguage":"pt-BR","potentialAction":[{"@type":"ReadAction","target":["https:\/\/www.gaveanews.com\/index.php\/2025\/04\/18\/palmeiras-ganha-reforco-para-os-proximos-compromissos\/"]}]},{"@type":"ImageObject","inLanguage":"pt-BR","@id":"https:\/\/www.gaveanews.com\/index.php\/2025\/04\/18\/palmeiras-ganha-reforco-para-os-proximos-compromissos\/#primaryimage","url":"https:\/\/www.gaveanews.com\/wp-content\/uploads\/Allianz-Parque-estadio-do-Palmeiras.webp","contentUrl":"https:\/\/www.gaveanews.com\/wp-content\/uploads\/Allianz-Parque-estadio-do-Palmeiras.webp","width":1023,"height":767,"caption":"Allianz Parque, est\u00e1dio do Palmeiras (Foto: Reprodu\u00e7\u00e3o\/Palmeiras)"},{"@type":"BreadcrumbList","@id":"https:\/\/www.gaveanews.com\/index.php\/2025\/04\/18\/palmeiras-ganha-reforco-para-os-proximos-compromissos\/#breadcrumb","itemListElement":[{"@type":"ListItem","position":1,"name":"Home","item":"https:\/\/www.gaveanews.com\/"},{"@type":"ListItem","position":2,"name":"Palmeiras ganha refor\u00e7o para os pr\u00f3ximos compromissos"}]},{"@type":"WebSite","@id":"https:\/\/www.gaveanews.com\/#website","url":"https:\/\/www.gaveanews.com\/","name":"G\u00e1vea News","description":"Veja todas as not\u00edcias sobre o Flamengo: Contrata\u00e7\u00f5es, categorias de base, resultados das partidas, tabela de classifica\u00e7\u00e3o, pr\u00f3ximos jogos!","potentialAction":[{"@type":"SearchAction","target":{"@type":"EntryPoint","urlTemplate":"https:\/\/www.gaveanews.com\/?s={search_term_string}"},"query-input":{"@type":"PropertyValueSpecification","valueRequired":true,"valueName":"search_term_string"}}],"inLanguage":"pt-BR"},{"@type":"Person","@id":"https:\/\/www.gaveanews.com\/#\/schema\/person\/3b19f7288b0ce20372991275e4f2e6c2","name":"Ana Teixeira","image":{"@type":"ImageObject","inLanguage":"pt-BR","@id":"https:\/\/www.gaveanews.com\/#\/schema\/person\/image\/","url":"https:\/\/secure.gravatar.com\/avatar\/0a73f5a5258f3fed37fc2fa641892f3f7a4748456d4d4792f9bc550e6c19e06c?s=96&d=mm&r=g","contentUrl":"https:\/\/secure.gravatar.com\/avatar\/0a73f5a5258f3fed37fc2fa641892f3f7a4748456d4d4792f9bc550e6c19e06c?s=96&d=mm&r=g","caption":"Ana Teixeira"}}]}},"_links":{"self":[{"href":"https:\/\/www.gaveanews.com\/index.php\/wp-json\/wp\/v2\/posts\/255416","targetHints":{"allow":["GET"]}}],"collection":[{"href":"https:\/\/www.gaveanews.com\/index.php\/wp-json\/wp\/v2\/posts"}],"about":[{"href":"https:\/\/www.gaveanews.com\/index.php\/wp-json\/wp\/v2\/types\/post"}],"author":[{"embeddable":true,"href":"https:\/\/www.gaveanews.com\/index.php\/wp-json\/wp\/v2\/users\/30"}],"replies":[{"embeddable":true,"href":"https:\/\/www.gaveanews.com\/index.php\/wp-json\/wp\/v2\/comments?post=255416"}],"version-history":[{"count":1,"href":"https:\/\/www.gaveanews.com\/index.php\/wp-json\/wp\/v2\/posts\/255416\/revisions"}],"predecessor-version":[{"id":255422,"href":"https:\/\/www.gaveanews.com\/index.php\/wp-json\/wp\/v2\/posts\/255416\/revisions\/255422"}],"wp:featuredmedia":[{"embeddable":true,"href":"https:\/\/www.gaveanews.com\/index.php\/wp-json\/wp\/v2\/media\/155182"}],"wp:attachment":[{"href":"https:\/\/www.gaveanews.com\/index.php\/wp-json\/wp\/v2\/media?parent=255416"}],"wp:term":[{"taxonomy":"category","embeddable":true,"href":"https:\/\/www.gaveanews.com\/index.php\/wp-json\/wp\/v2\/categories?post=255416"},{"taxonomy":"post_tag","embeddable":true,"href":"https:\/\/www.gaveanews.com\/index.php\/wp-json\/wp\/v2\/tags?post=255416"}],"curies":[{"name":"wp","href":"https:\/\/api.w.org\/{rel}","templated":true}]}}