{"id":255417,"date":"2025-04-18T16:45:00","date_gmt":"2025-04-18T19:45:00","guid":{"rendered":"https:\/\/www.gaveanews.com\/?p=255417"},"modified":"2025-04-18T16:10:35","modified_gmt":"2025-04-18T19:10:35","slug":"a-declaracao-do-tecnico-do-psg-sobre-o-futebol-europeu-sou-o-mais","status":"publish","type":"post","link":"https:\/\/www.gaveanews.com\/index.php\/2025\/04\/18\/a-declaracao-do-tecnico-do-psg-sobre-o-futebol-europeu-sou-o-mais\/","title":{"rendered":"A declara\u00e7\u00e3o do t\u00e9cnico do PSG sobre o futebol europeu: &#8216;sou o mais\u2026&#8217;"},"content":{"rendered":"\n<p>\u00c0s v\u00e9speras de mais um compromisso pela Ligue 1, Luis Enrique abordou publicamente a press\u00e3o enfrentada desde sua chegada ao comando do Paris Saint-Germain. Em entrevista coletiva concedida antes do duelo contra o Le Havre, v\u00e1lido pela 30\u00aa rodada do Campeonato Franc\u00eas, o espanhol fez quest\u00e3o de expressar sua vis\u00e3o sobre as cr\u00edticas e o planejamento da equipe na temporada.<\/p>\n\n\n\n<p>\u201c<em>Fui o treinador mais criticado da Europa<\/em>\u201d, afirmou de forma direta. Conforme relembrou, esse cen\u00e1rio n\u00e3o \u00e9 recente em sua trajet\u00f3ria: \u201c<em>Fui criticado na Roma, no Barcelona, na sele\u00e7\u00e3o espanhola e agora em Paris<\/em>\u201d. Para ele, o motivo principal \u00e9 sua pol\u00edtica de rod\u00edzio de jogadores: <\/p>\n\n\n\n<p>\u201c<em>Quantos mais jogadores integrarmos, melhores seremos. Quando n\u00e3o jogam, n\u00e3o significa que n\u00e3o confio neles<\/em>\u201d, enfatizou, ressaltando que continua a acreditar em todos os atletas do elenco.<\/p>\n\n\n\n<h2 class=\"wp-block-heading\" id=\"h-consistencia-em-meio-a-adversidade\">Consist\u00eancia em meio \u00e0 adversidade<\/h2>\n\n\n\n<p>O PSG garantiu recentemente uma vaga nas semifinais da UEFA Champions League ap\u00f3s superar o Aston Villa. Segundo Luis Enrique, o confronto evidenciou as caracter\u00edsticas principais de sua equipe. \u201c<em>Foi uma eliminat\u00f3ria muito dif\u00edcil, como j\u00e1 esper\u00e1vamos. No Villa Park, enfrentamos um grande advers\u00e1rio. Analisando com calma, percebi que foi um jogo de alto n\u00edvel, que reflete o que somos: uma equipe valente<\/em>\u201d, relatou.<\/p>\n\n\n\n<p>Apesar de reconhecer momentos dif\u00edceis, especialmente entre os minutos 45 e 65 da partida, o t\u00e9cnico destacou a rea\u00e7\u00e3o positiva do grupo. \u201c<em>A partir dos 70, tivemos chances claras para decidir a eliminat\u00f3ria<\/em>\u201d, completou. Ele tamb\u00e9m rebateu a ideia de que o PSG \u00e9 favorito isolado ao t\u00edtulo europeu: \u201c<em>N\u00e3o somos invenc\u00edveis e nunca fomos. Somos apenas um dos quatro favoritos. \u00c9 um erro pensar que vamos atropelar todo mundo<\/em>\u201d.<\/p>\n\n\n\n<h2 class=\"wp-block-heading\" id=\"h-objetivos-e-mentalidade\">Objetivos e mentalidade<\/h2>\n\n\n\n<p>Luis Enrique deixou claro que seu foco vai al\u00e9m dos resultados imediatos. &#8220;<em>Queremos fazer hist\u00f3ria e para isso temos que vencer todos os trof\u00e9us<\/em>&#8220;, declarou. Ainda assim, frisou que o mais importante para ele \u00e9 o processo. &#8220;<em>O resultado n\u00e3o me preocupa tanto quanto o caminho. O que estamos dispostos a dar para alcan\u00e7ar algo positivo? Essa \u00e9 a quest\u00e3o<\/em>&#8220;, afirmou.<\/p>\n\n\n\n<p>Quando questionado sobre a mentalidade da equipe, o t\u00e9cnico negou um trabalho espec\u00edfico de prepara\u00e7\u00e3o psicol\u00f3gica, mas destacou a resili\u00eancia dos jogadores. \u201c<em>As coisas positivas s\u00e3o f\u00e1ceis de gerir. O dif\u00edcil \u00e9 manter a confian\u00e7a nos momentos complicados, e conseguimos fazer isso<\/em>\u201d, avaliou.<\/p>\n\n\n\n<h2 class=\"wp-block-heading\" id=\"h-desempenho-coletivo-e-gestao-do-elenco\">Desempenho coletivo e gest\u00e3o do elenco<\/h2>\n\n\n\n<p>O comandante do PSG tamb\u00e9m comentou sobre o equil\u00edbrio necess\u00e1rio para lidar com atletas que, eventualmente, n\u00e3o t\u00eam oportunidades. &#8220;<em>Sempre fui criticado por promover mudan\u00e7as e n\u00e3o manter os mesmos nomes em campo. Ainda assim, n\u00e3o vou deixar de confiar em todo o elenco<\/em>&#8220;, afirmou. Conforme explicou, cada jogador exige uma abordagem diferente, o que torna essencial a flexibilidade da comiss\u00e3o t\u00e9cnica. &#8220;<em>N\u00e3o h\u00e1 f\u00f3rmula matem\u00e1tica. O melhor desta equipe \u00e9 a capacidade de competir em qualquer contexto<\/em>&#8220;, concluiu.<\/p>\n\n\n\n<p>Ao abordar o pr\u00f3ximo confronto contra o Arsenal nas semifinais da Champions League, Luis Enrique evitou qualquer clima de favoritismo. &#8220;<em>Sabemos quem eles eliminaram. \u00c9 uma das melhores equipes da Europa, muito bem treinada por Arteta<\/em>&#8220;, disse. Apesar do reconhecimento ao advers\u00e1rio, refor\u00e7ou o comprometimento do PSG com a busca por feitos in\u00e9ditos: &#8220;<em>Nosso objetivo \u00e9 alcan\u00e7ar algo que ningu\u00e9m ainda conseguiu no clube<\/em>&#8220;.<\/p>\n","protected":false},"excerpt":{"rendered":"<p>\u00c0s v\u00e9speras de mais um compromisso pela Ligue 1, Luis Enrique abordou publicamente a press\u00e3o enfrentada desde sua chegada ao comando do Paris Saint-Germain. Em entrevista coletiva concedida antes do duelo contra o Le Havre, v\u00e1lido pela 30\u00aa rodada do Campeonato Franc\u00eas, o espanhol fez quest\u00e3o de expressar sua vis\u00e3o sobre as cr\u00edticas e o [&hellip;]<\/p>\n","protected":false},"author":30,"featured_media":190708,"comment_status":"open","ping_status":"closed","sticky":false,"template":"","format":"standard","meta":{"footnotes":""},"categories":[78,101,102],"tags":[],"class_list":["post-255417","post","type-post","status-publish","format-standard","has-post-thumbnail","hentry","category-futebol-internacional","category-ligue-1","category-psg"],"yoast_head":"<!-- This site is optimized with the Yoast SEO Premium plugin v24.2 (Yoast SEO v26.9) - https:\/\/yoast.com\/product\/yoast-seo-premium-wordpress\/ -->\n<title>A declara\u00e7\u00e3o do t\u00e9cnico do PSG sobre o futebol europeu: &#039;sou o mais\u2026&#039;<\/title>\n<meta name=\"robots\" content=\"index, follow, max-snippet:-1, max-image-preview:large, max-video-preview:-1\" \/>\n<link rel=\"canonical\" href=\"https:\/\/www.gaveanews.com\/index.php\/2025\/04\/18\/a-declaracao-do-tecnico-do-psg-sobre-o-futebol-europeu-sou-o-mais\/\" \/>\n<meta property=\"og:locale\" content=\"pt_BR\" \/>\n<meta property=\"og:type\" content=\"article\" \/>\n<meta property=\"og:title\" content=\"A declara\u00e7\u00e3o do t\u00e9cnico do PSG sobre o futebol europeu: &#039;sou o mais\u2026&#039;\" \/>\n<meta property=\"og:description\" content=\"\u00c0s v\u00e9speras de mais um compromisso pela Ligue 1, Luis Enrique abordou publicamente a press\u00e3o enfrentada desde sua chegada ao comando do Paris Saint-Germain. Em entrevista coletiva concedida antes do duelo contra o Le Havre, v\u00e1lido pela 30\u00aa rodada do Campeonato Franc\u00eas, o espanhol fez quest\u00e3o de expressar sua vis\u00e3o sobre as cr\u00edticas e o [&hellip;]\" \/>\n<meta property=\"og:url\" content=\"https:\/\/www.gaveanews.com\/index.php\/2025\/04\/18\/a-declaracao-do-tecnico-do-psg-sobre-o-futebol-europeu-sou-o-mais\/\" \/>\n<meta property=\"og:site_name\" content=\"G\u00e1vea News\" \/>\n<meta property=\"article:publisher\" content=\"https:\/\/facebook.com\/gaveaNews\/\" \/>\n<meta property=\"article:published_time\" content=\"2025-04-18T19:45:00+00:00\" \/>\n<meta property=\"og:image\" content=\"https:\/\/www.gaveanews.com\/wp-content\/uploads\/Luis-Enrique-tecnico-do-PSG.webp\" \/>\n\t<meta property=\"og:image:width\" content=\"774\" \/>\n\t<meta property=\"og:image:height\" content=\"508\" \/>\n\t<meta property=\"og:image:type\" content=\"image\/webp\" \/>\n<meta name=\"author\" content=\"Ana Teixeira\" \/>\n<meta name=\"twitter:card\" content=\"summary_large_image\" \/>\n<meta name=\"twitter:label1\" content=\"Escrito por\" \/>\n\t<meta name=\"twitter:data1\" content=\"Ana Teixeira\" \/>\n\t<meta name=\"twitter:label2\" content=\"Est. tempo de leitura\" \/>\n\t<meta name=\"twitter:data2\" content=\"4 minutos\" \/>\n<script type=\"application\/ld+json\" class=\"yoast-schema-graph\">{\"@context\":\"https:\/\/schema.org\",\"@graph\":[{\"@type\":\"NewsArticle\",\"@id\":\"https:\/\/www.gaveanews.com\/index.php\/2025\/04\/18\/a-declaracao-do-tecnico-do-psg-sobre-o-futebol-europeu-sou-o-mais\/#article\",\"isPartOf\":{\"@id\":\"https:\/\/www.gaveanews.com\/index.php\/2025\/04\/18\/a-declaracao-do-tecnico-do-psg-sobre-o-futebol-europeu-sou-o-mais\/\"},\"author\":{\"name\":\"Ana Teixeira\",\"@id\":\"https:\/\/www.gaveanews.com\/#\/schema\/person\/3b19f7288b0ce20372991275e4f2e6c2\"},\"headline\":\"A declara\u00e7\u00e3o do t\u00e9cnico do PSG sobre o futebol europeu: &#8216;sou o mais\u2026&#8217;\",\"datePublished\":\"2025-04-18T19:45:00+00:00\",\"mainEntityOfPage\":{\"@id\":\"https:\/\/www.gaveanews.com\/index.php\/2025\/04\/18\/a-declaracao-do-tecnico-do-psg-sobre-o-futebol-europeu-sou-o-mais\/\"},\"wordCount\":594,\"commentCount\":0,\"image\":{\"@id\":\"https:\/\/www.gaveanews.com\/index.php\/2025\/04\/18\/a-declaracao-do-tecnico-do-psg-sobre-o-futebol-europeu-sou-o-mais\/#primaryimage\"},\"thumbnailUrl\":\"https:\/\/www.gaveanews.com\/wp-content\/uploads\/Luis-Enrique-tecnico-do-PSG.webp\",\"articleSection\":[\"Futebol Internacional\",\"Ligue 1\",\"PSG\"],\"inLanguage\":\"pt-BR\",\"potentialAction\":[{\"@type\":\"CommentAction\",\"name\":\"Comment\",\"target\":[\"https:\/\/www.gaveanews.com\/index.php\/2025\/04\/18\/a-declaracao-do-tecnico-do-psg-sobre-o-futebol-europeu-sou-o-mais\/#respond\"]}],\"copyrightYear\":\"2025\",\"copyrightHolder\":{\"@id\":\"https:\/\/www.gaveanews.com\/#organization\"}},{\"@type\":\"WebPage\",\"@id\":\"https:\/\/www.gaveanews.com\/index.php\/2025\/04\/18\/a-declaracao-do-tecnico-do-psg-sobre-o-futebol-europeu-sou-o-mais\/\",\"url\":\"https:\/\/www.gaveanews.com\/index.php\/2025\/04\/18\/a-declaracao-do-tecnico-do-psg-sobre-o-futebol-europeu-sou-o-mais\/\",\"name\":\"A declara\u00e7\u00e3o do t\u00e9cnico do PSG sobre o futebol europeu: 'sou o mais\u2026'\",\"isPartOf\":{\"@id\":\"https:\/\/www.gaveanews.com\/#website\"},\"primaryImageOfPage\":{\"@id\":\"https:\/\/www.gaveanews.com\/index.php\/2025\/04\/18\/a-declaracao-do-tecnico-do-psg-sobre-o-futebol-europeu-sou-o-mais\/#primaryimage\"},\"image\":{\"@id\":\"https:\/\/www.gaveanews.com\/index.php\/2025\/04\/18\/a-declaracao-do-tecnico-do-psg-sobre-o-futebol-europeu-sou-o-mais\/#primaryimage\"},\"thumbnailUrl\":\"https:\/\/www.gaveanews.com\/wp-content\/uploads\/Luis-Enrique-tecnico-do-PSG.webp\",\"datePublished\":\"2025-04-18T19:45:00+00:00\",\"author\":{\"@id\":\"https:\/\/www.gaveanews.com\/#\/schema\/person\/3b19f7288b0ce20372991275e4f2e6c2\"},\"breadcrumb\":{\"@id\":\"https:\/\/www.gaveanews.com\/index.php\/2025\/04\/18\/a-declaracao-do-tecnico-do-psg-sobre-o-futebol-europeu-sou-o-mais\/#breadcrumb\"},\"inLanguage\":\"pt-BR\",\"potentialAction\":[{\"@type\":\"ReadAction\",\"target\":[\"https:\/\/www.gaveanews.com\/index.php\/2025\/04\/18\/a-declaracao-do-tecnico-do-psg-sobre-o-futebol-europeu-sou-o-mais\/\"]}]},{\"@type\":\"ImageObject\",\"inLanguage\":\"pt-BR\",\"@id\":\"https:\/\/www.gaveanews.com\/index.php\/2025\/04\/18\/a-declaracao-do-tecnico-do-psg-sobre-o-futebol-europeu-sou-o-mais\/#primaryimage\",\"url\":\"https:\/\/www.gaveanews.com\/wp-content\/uploads\/Luis-Enrique-tecnico-do-PSG.webp\",\"contentUrl\":\"https:\/\/www.gaveanews.com\/wp-content\/uploads\/Luis-Enrique-tecnico-do-PSG.webp\",\"width\":774,\"height\":508,\"caption\":\"Luis Enrique, t\u00e9cnico do PSG (Foto: reprodu\u00e7\u00e3o)\"},{\"@type\":\"BreadcrumbList\",\"@id\":\"https:\/\/www.gaveanews.com\/index.php\/2025\/04\/18\/a-declaracao-do-tecnico-do-psg-sobre-o-futebol-europeu-sou-o-mais\/#breadcrumb\",\"itemListElement\":[{\"@type\":\"ListItem\",\"position\":1,\"name\":\"Home\",\"item\":\"https:\/\/www.gaveanews.com\/\"},{\"@type\":\"ListItem\",\"position\":2,\"name\":\"A declara\u00e7\u00e3o do t\u00e9cnico do PSG sobre o futebol europeu: &#8216;sou o mais\u2026&#8217;\"}]},{\"@type\":\"WebSite\",\"@id\":\"https:\/\/www.gaveanews.com\/#website\",\"url\":\"https:\/\/www.gaveanews.com\/\",\"name\":\"G\u00e1vea News\",\"description\":\"Veja todas as not\u00edcias sobre o Flamengo: Contrata\u00e7\u00f5es, categorias de base, resultados das partidas, tabela de classifica\u00e7\u00e3o, pr\u00f3ximos jogos!\",\"potentialAction\":[{\"@type\":\"SearchAction\",\"target\":{\"@type\":\"EntryPoint\",\"urlTemplate\":\"https:\/\/www.gaveanews.com\/?s={search_term_string}\"},\"query-input\":{\"@type\":\"PropertyValueSpecification\",\"valueRequired\":true,\"valueName\":\"search_term_string\"}}],\"inLanguage\":\"pt-BR\"},{\"@type\":\"Person\",\"@id\":\"https:\/\/www.gaveanews.com\/#\/schema\/person\/3b19f7288b0ce20372991275e4f2e6c2\",\"name\":\"Ana Teixeira\",\"image\":{\"@type\":\"ImageObject\",\"inLanguage\":\"pt-BR\",\"@id\":\"https:\/\/www.gaveanews.com\/#\/schema\/person\/image\/\",\"url\":\"https:\/\/secure.gravatar.com\/avatar\/0a73f5a5258f3fed37fc2fa641892f3f7a4748456d4d4792f9bc550e6c19e06c?s=96&d=mm&r=g\",\"contentUrl\":\"https:\/\/secure.gravatar.com\/avatar\/0a73f5a5258f3fed37fc2fa641892f3f7a4748456d4d4792f9bc550e6c19e06c?s=96&d=mm&r=g\",\"caption\":\"Ana Teixeira\"}}]}<\/script>\n<!-- \/ Yoast SEO Premium plugin. -->","yoast_head_json":{"title":"A declara\u00e7\u00e3o do t\u00e9cnico do PSG sobre o futebol europeu: 'sou o mais\u2026'","robots":{"index":"index","follow":"follow","max-snippet":"max-snippet:-1","max-image-preview":"max-image-preview:large","max-video-preview":"max-video-preview:-1"},"canonical":"https:\/\/www.gaveanews.com\/index.php\/2025\/04\/18\/a-declaracao-do-tecnico-do-psg-sobre-o-futebol-europeu-sou-o-mais\/","og_locale":"pt_BR","og_type":"article","og_title":"A declara\u00e7\u00e3o do t\u00e9cnico do PSG sobre o futebol europeu: 'sou o mais\u2026'","og_description":"\u00c0s v\u00e9speras de mais um compromisso pela Ligue 1, Luis Enrique abordou publicamente a press\u00e3o enfrentada desde sua chegada ao comando do Paris Saint-Germain. Em entrevista coletiva concedida antes do duelo contra o Le Havre, v\u00e1lido pela 30\u00aa rodada do Campeonato Franc\u00eas, o espanhol fez quest\u00e3o de expressar sua vis\u00e3o sobre as cr\u00edticas e o [&hellip;]","og_url":"https:\/\/www.gaveanews.com\/index.php\/2025\/04\/18\/a-declaracao-do-tecnico-do-psg-sobre-o-futebol-europeu-sou-o-mais\/","og_site_name":"G\u00e1vea News","article_publisher":"https:\/\/facebook.com\/gaveaNews\/","article_published_time":"2025-04-18T19:45:00+00:00","og_image":[{"width":774,"height":508,"url":"https:\/\/www.gaveanews.com\/wp-content\/uploads\/Luis-Enrique-tecnico-do-PSG.webp","type":"image\/webp"}],"author":"Ana Teixeira","twitter_card":"summary_large_image","twitter_misc":{"Escrito por":"Ana Teixeira","Est. tempo de leitura":"4 minutos"},"schema":{"@context":"https:\/\/schema.org","@graph":[{"@type":"NewsArticle","@id":"https:\/\/www.gaveanews.com\/index.php\/2025\/04\/18\/a-declaracao-do-tecnico-do-psg-sobre-o-futebol-europeu-sou-o-mais\/#article","isPartOf":{"@id":"https:\/\/www.gaveanews.com\/index.php\/2025\/04\/18\/a-declaracao-do-tecnico-do-psg-sobre-o-futebol-europeu-sou-o-mais\/"},"author":{"name":"Ana Teixeira","@id":"https:\/\/www.gaveanews.com\/#\/schema\/person\/3b19f7288b0ce20372991275e4f2e6c2"},"headline":"A declara\u00e7\u00e3o do t\u00e9cnico do PSG sobre o futebol europeu: &#8216;sou o mais\u2026&#8217;","datePublished":"2025-04-18T19:45:00+00:00","mainEntityOfPage":{"@id":"https:\/\/www.gaveanews.com\/index.php\/2025\/04\/18\/a-declaracao-do-tecnico-do-psg-sobre-o-futebol-europeu-sou-o-mais\/"},"wordCount":594,"commentCount":0,"image":{"@id":"https:\/\/www.gaveanews.com\/index.php\/2025\/04\/18\/a-declaracao-do-tecnico-do-psg-sobre-o-futebol-europeu-sou-o-mais\/#primaryimage"},"thumbnailUrl":"https:\/\/www.gaveanews.com\/wp-content\/uploads\/Luis-Enrique-tecnico-do-PSG.webp","articleSection":["Futebol Internacional","Ligue 1","PSG"],"inLanguage":"pt-BR","potentialAction":[{"@type":"CommentAction","name":"Comment","target":["https:\/\/www.gaveanews.com\/index.php\/2025\/04\/18\/a-declaracao-do-tecnico-do-psg-sobre-o-futebol-europeu-sou-o-mais\/#respond"]}],"copyrightYear":"2025","copyrightHolder":{"@id":"https:\/\/www.gaveanews.com\/#organization"}},{"@type":"WebPage","@id":"https:\/\/www.gaveanews.com\/index.php\/2025\/04\/18\/a-declaracao-do-tecnico-do-psg-sobre-o-futebol-europeu-sou-o-mais\/","url":"https:\/\/www.gaveanews.com\/index.php\/2025\/04\/18\/a-declaracao-do-tecnico-do-psg-sobre-o-futebol-europeu-sou-o-mais\/","name":"A declara\u00e7\u00e3o do t\u00e9cnico do PSG sobre o futebol europeu: 'sou o mais\u2026'","isPartOf":{"@id":"https:\/\/www.gaveanews.com\/#website"},"primaryImageOfPage":{"@id":"https:\/\/www.gaveanews.com\/index.php\/2025\/04\/18\/a-declaracao-do-tecnico-do-psg-sobre-o-futebol-europeu-sou-o-mais\/#primaryimage"},"image":{"@id":"https:\/\/www.gaveanews.com\/index.php\/2025\/04\/18\/a-declaracao-do-tecnico-do-psg-sobre-o-futebol-europeu-sou-o-mais\/#primaryimage"},"thumbnailUrl":"https:\/\/www.gaveanews.com\/wp-content\/uploads\/Luis-Enrique-tecnico-do-PSG.webp","datePublished":"2025-04-18T19:45:00+00:00","author":{"@id":"https:\/\/www.gaveanews.com\/#\/schema\/person\/3b19f7288b0ce20372991275e4f2e6c2"},"breadcrumb":{"@id":"https:\/\/www.gaveanews.com\/index.php\/2025\/04\/18\/a-declaracao-do-tecnico-do-psg-sobre-o-futebol-europeu-sou-o-mais\/#breadcrumb"},"inLanguage":"pt-BR","potentialAction":[{"@type":"ReadAction","target":["https:\/\/www.gaveanews.com\/index.php\/2025\/04\/18\/a-declaracao-do-tecnico-do-psg-sobre-o-futebol-europeu-sou-o-mais\/"]}]},{"@type":"ImageObject","inLanguage":"pt-BR","@id":"https:\/\/www.gaveanews.com\/index.php\/2025\/04\/18\/a-declaracao-do-tecnico-do-psg-sobre-o-futebol-europeu-sou-o-mais\/#primaryimage","url":"https:\/\/www.gaveanews.com\/wp-content\/uploads\/Luis-Enrique-tecnico-do-PSG.webp","contentUrl":"https:\/\/www.gaveanews.com\/wp-content\/uploads\/Luis-Enrique-tecnico-do-PSG.webp","width":774,"height":508,"caption":"Luis Enrique, t\u00e9cnico do PSG (Foto: reprodu\u00e7\u00e3o)"},{"@type":"BreadcrumbList","@id":"https:\/\/www.gaveanews.com\/index.php\/2025\/04\/18\/a-declaracao-do-tecnico-do-psg-sobre-o-futebol-europeu-sou-o-mais\/#breadcrumb","itemListElement":[{"@type":"ListItem","position":1,"name":"Home","item":"https:\/\/www.gaveanews.com\/"},{"@type":"ListItem","position":2,"name":"A declara\u00e7\u00e3o do t\u00e9cnico do PSG sobre o futebol europeu: &#8216;sou o mais\u2026&#8217;"}]},{"@type":"WebSite","@id":"https:\/\/www.gaveanews.com\/#website","url":"https:\/\/www.gaveanews.com\/","name":"G\u00e1vea News","description":"Veja todas as not\u00edcias sobre o Flamengo: Contrata\u00e7\u00f5es, categorias de base, resultados das partidas, tabela de classifica\u00e7\u00e3o, pr\u00f3ximos jogos!","potentialAction":[{"@type":"SearchAction","target":{"@type":"EntryPoint","urlTemplate":"https:\/\/www.gaveanews.com\/?s={search_term_string}"},"query-input":{"@type":"PropertyValueSpecification","valueRequired":true,"valueName":"search_term_string"}}],"inLanguage":"pt-BR"},{"@type":"Person","@id":"https:\/\/www.gaveanews.com\/#\/schema\/person\/3b19f7288b0ce20372991275e4f2e6c2","name":"Ana Teixeira","image":{"@type":"ImageObject","inLanguage":"pt-BR","@id":"https:\/\/www.gaveanews.com\/#\/schema\/person\/image\/","url":"https:\/\/secure.gravatar.com\/avatar\/0a73f5a5258f3fed37fc2fa641892f3f7a4748456d4d4792f9bc550e6c19e06c?s=96&d=mm&r=g","contentUrl":"https:\/\/secure.gravatar.com\/avatar\/0a73f5a5258f3fed37fc2fa641892f3f7a4748456d4d4792f9bc550e6c19e06c?s=96&d=mm&r=g","caption":"Ana Teixeira"}}]}},"_links":{"self":[{"href":"https:\/\/www.gaveanews.com\/index.php\/wp-json\/wp\/v2\/posts\/255417","targetHints":{"allow":["GET"]}}],"collection":[{"href":"https:\/\/www.gaveanews.com\/index.php\/wp-json\/wp\/v2\/posts"}],"about":[{"href":"https:\/\/www.gaveanews.com\/index.php\/wp-json\/wp\/v2\/types\/post"}],"author":[{"embeddable":true,"href":"https:\/\/www.gaveanews.com\/index.php\/wp-json\/wp\/v2\/users\/30"}],"replies":[{"embeddable":true,"href":"https:\/\/www.gaveanews.com\/index.php\/wp-json\/wp\/v2\/comments?post=255417"}],"version-history":[{"count":1,"href":"https:\/\/www.gaveanews.com\/index.php\/wp-json\/wp\/v2\/posts\/255417\/revisions"}],"predecessor-version":[{"id":255425,"href":"https:\/\/www.gaveanews.com\/index.php\/wp-json\/wp\/v2\/posts\/255417\/revisions\/255425"}],"wp:featuredmedia":[{"embeddable":true,"href":"https:\/\/www.gaveanews.com\/index.php\/wp-json\/wp\/v2\/media\/190708"}],"wp:attachment":[{"href":"https:\/\/www.gaveanews.com\/index.php\/wp-json\/wp\/v2\/media?parent=255417"}],"wp:term":[{"taxonomy":"category","embeddable":true,"href":"https:\/\/www.gaveanews.com\/index.php\/wp-json\/wp\/v2\/categories?post=255417"},{"taxonomy":"post_tag","embeddable":true,"href":"https:\/\/www.gaveanews.com\/index.php\/wp-json\/wp\/v2\/tags?post=255417"}],"curies":[{"name":"wp","href":"https:\/\/api.w.org\/{rel}","templated":true}]}}