{"id":255420,"date":"2025-04-18T17:00:00","date_gmt":"2025-04-18T20:00:00","guid":{"rendered":"https:\/\/www.gaveanews.com\/?p=255420"},"modified":"2025-04-18T16:06:18","modified_gmt":"2025-04-18T19:06:18","slug":"a-declaracao-do-craque-neto-direcionada-a-fabio-do-fluminense","status":"publish","type":"post","link":"https:\/\/www.gaveanews.com\/index.php\/2025\/04\/18\/a-declaracao-do-craque-neto-direcionada-a-fabio-do-fluminense\/","title":{"rendered":"A declara\u00e7\u00e3o do Craque Neto direcionada a F\u00e1bio, do Fluminense"},"content":{"rendered":"\n<p>Se tem algo que surpreende no futebol brasileiro \u00e9 a longevidade de certos jogadores. Mas poucos impressionam tanto quanto o goleiro F\u00e1bio, do Fluminense. Aos 44 anos, ele segue decisivo, provando que ainda \u00e9 refer\u00eancia na posi\u00e7\u00e3o.&nbsp;<\/p>\n\n\n\n<p>E n\u00e3o foi qualquer um que o exaltou: Craque Neto, mesmo criticando o desempenho do Corinthians, fez quest\u00e3o de aplaudir o camisa 1 tricolor ap\u00f3s o duelo contra o Tim\u00e3o. A seguir, voc\u00ea confere os detalhes da fala que repercutiu entre os torcedores e analistas.<\/p>\n\n\n\n<h2 class=\"wp-block-heading\" id=\"h-um-paredao-aos-44-anos\">Um pared\u00e3o aos 44 anos<\/h2>\n\n\n\n<p>Durante a transmiss\u00e3o do jogo no YouTube, Craque Neto se mostrou impressionado com a defesa de F\u00e1bio em uma finaliza\u00e7\u00e3o que parecia ser um gola\u00e7o de Memphis Depay.<\/p>\n\n\n\n<p>\u201cEle ia fazer um gola\u00e7o, mas o F\u00e1bio (defendeu). Que goleiro, hein! 44 anos! Tirou um gol antol\u00f3gico.\u201d, afirmou o comentarista.<\/p>\n\n\n\n<p>Al\u00e9m disso, ele refor\u00e7ou a import\u00e2ncia do goleiro para o atual momento do time de Renato Ga\u00facho: \u201cO meu destaque \u00e9 o goleiro F\u00e1bio, que \u00e9 um monstro!\u201d.<\/p>\n\n\n\n<p>Vale destacar que, mesmo com idade avan\u00e7ada, F\u00e1bio vem se mostrando fundamental para o \u00f3timo in\u00edcio de temporada do Fluminense. Por isso, seu nome est\u00e1 cada vez mais em alta.<\/p>\n\n\n\n<h2 class=\"wp-block-heading\" id=\"h-neto-defende-donelli-e-critica-desempenho-do-corinthians\">Neto defende Donelli e critica desempenho do Corinthians<\/h2>\n\n\n\n<p>Sendo assim, o coment\u00e1rio n\u00e3o parou no elogio a F\u00e1bio. Neto tamb\u00e9m fez quest\u00e3o de tirar o peso das costas de Matheus Donelli, goleiro do Corinthians, que foi vazado duas vezes na partida.<\/p>\n\n\n\n<p>\u201c\u00c9 f\u00e1cil botar toda a responsabilidade no Donelli, n\u00e9? Mas n\u00e3o botam no time. Esconde que o time joga mal pra caramba&#8230;\u201d, reclamou.<\/p>\n\n\n\n<p>Isso porque, segundo ele, os gols sofridos vieram de um chute de fora da \u00e1rea e de um p\u00eanalti, situa\u00e7\u00f5es em que pouco se pode cobrar do arqueiro.<\/p>\n\n\n\n<h2 class=\"wp-block-heading\" id=\"h-memphis-tambem-sai-em-defesa-do-goleiro-corintiano\">Memphis tamb\u00e9m sai em defesa do goleiro corintiano<\/h2>\n\n\n\n<p>Com isso, n\u00e3o foi s\u00f3 o Craque Neto que defendeu Donelli. Memphis Depay tamb\u00e9m evitou cr\u00edticas ao goleiro:<\/p>\n\n\n\n<p>\u201cSe olhar para os gols, n\u00e3o acho que se possa culp\u00e1-lo&#8230; O Donelli mostra coragem, salva bolas e acho que est\u00e1 indo bem.\u201d<\/p>\n","protected":false},"excerpt":{"rendered":"<p>Se tem algo que surpreende no futebol brasileiro \u00e9 a longevidade de certos jogadores. Mas poucos impressionam tanto quanto o goleiro F\u00e1bio, do Fluminense. Aos 44 anos, ele segue decisivo, provando que ainda \u00e9 refer\u00eancia na posi\u00e7\u00e3o.&nbsp; E n\u00e3o foi qualquer um que o exaltou: Craque Neto, mesmo criticando o desempenho do Corinthians, fez quest\u00e3o [&hellip;]<\/p>\n","protected":false},"author":25,"featured_media":244433,"comment_status":"open","ping_status":"closed","sticky":false,"template":"","format":"standard","meta":{"footnotes":""},"categories":[141],"tags":[],"class_list":["post-255420","post","type-post","status-publish","format-standard","has-post-thumbnail","hentry","category-corinthians"],"yoast_head":"<!-- This site is optimized with the Yoast SEO Premium plugin v24.2 (Yoast SEO v26.9) - https:\/\/yoast.com\/product\/yoast-seo-premium-wordpress\/ -->\n<title>A declara\u00e7\u00e3o do Craque Neto direcionada a F\u00e1bio, do Fluminense<\/title>\n<meta name=\"robots\" content=\"index, follow, max-snippet:-1, max-image-preview:large, max-video-preview:-1\" \/>\n<link rel=\"canonical\" href=\"https:\/\/www.gaveanews.com\/index.php\/2025\/04\/18\/a-declaracao-do-craque-neto-direcionada-a-fabio-do-fluminense\/\" \/>\n<meta property=\"og:locale\" content=\"pt_BR\" \/>\n<meta property=\"og:type\" content=\"article\" \/>\n<meta property=\"og:title\" content=\"A declara\u00e7\u00e3o do Craque Neto direcionada a F\u00e1bio, do Fluminense\" \/>\n<meta property=\"og:description\" content=\"Se tem algo que surpreende no futebol brasileiro \u00e9 a longevidade de certos jogadores. Mas poucos impressionam tanto quanto o goleiro F\u00e1bio, do Fluminense. Aos 44 anos, ele segue decisivo, provando que ainda \u00e9 refer\u00eancia na posi\u00e7\u00e3o.&nbsp; E n\u00e3o foi qualquer um que o exaltou: Craque Neto, mesmo criticando o desempenho do Corinthians, fez quest\u00e3o [&hellip;]\" \/>\n<meta property=\"og:url\" content=\"https:\/\/www.gaveanews.com\/index.php\/2025\/04\/18\/a-declaracao-do-craque-neto-direcionada-a-fabio-do-fluminense\/\" \/>\n<meta property=\"og:site_name\" content=\"G\u00e1vea News\" \/>\n<meta property=\"article:publisher\" content=\"https:\/\/facebook.com\/gaveaNews\/\" \/>\n<meta property=\"article:published_time\" content=\"2025-04-18T20:00:00+00:00\" \/>\n<meta property=\"og:image\" content=\"https:\/\/www.gaveanews.com\/wp-content\/uploads\/Craque-Neto-apresentador-da-Band.webp\" \/>\n\t<meta property=\"og:image:width\" content=\"900\" \/>\n\t<meta property=\"og:image:height\" content=\"600\" \/>\n\t<meta property=\"og:image:type\" content=\"image\/jpeg\" \/>\n<meta name=\"author\" content=\"Rafaela Ladeira\" \/>\n<meta name=\"twitter:card\" content=\"summary_large_image\" \/>\n<meta name=\"twitter:label1\" content=\"Escrito por\" \/>\n\t<meta name=\"twitter:data1\" content=\"Rafaela Ladeira\" \/>\n\t<meta name=\"twitter:label2\" content=\"Est. tempo de leitura\" \/>\n\t<meta name=\"twitter:data2\" content=\"3 minutos\" \/>\n<script type=\"application\/ld+json\" class=\"yoast-schema-graph\">{\"@context\":\"https:\/\/schema.org\",\"@graph\":[{\"@type\":\"NewsArticle\",\"@id\":\"https:\/\/www.gaveanews.com\/index.php\/2025\/04\/18\/a-declaracao-do-craque-neto-direcionada-a-fabio-do-fluminense\/#article\",\"isPartOf\":{\"@id\":\"https:\/\/www.gaveanews.com\/index.php\/2025\/04\/18\/a-declaracao-do-craque-neto-direcionada-a-fabio-do-fluminense\/\"},\"author\":{\"name\":\"Rafaela Ladeira\",\"@id\":\"https:\/\/www.gaveanews.com\/#\/schema\/person\/0eb3e3fe1754f0205218538adbe8f5ed\"},\"headline\":\"A declara\u00e7\u00e3o do Craque Neto direcionada a F\u00e1bio, do Fluminense\",\"datePublished\":\"2025-04-18T20:00:00+00:00\",\"mainEntityOfPage\":{\"@id\":\"https:\/\/www.gaveanews.com\/index.php\/2025\/04\/18\/a-declaracao-do-craque-neto-direcionada-a-fabio-do-fluminense\/\"},\"wordCount\":377,\"commentCount\":0,\"image\":{\"@id\":\"https:\/\/www.gaveanews.com\/index.php\/2025\/04\/18\/a-declaracao-do-craque-neto-direcionada-a-fabio-do-fluminense\/#primaryimage\"},\"thumbnailUrl\":\"https:\/\/www.gaveanews.com\/wp-content\/uploads\/Craque-Neto-apresentador-da-Band.webp\",\"articleSection\":[\"Corinthians\"],\"inLanguage\":\"pt-BR\",\"potentialAction\":[{\"@type\":\"CommentAction\",\"name\":\"Comment\",\"target\":[\"https:\/\/www.gaveanews.com\/index.php\/2025\/04\/18\/a-declaracao-do-craque-neto-direcionada-a-fabio-do-fluminense\/#respond\"]}],\"copyrightYear\":\"2025\",\"copyrightHolder\":{\"@id\":\"https:\/\/www.gaveanews.com\/#organization\"}},{\"@type\":\"WebPage\",\"@id\":\"https:\/\/www.gaveanews.com\/index.php\/2025\/04\/18\/a-declaracao-do-craque-neto-direcionada-a-fabio-do-fluminense\/\",\"url\":\"https:\/\/www.gaveanews.com\/index.php\/2025\/04\/18\/a-declaracao-do-craque-neto-direcionada-a-fabio-do-fluminense\/\",\"name\":\"A declara\u00e7\u00e3o do Craque Neto direcionada a F\u00e1bio, do Fluminense\",\"isPartOf\":{\"@id\":\"https:\/\/www.gaveanews.com\/#website\"},\"primaryImageOfPage\":{\"@id\":\"https:\/\/www.gaveanews.com\/index.php\/2025\/04\/18\/a-declaracao-do-craque-neto-direcionada-a-fabio-do-fluminense\/#primaryimage\"},\"image\":{\"@id\":\"https:\/\/www.gaveanews.com\/index.php\/2025\/04\/18\/a-declaracao-do-craque-neto-direcionada-a-fabio-do-fluminense\/#primaryimage\"},\"thumbnailUrl\":\"https:\/\/www.gaveanews.com\/wp-content\/uploads\/Craque-Neto-apresentador-da-Band.webp\",\"datePublished\":\"2025-04-18T20:00:00+00:00\",\"author\":{\"@id\":\"https:\/\/www.gaveanews.com\/#\/schema\/person\/0eb3e3fe1754f0205218538adbe8f5ed\"},\"breadcrumb\":{\"@id\":\"https:\/\/www.gaveanews.com\/index.php\/2025\/04\/18\/a-declaracao-do-craque-neto-direcionada-a-fabio-do-fluminense\/#breadcrumb\"},\"inLanguage\":\"pt-BR\",\"potentialAction\":[{\"@type\":\"ReadAction\",\"target\":[\"https:\/\/www.gaveanews.com\/index.php\/2025\/04\/18\/a-declaracao-do-craque-neto-direcionada-a-fabio-do-fluminense\/\"]}]},{\"@type\":\"ImageObject\",\"inLanguage\":\"pt-BR\",\"@id\":\"https:\/\/www.gaveanews.com\/index.php\/2025\/04\/18\/a-declaracao-do-craque-neto-direcionada-a-fabio-do-fluminense\/#primaryimage\",\"url\":\"https:\/\/www.gaveanews.com\/wp-content\/uploads\/Craque-Neto-apresentador-da-Band.webp\",\"contentUrl\":\"https:\/\/www.gaveanews.com\/wp-content\/uploads\/Craque-Neto-apresentador-da-Band.webp\",\"width\":900,\"height\":600,\"caption\":\"Craque Neto, apresentador da Band (Foto: Kelly Fuzaro\/Band)\"},{\"@type\":\"BreadcrumbList\",\"@id\":\"https:\/\/www.gaveanews.com\/index.php\/2025\/04\/18\/a-declaracao-do-craque-neto-direcionada-a-fabio-do-fluminense\/#breadcrumb\",\"itemListElement\":[{\"@type\":\"ListItem\",\"position\":1,\"name\":\"Home\",\"item\":\"https:\/\/www.gaveanews.com\/\"},{\"@type\":\"ListItem\",\"position\":2,\"name\":\"A declara\u00e7\u00e3o do Craque Neto direcionada a F\u00e1bio, do Fluminense\"}]},{\"@type\":\"WebSite\",\"@id\":\"https:\/\/www.gaveanews.com\/#website\",\"url\":\"https:\/\/www.gaveanews.com\/\",\"name\":\"G\u00e1vea News\",\"description\":\"Veja todas as not\u00edcias sobre o Flamengo: Contrata\u00e7\u00f5es, categorias de base, resultados das partidas, tabela de classifica\u00e7\u00e3o, pr\u00f3ximos jogos!\",\"potentialAction\":[{\"@type\":\"SearchAction\",\"target\":{\"@type\":\"EntryPoint\",\"urlTemplate\":\"https:\/\/www.gaveanews.com\/?s={search_term_string}\"},\"query-input\":{\"@type\":\"PropertyValueSpecification\",\"valueRequired\":true,\"valueName\":\"search_term_string\"}}],\"inLanguage\":\"pt-BR\"},{\"@type\":\"Person\",\"@id\":\"https:\/\/www.gaveanews.com\/#\/schema\/person\/0eb3e3fe1754f0205218538adbe8f5ed\",\"name\":\"Rafaela Ladeira\",\"image\":{\"@type\":\"ImageObject\",\"inLanguage\":\"pt-BR\",\"@id\":\"https:\/\/www.gaveanews.com\/#\/schema\/person\/image\/\",\"url\":\"https:\/\/secure.gravatar.com\/avatar\/c31f513acffd85eacab5730cbdfdbbf59f21ba5aeada8cd890acea879fbb2455?s=96&d=mm&r=g\",\"contentUrl\":\"https:\/\/secure.gravatar.com\/avatar\/c31f513acffd85eacab5730cbdfdbbf59f21ba5aeada8cd890acea879fbb2455?s=96&d=mm&r=g\",\"caption\":\"Rafaela Ladeira\"}}]}<\/script>\n<!-- \/ Yoast SEO Premium plugin. -->","yoast_head_json":{"title":"A declara\u00e7\u00e3o do Craque Neto direcionada a F\u00e1bio, do Fluminense","robots":{"index":"index","follow":"follow","max-snippet":"max-snippet:-1","max-image-preview":"max-image-preview:large","max-video-preview":"max-video-preview:-1"},"canonical":"https:\/\/www.gaveanews.com\/index.php\/2025\/04\/18\/a-declaracao-do-craque-neto-direcionada-a-fabio-do-fluminense\/","og_locale":"pt_BR","og_type":"article","og_title":"A declara\u00e7\u00e3o do Craque Neto direcionada a F\u00e1bio, do Fluminense","og_description":"Se tem algo que surpreende no futebol brasileiro \u00e9 a longevidade de certos jogadores. Mas poucos impressionam tanto quanto o goleiro F\u00e1bio, do Fluminense. Aos 44 anos, ele segue decisivo, provando que ainda \u00e9 refer\u00eancia na posi\u00e7\u00e3o.&nbsp; E n\u00e3o foi qualquer um que o exaltou: Craque Neto, mesmo criticando o desempenho do Corinthians, fez quest\u00e3o [&hellip;]","og_url":"https:\/\/www.gaveanews.com\/index.php\/2025\/04\/18\/a-declaracao-do-craque-neto-direcionada-a-fabio-do-fluminense\/","og_site_name":"G\u00e1vea News","article_publisher":"https:\/\/facebook.com\/gaveaNews\/","article_published_time":"2025-04-18T20:00:00+00:00","og_image":[{"width":900,"height":600,"url":"https:\/\/www.gaveanews.com\/wp-content\/uploads\/Craque-Neto-apresentador-da-Band.webp","type":"image\/jpeg"}],"author":"Rafaela Ladeira","twitter_card":"summary_large_image","twitter_misc":{"Escrito por":"Rafaela Ladeira","Est. tempo de leitura":"3 minutos"},"schema":{"@context":"https:\/\/schema.org","@graph":[{"@type":"NewsArticle","@id":"https:\/\/www.gaveanews.com\/index.php\/2025\/04\/18\/a-declaracao-do-craque-neto-direcionada-a-fabio-do-fluminense\/#article","isPartOf":{"@id":"https:\/\/www.gaveanews.com\/index.php\/2025\/04\/18\/a-declaracao-do-craque-neto-direcionada-a-fabio-do-fluminense\/"},"author":{"name":"Rafaela Ladeira","@id":"https:\/\/www.gaveanews.com\/#\/schema\/person\/0eb3e3fe1754f0205218538adbe8f5ed"},"headline":"A declara\u00e7\u00e3o do Craque Neto direcionada a F\u00e1bio, do Fluminense","datePublished":"2025-04-18T20:00:00+00:00","mainEntityOfPage":{"@id":"https:\/\/www.gaveanews.com\/index.php\/2025\/04\/18\/a-declaracao-do-craque-neto-direcionada-a-fabio-do-fluminense\/"},"wordCount":377,"commentCount":0,"image":{"@id":"https:\/\/www.gaveanews.com\/index.php\/2025\/04\/18\/a-declaracao-do-craque-neto-direcionada-a-fabio-do-fluminense\/#primaryimage"},"thumbnailUrl":"https:\/\/www.gaveanews.com\/wp-content\/uploads\/Craque-Neto-apresentador-da-Band.webp","articleSection":["Corinthians"],"inLanguage":"pt-BR","potentialAction":[{"@type":"CommentAction","name":"Comment","target":["https:\/\/www.gaveanews.com\/index.php\/2025\/04\/18\/a-declaracao-do-craque-neto-direcionada-a-fabio-do-fluminense\/#respond"]}],"copyrightYear":"2025","copyrightHolder":{"@id":"https:\/\/www.gaveanews.com\/#organization"}},{"@type":"WebPage","@id":"https:\/\/www.gaveanews.com\/index.php\/2025\/04\/18\/a-declaracao-do-craque-neto-direcionada-a-fabio-do-fluminense\/","url":"https:\/\/www.gaveanews.com\/index.php\/2025\/04\/18\/a-declaracao-do-craque-neto-direcionada-a-fabio-do-fluminense\/","name":"A declara\u00e7\u00e3o do Craque Neto direcionada a F\u00e1bio, do Fluminense","isPartOf":{"@id":"https:\/\/www.gaveanews.com\/#website"},"primaryImageOfPage":{"@id":"https:\/\/www.gaveanews.com\/index.php\/2025\/04\/18\/a-declaracao-do-craque-neto-direcionada-a-fabio-do-fluminense\/#primaryimage"},"image":{"@id":"https:\/\/www.gaveanews.com\/index.php\/2025\/04\/18\/a-declaracao-do-craque-neto-direcionada-a-fabio-do-fluminense\/#primaryimage"},"thumbnailUrl":"https:\/\/www.gaveanews.com\/wp-content\/uploads\/Craque-Neto-apresentador-da-Band.webp","datePublished":"2025-04-18T20:00:00+00:00","author":{"@id":"https:\/\/www.gaveanews.com\/#\/schema\/person\/0eb3e3fe1754f0205218538adbe8f5ed"},"breadcrumb":{"@id":"https:\/\/www.gaveanews.com\/index.php\/2025\/04\/18\/a-declaracao-do-craque-neto-direcionada-a-fabio-do-fluminense\/#breadcrumb"},"inLanguage":"pt-BR","potentialAction":[{"@type":"ReadAction","target":["https:\/\/www.gaveanews.com\/index.php\/2025\/04\/18\/a-declaracao-do-craque-neto-direcionada-a-fabio-do-fluminense\/"]}]},{"@type":"ImageObject","inLanguage":"pt-BR","@id":"https:\/\/www.gaveanews.com\/index.php\/2025\/04\/18\/a-declaracao-do-craque-neto-direcionada-a-fabio-do-fluminense\/#primaryimage","url":"https:\/\/www.gaveanews.com\/wp-content\/uploads\/Craque-Neto-apresentador-da-Band.webp","contentUrl":"https:\/\/www.gaveanews.com\/wp-content\/uploads\/Craque-Neto-apresentador-da-Band.webp","width":900,"height":600,"caption":"Craque Neto, apresentador da Band (Foto: Kelly Fuzaro\/Band)"},{"@type":"BreadcrumbList","@id":"https:\/\/www.gaveanews.com\/index.php\/2025\/04\/18\/a-declaracao-do-craque-neto-direcionada-a-fabio-do-fluminense\/#breadcrumb","itemListElement":[{"@type":"ListItem","position":1,"name":"Home","item":"https:\/\/www.gaveanews.com\/"},{"@type":"ListItem","position":2,"name":"A declara\u00e7\u00e3o do Craque Neto direcionada a F\u00e1bio, do Fluminense"}]},{"@type":"WebSite","@id":"https:\/\/www.gaveanews.com\/#website","url":"https:\/\/www.gaveanews.com\/","name":"G\u00e1vea News","description":"Veja todas as not\u00edcias sobre o Flamengo: Contrata\u00e7\u00f5es, categorias de base, resultados das partidas, tabela de classifica\u00e7\u00e3o, pr\u00f3ximos jogos!","potentialAction":[{"@type":"SearchAction","target":{"@type":"EntryPoint","urlTemplate":"https:\/\/www.gaveanews.com\/?s={search_term_string}"},"query-input":{"@type":"PropertyValueSpecification","valueRequired":true,"valueName":"search_term_string"}}],"inLanguage":"pt-BR"},{"@type":"Person","@id":"https:\/\/www.gaveanews.com\/#\/schema\/person\/0eb3e3fe1754f0205218538adbe8f5ed","name":"Rafaela Ladeira","image":{"@type":"ImageObject","inLanguage":"pt-BR","@id":"https:\/\/www.gaveanews.com\/#\/schema\/person\/image\/","url":"https:\/\/secure.gravatar.com\/avatar\/c31f513acffd85eacab5730cbdfdbbf59f21ba5aeada8cd890acea879fbb2455?s=96&d=mm&r=g","contentUrl":"https:\/\/secure.gravatar.com\/avatar\/c31f513acffd85eacab5730cbdfdbbf59f21ba5aeada8cd890acea879fbb2455?s=96&d=mm&r=g","caption":"Rafaela Ladeira"}}]}},"_links":{"self":[{"href":"https:\/\/www.gaveanews.com\/index.php\/wp-json\/wp\/v2\/posts\/255420","targetHints":{"allow":["GET"]}}],"collection":[{"href":"https:\/\/www.gaveanews.com\/index.php\/wp-json\/wp\/v2\/posts"}],"about":[{"href":"https:\/\/www.gaveanews.com\/index.php\/wp-json\/wp\/v2\/types\/post"}],"author":[{"embeddable":true,"href":"https:\/\/www.gaveanews.com\/index.php\/wp-json\/wp\/v2\/users\/25"}],"replies":[{"embeddable":true,"href":"https:\/\/www.gaveanews.com\/index.php\/wp-json\/wp\/v2\/comments?post=255420"}],"version-history":[{"count":1,"href":"https:\/\/www.gaveanews.com\/index.php\/wp-json\/wp\/v2\/posts\/255420\/revisions"}],"predecessor-version":[{"id":255421,"href":"https:\/\/www.gaveanews.com\/index.php\/wp-json\/wp\/v2\/posts\/255420\/revisions\/255421"}],"wp:featuredmedia":[{"embeddable":true,"href":"https:\/\/www.gaveanews.com\/index.php\/wp-json\/wp\/v2\/media\/244433"}],"wp:attachment":[{"href":"https:\/\/www.gaveanews.com\/index.php\/wp-json\/wp\/v2\/media?parent=255420"}],"wp:term":[{"taxonomy":"category","embeddable":true,"href":"https:\/\/www.gaveanews.com\/index.php\/wp-json\/wp\/v2\/categories?post=255420"},{"taxonomy":"post_tag","embeddable":true,"href":"https:\/\/www.gaveanews.com\/index.php\/wp-json\/wp\/v2\/tags?post=255420"}],"curies":[{"name":"wp","href":"https:\/\/api.w.org\/{rel}","templated":true}]}}