{"id":255435,"date":"2025-04-18T21:55:00","date_gmt":"2025-04-19T00:55:00","guid":{"rendered":"https:\/\/www.gaveanews.com\/?p=255435"},"modified":"2025-04-18T18:01:51","modified_gmt":"2025-04-18T21:01:51","slug":"a-declaracao-de-cicinho-direcionada-a-luis-zubeldia-do-sao-paulo","status":"publish","type":"post","link":"https:\/\/www.gaveanews.com\/index.php\/2025\/04\/18\/a-declaracao-de-cicinho-direcionada-a-luis-zubeldia-do-sao-paulo\/","title":{"rendered":"A declara\u00e7\u00e3o de Cicinho direcionada \u00e0 Luis Zubeld\u00eda, do S\u00e3o Paulo"},"content":{"rendered":"\n<h2 class=\"wp-block-heading\" id=\"h-comentarista-fez-criticas-ao-treinador-argentino\">Comentarista fez cr\u00edticas ao treinador argentino<\/h2>\n\n\n\n<p>O S\u00e3o Paulo n\u00e3o vive uma fase boa e at\u00e9 agora n\u00e3o venceu nenhum jogo no Campeonato Brasileiro. Foram quatro empates nas quatro rodadas disputadas, e na pr\u00f3xima ter\u00e1 um cl\u00e1ssico contra o Santos. Para Cicinho, comentarista da Band, o grande problema \u00e9 o t\u00e9cnico Luis Zubeld\u00eda, que acaba se perdendo na hora de fazer as substitui\u00e7\u00f5es, de acordo com o comunicador.<\/p>\n\n\n\n<p>\u201cN\u00e3o vejo o\u00a0S\u00e3o Paulo\u00a0competitivo para a sequ\u00eancia das competi\u00e7\u00f5es que vai disputar com o Zubeld\u00eda porque ele se perde nas substitui\u00e7\u00f5es, demora a substituir. Eu jogo na conta dele. Os jogadores t\u00eam parcela de culpa? Claro que sim. Mas inevit\u00e1vel n\u00e3o colocar na conta do Zubeld\u00eda\u201d, opinou o comentarista, em participa\u00e7\u00e3o no BandNews na \u00c1rea, da r\u00e1dio BandNews FM.<\/p>\n\n\n\n<p>Nos \u00faltimos jogos, o treinador acabou &#8220;ganhando&#8221; uma pol\u00eamica em seu colo ao tirar Ferreirinha no segundo tempo das \u00faltimas partidas da equipe. O camisa 11 Tricolor vem sendo o grande destaque do time e possui quatro gols e uma assist\u00eancia nos \u00faltimos tr\u00eas jogos.<\/p>\n\n\n\n<p>\u201cO Zubeld\u00eda acaba caindo na pr\u00f3pria armadilha, porque ele d\u00e1 uma entrevista falando que o Ferreirinha foi poupado porque poderia existir uma sobrecarga e que poderia afetar para o jogo seguinte\u2026 Com o Ferreirinha ele pode fazer isso. Mas por que n\u00e3o pensou isso com o Oscar contra o Talleres? Deixou o Oscar at\u00e9 ele sentir a les\u00e3o. Quem \u00e9 mais importante e decisivo?\u201d, questionou Cicinho.<\/p>\n\n\n\n<p>Ao final da partida entre Botafogo e S\u00e3o Paulo na \u00faltima quarta-feira (16), Alan Franco e Andr\u00e9 Silva tiveram uma forte discuss\u00e3o ainda no gramado. Na entrevista coletiva, Zubeld\u00eda foi perguntado sobre a situa\u00e7\u00e3o pelo jornalista Gabriel S\u00e1. O treinador argentino n\u00e3o gostou e se irritou com o rep\u00f3rter. <\/p>\n\n\n\n<p>\u201cPara voc\u00ea, essa \u00e9 uma pergunta importante? Esse foi o lance mais importante? Vai pensar somente na discuss\u00e3o de dois atletas? Depois do jogo que fizeram, onde poderiam ter sa\u00eddo com a vit\u00f3ria, \u00e9 natural que se cobrem. N\u00e3o tenho nada a ver com essa situa\u00e7\u00e3o desses jogadores. Fale sobre o jogo. \u00c9 uma pergunta oportunista\u201d, disse Luis Zubeld\u00eda irritado. <\/p>\n\n\n\n<p>O S\u00e3o Paulo volta a campo neste domingo (20) quando recebe o Santos no Est\u00e1dio do Morumbi, em jogo da quinta rodada do Brasileir\u00e3o. A partida come\u00e7a \u00e0s 16h (hor\u00e1rio de Bras\u00edlia) e o Tricolor vai em busca da primeira vit\u00f3ria na competi\u00e7\u00e3o. <\/p>\n","protected":false},"excerpt":{"rendered":"<p>Comentarista fez cr\u00edticas ao treinador argentino O S\u00e3o Paulo n\u00e3o vive uma fase boa e at\u00e9 agora n\u00e3o venceu nenhum jogo no Campeonato Brasileiro. Foram quatro empates nas quatro rodadas disputadas, e na pr\u00f3xima ter\u00e1 um cl\u00e1ssico contra o Santos. Para Cicinho, comentarista da Band, o grande problema \u00e9 o t\u00e9cnico Luis Zubeld\u00eda, que acaba [&hellip;]<\/p>\n","protected":false},"author":21,"featured_media":155699,"comment_status":"open","ping_status":"closed","sticky":false,"template":"","format":"standard","meta":{"footnotes":""},"categories":[151],"tags":[],"class_list":["post-255435","post","type-post","status-publish","format-standard","has-post-thumbnail","hentry","category-sao-paulo"],"yoast_head":"<!-- This site is optimized with the Yoast SEO Premium plugin v24.2 (Yoast SEO v26.9) - https:\/\/yoast.com\/product\/yoast-seo-premium-wordpress\/ -->\n<title>A declara\u00e7\u00e3o de Cicinho direcionada \u00e0 Luis Zubeld\u00eda, do S\u00e3o Paulo<\/title>\n<meta name=\"robots\" content=\"index, follow, max-snippet:-1, max-image-preview:large, max-video-preview:-1\" \/>\n<link rel=\"canonical\" href=\"https:\/\/www.gaveanews.com\/index.php\/2025\/04\/18\/a-declaracao-de-cicinho-direcionada-a-luis-zubeldia-do-sao-paulo\/\" \/>\n<meta property=\"og:locale\" content=\"pt_BR\" \/>\n<meta property=\"og:type\" content=\"article\" \/>\n<meta property=\"og:title\" content=\"A declara\u00e7\u00e3o de Cicinho direcionada \u00e0 Luis Zubeld\u00eda, do S\u00e3o Paulo\" \/>\n<meta property=\"og:description\" content=\"Comentarista fez cr\u00edticas ao treinador argentino O S\u00e3o Paulo n\u00e3o vive uma fase boa e at\u00e9 agora n\u00e3o venceu nenhum jogo no Campeonato Brasileiro. Foram quatro empates nas quatro rodadas disputadas, e na pr\u00f3xima ter\u00e1 um cl\u00e1ssico contra o Santos. Para Cicinho, comentarista da Band, o grande problema \u00e9 o t\u00e9cnico Luis Zubeld\u00eda, que acaba [&hellip;]\" \/>\n<meta property=\"og:url\" content=\"https:\/\/www.gaveanews.com\/index.php\/2025\/04\/18\/a-declaracao-de-cicinho-direcionada-a-luis-zubeldia-do-sao-paulo\/\" \/>\n<meta property=\"og:site_name\" content=\"G\u00e1vea News\" \/>\n<meta property=\"article:publisher\" content=\"https:\/\/facebook.com\/gaveaNews\/\" \/>\n<meta property=\"article:published_time\" content=\"2025-04-19T00:55:00+00:00\" \/>\n<meta property=\"og:image\" content=\"https:\/\/www.gaveanews.com\/wp-content\/uploads\/Luis-Francisco-Zubeldia-treinador-do-Sao-Paulo-durante-partida-da-Copa-do-Brasil-2024.webp\" \/>\n\t<meta property=\"og:image:width\" content=\"1333\" \/>\n\t<meta property=\"og:image:height\" content=\"889\" \/>\n\t<meta property=\"og:image:type\" content=\"image\/webp\" \/>\n<meta name=\"author\" content=\"Andr\u00e9 Serra\" \/>\n<meta name=\"twitter:card\" content=\"summary_large_image\" \/>\n<meta name=\"twitter:label1\" content=\"Escrito por\" \/>\n\t<meta name=\"twitter:data1\" content=\"Andr\u00e9 Serra\" \/>\n\t<meta name=\"twitter:label2\" content=\"Est. tempo de leitura\" \/>\n\t<meta name=\"twitter:data2\" content=\"3 minutos\" \/>\n<script type=\"application\/ld+json\" class=\"yoast-schema-graph\">{\"@context\":\"https:\/\/schema.org\",\"@graph\":[{\"@type\":\"NewsArticle\",\"@id\":\"https:\/\/www.gaveanews.com\/index.php\/2025\/04\/18\/a-declaracao-de-cicinho-direcionada-a-luis-zubeldia-do-sao-paulo\/#article\",\"isPartOf\":{\"@id\":\"https:\/\/www.gaveanews.com\/index.php\/2025\/04\/18\/a-declaracao-de-cicinho-direcionada-a-luis-zubeldia-do-sao-paulo\/\"},\"author\":{\"name\":\"Andr\u00e9 Serra\",\"@id\":\"https:\/\/www.gaveanews.com\/#\/schema\/person\/0277a79a1289c451c281ec0411d84f0c\"},\"headline\":\"A declara\u00e7\u00e3o de Cicinho direcionada \u00e0 Luis Zubeld\u00eda, do S\u00e3o Paulo\",\"datePublished\":\"2025-04-19T00:55:00+00:00\",\"mainEntityOfPage\":{\"@id\":\"https:\/\/www.gaveanews.com\/index.php\/2025\/04\/18\/a-declaracao-de-cicinho-direcionada-a-luis-zubeldia-do-sao-paulo\/\"},\"wordCount\":445,\"commentCount\":0,\"image\":{\"@id\":\"https:\/\/www.gaveanews.com\/index.php\/2025\/04\/18\/a-declaracao-de-cicinho-direcionada-a-luis-zubeldia-do-sao-paulo\/#primaryimage\"},\"thumbnailUrl\":\"https:\/\/www.gaveanews.com\/wp-content\/uploads\/Luis-Francisco-Zubeldia-treinador-do-Sao-Paulo-durante-partida-da-Copa-do-Brasil-2024.webp\",\"articleSection\":[\"S\u00e3o Paulo\"],\"inLanguage\":\"pt-BR\",\"potentialAction\":[{\"@type\":\"CommentAction\",\"name\":\"Comment\",\"target\":[\"https:\/\/www.gaveanews.com\/index.php\/2025\/04\/18\/a-declaracao-de-cicinho-direcionada-a-luis-zubeldia-do-sao-paulo\/#respond\"]}],\"copyrightYear\":\"2025\",\"copyrightHolder\":{\"@id\":\"https:\/\/www.gaveanews.com\/#organization\"}},{\"@type\":\"WebPage\",\"@id\":\"https:\/\/www.gaveanews.com\/index.php\/2025\/04\/18\/a-declaracao-de-cicinho-direcionada-a-luis-zubeldia-do-sao-paulo\/\",\"url\":\"https:\/\/www.gaveanews.com\/index.php\/2025\/04\/18\/a-declaracao-de-cicinho-direcionada-a-luis-zubeldia-do-sao-paulo\/\",\"name\":\"A declara\u00e7\u00e3o de Cicinho direcionada \u00e0 Luis Zubeld\u00eda, do S\u00e3o Paulo\",\"isPartOf\":{\"@id\":\"https:\/\/www.gaveanews.com\/#website\"},\"primaryImageOfPage\":{\"@id\":\"https:\/\/www.gaveanews.com\/index.php\/2025\/04\/18\/a-declaracao-de-cicinho-direcionada-a-luis-zubeldia-do-sao-paulo\/#primaryimage\"},\"image\":{\"@id\":\"https:\/\/www.gaveanews.com\/index.php\/2025\/04\/18\/a-declaracao-de-cicinho-direcionada-a-luis-zubeldia-do-sao-paulo\/#primaryimage\"},\"thumbnailUrl\":\"https:\/\/www.gaveanews.com\/wp-content\/uploads\/Luis-Francisco-Zubeldia-treinador-do-Sao-Paulo-durante-partida-da-Copa-do-Brasil-2024.webp\",\"datePublished\":\"2025-04-19T00:55:00+00:00\",\"author\":{\"@id\":\"https:\/\/www.gaveanews.com\/#\/schema\/person\/0277a79a1289c451c281ec0411d84f0c\"},\"breadcrumb\":{\"@id\":\"https:\/\/www.gaveanews.com\/index.php\/2025\/04\/18\/a-declaracao-de-cicinho-direcionada-a-luis-zubeldia-do-sao-paulo\/#breadcrumb\"},\"inLanguage\":\"pt-BR\",\"potentialAction\":[{\"@type\":\"ReadAction\",\"target\":[\"https:\/\/www.gaveanews.com\/index.php\/2025\/04\/18\/a-declaracao-de-cicinho-direcionada-a-luis-zubeldia-do-sao-paulo\/\"]}]},{\"@type\":\"ImageObject\",\"inLanguage\":\"pt-BR\",\"@id\":\"https:\/\/www.gaveanews.com\/index.php\/2025\/04\/18\/a-declaracao-de-cicinho-direcionada-a-luis-zubeldia-do-sao-paulo\/#primaryimage\",\"url\":\"https:\/\/www.gaveanews.com\/wp-content\/uploads\/Luis-Francisco-Zubeldia-treinador-do-Sao-Paulo-durante-partida-da-Copa-do-Brasil-2024.webp\",\"contentUrl\":\"https:\/\/www.gaveanews.com\/wp-content\/uploads\/Luis-Francisco-Zubeldia-treinador-do-Sao-Paulo-durante-partida-da-Copa-do-Brasil-2024.webp\",\"width\":1333,\"height\":889,\"caption\":\"Luis Francisco Zubeld\u00eda, treinador do S\u00e3o Paulo durante partida da Copa do Brasil 2024 (Foto: Rubens Chiri e Paulo Pinto\/S\u00e3o Paulo)\"},{\"@type\":\"BreadcrumbList\",\"@id\":\"https:\/\/www.gaveanews.com\/index.php\/2025\/04\/18\/a-declaracao-de-cicinho-direcionada-a-luis-zubeldia-do-sao-paulo\/#breadcrumb\",\"itemListElement\":[{\"@type\":\"ListItem\",\"position\":1,\"name\":\"Home\",\"item\":\"https:\/\/www.gaveanews.com\/\"},{\"@type\":\"ListItem\",\"position\":2,\"name\":\"A declara\u00e7\u00e3o de Cicinho direcionada \u00e0 Luis Zubeld\u00eda, do S\u00e3o Paulo\"}]},{\"@type\":\"WebSite\",\"@id\":\"https:\/\/www.gaveanews.com\/#website\",\"url\":\"https:\/\/www.gaveanews.com\/\",\"name\":\"G\u00e1vea News\",\"description\":\"Veja todas as not\u00edcias sobre o Flamengo: Contrata\u00e7\u00f5es, categorias de base, resultados das partidas, tabela de classifica\u00e7\u00e3o, pr\u00f3ximos jogos!\",\"potentialAction\":[{\"@type\":\"SearchAction\",\"target\":{\"@type\":\"EntryPoint\",\"urlTemplate\":\"https:\/\/www.gaveanews.com\/?s={search_term_string}\"},\"query-input\":{\"@type\":\"PropertyValueSpecification\",\"valueRequired\":true,\"valueName\":\"search_term_string\"}}],\"inLanguage\":\"pt-BR\"},{\"@type\":\"Person\",\"@id\":\"https:\/\/www.gaveanews.com\/#\/schema\/person\/0277a79a1289c451c281ec0411d84f0c\",\"name\":\"Andr\u00e9 Serra\",\"image\":{\"@type\":\"ImageObject\",\"inLanguage\":\"pt-BR\",\"@id\":\"https:\/\/www.gaveanews.com\/#\/schema\/person\/image\/\",\"url\":\"https:\/\/secure.gravatar.com\/avatar\/d7231369fe48db93292b3e88eb2162dbd9a34a47a8437d9ef3bcaca2a86a83d7?s=96&d=mm&r=g\",\"contentUrl\":\"https:\/\/secure.gravatar.com\/avatar\/d7231369fe48db93292b3e88eb2162dbd9a34a47a8437d9ef3bcaca2a86a83d7?s=96&d=mm&r=g\",\"caption\":\"Andr\u00e9 Serra\"}}]}<\/script>\n<!-- \/ Yoast SEO Premium plugin. -->","yoast_head_json":{"title":"A declara\u00e7\u00e3o de Cicinho direcionada \u00e0 Luis Zubeld\u00eda, do S\u00e3o Paulo","robots":{"index":"index","follow":"follow","max-snippet":"max-snippet:-1","max-image-preview":"max-image-preview:large","max-video-preview":"max-video-preview:-1"},"canonical":"https:\/\/www.gaveanews.com\/index.php\/2025\/04\/18\/a-declaracao-de-cicinho-direcionada-a-luis-zubeldia-do-sao-paulo\/","og_locale":"pt_BR","og_type":"article","og_title":"A declara\u00e7\u00e3o de Cicinho direcionada \u00e0 Luis Zubeld\u00eda, do S\u00e3o Paulo","og_description":"Comentarista fez cr\u00edticas ao treinador argentino O S\u00e3o Paulo n\u00e3o vive uma fase boa e at\u00e9 agora n\u00e3o venceu nenhum jogo no Campeonato Brasileiro. Foram quatro empates nas quatro rodadas disputadas, e na pr\u00f3xima ter\u00e1 um cl\u00e1ssico contra o Santos. Para Cicinho, comentarista da Band, o grande problema \u00e9 o t\u00e9cnico Luis Zubeld\u00eda, que acaba [&hellip;]","og_url":"https:\/\/www.gaveanews.com\/index.php\/2025\/04\/18\/a-declaracao-de-cicinho-direcionada-a-luis-zubeldia-do-sao-paulo\/","og_site_name":"G\u00e1vea News","article_publisher":"https:\/\/facebook.com\/gaveaNews\/","article_published_time":"2025-04-19T00:55:00+00:00","og_image":[{"width":1333,"height":889,"url":"https:\/\/www.gaveanews.com\/wp-content\/uploads\/Luis-Francisco-Zubeldia-treinador-do-Sao-Paulo-durante-partida-da-Copa-do-Brasil-2024.webp","type":"image\/webp"}],"author":"Andr\u00e9 Serra","twitter_card":"summary_large_image","twitter_misc":{"Escrito por":"Andr\u00e9 Serra","Est. tempo de leitura":"3 minutos"},"schema":{"@context":"https:\/\/schema.org","@graph":[{"@type":"NewsArticle","@id":"https:\/\/www.gaveanews.com\/index.php\/2025\/04\/18\/a-declaracao-de-cicinho-direcionada-a-luis-zubeldia-do-sao-paulo\/#article","isPartOf":{"@id":"https:\/\/www.gaveanews.com\/index.php\/2025\/04\/18\/a-declaracao-de-cicinho-direcionada-a-luis-zubeldia-do-sao-paulo\/"},"author":{"name":"Andr\u00e9 Serra","@id":"https:\/\/www.gaveanews.com\/#\/schema\/person\/0277a79a1289c451c281ec0411d84f0c"},"headline":"A declara\u00e7\u00e3o de Cicinho direcionada \u00e0 Luis Zubeld\u00eda, do S\u00e3o Paulo","datePublished":"2025-04-19T00:55:00+00:00","mainEntityOfPage":{"@id":"https:\/\/www.gaveanews.com\/index.php\/2025\/04\/18\/a-declaracao-de-cicinho-direcionada-a-luis-zubeldia-do-sao-paulo\/"},"wordCount":445,"commentCount":0,"image":{"@id":"https:\/\/www.gaveanews.com\/index.php\/2025\/04\/18\/a-declaracao-de-cicinho-direcionada-a-luis-zubeldia-do-sao-paulo\/#primaryimage"},"thumbnailUrl":"https:\/\/www.gaveanews.com\/wp-content\/uploads\/Luis-Francisco-Zubeldia-treinador-do-Sao-Paulo-durante-partida-da-Copa-do-Brasil-2024.webp","articleSection":["S\u00e3o Paulo"],"inLanguage":"pt-BR","potentialAction":[{"@type":"CommentAction","name":"Comment","target":["https:\/\/www.gaveanews.com\/index.php\/2025\/04\/18\/a-declaracao-de-cicinho-direcionada-a-luis-zubeldia-do-sao-paulo\/#respond"]}],"copyrightYear":"2025","copyrightHolder":{"@id":"https:\/\/www.gaveanews.com\/#organization"}},{"@type":"WebPage","@id":"https:\/\/www.gaveanews.com\/index.php\/2025\/04\/18\/a-declaracao-de-cicinho-direcionada-a-luis-zubeldia-do-sao-paulo\/","url":"https:\/\/www.gaveanews.com\/index.php\/2025\/04\/18\/a-declaracao-de-cicinho-direcionada-a-luis-zubeldia-do-sao-paulo\/","name":"A declara\u00e7\u00e3o de Cicinho direcionada \u00e0 Luis Zubeld\u00eda, do S\u00e3o Paulo","isPartOf":{"@id":"https:\/\/www.gaveanews.com\/#website"},"primaryImageOfPage":{"@id":"https:\/\/www.gaveanews.com\/index.php\/2025\/04\/18\/a-declaracao-de-cicinho-direcionada-a-luis-zubeldia-do-sao-paulo\/#primaryimage"},"image":{"@id":"https:\/\/www.gaveanews.com\/index.php\/2025\/04\/18\/a-declaracao-de-cicinho-direcionada-a-luis-zubeldia-do-sao-paulo\/#primaryimage"},"thumbnailUrl":"https:\/\/www.gaveanews.com\/wp-content\/uploads\/Luis-Francisco-Zubeldia-treinador-do-Sao-Paulo-durante-partida-da-Copa-do-Brasil-2024.webp","datePublished":"2025-04-19T00:55:00+00:00","author":{"@id":"https:\/\/www.gaveanews.com\/#\/schema\/person\/0277a79a1289c451c281ec0411d84f0c"},"breadcrumb":{"@id":"https:\/\/www.gaveanews.com\/index.php\/2025\/04\/18\/a-declaracao-de-cicinho-direcionada-a-luis-zubeldia-do-sao-paulo\/#breadcrumb"},"inLanguage":"pt-BR","potentialAction":[{"@type":"ReadAction","target":["https:\/\/www.gaveanews.com\/index.php\/2025\/04\/18\/a-declaracao-de-cicinho-direcionada-a-luis-zubeldia-do-sao-paulo\/"]}]},{"@type":"ImageObject","inLanguage":"pt-BR","@id":"https:\/\/www.gaveanews.com\/index.php\/2025\/04\/18\/a-declaracao-de-cicinho-direcionada-a-luis-zubeldia-do-sao-paulo\/#primaryimage","url":"https:\/\/www.gaveanews.com\/wp-content\/uploads\/Luis-Francisco-Zubeldia-treinador-do-Sao-Paulo-durante-partida-da-Copa-do-Brasil-2024.webp","contentUrl":"https:\/\/www.gaveanews.com\/wp-content\/uploads\/Luis-Francisco-Zubeldia-treinador-do-Sao-Paulo-durante-partida-da-Copa-do-Brasil-2024.webp","width":1333,"height":889,"caption":"Luis Francisco Zubeld\u00eda, treinador do S\u00e3o Paulo durante partida da Copa do Brasil 2024 (Foto: Rubens Chiri e Paulo Pinto\/S\u00e3o Paulo)"},{"@type":"BreadcrumbList","@id":"https:\/\/www.gaveanews.com\/index.php\/2025\/04\/18\/a-declaracao-de-cicinho-direcionada-a-luis-zubeldia-do-sao-paulo\/#breadcrumb","itemListElement":[{"@type":"ListItem","position":1,"name":"Home","item":"https:\/\/www.gaveanews.com\/"},{"@type":"ListItem","position":2,"name":"A declara\u00e7\u00e3o de Cicinho direcionada \u00e0 Luis Zubeld\u00eda, do S\u00e3o Paulo"}]},{"@type":"WebSite","@id":"https:\/\/www.gaveanews.com\/#website","url":"https:\/\/www.gaveanews.com\/","name":"G\u00e1vea News","description":"Veja todas as not\u00edcias sobre o Flamengo: Contrata\u00e7\u00f5es, categorias de base, resultados das partidas, tabela de classifica\u00e7\u00e3o, pr\u00f3ximos jogos!","potentialAction":[{"@type":"SearchAction","target":{"@type":"EntryPoint","urlTemplate":"https:\/\/www.gaveanews.com\/?s={search_term_string}"},"query-input":{"@type":"PropertyValueSpecification","valueRequired":true,"valueName":"search_term_string"}}],"inLanguage":"pt-BR"},{"@type":"Person","@id":"https:\/\/www.gaveanews.com\/#\/schema\/person\/0277a79a1289c451c281ec0411d84f0c","name":"Andr\u00e9 Serra","image":{"@type":"ImageObject","inLanguage":"pt-BR","@id":"https:\/\/www.gaveanews.com\/#\/schema\/person\/image\/","url":"https:\/\/secure.gravatar.com\/avatar\/d7231369fe48db93292b3e88eb2162dbd9a34a47a8437d9ef3bcaca2a86a83d7?s=96&d=mm&r=g","contentUrl":"https:\/\/secure.gravatar.com\/avatar\/d7231369fe48db93292b3e88eb2162dbd9a34a47a8437d9ef3bcaca2a86a83d7?s=96&d=mm&r=g","caption":"Andr\u00e9 Serra"}}]}},"_links":{"self":[{"href":"https:\/\/www.gaveanews.com\/index.php\/wp-json\/wp\/v2\/posts\/255435","targetHints":{"allow":["GET"]}}],"collection":[{"href":"https:\/\/www.gaveanews.com\/index.php\/wp-json\/wp\/v2\/posts"}],"about":[{"href":"https:\/\/www.gaveanews.com\/index.php\/wp-json\/wp\/v2\/types\/post"}],"author":[{"embeddable":true,"href":"https:\/\/www.gaveanews.com\/index.php\/wp-json\/wp\/v2\/users\/21"}],"replies":[{"embeddable":true,"href":"https:\/\/www.gaveanews.com\/index.php\/wp-json\/wp\/v2\/comments?post=255435"}],"version-history":[{"count":1,"href":"https:\/\/www.gaveanews.com\/index.php\/wp-json\/wp\/v2\/posts\/255435\/revisions"}],"predecessor-version":[{"id":255457,"href":"https:\/\/www.gaveanews.com\/index.php\/wp-json\/wp\/v2\/posts\/255435\/revisions\/255457"}],"wp:featuredmedia":[{"embeddable":true,"href":"https:\/\/www.gaveanews.com\/index.php\/wp-json\/wp\/v2\/media\/155699"}],"wp:attachment":[{"href":"https:\/\/www.gaveanews.com\/index.php\/wp-json\/wp\/v2\/media?parent=255435"}],"wp:term":[{"taxonomy":"category","embeddable":true,"href":"https:\/\/www.gaveanews.com\/index.php\/wp-json\/wp\/v2\/categories?post=255435"},{"taxonomy":"post_tag","embeddable":true,"href":"https:\/\/www.gaveanews.com\/index.php\/wp-json\/wp\/v2\/tags?post=255435"}],"curies":[{"name":"wp","href":"https:\/\/api.w.org\/{rel}","templated":true}]}}