{"id":255436,"date":"2025-04-18T17:35:00","date_gmt":"2025-04-18T20:35:00","guid":{"rendered":"https:\/\/www.gaveanews.com\/?p=255436"},"modified":"2025-04-18T16:22:07","modified_gmt":"2025-04-18T19:22:07","slug":"a-declaracao-de-ana-thais-mattos-direcionada-a-fabinho-soldado-do-corinthians","status":"publish","type":"post","link":"https:\/\/www.gaveanews.com\/index.php\/2025\/04\/18\/a-declaracao-de-ana-thais-mattos-direcionada-a-fabinho-soldado-do-corinthians\/","title":{"rendered":"A declara\u00e7\u00e3o de Ana Tha\u00eds Mattos direcionada a Fabinho Soldado, do Corinthians"},"content":{"rendered":"\n<p>A queda de Ram\u00f3n D\u00edaz no Corinthians, oficializada na \u00faltima quinta-feira (17), escancarou a instabilidade vivida pelo clube neste in\u00edcio de Campeonato Brasileiro. Mesmo com n\u00fameros positivos, 31 vit\u00f3rias, 16 empates e apenas 13 derrotas, o treinador argentino n\u00e3o resistiu \u00e0 press\u00e3o ap\u00f3s a derrota em plena Neo Qu\u00edmica Arena para o Fluminense.&nbsp;<\/p>\n\n\n\n<p>Por isso, a diretoria alvinegra agora precisa agir com cautela e estrat\u00e9gia para definir o novo comandante da equipe.<\/p>\n\n\n\n<h2 class=\"wp-block-heading\" id=\"h-a-critica-publica-de-ana-thais-matos-a-diretoria\">A cr\u00edtica p\u00fablica de Ana Tha\u00eds Matos \u00e0 diretoria<\/h2>\n\n\n\n<p>Vale destacar que, diante da mudan\u00e7a no comando t\u00e9cnico, Ana Tha\u00eds Matos, comentarista do Grupo Globo, fez um alerta direto \u00e0 c\u00fapula corintiana, especialmente ao gerente de futebol Fabinho Soldado.&nbsp;<\/p>\n\n\n\n<p>Em publica\u00e7\u00e3o nas redes sociais, ela destacou a necessidade de um olhar mais profundo sobre o que representa o Corinthians:&nbsp;<\/p>\n\n\n\n<p>\u201cAgora a diretoria, principalmente o Fabinho Soldado, precisam saber um pouquinho mais do universo do Corinthians para contratar comiss\u00e3o t\u00e9cnica. N\u00e3o \u00e9 porque ele viu de perto num time que vai servir em outro. E \u00e9 a\u00ed que mora outro perigo pro Corinthians.\u201d<\/p>\n\n\n\n<p>A comentarista entende que o clube precisa de um t\u00e9cnico alinhado com a cultura e as exig\u00eancias da Fiel Torcida, evitando erros que j\u00e1 se repetiram no passado recente.<\/p>\n\n\n\n<h2 class=\"wp-block-heading\" id=\"h-dorival-junior-pode-ser-o-nome-da-vez\">Dorival J\u00fanior pode ser o nome da vez<\/h2>\n\n\n\n<p>Sendo assim, o nome mais cotado para assumir o cargo \u00e9 Dorival J\u00fanior. Segundo o portal UOL Esporte, o treinador, mesmo ap\u00f3s sua sa\u00edda recente da Sele\u00e7\u00e3o Brasileira, aceitou o desafio de dirigir o Corinthians.&nbsp;<\/p>\n\n\n\n<p>Al\u00e9m disso, Dorival j\u00e1 era visto com bons olhos por membros da diretoria e chegou a ser cogitado em 2023, mas na ocasi\u00e3o mantinha um compromisso verbal com o S\u00e3o Paulo.<\/p>\n\n\n\n<p>Dessa maneira, o Tim\u00e3o aposta em um t\u00e9cnico experiente para recuperar o moral da equipe e brigar por posi\u00e7\u00f5es mais altas no Brasileir\u00e3o. Com isso, resta \u00e0 torcida esperar que a nova escolha represente o in\u00edcio de uma trajet\u00f3ria mais s\u00f3lida. Cabe ressaltar que o contexto exige precis\u00e3o e n\u00e3o mais apostas incertas.<\/p>\n","protected":false},"excerpt":{"rendered":"<p>A queda de Ram\u00f3n D\u00edaz no Corinthians, oficializada na \u00faltima quinta-feira (17), escancarou a instabilidade vivida pelo clube neste in\u00edcio de Campeonato Brasileiro. Mesmo com n\u00fameros positivos, 31 vit\u00f3rias, 16 empates e apenas 13 derrotas, o treinador argentino n\u00e3o resistiu \u00e0 press\u00e3o ap\u00f3s a derrota em plena Neo Qu\u00edmica Arena para o Fluminense.&nbsp; Por isso, [&hellip;]<\/p>\n","protected":false},"author":25,"featured_media":55460,"comment_status":"open","ping_status":"closed","sticky":false,"template":"","format":"standard","meta":{"footnotes":""},"categories":[141],"tags":[],"class_list":["post-255436","post","type-post","status-publish","format-standard","has-post-thumbnail","hentry","category-corinthians"],"yoast_head":"<!-- This site is optimized with the Yoast SEO Premium plugin v24.2 (Yoast SEO v26.9) - https:\/\/yoast.com\/product\/yoast-seo-premium-wordpress\/ -->\n<title>A declara\u00e7\u00e3o de Ana Tha\u00eds Mattos direcionada a Fabinho Soldado, do Corinthians<\/title>\n<meta name=\"robots\" content=\"index, follow, max-snippet:-1, max-image-preview:large, max-video-preview:-1\" \/>\n<link rel=\"canonical\" href=\"https:\/\/www.gaveanews.com\/index.php\/2025\/04\/18\/a-declaracao-de-ana-thais-mattos-direcionada-a-fabinho-soldado-do-corinthians\/\" \/>\n<meta property=\"og:locale\" content=\"pt_BR\" \/>\n<meta property=\"og:type\" content=\"article\" \/>\n<meta property=\"og:title\" content=\"A declara\u00e7\u00e3o de Ana Tha\u00eds Mattos direcionada a Fabinho Soldado, do Corinthians\" \/>\n<meta property=\"og:description\" content=\"A queda de Ram\u00f3n D\u00edaz no Corinthians, oficializada na \u00faltima quinta-feira (17), escancarou a instabilidade vivida pelo clube neste in\u00edcio de Campeonato Brasileiro. Mesmo com n\u00fameros positivos, 31 vit\u00f3rias, 16 empates e apenas 13 derrotas, o treinador argentino n\u00e3o resistiu \u00e0 press\u00e3o ap\u00f3s a derrota em plena Neo Qu\u00edmica Arena para o Fluminense.&nbsp; Por isso, [&hellip;]\" \/>\n<meta property=\"og:url\" content=\"https:\/\/www.gaveanews.com\/index.php\/2025\/04\/18\/a-declaracao-de-ana-thais-mattos-direcionada-a-fabinho-soldado-do-corinthians\/\" \/>\n<meta property=\"og:site_name\" content=\"G\u00e1vea News\" \/>\n<meta property=\"article:publisher\" content=\"https:\/\/facebook.com\/gaveaNews\/\" \/>\n<meta property=\"article:published_time\" content=\"2025-04-18T20:35:00+00:00\" \/>\n<meta property=\"og:image\" content=\"https:\/\/www.gaveanews.com\/wp-content\/uploads\/Ana-Thais-Matos-jornalista-do-Sportv.webp\" \/>\n\t<meta property=\"og:image:width\" content=\"1366\" \/>\n\t<meta property=\"og:image:height\" content=\"769\" \/>\n\t<meta property=\"og:image:type\" content=\"image\/jpeg\" \/>\n<meta name=\"author\" content=\"Rafaela Ladeira\" \/>\n<meta name=\"twitter:card\" content=\"summary_large_image\" \/>\n<meta name=\"twitter:label1\" content=\"Escrito por\" \/>\n\t<meta name=\"twitter:data1\" content=\"Rafaela Ladeira\" \/>\n\t<meta name=\"twitter:label2\" content=\"Est. tempo de leitura\" \/>\n\t<meta name=\"twitter:data2\" content=\"3 minutos\" \/>\n<script type=\"application\/ld+json\" class=\"yoast-schema-graph\">{\"@context\":\"https:\/\/schema.org\",\"@graph\":[{\"@type\":\"NewsArticle\",\"@id\":\"https:\/\/www.gaveanews.com\/index.php\/2025\/04\/18\/a-declaracao-de-ana-thais-mattos-direcionada-a-fabinho-soldado-do-corinthians\/#article\",\"isPartOf\":{\"@id\":\"https:\/\/www.gaveanews.com\/index.php\/2025\/04\/18\/a-declaracao-de-ana-thais-mattos-direcionada-a-fabinho-soldado-do-corinthians\/\"},\"author\":{\"name\":\"Rafaela Ladeira\",\"@id\":\"https:\/\/www.gaveanews.com\/#\/schema\/person\/0eb3e3fe1754f0205218538adbe8f5ed\"},\"headline\":\"A declara\u00e7\u00e3o de Ana Tha\u00eds Mattos direcionada a Fabinho Soldado, do Corinthians\",\"datePublished\":\"2025-04-18T20:35:00+00:00\",\"mainEntityOfPage\":{\"@id\":\"https:\/\/www.gaveanews.com\/index.php\/2025\/04\/18\/a-declaracao-de-ana-thais-mattos-direcionada-a-fabinho-soldado-do-corinthians\/\"},\"wordCount\":376,\"commentCount\":0,\"image\":{\"@id\":\"https:\/\/www.gaveanews.com\/index.php\/2025\/04\/18\/a-declaracao-de-ana-thais-mattos-direcionada-a-fabinho-soldado-do-corinthians\/#primaryimage\"},\"thumbnailUrl\":\"https:\/\/www.gaveanews.com\/wp-content\/uploads\/Ana-Thais-Matos-jornalista-do-Sportv.webp\",\"articleSection\":[\"Corinthians\"],\"inLanguage\":\"pt-BR\",\"potentialAction\":[{\"@type\":\"CommentAction\",\"name\":\"Comment\",\"target\":[\"https:\/\/www.gaveanews.com\/index.php\/2025\/04\/18\/a-declaracao-de-ana-thais-mattos-direcionada-a-fabinho-soldado-do-corinthians\/#respond\"]}],\"copyrightYear\":\"2025\",\"copyrightHolder\":{\"@id\":\"https:\/\/www.gaveanews.com\/#organization\"}},{\"@type\":\"WebPage\",\"@id\":\"https:\/\/www.gaveanews.com\/index.php\/2025\/04\/18\/a-declaracao-de-ana-thais-mattos-direcionada-a-fabinho-soldado-do-corinthians\/\",\"url\":\"https:\/\/www.gaveanews.com\/index.php\/2025\/04\/18\/a-declaracao-de-ana-thais-mattos-direcionada-a-fabinho-soldado-do-corinthians\/\",\"name\":\"A declara\u00e7\u00e3o de Ana Tha\u00eds Mattos direcionada a Fabinho Soldado, do Corinthians\",\"isPartOf\":{\"@id\":\"https:\/\/www.gaveanews.com\/#website\"},\"primaryImageOfPage\":{\"@id\":\"https:\/\/www.gaveanews.com\/index.php\/2025\/04\/18\/a-declaracao-de-ana-thais-mattos-direcionada-a-fabinho-soldado-do-corinthians\/#primaryimage\"},\"image\":{\"@id\":\"https:\/\/www.gaveanews.com\/index.php\/2025\/04\/18\/a-declaracao-de-ana-thais-mattos-direcionada-a-fabinho-soldado-do-corinthians\/#primaryimage\"},\"thumbnailUrl\":\"https:\/\/www.gaveanews.com\/wp-content\/uploads\/Ana-Thais-Matos-jornalista-do-Sportv.webp\",\"datePublished\":\"2025-04-18T20:35:00+00:00\",\"author\":{\"@id\":\"https:\/\/www.gaveanews.com\/#\/schema\/person\/0eb3e3fe1754f0205218538adbe8f5ed\"},\"breadcrumb\":{\"@id\":\"https:\/\/www.gaveanews.com\/index.php\/2025\/04\/18\/a-declaracao-de-ana-thais-mattos-direcionada-a-fabinho-soldado-do-corinthians\/#breadcrumb\"},\"inLanguage\":\"pt-BR\",\"potentialAction\":[{\"@type\":\"ReadAction\",\"target\":[\"https:\/\/www.gaveanews.com\/index.php\/2025\/04\/18\/a-declaracao-de-ana-thais-mattos-direcionada-a-fabinho-soldado-do-corinthians\/\"]}]},{\"@type\":\"ImageObject\",\"inLanguage\":\"pt-BR\",\"@id\":\"https:\/\/www.gaveanews.com\/index.php\/2025\/04\/18\/a-declaracao-de-ana-thais-mattos-direcionada-a-fabinho-soldado-do-corinthians\/#primaryimage\",\"url\":\"https:\/\/www.gaveanews.com\/wp-content\/uploads\/Ana-Thais-Matos-jornalista-do-Sportv.webp\",\"contentUrl\":\"https:\/\/www.gaveanews.com\/wp-content\/uploads\/Ana-Thais-Matos-jornalista-do-Sportv.webp\",\"width\":1366,\"height\":769,\"caption\":\"Ana Thais Mattos, jornalista do Sportv (Foto: Reprodu\u00e7\u00e3o)\"},{\"@type\":\"BreadcrumbList\",\"@id\":\"https:\/\/www.gaveanews.com\/index.php\/2025\/04\/18\/a-declaracao-de-ana-thais-mattos-direcionada-a-fabinho-soldado-do-corinthians\/#breadcrumb\",\"itemListElement\":[{\"@type\":\"ListItem\",\"position\":1,\"name\":\"Home\",\"item\":\"https:\/\/www.gaveanews.com\/\"},{\"@type\":\"ListItem\",\"position\":2,\"name\":\"A declara\u00e7\u00e3o de Ana Tha\u00eds Mattos direcionada a Fabinho Soldado, do Corinthians\"}]},{\"@type\":\"WebSite\",\"@id\":\"https:\/\/www.gaveanews.com\/#website\",\"url\":\"https:\/\/www.gaveanews.com\/\",\"name\":\"G\u00e1vea News\",\"description\":\"Veja todas as not\u00edcias sobre o Flamengo: Contrata\u00e7\u00f5es, categorias de base, resultados das partidas, tabela de classifica\u00e7\u00e3o, pr\u00f3ximos jogos!\",\"potentialAction\":[{\"@type\":\"SearchAction\",\"target\":{\"@type\":\"EntryPoint\",\"urlTemplate\":\"https:\/\/www.gaveanews.com\/?s={search_term_string}\"},\"query-input\":{\"@type\":\"PropertyValueSpecification\",\"valueRequired\":true,\"valueName\":\"search_term_string\"}}],\"inLanguage\":\"pt-BR\"},{\"@type\":\"Person\",\"@id\":\"https:\/\/www.gaveanews.com\/#\/schema\/person\/0eb3e3fe1754f0205218538adbe8f5ed\",\"name\":\"Rafaela Ladeira\",\"image\":{\"@type\":\"ImageObject\",\"inLanguage\":\"pt-BR\",\"@id\":\"https:\/\/www.gaveanews.com\/#\/schema\/person\/image\/\",\"url\":\"https:\/\/secure.gravatar.com\/avatar\/c31f513acffd85eacab5730cbdfdbbf59f21ba5aeada8cd890acea879fbb2455?s=96&d=mm&r=g\",\"contentUrl\":\"https:\/\/secure.gravatar.com\/avatar\/c31f513acffd85eacab5730cbdfdbbf59f21ba5aeada8cd890acea879fbb2455?s=96&d=mm&r=g\",\"caption\":\"Rafaela Ladeira\"}}]}<\/script>\n<!-- \/ Yoast SEO Premium plugin. -->","yoast_head_json":{"title":"A declara\u00e7\u00e3o de Ana Tha\u00eds Mattos direcionada a Fabinho Soldado, do Corinthians","robots":{"index":"index","follow":"follow","max-snippet":"max-snippet:-1","max-image-preview":"max-image-preview:large","max-video-preview":"max-video-preview:-1"},"canonical":"https:\/\/www.gaveanews.com\/index.php\/2025\/04\/18\/a-declaracao-de-ana-thais-mattos-direcionada-a-fabinho-soldado-do-corinthians\/","og_locale":"pt_BR","og_type":"article","og_title":"A declara\u00e7\u00e3o de Ana Tha\u00eds Mattos direcionada a Fabinho Soldado, do Corinthians","og_description":"A queda de Ram\u00f3n D\u00edaz no Corinthians, oficializada na \u00faltima quinta-feira (17), escancarou a instabilidade vivida pelo clube neste in\u00edcio de Campeonato Brasileiro. Mesmo com n\u00fameros positivos, 31 vit\u00f3rias, 16 empates e apenas 13 derrotas, o treinador argentino n\u00e3o resistiu \u00e0 press\u00e3o ap\u00f3s a derrota em plena Neo Qu\u00edmica Arena para o Fluminense.&nbsp; Por isso, [&hellip;]","og_url":"https:\/\/www.gaveanews.com\/index.php\/2025\/04\/18\/a-declaracao-de-ana-thais-mattos-direcionada-a-fabinho-soldado-do-corinthians\/","og_site_name":"G\u00e1vea News","article_publisher":"https:\/\/facebook.com\/gaveaNews\/","article_published_time":"2025-04-18T20:35:00+00:00","og_image":[{"width":1366,"height":769,"url":"https:\/\/www.gaveanews.com\/wp-content\/uploads\/Ana-Thais-Matos-jornalista-do-Sportv.webp","type":"image\/jpeg"}],"author":"Rafaela Ladeira","twitter_card":"summary_large_image","twitter_misc":{"Escrito por":"Rafaela Ladeira","Est. tempo de leitura":"3 minutos"},"schema":{"@context":"https:\/\/schema.org","@graph":[{"@type":"NewsArticle","@id":"https:\/\/www.gaveanews.com\/index.php\/2025\/04\/18\/a-declaracao-de-ana-thais-mattos-direcionada-a-fabinho-soldado-do-corinthians\/#article","isPartOf":{"@id":"https:\/\/www.gaveanews.com\/index.php\/2025\/04\/18\/a-declaracao-de-ana-thais-mattos-direcionada-a-fabinho-soldado-do-corinthians\/"},"author":{"name":"Rafaela Ladeira","@id":"https:\/\/www.gaveanews.com\/#\/schema\/person\/0eb3e3fe1754f0205218538adbe8f5ed"},"headline":"A declara\u00e7\u00e3o de Ana Tha\u00eds Mattos direcionada a Fabinho Soldado, do Corinthians","datePublished":"2025-04-18T20:35:00+00:00","mainEntityOfPage":{"@id":"https:\/\/www.gaveanews.com\/index.php\/2025\/04\/18\/a-declaracao-de-ana-thais-mattos-direcionada-a-fabinho-soldado-do-corinthians\/"},"wordCount":376,"commentCount":0,"image":{"@id":"https:\/\/www.gaveanews.com\/index.php\/2025\/04\/18\/a-declaracao-de-ana-thais-mattos-direcionada-a-fabinho-soldado-do-corinthians\/#primaryimage"},"thumbnailUrl":"https:\/\/www.gaveanews.com\/wp-content\/uploads\/Ana-Thais-Matos-jornalista-do-Sportv.webp","articleSection":["Corinthians"],"inLanguage":"pt-BR","potentialAction":[{"@type":"CommentAction","name":"Comment","target":["https:\/\/www.gaveanews.com\/index.php\/2025\/04\/18\/a-declaracao-de-ana-thais-mattos-direcionada-a-fabinho-soldado-do-corinthians\/#respond"]}],"copyrightYear":"2025","copyrightHolder":{"@id":"https:\/\/www.gaveanews.com\/#organization"}},{"@type":"WebPage","@id":"https:\/\/www.gaveanews.com\/index.php\/2025\/04\/18\/a-declaracao-de-ana-thais-mattos-direcionada-a-fabinho-soldado-do-corinthians\/","url":"https:\/\/www.gaveanews.com\/index.php\/2025\/04\/18\/a-declaracao-de-ana-thais-mattos-direcionada-a-fabinho-soldado-do-corinthians\/","name":"A declara\u00e7\u00e3o de Ana Tha\u00eds Mattos direcionada a Fabinho Soldado, do Corinthians","isPartOf":{"@id":"https:\/\/www.gaveanews.com\/#website"},"primaryImageOfPage":{"@id":"https:\/\/www.gaveanews.com\/index.php\/2025\/04\/18\/a-declaracao-de-ana-thais-mattos-direcionada-a-fabinho-soldado-do-corinthians\/#primaryimage"},"image":{"@id":"https:\/\/www.gaveanews.com\/index.php\/2025\/04\/18\/a-declaracao-de-ana-thais-mattos-direcionada-a-fabinho-soldado-do-corinthians\/#primaryimage"},"thumbnailUrl":"https:\/\/www.gaveanews.com\/wp-content\/uploads\/Ana-Thais-Matos-jornalista-do-Sportv.webp","datePublished":"2025-04-18T20:35:00+00:00","author":{"@id":"https:\/\/www.gaveanews.com\/#\/schema\/person\/0eb3e3fe1754f0205218538adbe8f5ed"},"breadcrumb":{"@id":"https:\/\/www.gaveanews.com\/index.php\/2025\/04\/18\/a-declaracao-de-ana-thais-mattos-direcionada-a-fabinho-soldado-do-corinthians\/#breadcrumb"},"inLanguage":"pt-BR","potentialAction":[{"@type":"ReadAction","target":["https:\/\/www.gaveanews.com\/index.php\/2025\/04\/18\/a-declaracao-de-ana-thais-mattos-direcionada-a-fabinho-soldado-do-corinthians\/"]}]},{"@type":"ImageObject","inLanguage":"pt-BR","@id":"https:\/\/www.gaveanews.com\/index.php\/2025\/04\/18\/a-declaracao-de-ana-thais-mattos-direcionada-a-fabinho-soldado-do-corinthians\/#primaryimage","url":"https:\/\/www.gaveanews.com\/wp-content\/uploads\/Ana-Thais-Matos-jornalista-do-Sportv.webp","contentUrl":"https:\/\/www.gaveanews.com\/wp-content\/uploads\/Ana-Thais-Matos-jornalista-do-Sportv.webp","width":1366,"height":769,"caption":"Ana Thais Mattos, jornalista do Sportv (Foto: Reprodu\u00e7\u00e3o)"},{"@type":"BreadcrumbList","@id":"https:\/\/www.gaveanews.com\/index.php\/2025\/04\/18\/a-declaracao-de-ana-thais-mattos-direcionada-a-fabinho-soldado-do-corinthians\/#breadcrumb","itemListElement":[{"@type":"ListItem","position":1,"name":"Home","item":"https:\/\/www.gaveanews.com\/"},{"@type":"ListItem","position":2,"name":"A declara\u00e7\u00e3o de Ana Tha\u00eds Mattos direcionada a Fabinho Soldado, do Corinthians"}]},{"@type":"WebSite","@id":"https:\/\/www.gaveanews.com\/#website","url":"https:\/\/www.gaveanews.com\/","name":"G\u00e1vea News","description":"Veja todas as not\u00edcias sobre o Flamengo: Contrata\u00e7\u00f5es, categorias de base, resultados das partidas, tabela de classifica\u00e7\u00e3o, pr\u00f3ximos jogos!","potentialAction":[{"@type":"SearchAction","target":{"@type":"EntryPoint","urlTemplate":"https:\/\/www.gaveanews.com\/?s={search_term_string}"},"query-input":{"@type":"PropertyValueSpecification","valueRequired":true,"valueName":"search_term_string"}}],"inLanguage":"pt-BR"},{"@type":"Person","@id":"https:\/\/www.gaveanews.com\/#\/schema\/person\/0eb3e3fe1754f0205218538adbe8f5ed","name":"Rafaela Ladeira","image":{"@type":"ImageObject","inLanguage":"pt-BR","@id":"https:\/\/www.gaveanews.com\/#\/schema\/person\/image\/","url":"https:\/\/secure.gravatar.com\/avatar\/c31f513acffd85eacab5730cbdfdbbf59f21ba5aeada8cd890acea879fbb2455?s=96&d=mm&r=g","contentUrl":"https:\/\/secure.gravatar.com\/avatar\/c31f513acffd85eacab5730cbdfdbbf59f21ba5aeada8cd890acea879fbb2455?s=96&d=mm&r=g","caption":"Rafaela Ladeira"}}]}},"_links":{"self":[{"href":"https:\/\/www.gaveanews.com\/index.php\/wp-json\/wp\/v2\/posts\/255436","targetHints":{"allow":["GET"]}}],"collection":[{"href":"https:\/\/www.gaveanews.com\/index.php\/wp-json\/wp\/v2\/posts"}],"about":[{"href":"https:\/\/www.gaveanews.com\/index.php\/wp-json\/wp\/v2\/types\/post"}],"author":[{"embeddable":true,"href":"https:\/\/www.gaveanews.com\/index.php\/wp-json\/wp\/v2\/users\/25"}],"replies":[{"embeddable":true,"href":"https:\/\/www.gaveanews.com\/index.php\/wp-json\/wp\/v2\/comments?post=255436"}],"version-history":[{"count":1,"href":"https:\/\/www.gaveanews.com\/index.php\/wp-json\/wp\/v2\/posts\/255436\/revisions"}],"predecessor-version":[{"id":255437,"href":"https:\/\/www.gaveanews.com\/index.php\/wp-json\/wp\/v2\/posts\/255436\/revisions\/255437"}],"wp:featuredmedia":[{"embeddable":true,"href":"https:\/\/www.gaveanews.com\/index.php\/wp-json\/wp\/v2\/media\/55460"}],"wp:attachment":[{"href":"https:\/\/www.gaveanews.com\/index.php\/wp-json\/wp\/v2\/media?parent=255436"}],"wp:term":[{"taxonomy":"category","embeddable":true,"href":"https:\/\/www.gaveanews.com\/index.php\/wp-json\/wp\/v2\/categories?post=255436"},{"taxonomy":"post_tag","embeddable":true,"href":"https:\/\/www.gaveanews.com\/index.php\/wp-json\/wp\/v2\/tags?post=255436"}],"curies":[{"name":"wp","href":"https:\/\/api.w.org\/{rel}","templated":true}]}}