{"id":255461,"date":"2025-04-18T22:05:00","date_gmt":"2025-04-19T01:05:00","guid":{"rendered":"https:\/\/www.gaveanews.com\/?p=255461"},"modified":"2025-04-18T18:22:07","modified_gmt":"2025-04-18T21:22:07","slug":"vice-do-sport-aprova-trabalho-de-pepa","status":"publish","type":"post","link":"https:\/\/www.gaveanews.com\/index.php\/2025\/04\/18\/vice-do-sport-aprova-trabalho-de-pepa\/","title":{"rendered":"Vice do Sport aprova trabalho de Pepa"},"content":{"rendered":"\n<h2 class=\"wp-block-heading\" id=\"h-tivemos-bom-desempenho-em-tres-de-quatro-jogos-da-serie-a\">&#8220;Tivemos bom desempenho em tr\u00eas de quatro jogos da S\u00e9rie A&#8221;<\/h2>\n\n\n\n<p>Ap\u00f3s a derrota para o Red Bull Bragantino por 1 a 0 na \u00faltima quarta-feira (16), o vice-presidente do Sport, Guilherme Falc\u00e3o, admitiu que o clube n\u00e3o enfrenta bom momento em termos de resultados, mas afirmou que a equipe vem tendo bons desempenhos nos jogos. Al\u00e9m disso, o dirigente deixou claro que a diretoria confia no trabalho do t\u00e9cnico Pepa.<\/p>\n\n\n\n<p>&#8220;Como j\u00e1 dito, confiamos no trabalho. Ap\u00f3s o jogo contra o Palmeiras, falamos que reconhec\u00edamos o bom futebol do time, mas o campeonato \u00e9 feito de pontos. Temos essa ci\u00eancia e estamos todos em busca disso&#8221;, iniciou Falc\u00e3o, em entrevista ao\u00a0ge.<\/p>\n\n\n\n<p>Sem vencer h\u00e1 seis jogos, com quatro derrotas seguidas dentro da Ilha do Retiro e na \u00faltima coloca\u00e7\u00e3o da S\u00e9rie A do Brasileir\u00e3o, o dirigente foi questionado sobre a atual fase do Sport. Guilherme Falc\u00e3o reconheceu que os resultados n\u00e3o s\u00e3o positivos. No entanto, ressaltou que, em sua vis\u00e3o, a equipe tem apresentado um futebol de qualidade.<\/p>\n\n\n\n<p>&#8220;Tivemos um bom desempenho, com volume e qualidade de futebol, em tr\u00eas dos quatro jogos da S\u00e9rie A, contra advers\u00e1rios qualificados, mas infelizmente n\u00e3o conseguimos aliar com os resultados. O trabalho \u00e9 em cima disto: aliar resultados com desempenho. Temos convic\u00e7\u00e3o no trabalho que idealizamos l\u00e1 no in\u00edcio, quando projetamos o ano de 2025 para o Sport&#8221;, comentou.<\/p>\n\n\n\n<p>Falc\u00e3o comentou a fase negativa do Sport e lembrou que o futebol nem sempre segue uma l\u00f3gica exata, citando como exemplo os v\u00e1rios desfalques enfrentados por Pepa (foram nove contra o Bragantino). Ainda assim, ele frisou a import\u00e2ncia de buscar alternativas dentro do grupo e reafirmou a confian\u00e7a nos jogadores.<\/p>\n\n\n\n<p>&#8220;\u00c9 claro que os desfalques pesam por termos tido a infelicidade de perder jogadores da mesma posi\u00e7\u00e3o (casos, por exemplo, dos laterais-esquerdos Igor Cari\u00fas e Dalbert). Mas confiamos em todos do elenco, que j\u00e1 demonstraram performance e ir\u00e3o demonstrar novamente. Precisamos encontrar o ajuste em que, independentemente das pe\u00e7as, o time consiga performar. Em campeonato longo, \u00e9 normal termos desfalques. Precisamos nos adaptar a isso&#8221;, finalizou Guilherme Falc\u00e3o. <\/p>\n\n\n\n<p>O Sport volta a campo neste s\u00e1bado (19) contra o Corinthians na Neo Qu\u00edmica Arena, pela quinta rodada do Campeonato Brasileiro. A bola rola \u00e0s 16h (hor\u00e1rio de Bras\u00edlia). <\/p>\n","protected":false},"excerpt":{"rendered":"<p>&#8220;Tivemos bom desempenho em tr\u00eas de quatro jogos da S\u00e9rie A&#8221; Ap\u00f3s a derrota para o Red Bull Bragantino por 1 a 0 na \u00faltima quarta-feira (16), o vice-presidente do Sport, Guilherme Falc\u00e3o, admitiu que o clube n\u00e3o enfrenta bom momento em termos de resultados, mas afirmou que a equipe vem tendo bons desempenhos nos [&hellip;]<\/p>\n","protected":false},"author":21,"featured_media":163344,"comment_status":"open","ping_status":"closed","sticky":false,"template":"","format":"standard","meta":{"footnotes":""},"categories":[154],"tags":[],"class_list":["post-255461","post","type-post","status-publish","format-standard","has-post-thumbnail","hentry","category-sport"],"yoast_head":"<!-- This site is optimized with the Yoast SEO Premium plugin v24.2 (Yoast SEO v26.9) - https:\/\/yoast.com\/product\/yoast-seo-premium-wordpress\/ -->\n<title>Vice do Sport aprova trabalho de Pepa<\/title>\n<meta name=\"robots\" content=\"index, follow, max-snippet:-1, max-image-preview:large, max-video-preview:-1\" \/>\n<link rel=\"canonical\" href=\"https:\/\/www.gaveanews.com\/index.php\/2025\/04\/18\/vice-do-sport-aprova-trabalho-de-pepa\/\" \/>\n<meta property=\"og:locale\" content=\"pt_BR\" \/>\n<meta property=\"og:type\" content=\"article\" \/>\n<meta property=\"og:title\" content=\"Vice do Sport aprova trabalho de Pepa\" \/>\n<meta property=\"og:description\" content=\"&#8220;Tivemos bom desempenho em tr\u00eas de quatro jogos da S\u00e9rie A&#8221; Ap\u00f3s a derrota para o Red Bull Bragantino por 1 a 0 na \u00faltima quarta-feira (16), o vice-presidente do Sport, Guilherme Falc\u00e3o, admitiu que o clube n\u00e3o enfrenta bom momento em termos de resultados, mas afirmou que a equipe vem tendo bons desempenhos nos [&hellip;]\" \/>\n<meta property=\"og:url\" content=\"https:\/\/www.gaveanews.com\/index.php\/2025\/04\/18\/vice-do-sport-aprova-trabalho-de-pepa\/\" \/>\n<meta property=\"og:site_name\" content=\"G\u00e1vea News\" \/>\n<meta property=\"article:publisher\" content=\"https:\/\/facebook.com\/gaveaNews\/\" \/>\n<meta property=\"article:published_time\" content=\"2025-04-19T01:05:00+00:00\" \/>\n<meta property=\"og:image\" content=\"https:\/\/www.gaveanews.com\/wp-content\/uploads\/Pepa-treinador-de-futebol.webp\" \/>\n\t<meta property=\"og:image:width\" content=\"1038\" \/>\n\t<meta property=\"og:image:height\" content=\"779\" \/>\n\t<meta property=\"og:image:type\" content=\"image\/webp\" \/>\n<meta name=\"author\" content=\"Andr\u00e9 Serra\" \/>\n<meta name=\"twitter:card\" content=\"summary_large_image\" \/>\n<meta name=\"twitter:label1\" content=\"Escrito por\" \/>\n\t<meta name=\"twitter:data1\" content=\"Andr\u00e9 Serra\" \/>\n\t<meta name=\"twitter:label2\" content=\"Est. tempo de leitura\" \/>\n\t<meta name=\"twitter:data2\" content=\"3 minutos\" \/>\n<script type=\"application\/ld+json\" class=\"yoast-schema-graph\">{\"@context\":\"https:\/\/schema.org\",\"@graph\":[{\"@type\":\"NewsArticle\",\"@id\":\"https:\/\/www.gaveanews.com\/index.php\/2025\/04\/18\/vice-do-sport-aprova-trabalho-de-pepa\/#article\",\"isPartOf\":{\"@id\":\"https:\/\/www.gaveanews.com\/index.php\/2025\/04\/18\/vice-do-sport-aprova-trabalho-de-pepa\/\"},\"author\":{\"name\":\"Andr\u00e9 Serra\",\"@id\":\"https:\/\/www.gaveanews.com\/#\/schema\/person\/0277a79a1289c451c281ec0411d84f0c\"},\"headline\":\"Vice do Sport aprova trabalho de Pepa\",\"datePublished\":\"2025-04-19T01:05:00+00:00\",\"mainEntityOfPage\":{\"@id\":\"https:\/\/www.gaveanews.com\/index.php\/2025\/04\/18\/vice-do-sport-aprova-trabalho-de-pepa\/\"},\"wordCount\":411,\"commentCount\":0,\"image\":{\"@id\":\"https:\/\/www.gaveanews.com\/index.php\/2025\/04\/18\/vice-do-sport-aprova-trabalho-de-pepa\/#primaryimage\"},\"thumbnailUrl\":\"https:\/\/www.gaveanews.com\/wp-content\/uploads\/Pepa-treinador-de-futebol.webp\",\"articleSection\":[\"Sport\"],\"inLanguage\":\"pt-BR\",\"potentialAction\":[{\"@type\":\"CommentAction\",\"name\":\"Comment\",\"target\":[\"https:\/\/www.gaveanews.com\/index.php\/2025\/04\/18\/vice-do-sport-aprova-trabalho-de-pepa\/#respond\"]}],\"copyrightYear\":\"2025\",\"copyrightHolder\":{\"@id\":\"https:\/\/www.gaveanews.com\/#organization\"}},{\"@type\":\"WebPage\",\"@id\":\"https:\/\/www.gaveanews.com\/index.php\/2025\/04\/18\/vice-do-sport-aprova-trabalho-de-pepa\/\",\"url\":\"https:\/\/www.gaveanews.com\/index.php\/2025\/04\/18\/vice-do-sport-aprova-trabalho-de-pepa\/\",\"name\":\"Vice do Sport aprova trabalho de Pepa\",\"isPartOf\":{\"@id\":\"https:\/\/www.gaveanews.com\/#website\"},\"primaryImageOfPage\":{\"@id\":\"https:\/\/www.gaveanews.com\/index.php\/2025\/04\/18\/vice-do-sport-aprova-trabalho-de-pepa\/#primaryimage\"},\"image\":{\"@id\":\"https:\/\/www.gaveanews.com\/index.php\/2025\/04\/18\/vice-do-sport-aprova-trabalho-de-pepa\/#primaryimage\"},\"thumbnailUrl\":\"https:\/\/www.gaveanews.com\/wp-content\/uploads\/Pepa-treinador-de-futebol.webp\",\"datePublished\":\"2025-04-19T01:05:00+00:00\",\"author\":{\"@id\":\"https:\/\/www.gaveanews.com\/#\/schema\/person\/0277a79a1289c451c281ec0411d84f0c\"},\"breadcrumb\":{\"@id\":\"https:\/\/www.gaveanews.com\/index.php\/2025\/04\/18\/vice-do-sport-aprova-trabalho-de-pepa\/#breadcrumb\"},\"inLanguage\":\"pt-BR\",\"potentialAction\":[{\"@type\":\"ReadAction\",\"target\":[\"https:\/\/www.gaveanews.com\/index.php\/2025\/04\/18\/vice-do-sport-aprova-trabalho-de-pepa\/\"]}]},{\"@type\":\"ImageObject\",\"inLanguage\":\"pt-BR\",\"@id\":\"https:\/\/www.gaveanews.com\/index.php\/2025\/04\/18\/vice-do-sport-aprova-trabalho-de-pepa\/#primaryimage\",\"url\":\"https:\/\/www.gaveanews.com\/wp-content\/uploads\/Pepa-treinador-de-futebol.webp\",\"contentUrl\":\"https:\/\/www.gaveanews.com\/wp-content\/uploads\/Pepa-treinador-de-futebol.webp\",\"width\":1038,\"height\":779,\"caption\":\"Pepa, treinador de futebol (Foto: Reprodu\u00e7\u00e3o\/Instagram)\"},{\"@type\":\"BreadcrumbList\",\"@id\":\"https:\/\/www.gaveanews.com\/index.php\/2025\/04\/18\/vice-do-sport-aprova-trabalho-de-pepa\/#breadcrumb\",\"itemListElement\":[{\"@type\":\"ListItem\",\"position\":1,\"name\":\"Home\",\"item\":\"https:\/\/www.gaveanews.com\/\"},{\"@type\":\"ListItem\",\"position\":2,\"name\":\"Vice do Sport aprova trabalho de Pepa\"}]},{\"@type\":\"WebSite\",\"@id\":\"https:\/\/www.gaveanews.com\/#website\",\"url\":\"https:\/\/www.gaveanews.com\/\",\"name\":\"G\u00e1vea News\",\"description\":\"Veja todas as not\u00edcias sobre o Flamengo: Contrata\u00e7\u00f5es, categorias de base, resultados das partidas, tabela de classifica\u00e7\u00e3o, pr\u00f3ximos jogos!\",\"potentialAction\":[{\"@type\":\"SearchAction\",\"target\":{\"@type\":\"EntryPoint\",\"urlTemplate\":\"https:\/\/www.gaveanews.com\/?s={search_term_string}\"},\"query-input\":{\"@type\":\"PropertyValueSpecification\",\"valueRequired\":true,\"valueName\":\"search_term_string\"}}],\"inLanguage\":\"pt-BR\"},{\"@type\":\"Person\",\"@id\":\"https:\/\/www.gaveanews.com\/#\/schema\/person\/0277a79a1289c451c281ec0411d84f0c\",\"name\":\"Andr\u00e9 Serra\",\"image\":{\"@type\":\"ImageObject\",\"inLanguage\":\"pt-BR\",\"@id\":\"https:\/\/www.gaveanews.com\/#\/schema\/person\/image\/\",\"url\":\"https:\/\/secure.gravatar.com\/avatar\/d7231369fe48db93292b3e88eb2162dbd9a34a47a8437d9ef3bcaca2a86a83d7?s=96&d=mm&r=g\",\"contentUrl\":\"https:\/\/secure.gravatar.com\/avatar\/d7231369fe48db93292b3e88eb2162dbd9a34a47a8437d9ef3bcaca2a86a83d7?s=96&d=mm&r=g\",\"caption\":\"Andr\u00e9 Serra\"}}]}<\/script>\n<!-- \/ Yoast SEO Premium plugin. -->","yoast_head_json":{"title":"Vice do Sport aprova trabalho de Pepa","robots":{"index":"index","follow":"follow","max-snippet":"max-snippet:-1","max-image-preview":"max-image-preview:large","max-video-preview":"max-video-preview:-1"},"canonical":"https:\/\/www.gaveanews.com\/index.php\/2025\/04\/18\/vice-do-sport-aprova-trabalho-de-pepa\/","og_locale":"pt_BR","og_type":"article","og_title":"Vice do Sport aprova trabalho de Pepa","og_description":"&#8220;Tivemos bom desempenho em tr\u00eas de quatro jogos da S\u00e9rie A&#8221; Ap\u00f3s a derrota para o Red Bull Bragantino por 1 a 0 na \u00faltima quarta-feira (16), o vice-presidente do Sport, Guilherme Falc\u00e3o, admitiu que o clube n\u00e3o enfrenta bom momento em termos de resultados, mas afirmou que a equipe vem tendo bons desempenhos nos [&hellip;]","og_url":"https:\/\/www.gaveanews.com\/index.php\/2025\/04\/18\/vice-do-sport-aprova-trabalho-de-pepa\/","og_site_name":"G\u00e1vea News","article_publisher":"https:\/\/facebook.com\/gaveaNews\/","article_published_time":"2025-04-19T01:05:00+00:00","og_image":[{"width":1038,"height":779,"url":"https:\/\/www.gaveanews.com\/wp-content\/uploads\/Pepa-treinador-de-futebol.webp","type":"image\/webp"}],"author":"Andr\u00e9 Serra","twitter_card":"summary_large_image","twitter_misc":{"Escrito por":"Andr\u00e9 Serra","Est. tempo de leitura":"3 minutos"},"schema":{"@context":"https:\/\/schema.org","@graph":[{"@type":"NewsArticle","@id":"https:\/\/www.gaveanews.com\/index.php\/2025\/04\/18\/vice-do-sport-aprova-trabalho-de-pepa\/#article","isPartOf":{"@id":"https:\/\/www.gaveanews.com\/index.php\/2025\/04\/18\/vice-do-sport-aprova-trabalho-de-pepa\/"},"author":{"name":"Andr\u00e9 Serra","@id":"https:\/\/www.gaveanews.com\/#\/schema\/person\/0277a79a1289c451c281ec0411d84f0c"},"headline":"Vice do Sport aprova trabalho de Pepa","datePublished":"2025-04-19T01:05:00+00:00","mainEntityOfPage":{"@id":"https:\/\/www.gaveanews.com\/index.php\/2025\/04\/18\/vice-do-sport-aprova-trabalho-de-pepa\/"},"wordCount":411,"commentCount":0,"image":{"@id":"https:\/\/www.gaveanews.com\/index.php\/2025\/04\/18\/vice-do-sport-aprova-trabalho-de-pepa\/#primaryimage"},"thumbnailUrl":"https:\/\/www.gaveanews.com\/wp-content\/uploads\/Pepa-treinador-de-futebol.webp","articleSection":["Sport"],"inLanguage":"pt-BR","potentialAction":[{"@type":"CommentAction","name":"Comment","target":["https:\/\/www.gaveanews.com\/index.php\/2025\/04\/18\/vice-do-sport-aprova-trabalho-de-pepa\/#respond"]}],"copyrightYear":"2025","copyrightHolder":{"@id":"https:\/\/www.gaveanews.com\/#organization"}},{"@type":"WebPage","@id":"https:\/\/www.gaveanews.com\/index.php\/2025\/04\/18\/vice-do-sport-aprova-trabalho-de-pepa\/","url":"https:\/\/www.gaveanews.com\/index.php\/2025\/04\/18\/vice-do-sport-aprova-trabalho-de-pepa\/","name":"Vice do Sport aprova trabalho de Pepa","isPartOf":{"@id":"https:\/\/www.gaveanews.com\/#website"},"primaryImageOfPage":{"@id":"https:\/\/www.gaveanews.com\/index.php\/2025\/04\/18\/vice-do-sport-aprova-trabalho-de-pepa\/#primaryimage"},"image":{"@id":"https:\/\/www.gaveanews.com\/index.php\/2025\/04\/18\/vice-do-sport-aprova-trabalho-de-pepa\/#primaryimage"},"thumbnailUrl":"https:\/\/www.gaveanews.com\/wp-content\/uploads\/Pepa-treinador-de-futebol.webp","datePublished":"2025-04-19T01:05:00+00:00","author":{"@id":"https:\/\/www.gaveanews.com\/#\/schema\/person\/0277a79a1289c451c281ec0411d84f0c"},"breadcrumb":{"@id":"https:\/\/www.gaveanews.com\/index.php\/2025\/04\/18\/vice-do-sport-aprova-trabalho-de-pepa\/#breadcrumb"},"inLanguage":"pt-BR","potentialAction":[{"@type":"ReadAction","target":["https:\/\/www.gaveanews.com\/index.php\/2025\/04\/18\/vice-do-sport-aprova-trabalho-de-pepa\/"]}]},{"@type":"ImageObject","inLanguage":"pt-BR","@id":"https:\/\/www.gaveanews.com\/index.php\/2025\/04\/18\/vice-do-sport-aprova-trabalho-de-pepa\/#primaryimage","url":"https:\/\/www.gaveanews.com\/wp-content\/uploads\/Pepa-treinador-de-futebol.webp","contentUrl":"https:\/\/www.gaveanews.com\/wp-content\/uploads\/Pepa-treinador-de-futebol.webp","width":1038,"height":779,"caption":"Pepa, treinador de futebol (Foto: Reprodu\u00e7\u00e3o\/Instagram)"},{"@type":"BreadcrumbList","@id":"https:\/\/www.gaveanews.com\/index.php\/2025\/04\/18\/vice-do-sport-aprova-trabalho-de-pepa\/#breadcrumb","itemListElement":[{"@type":"ListItem","position":1,"name":"Home","item":"https:\/\/www.gaveanews.com\/"},{"@type":"ListItem","position":2,"name":"Vice do Sport aprova trabalho de Pepa"}]},{"@type":"WebSite","@id":"https:\/\/www.gaveanews.com\/#website","url":"https:\/\/www.gaveanews.com\/","name":"G\u00e1vea News","description":"Veja todas as not\u00edcias sobre o Flamengo: Contrata\u00e7\u00f5es, categorias de base, resultados das partidas, tabela de classifica\u00e7\u00e3o, pr\u00f3ximos jogos!","potentialAction":[{"@type":"SearchAction","target":{"@type":"EntryPoint","urlTemplate":"https:\/\/www.gaveanews.com\/?s={search_term_string}"},"query-input":{"@type":"PropertyValueSpecification","valueRequired":true,"valueName":"search_term_string"}}],"inLanguage":"pt-BR"},{"@type":"Person","@id":"https:\/\/www.gaveanews.com\/#\/schema\/person\/0277a79a1289c451c281ec0411d84f0c","name":"Andr\u00e9 Serra","image":{"@type":"ImageObject","inLanguage":"pt-BR","@id":"https:\/\/www.gaveanews.com\/#\/schema\/person\/image\/","url":"https:\/\/secure.gravatar.com\/avatar\/d7231369fe48db93292b3e88eb2162dbd9a34a47a8437d9ef3bcaca2a86a83d7?s=96&d=mm&r=g","contentUrl":"https:\/\/secure.gravatar.com\/avatar\/d7231369fe48db93292b3e88eb2162dbd9a34a47a8437d9ef3bcaca2a86a83d7?s=96&d=mm&r=g","caption":"Andr\u00e9 Serra"}}]}},"_links":{"self":[{"href":"https:\/\/www.gaveanews.com\/index.php\/wp-json\/wp\/v2\/posts\/255461","targetHints":{"allow":["GET"]}}],"collection":[{"href":"https:\/\/www.gaveanews.com\/index.php\/wp-json\/wp\/v2\/posts"}],"about":[{"href":"https:\/\/www.gaveanews.com\/index.php\/wp-json\/wp\/v2\/types\/post"}],"author":[{"embeddable":true,"href":"https:\/\/www.gaveanews.com\/index.php\/wp-json\/wp\/v2\/users\/21"}],"replies":[{"embeddable":true,"href":"https:\/\/www.gaveanews.com\/index.php\/wp-json\/wp\/v2\/comments?post=255461"}],"version-history":[{"count":1,"href":"https:\/\/www.gaveanews.com\/index.php\/wp-json\/wp\/v2\/posts\/255461\/revisions"}],"predecessor-version":[{"id":255472,"href":"https:\/\/www.gaveanews.com\/index.php\/wp-json\/wp\/v2\/posts\/255461\/revisions\/255472"}],"wp:featuredmedia":[{"embeddable":true,"href":"https:\/\/www.gaveanews.com\/index.php\/wp-json\/wp\/v2\/media\/163344"}],"wp:attachment":[{"href":"https:\/\/www.gaveanews.com\/index.php\/wp-json\/wp\/v2\/media?parent=255461"}],"wp:term":[{"taxonomy":"category","embeddable":true,"href":"https:\/\/www.gaveanews.com\/index.php\/wp-json\/wp\/v2\/categories?post=255461"},{"taxonomy":"post_tag","embeddable":true,"href":"https:\/\/www.gaveanews.com\/index.php\/wp-json\/wp\/v2\/tags?post=255461"}],"curies":[{"name":"wp","href":"https:\/\/api.w.org\/{rel}","templated":true}]}}